{"id":98864,"date":"2018-08-07T17:55:03","date_gmt":"2018-08-07T16:55:03","guid":{"rendered":"https:\/\/www.letemsvetemapplem.eu\/bazar\/?p=98864"},"modified":"2018-08-07T17:55:03","modified_gmt":"2018-08-07T16:55:03","slug":"iphone-6s-128-gb-space-grey-top-stav-2","status":"publish","type":"post","link":"https:\/\/www.letemsvetemapplem.eu\/bazar\/iphone-6s-128-gb-space-grey-top-stav-2\/","title":{"rendered":"iPhone 6s+ 128 GB Space Grey (TOP stav)"},"content":{"rendered":"<p>Prod\u00e1m iPhone 6S Plus Space Gray 128 GB v perfektn\u00edm stavu, no\u0161en\u00fd s ochrann\u00fdm sklem a obalem. Na focen\u00ed sklo sund\u00e1no, abyste m\u011bli jistotu, \u017ee nen\u00ed nikde praskl\u00fd \u010di zna\u010dn\u011b po\u0161kr\u00e1ban\u00fd, jako to jin\u00ed r\u00e1di t\u00edmto zakr\u00fdvaj\u00ed. <\/p>\n<p>Kapacita iPhonu je 128 GB, opravdu nadupan\u00fd iPhone pro milion aplikac\u00ed, fotek s videi\u00ed a dal\u0161\u00edch milion p\u00edsni\u010dek. Nedok\u00e1zala jsem jej i tak zaplnit \ud83d\ude42<\/p>\n<p>V\u00fddr\u017e baterie p\u0159i pln\u00e9m pou\u017e\u00edv\u00e1n\u00ed &#8211; internet, focen\u00ed, hudba je cel\u00fd den. N\u011bkdy d\u00e9le podle toho, jak iPhone vyu\u017eijete. <\/p>\n<p>Na displeji jsou mikro\u0161kr\u00e1bance jako na ka\u017ed\u00e9m pou\u017e\u00edvan\u00e9m telefonu, lze vid\u011bt po detailn\u00edm zkoum\u00e1n\u00ed plus mali\u010dk\u00fd \u0161kr\u00e1banec na horn\u00edm lev\u00e9m rohu. Jinak zadn\u00ed \u010d\u00e1st je bez \u0161kr\u00e1banc\u016f, jako nov\u00fd. Uv\u00e1d\u00edm jen pro po\u0159\u00e1dek.<\/p>\n<p>Nem\u00e1 \u017e\u00e1dn\u00e1 po\u0161koz\u00ed jako nap\u0159.: fleky na displeji, te\u010dky ani nic jin\u00e9ho, v\u0161e funguje jak m\u00e1: fo\u0165\u00e1k, reproduktor, wifi, bluethooth atd. V\u0161e vyzkou\u0161\u00edte osobn\u011b na p\u0159ed\u00e1n\u00ed.<\/p>\n<p>iPhone dostanete samoz\u0159ejm\u011b s krabi\u010dkou, p\u00e1r obaly, nab\u00edje\u010dkou a mo\u017en\u00e1 vylov\u00edm nov\u00e1 sluch\u00e1tka, pokud ne, ty star\u00e1 z hygienick\u00fdch d\u016fvod\u016f nebudu d\u00e1vat \ud83d\ude42<\/p>\n<p>D\u016fvod prodeje \u2013 upgrade na nov\u00fd model. P\u0159ed\u00e1n\u00ed lze ve m\u011bstech: Olomouc, \u0160umperk, Praha, Zl\u00edn. <\/p>\n","protected":false},"excerpt":{"rendered":"<p>Prod\u00e1m iPhone 6S Plus Space Gray 128 GB v perfektn\u00edm stavu, no\u0161en\u00fd s ochrann\u00fdm sklem a obalem. Na focen\u00ed sklo sund\u00e1no, abyste m\u011bli jistotu, \u017ee nen\u00ed nikde praskl\u00fd \u010di zna\u010dn\u011b po\u0161kr\u00e1ban\u00fd, jako to jin\u00ed r\u00e1di t\u00edmto zakr\u00fdvaj\u00ed. Kapacita iPhonu je 128 GB, opravdu nadupan\u00fd iPhone pro milion aplikac\u00ed, fotek s videi\u00ed a dal\u0161\u00edch milion p\u00edsni\u010dek&#8230;.<\/p>\n","protected":false},"author":0,"featured_media":98865,"comment_status":"closed","ping_status":"closed","sticky":false,"template":"","format":"standard","meta":{"footnotes":""},"categories":[19],"tags":[],"class_list":["post-98864","post","type-post","status-publish","format-standard","has-post-thumbnail","hentry","category-iphone-6s"],"yoast_head":"<!-- This site is optimized with the Yoast SEO plugin v27.5 - https:\/\/yoast.com\/product\/yoast-seo-wordpress\/ -->\n<title>iPhone 6s+ 128 GB Space Grey (TOP stav) - Apple bazar<\/title>\n<meta name=\"robots\" content=\"index, follow, max-snippet:-1, max-image-preview:large, max-video-preview:-1\" \/>\n<link rel=\"canonical\" href=\"https:\/\/www.letemsvetemapplem.eu\/bazar\/iphone-6s-128-gb-space-grey-top-stav-2\/\" \/>\n<meta property=\"og:locale\" content=\"cs_CZ\" \/>\n<meta property=\"og:type\" content=\"article\" \/>\n<meta property=\"og:title\" content=\"iPhone 6s+ 128 GB Space Grey (TOP stav) - Apple bazar\" \/>\n<meta property=\"og:description\" content=\"Prod\u00e1m iPhone 6S Plus Space Gray 128 GB v perfektn\u00edm stavu, no\u0161en\u00fd s ochrann\u00fdm sklem a obalem. Na focen\u00ed sklo sund\u00e1no, abyste m\u011bli jistotu, \u017ee nen\u00ed nikde praskl\u00fd \u010di zna\u010dn\u011b po\u0161kr\u00e1ban\u00fd, jako to jin\u00ed r\u00e1di t\u00edmto zakr\u00fdvaj\u00ed. Kapacita iPhonu je 128 GB, opravdu nadupan\u00fd iPhone pro milion aplikac\u00ed, fotek s videi\u00ed a dal\u0161\u00edch milion p\u00edsni\u010dek....\" \/>\n<meta property=\"og:url\" content=\"https:\/\/www.letemsvetemapplem.eu\/bazar\/iphone-6s-128-gb-space-grey-top-stav-2\/\" \/>\n<meta property=\"og:site_name\" content=\"Apple bazar\" \/>\n<meta property=\"article:published_time\" content=\"2018-08-07T16:55:03+00:00\" \/>\n<meta property=\"og:image\" content=\"https:\/\/www.letemsvetemapplem.eu\/bazar\/wp-content\/uploads\/2018\/08\/IMG_7879.jpg\" \/>\n\t<meta property=\"og:image:width\" content=\"5184\" \/>\n\t<meta property=\"og:image:height\" content=\"3456\" \/>\n\t<meta property=\"og:image:type\" content=\"image\/jpeg\" \/>\n<meta name=\"twitter:card\" content=\"summary_large_image\" \/>\n<script type=\"application\/ld+json\" class=\"yoast-schema-graph\">{\"@context\":\"https:\\\/\\\/schema.org\",\"@graph\":[{\"@type\":\"Article\",\"@id\":\"https:\\\/\\\/www.letemsvetemapplem.eu\\\/bazar\\\/iphone-6s-128-gb-space-grey-top-stav-2\\\/#article\",\"isPartOf\":{\"@id\":\"https:\\\/\\\/www.letemsvetemapplem.eu\\\/bazar\\\/iphone-6s-128-gb-space-grey-top-stav-2\\\/\"},\"author\":{\"name\":\"\",\"@id\":\"\"},\"headline\":\"iPhone 6s+ 128 GB Space Grey (TOP stav)\",\"datePublished\":\"2018-08-07T16:55:03+00:00\",\"mainEntityOfPage\":{\"@id\":\"https:\\\/\\\/www.letemsvetemapplem.eu\\\/bazar\\\/iphone-6s-128-gb-space-grey-top-stav-2\\\/\"},\"wordCount\":247,\"image\":{\"@id\":\"https:\\\/\\\/www.letemsvetemapplem.eu\\\/bazar\\\/iphone-6s-128-gb-space-grey-top-stav-2\\\/#primaryimage\"},\"thumbnailUrl\":\"https:\\\/\\\/www.letemsvetemapplem.eu\\\/bazar\\\/wp-content\\\/uploads\\\/2018\\\/08\\\/IMG_7879.jpg\",\"articleSection\":[\"iPhone 6S\\\/6S Plus\"],\"inLanguage\":\"cs\"},{\"@type\":\"WebPage\",\"@id\":\"https:\\\/\\\/www.letemsvetemapplem.eu\\\/bazar\\\/iphone-6s-128-gb-space-grey-top-stav-2\\\/\",\"url\":\"https:\\\/\\\/www.letemsvetemapplem.eu\\\/bazar\\\/iphone-6s-128-gb-space-grey-top-stav-2\\\/\",\"name\":\"iPhone 6s+ 128 GB Space Grey (TOP stav) - Apple bazar\",\"isPartOf\":{\"@id\":\"https:\\\/\\\/www.letemsvetemapplem.eu\\\/bazar\\\/#website\"},\"primaryImageOfPage\":{\"@id\":\"https:\\\/\\\/www.letemsvetemapplem.eu\\\/bazar\\\/iphone-6s-128-gb-space-grey-top-stav-2\\\/#primaryimage\"},\"image\":{\"@id\":\"https:\\\/\\\/www.letemsvetemapplem.eu\\\/bazar\\\/iphone-6s-128-gb-space-grey-top-stav-2\\\/#primaryimage\"},\"thumbnailUrl\":\"https:\\\/\\\/www.letemsvetemapplem.eu\\\/bazar\\\/wp-content\\\/uploads\\\/2018\\\/08\\\/IMG_7879.jpg\",\"datePublished\":\"2018-08-07T16:55:03+00:00\",\"author\":{\"@id\":\"\"},\"breadcrumb\":{\"@id\":\"https:\\\/\\\/www.letemsvetemapplem.eu\\\/bazar\\\/iphone-6s-128-gb-space-grey-top-stav-2\\\/#breadcrumb\"},\"inLanguage\":\"cs\",\"potentialAction\":[{\"@type\":\"ReadAction\",\"target\":[\"https:\\\/\\\/www.letemsvetemapplem.eu\\\/bazar\\\/iphone-6s-128-gb-space-grey-top-stav-2\\\/\"]}]},{\"@type\":\"ImageObject\",\"inLanguage\":\"cs\",\"@id\":\"https:\\\/\\\/www.letemsvetemapplem.eu\\\/bazar\\\/iphone-6s-128-gb-space-grey-top-stav-2\\\/#primaryimage\",\"url\":\"https:\\\/\\\/www.letemsvetemapplem.eu\\\/bazar\\\/wp-content\\\/uploads\\\/2018\\\/08\\\/IMG_7879.jpg\",\"contentUrl\":\"https:\\\/\\\/www.letemsvetemapplem.eu\\\/bazar\\\/wp-content\\\/uploads\\\/2018\\\/08\\\/IMG_7879.jpg\",\"width\":5184,\"height\":3456},{\"@type\":\"BreadcrumbList\",\"@id\":\"https:\\\/\\\/www.letemsvetemapplem.eu\\\/bazar\\\/iphone-6s-128-gb-space-grey-top-stav-2\\\/#breadcrumb\",\"itemListElement\":[{\"@type\":\"ListItem\",\"position\":1,\"name\":\"Apple Bazar\",\"item\":\"https:\\\/\\\/www.letemsvetemapplem.eu\\\/bazar\\\/\"},{\"@type\":\"ListItem\",\"position\":2,\"name\":\"iPhone 6s+ 128 GB Space Grey (TOP stav)\"}]},{\"@type\":\"WebSite\",\"@id\":\"https:\\\/\\\/www.letemsvetemapplem.eu\\\/bazar\\\/#website\",\"url\":\"https:\\\/\\\/www.letemsvetemapplem.eu\\\/bazar\\\/\",\"name\":\"Apple bazar\",\"description\":\"Oou\u017eit\u00e9 Apple produkty za skv\u011bl\u00e9 ceny\",\"potentialAction\":[{\"@type\":\"SearchAction\",\"target\":{\"@type\":\"EntryPoint\",\"urlTemplate\":\"https:\\\/\\\/www.letemsvetemapplem.eu\\\/bazar\\\/?s={search_term_string}\"},\"query-input\":{\"@type\":\"PropertyValueSpecification\",\"valueRequired\":true,\"valueName\":\"search_term_string\"}}],\"inLanguage\":\"cs\"}]}<\/script>\n<!-- \/ Yoast SEO plugin. -->","yoast_head_json":{"title":"iPhone 6s+ 128 GB Space Grey (TOP stav) - Apple bazar","robots":{"index":"index","follow":"follow","max-snippet":"max-snippet:-1","max-image-preview":"max-image-preview:large","max-video-preview":"max-video-preview:-1"},"canonical":"https:\/\/www.letemsvetemapplem.eu\/bazar\/iphone-6s-128-gb-space-grey-top-stav-2\/","og_locale":"cs_CZ","og_type":"article","og_title":"iPhone 6s+ 128 GB Space Grey (TOP stav) - Apple bazar","og_description":"Prod\u00e1m iPhone 6S Plus Space Gray 128 GB v perfektn\u00edm stavu, no\u0161en\u00fd s ochrann\u00fdm sklem a obalem. Na focen\u00ed sklo sund\u00e1no, abyste m\u011bli jistotu, \u017ee nen\u00ed nikde praskl\u00fd \u010di zna\u010dn\u011b po\u0161kr\u00e1ban\u00fd, jako to jin\u00ed r\u00e1di t\u00edmto zakr\u00fdvaj\u00ed. Kapacita iPhonu je 128 GB, opravdu nadupan\u00fd iPhone pro milion aplikac\u00ed, fotek s videi\u00ed a dal\u0161\u00edch milion p\u00edsni\u010dek....","og_url":"https:\/\/www.letemsvetemapplem.eu\/bazar\/iphone-6s-128-gb-space-grey-top-stav-2\/","og_site_name":"Apple bazar","article_published_time":"2018-08-07T16:55:03+00:00","og_image":[{"width":5184,"height":3456,"url":"https:\/\/www.letemsvetemapplem.eu\/bazar\/wp-content\/uploads\/2018\/08\/IMG_7879.jpg","type":"image\/jpeg"}],"twitter_card":"summary_large_image","schema":{"@context":"https:\/\/schema.org","@graph":[{"@type":"Article","@id":"https:\/\/www.letemsvetemapplem.eu\/bazar\/iphone-6s-128-gb-space-grey-top-stav-2\/#article","isPartOf":{"@id":"https:\/\/www.letemsvetemapplem.eu\/bazar\/iphone-6s-128-gb-space-grey-top-stav-2\/"},"author":{"name":"","@id":""},"headline":"iPhone 6s+ 128 GB Space Grey (TOP stav)","datePublished":"2018-08-07T16:55:03+00:00","mainEntityOfPage":{"@id":"https:\/\/www.letemsvetemapplem.eu\/bazar\/iphone-6s-128-gb-space-grey-top-stav-2\/"},"wordCount":247,"image":{"@id":"https:\/\/www.letemsvetemapplem.eu\/bazar\/iphone-6s-128-gb-space-grey-top-stav-2\/#primaryimage"},"thumbnailUrl":"https:\/\/www.letemsvetemapplem.eu\/bazar\/wp-content\/uploads\/2018\/08\/IMG_7879.jpg","articleSection":["iPhone 6S\/6S Plus"],"inLanguage":"cs"},{"@type":"WebPage","@id":"https:\/\/www.letemsvetemapplem.eu\/bazar\/iphone-6s-128-gb-space-grey-top-stav-2\/","url":"https:\/\/www.letemsvetemapplem.eu\/bazar\/iphone-6s-128-gb-space-grey-top-stav-2\/","name":"iPhone 6s+ 128 GB Space Grey (TOP stav) - Apple bazar","isPartOf":{"@id":"https:\/\/www.letemsvetemapplem.eu\/bazar\/#website"},"primaryImageOfPage":{"@id":"https:\/\/www.letemsvetemapplem.eu\/bazar\/iphone-6s-128-gb-space-grey-top-stav-2\/#primaryimage"},"image":{"@id":"https:\/\/www.letemsvetemapplem.eu\/bazar\/iphone-6s-128-gb-space-grey-top-stav-2\/#primaryimage"},"thumbnailUrl":"https:\/\/www.letemsvetemapplem.eu\/bazar\/wp-content\/uploads\/2018\/08\/IMG_7879.jpg","datePublished":"2018-08-07T16:55:03+00:00","author":{"@id":""},"breadcrumb":{"@id":"https:\/\/www.letemsvetemapplem.eu\/bazar\/iphone-6s-128-gb-space-grey-top-stav-2\/#breadcrumb"},"inLanguage":"cs","potentialAction":[{"@type":"ReadAction","target":["https:\/\/www.letemsvetemapplem.eu\/bazar\/iphone-6s-128-gb-space-grey-top-stav-2\/"]}]},{"@type":"ImageObject","inLanguage":"cs","@id":"https:\/\/www.letemsvetemapplem.eu\/bazar\/iphone-6s-128-gb-space-grey-top-stav-2\/#primaryimage","url":"https:\/\/www.letemsvetemapplem.eu\/bazar\/wp-content\/uploads\/2018\/08\/IMG_7879.jpg","contentUrl":"https:\/\/www.letemsvetemapplem.eu\/bazar\/wp-content\/uploads\/2018\/08\/IMG_7879.jpg","width":5184,"height":3456},{"@type":"BreadcrumbList","@id":"https:\/\/www.letemsvetemapplem.eu\/bazar\/iphone-6s-128-gb-space-grey-top-stav-2\/#breadcrumb","itemListElement":[{"@type":"ListItem","position":1,"name":"Apple Bazar","item":"https:\/\/www.letemsvetemapplem.eu\/bazar\/"},{"@type":"ListItem","position":2,"name":"iPhone 6s+ 128 GB Space Grey (TOP stav)"}]},{"@type":"WebSite","@id":"https:\/\/www.letemsvetemapplem.eu\/bazar\/#website","url":"https:\/\/www.letemsvetemapplem.eu\/bazar\/","name":"Apple bazar","description":"Oou\u017eit\u00e9 Apple produkty za skv\u011bl\u00e9 ceny","potentialAction":[{"@type":"SearchAction","target":{"@type":"EntryPoint","urlTemplate":"https:\/\/www.letemsvetemapplem.eu\/bazar\/?s={search_term_string}"},"query-input":{"@type":"PropertyValueSpecification","valueRequired":true,"valueName":"search_term_string"}}],"inLanguage":"cs"}]}},"_links":{"self":[{"href":"https:\/\/www.letemsvetemapplem.eu\/bazar\/wp-json\/wp\/v2\/posts\/98864","targetHints":{"allow":["GET"]}}],"collection":[{"href":"https:\/\/www.letemsvetemapplem.eu\/bazar\/wp-json\/wp\/v2\/posts"}],"about":[{"href":"https:\/\/www.letemsvetemapplem.eu\/bazar\/wp-json\/wp\/v2\/types\/post"}],"replies":[{"embeddable":true,"href":"https:\/\/www.letemsvetemapplem.eu\/bazar\/wp-json\/wp\/v2\/comments?post=98864"}],"version-history":[{"count":0,"href":"https:\/\/www.letemsvetemapplem.eu\/bazar\/wp-json\/wp\/v2\/posts\/98864\/revisions"}],"wp:featuredmedia":[{"embeddable":true,"href":"https:\/\/www.letemsvetemapplem.eu\/bazar\/wp-json\/wp\/v2\/media\/98865"}],"wp:attachment":[{"href":"https:\/\/www.letemsvetemapplem.eu\/bazar\/wp-json\/wp\/v2\/media?parent=98864"}],"wp:term":[{"taxonomy":"category","embeddable":true,"href":"https:\/\/www.letemsvetemapplem.eu\/bazar\/wp-json\/wp\/v2\/categories?post=98864"},{"taxonomy":"post_tag","embeddable":true,"href":"https:\/\/www.letemsvetemapplem.eu\/bazar\/wp-json\/wp\/v2\/tags?post=98864"}],"curies":[{"name":"wp","href":"https:\/\/api.w.org\/{rel}","templated":true}]}}