{"id":98321,"date":"2018-08-01T17:57:48","date_gmt":"2018-08-01T16:57:48","guid":{"rendered":"https:\/\/www.letemsvetemapplem.eu\/bazar\/?p=98321"},"modified":"2018-08-01T18:03:42","modified_gmt":"2018-08-01T17:03:42","slug":"macmini-2012i7-23-ghz1tb-ssd16gb","status":"publish","type":"post","link":"https:\/\/www.letemsvetemapplem.eu\/bazar\/macmini-2012i7-23-ghz1tb-ssd16gb\/","title":{"rendered":"MacMini 2012,i7 2,3 GHz,1TB SSD,16GB"},"content":{"rendered":"<p>Prod\u00e1m po\u010d\u00edta\u010d Apple Mac Mini (lat\u011b 2012) v\u010d. krabice, HDMI \u2013 DVI adapt\u00e9r\u016f a nap\u00e1jec\u00edho kabel\u016f. Jeden z nejvykonejsich Mac Mini (znateln\u011b vykonejsi ne\u017e-li nov\u011bj\u0161\u00ed generace late 2014 ), v\u00fdkonov\u00e9 se vyrovn\u00e1 dra\u017e\u0161\u00edm Macbook Pro nebo iMac. Po\u010d\u00edta\u010d v ide\u00e1ln\u00edm stavu, \u017e\u00e1dn\u00e9 \u0161kr\u00e1bance, v\u0161echno funguje skv\u011ble, pou\u017e\u00edval se v\u00fdhradn\u011b v neku\u0159\u00e1ck\u00e9m prost\u0159ed\u00ed. Nainstalov\u00e1n OS X Mac High Sierra. P\u0159i rychl\u00e9m jedn\u00e1n\u00ed sleva.<br \/>\nProcesor 2,3GHZ Intel Core i7, 4 jadra&lt;br \/&gt;<br \/>\nRAM 16GB&lt;br \/&gt;<br \/>\nDisk: 1TB SSD Samsung Evo 850 (SATA 6Gb\/s)&lt;br \/&gt;<br \/>\nGrafika Intel HD Graphics 4000 1536 MB&lt;br \/&gt;<br \/>\nWiFi 802.11ac, Bluetooth 4.0&lt;br \/&gt;<br \/>\n4\u00d7 USB 3.0, Thunderbolt port&lt;br \/&gt;<br \/>\n\u010cte\u010dka pam\u011b\u0165ov\u00fdch karet SDXC, HDMI, GLAN.<\/p>\n","protected":false},"excerpt":{"rendered":"<p>Prod\u00e1m po\u010d\u00edta\u010d Apple Mac Mini (lat\u011b 2012) v\u010d. krabice, HDMI \u2013 DVI adapt\u00e9r\u016f a nap\u00e1jec\u00edho kabel\u016f. Jeden z nejvykonejsich Mac Mini (znateln\u011b vykonejsi ne\u017e-li nov\u011bj\u0161\u00ed generace late 2014 ), v\u00fdkonov\u00e9 se vyrovn\u00e1 dra\u017e\u0161\u00edm Macbook Pro nebo iMac. Po\u010d\u00edta\u010d v ide\u00e1ln\u00edm stavu, \u017e\u00e1dn\u00e9 \u0161kr\u00e1bance, v\u0161echno funguje skv\u011ble, pou\u017e\u00edval se v\u00fdhradn\u011b v neku\u0159\u00e1ck\u00e9m prost\u0159ed\u00ed. Nainstalov\u00e1n OS X&#8230;<\/p>\n","protected":false},"author":0,"featured_media":98322,"comment_status":"closed","ping_status":"closed","sticky":false,"template":"","format":"standard","meta":{"footnotes":""},"categories":[44],"tags":[],"class_list":["post-98321","post","type-post","status-publish","format-standard","has-post-thumbnail","hentry","category-mac-mini"],"yoast_head":"<!-- This site is optimized with the Yoast SEO plugin v27.2 - https:\/\/yoast.com\/product\/yoast-seo-wordpress\/ -->\n<title>MacMini 2012,i7 2,3 GHz,1TB SSD,16GB - Apple bazar<\/title>\n<meta name=\"robots\" content=\"index, follow, max-snippet:-1, max-image-preview:large, max-video-preview:-1\" \/>\n<link rel=\"canonical\" href=\"https:\/\/www.letemsvetemapplem.eu\/bazar\/macmini-2012i7-23-ghz1tb-ssd16gb\/\" \/>\n<meta property=\"og:locale\" content=\"cs_CZ\" \/>\n<meta property=\"og:type\" content=\"article\" \/>\n<meta property=\"og:title\" content=\"MacMini 2012,i7 2,3 GHz,1TB SSD,16GB - Apple bazar\" \/>\n<meta property=\"og:description\" content=\"Prod\u00e1m po\u010d\u00edta\u010d Apple Mac Mini (lat\u011b 2012) v\u010d. krabice, HDMI \u2013 DVI adapt\u00e9r\u016f a nap\u00e1jec\u00edho kabel\u016f. Jeden z nejvykonejsich Mac Mini (znateln\u011b vykonejsi ne\u017e-li nov\u011bj\u0161\u00ed generace late 2014 ), v\u00fdkonov\u00e9 se vyrovn\u00e1 dra\u017e\u0161\u00edm Macbook Pro nebo iMac. Po\u010d\u00edta\u010d v ide\u00e1ln\u00edm stavu, \u017e\u00e1dn\u00e9 \u0161kr\u00e1bance, v\u0161echno funguje skv\u011ble, pou\u017e\u00edval se v\u00fdhradn\u011b v neku\u0159\u00e1ck\u00e9m prost\u0159ed\u00ed. Nainstalov\u00e1n OS X...\" \/>\n<meta property=\"og:url\" content=\"https:\/\/www.letemsvetemapplem.eu\/bazar\/macmini-2012i7-23-ghz1tb-ssd16gb\/\" \/>\n<meta property=\"og:site_name\" content=\"Apple bazar\" \/>\n<meta property=\"article:published_time\" content=\"2018-08-01T16:57:48+00:00\" \/>\n<meta property=\"article:modified_time\" content=\"2018-08-01T17:03:42+00:00\" \/>\n<meta property=\"og:image\" content=\"https:\/\/www.letemsvetemapplem.eu\/bazar\/wp-content\/uploads\/2018\/08\/1-16.jpg\" \/>\n\t<meta property=\"og:image:width\" content=\"830\" \/>\n\t<meta property=\"og:image:height\" content=\"467\" \/>\n\t<meta property=\"og:image:type\" content=\"image\/jpeg\" \/>\n<meta name=\"twitter:card\" content=\"summary_large_image\" \/>\n<script type=\"application\/ld+json\" class=\"yoast-schema-graph\">{\"@context\":\"https:\/\/schema.org\",\"@graph\":[{\"@type\":\"Article\",\"@id\":\"https:\/\/www.letemsvetemapplem.eu\/bazar\/macmini-2012i7-23-ghz1tb-ssd16gb\/#article\",\"isPartOf\":{\"@id\":\"https:\/\/www.letemsvetemapplem.eu\/bazar\/macmini-2012i7-23-ghz1tb-ssd16gb\/\"},\"author\":{\"name\":\"\",\"@id\":\"\"},\"headline\":\"MacMini 2012,i7 2,3 GHz,1TB SSD,16GB\",\"datePublished\":\"2018-08-01T16:57:48+00:00\",\"dateModified\":\"2018-08-01T17:03:42+00:00\",\"mainEntityOfPage\":{\"@id\":\"https:\/\/www.letemsvetemapplem.eu\/bazar\/macmini-2012i7-23-ghz1tb-ssd16gb\/\"},\"wordCount\":142,\"image\":{\"@id\":\"https:\/\/www.letemsvetemapplem.eu\/bazar\/macmini-2012i7-23-ghz1tb-ssd16gb\/#primaryimage\"},\"thumbnailUrl\":\"https:\/\/www.letemsvetemapplem.eu\/bazar\/wp-content\/uploads\/2018\/08\/1-16.jpg\",\"articleSection\":[\"Mac mini\"],\"inLanguage\":\"cs\"},{\"@type\":\"WebPage\",\"@id\":\"https:\/\/www.letemsvetemapplem.eu\/bazar\/macmini-2012i7-23-ghz1tb-ssd16gb\/\",\"url\":\"https:\/\/www.letemsvetemapplem.eu\/bazar\/macmini-2012i7-23-ghz1tb-ssd16gb\/\",\"name\":\"MacMini 2012,i7 2,3 GHz,1TB SSD,16GB - Apple bazar\",\"isPartOf\":{\"@id\":\"https:\/\/www.letemsvetemapplem.eu\/bazar\/#website\"},\"primaryImageOfPage\":{\"@id\":\"https:\/\/www.letemsvetemapplem.eu\/bazar\/macmini-2012i7-23-ghz1tb-ssd16gb\/#primaryimage\"},\"image\":{\"@id\":\"https:\/\/www.letemsvetemapplem.eu\/bazar\/macmini-2012i7-23-ghz1tb-ssd16gb\/#primaryimage\"},\"thumbnailUrl\":\"https:\/\/www.letemsvetemapplem.eu\/bazar\/wp-content\/uploads\/2018\/08\/1-16.jpg\",\"datePublished\":\"2018-08-01T16:57:48+00:00\",\"dateModified\":\"2018-08-01T17:03:42+00:00\",\"author\":{\"@id\":\"\"},\"breadcrumb\":{\"@id\":\"https:\/\/www.letemsvetemapplem.eu\/bazar\/macmini-2012i7-23-ghz1tb-ssd16gb\/#breadcrumb\"},\"inLanguage\":\"cs\",\"potentialAction\":[{\"@type\":\"ReadAction\",\"target\":[\"https:\/\/www.letemsvetemapplem.eu\/bazar\/macmini-2012i7-23-ghz1tb-ssd16gb\/\"]}]},{\"@type\":\"ImageObject\",\"inLanguage\":\"cs\",\"@id\":\"https:\/\/www.letemsvetemapplem.eu\/bazar\/macmini-2012i7-23-ghz1tb-ssd16gb\/#primaryimage\",\"url\":\"https:\/\/www.letemsvetemapplem.eu\/bazar\/wp-content\/uploads\/2018\/08\/1-16.jpg\",\"contentUrl\":\"https:\/\/www.letemsvetemapplem.eu\/bazar\/wp-content\/uploads\/2018\/08\/1-16.jpg\",\"width\":830,\"height\":467},{\"@type\":\"BreadcrumbList\",\"@id\":\"https:\/\/www.letemsvetemapplem.eu\/bazar\/macmini-2012i7-23-ghz1tb-ssd16gb\/#breadcrumb\",\"itemListElement\":[{\"@type\":\"ListItem\",\"position\":1,\"name\":\"Apple Bazar\",\"item\":\"https:\/\/www.letemsvetemapplem.eu\/bazar\/\"},{\"@type\":\"ListItem\",\"position\":2,\"name\":\"MacMini 2012,i7 2,3 GHz,1TB SSD,16GB\"}]},{\"@type\":\"WebSite\",\"@id\":\"https:\/\/www.letemsvetemapplem.eu\/bazar\/#website\",\"url\":\"https:\/\/www.letemsvetemapplem.eu\/bazar\/\",\"name\":\"Apple bazar\",\"description\":\"Oou\u017eit\u00e9 Apple produkty za skv\u011bl\u00e9 ceny\",\"potentialAction\":[{\"@type\":\"SearchAction\",\"target\":{\"@type\":\"EntryPoint\",\"urlTemplate\":\"https:\/\/www.letemsvetemapplem.eu\/bazar\/?s={search_term_string}\"},\"query-input\":{\"@type\":\"PropertyValueSpecification\",\"valueRequired\":true,\"valueName\":\"search_term_string\"}}],\"inLanguage\":\"cs\"}]}<\/script>\n<!-- \/ Yoast SEO plugin. -->","yoast_head_json":{"title":"MacMini 2012,i7 2,3 GHz,1TB SSD,16GB - Apple bazar","robots":{"index":"index","follow":"follow","max-snippet":"max-snippet:-1","max-image-preview":"max-image-preview:large","max-video-preview":"max-video-preview:-1"},"canonical":"https:\/\/www.letemsvetemapplem.eu\/bazar\/macmini-2012i7-23-ghz1tb-ssd16gb\/","og_locale":"cs_CZ","og_type":"article","og_title":"MacMini 2012,i7 2,3 GHz,1TB SSD,16GB - Apple bazar","og_description":"Prod\u00e1m po\u010d\u00edta\u010d Apple Mac Mini (lat\u011b 2012) v\u010d. krabice, HDMI \u2013 DVI adapt\u00e9r\u016f a nap\u00e1jec\u00edho kabel\u016f. Jeden z nejvykonejsich Mac Mini (znateln\u011b vykonejsi ne\u017e-li nov\u011bj\u0161\u00ed generace late 2014 ), v\u00fdkonov\u00e9 se vyrovn\u00e1 dra\u017e\u0161\u00edm Macbook Pro nebo iMac. Po\u010d\u00edta\u010d v ide\u00e1ln\u00edm stavu, \u017e\u00e1dn\u00e9 \u0161kr\u00e1bance, v\u0161echno funguje skv\u011ble, pou\u017e\u00edval se v\u00fdhradn\u011b v neku\u0159\u00e1ck\u00e9m prost\u0159ed\u00ed. Nainstalov\u00e1n OS X...","og_url":"https:\/\/www.letemsvetemapplem.eu\/bazar\/macmini-2012i7-23-ghz1tb-ssd16gb\/","og_site_name":"Apple bazar","article_published_time":"2018-08-01T16:57:48+00:00","article_modified_time":"2018-08-01T17:03:42+00:00","og_image":[{"width":830,"height":467,"url":"https:\/\/www.letemsvetemapplem.eu\/bazar\/wp-content\/uploads\/2018\/08\/1-16.jpg","type":"image\/jpeg"}],"twitter_card":"summary_large_image","schema":{"@context":"https:\/\/schema.org","@graph":[{"@type":"Article","@id":"https:\/\/www.letemsvetemapplem.eu\/bazar\/macmini-2012i7-23-ghz1tb-ssd16gb\/#article","isPartOf":{"@id":"https:\/\/www.letemsvetemapplem.eu\/bazar\/macmini-2012i7-23-ghz1tb-ssd16gb\/"},"author":{"name":"","@id":""},"headline":"MacMini 2012,i7 2,3 GHz,1TB SSD,16GB","datePublished":"2018-08-01T16:57:48+00:00","dateModified":"2018-08-01T17:03:42+00:00","mainEntityOfPage":{"@id":"https:\/\/www.letemsvetemapplem.eu\/bazar\/macmini-2012i7-23-ghz1tb-ssd16gb\/"},"wordCount":142,"image":{"@id":"https:\/\/www.letemsvetemapplem.eu\/bazar\/macmini-2012i7-23-ghz1tb-ssd16gb\/#primaryimage"},"thumbnailUrl":"https:\/\/www.letemsvetemapplem.eu\/bazar\/wp-content\/uploads\/2018\/08\/1-16.jpg","articleSection":["Mac mini"],"inLanguage":"cs"},{"@type":"WebPage","@id":"https:\/\/www.letemsvetemapplem.eu\/bazar\/macmini-2012i7-23-ghz1tb-ssd16gb\/","url":"https:\/\/www.letemsvetemapplem.eu\/bazar\/macmini-2012i7-23-ghz1tb-ssd16gb\/","name":"MacMini 2012,i7 2,3 GHz,1TB SSD,16GB - Apple bazar","isPartOf":{"@id":"https:\/\/www.letemsvetemapplem.eu\/bazar\/#website"},"primaryImageOfPage":{"@id":"https:\/\/www.letemsvetemapplem.eu\/bazar\/macmini-2012i7-23-ghz1tb-ssd16gb\/#primaryimage"},"image":{"@id":"https:\/\/www.letemsvetemapplem.eu\/bazar\/macmini-2012i7-23-ghz1tb-ssd16gb\/#primaryimage"},"thumbnailUrl":"https:\/\/www.letemsvetemapplem.eu\/bazar\/wp-content\/uploads\/2018\/08\/1-16.jpg","datePublished":"2018-08-01T16:57:48+00:00","dateModified":"2018-08-01T17:03:42+00:00","author":{"@id":""},"breadcrumb":{"@id":"https:\/\/www.letemsvetemapplem.eu\/bazar\/macmini-2012i7-23-ghz1tb-ssd16gb\/#breadcrumb"},"inLanguage":"cs","potentialAction":[{"@type":"ReadAction","target":["https:\/\/www.letemsvetemapplem.eu\/bazar\/macmini-2012i7-23-ghz1tb-ssd16gb\/"]}]},{"@type":"ImageObject","inLanguage":"cs","@id":"https:\/\/www.letemsvetemapplem.eu\/bazar\/macmini-2012i7-23-ghz1tb-ssd16gb\/#primaryimage","url":"https:\/\/www.letemsvetemapplem.eu\/bazar\/wp-content\/uploads\/2018\/08\/1-16.jpg","contentUrl":"https:\/\/www.letemsvetemapplem.eu\/bazar\/wp-content\/uploads\/2018\/08\/1-16.jpg","width":830,"height":467},{"@type":"BreadcrumbList","@id":"https:\/\/www.letemsvetemapplem.eu\/bazar\/macmini-2012i7-23-ghz1tb-ssd16gb\/#breadcrumb","itemListElement":[{"@type":"ListItem","position":1,"name":"Apple Bazar","item":"https:\/\/www.letemsvetemapplem.eu\/bazar\/"},{"@type":"ListItem","position":2,"name":"MacMini 2012,i7 2,3 GHz,1TB SSD,16GB"}]},{"@type":"WebSite","@id":"https:\/\/www.letemsvetemapplem.eu\/bazar\/#website","url":"https:\/\/www.letemsvetemapplem.eu\/bazar\/","name":"Apple bazar","description":"Oou\u017eit\u00e9 Apple produkty za skv\u011bl\u00e9 ceny","potentialAction":[{"@type":"SearchAction","target":{"@type":"EntryPoint","urlTemplate":"https:\/\/www.letemsvetemapplem.eu\/bazar\/?s={search_term_string}"},"query-input":{"@type":"PropertyValueSpecification","valueRequired":true,"valueName":"search_term_string"}}],"inLanguage":"cs"}]}},"_links":{"self":[{"href":"https:\/\/www.letemsvetemapplem.eu\/bazar\/wp-json\/wp\/v2\/posts\/98321","targetHints":{"allow":["GET"]}}],"collection":[{"href":"https:\/\/www.letemsvetemapplem.eu\/bazar\/wp-json\/wp\/v2\/posts"}],"about":[{"href":"https:\/\/www.letemsvetemapplem.eu\/bazar\/wp-json\/wp\/v2\/types\/post"}],"replies":[{"embeddable":true,"href":"https:\/\/www.letemsvetemapplem.eu\/bazar\/wp-json\/wp\/v2\/comments?post=98321"}],"version-history":[{"count":0,"href":"https:\/\/www.letemsvetemapplem.eu\/bazar\/wp-json\/wp\/v2\/posts\/98321\/revisions"}],"wp:featuredmedia":[{"embeddable":true,"href":"https:\/\/www.letemsvetemapplem.eu\/bazar\/wp-json\/wp\/v2\/media\/98322"}],"wp:attachment":[{"href":"https:\/\/www.letemsvetemapplem.eu\/bazar\/wp-json\/wp\/v2\/media?parent=98321"}],"wp:term":[{"taxonomy":"category","embeddable":true,"href":"https:\/\/www.letemsvetemapplem.eu\/bazar\/wp-json\/wp\/v2\/categories?post=98321"},{"taxonomy":"post_tag","embeddable":true,"href":"https:\/\/www.letemsvetemapplem.eu\/bazar\/wp-json\/wp\/v2\/tags?post=98321"}],"curies":[{"name":"wp","href":"https:\/\/api.w.org\/{rel}","templated":true}]}}