{"id":92023,"date":"2018-06-06T17:37:32","date_gmt":"2018-06-06T16:37:32","guid":{"rendered":"https:\/\/www.letemsvetemapplem.eu\/bazar\/?p=92023"},"modified":"2018-06-06T17:37:32","modified_gmt":"2018-06-06T16:37:32","slug":"vymenim-za-iphone-7788","status":"publish","type":"post","link":"https:\/\/www.letemsvetemapplem.eu\/bazar\/vymenim-za-iphone-7788\/","title":{"rendered":"Vym\u011bn\u00edm za iphone 7,7+,8,8+"},"content":{"rendered":"<p>Zdravim,nab\u00edz\u00edm na v\u00fdm\u011bnu samsung s8.<br \/>\nSt\u00e1\u0159\u00ed pres 3 m\u011bs\u00edce. Hezk\u00fd,ne-li top stav.<br \/>\nP\u0159id\u00e1m krabicku s p\u0159\u00edslu\u0161enstv\u00edm. V cene 2 kryty a folie na displayi i z\u00e1dech telefonu.<\/p>\n<p>Rad bych zkusil ios. Nebr\u00e1n\u00edm se doplatku za 8\/8+.<br \/>\nD\u011bkuji za ve\u0161ker\u00e9 nab\u00eddky.<\/p>\n","protected":false},"excerpt":{"rendered":"<p>Zdravim,nab\u00edz\u00edm na v\u00fdm\u011bnu samsung s8. St\u00e1\u0159\u00ed pres 3 m\u011bs\u00edce. Hezk\u00fd,ne-li top stav. P\u0159id\u00e1m krabicku s p\u0159\u00edslu\u0161enstv\u00edm. V cene 2 kryty a folie na displayi i z\u00e1dech telefonu. Rad bych zkusil ios. Nebr\u00e1n\u00edm se doplatku za 8\/8+. D\u011bkuji za ve\u0161ker\u00e9 nab\u00eddky.<\/p>\n","protected":false},"author":0,"featured_media":92024,"comment_status":"open","ping_status":"open","sticky":false,"template":"","format":"standard","meta":{"footnotes":""},"categories":[51],"tags":[],"class_list":["post-92023","post","type-post","status-publish","format-standard","has-post-thumbnail","hentry","category-iphone-7-iphone-7-plus"],"yoast_head":"<!-- This site is optimized with the Yoast SEO plugin v27.5 - https:\/\/yoast.com\/product\/yoast-seo-wordpress\/ -->\n<title>Vym\u011bn\u00edm za iphone 7,7+,8,8+ - Apple bazar<\/title>\n<meta name=\"robots\" content=\"index, follow, max-snippet:-1, max-image-preview:large, max-video-preview:-1\" \/>\n<link rel=\"canonical\" href=\"https:\/\/www.letemsvetemapplem.eu\/bazar\/vymenim-za-iphone-7788\/\" \/>\n<meta property=\"og:locale\" content=\"cs_CZ\" \/>\n<meta property=\"og:type\" content=\"article\" \/>\n<meta property=\"og:title\" content=\"Vym\u011bn\u00edm za iphone 7,7+,8,8+ - Apple bazar\" \/>\n<meta property=\"og:description\" content=\"Zdravim,nab\u00edz\u00edm na v\u00fdm\u011bnu samsung s8. St\u00e1\u0159\u00ed pres 3 m\u011bs\u00edce. Hezk\u00fd,ne-li top stav. P\u0159id\u00e1m krabicku s p\u0159\u00edslu\u0161enstv\u00edm. V cene 2 kryty a folie na displayi i z\u00e1dech telefonu. Rad bych zkusil ios. Nebr\u00e1n\u00edm se doplatku za 8\/8+. D\u011bkuji za ve\u0161ker\u00e9 nab\u00eddky.\" \/>\n<meta property=\"og:url\" content=\"https:\/\/www.letemsvetemapplem.eu\/bazar\/vymenim-za-iphone-7788\/\" \/>\n<meta property=\"og:site_name\" content=\"Apple bazar\" \/>\n<meta property=\"article:published_time\" content=\"2018-06-06T16:37:32+00:00\" \/>\n<meta property=\"og:image\" content=\"https:\/\/www.letemsvetemapplem.eu\/bazar\/wp-content\/uploads\/2018\/06\/IMG_20180402_183941.jpg\" \/>\n\t<meta property=\"og:image:width\" content=\"4160\" \/>\n\t<meta property=\"og:image:height\" content=\"3120\" \/>\n\t<meta property=\"og:image:type\" content=\"image\/jpeg\" \/>\n<meta name=\"twitter:card\" content=\"summary_large_image\" \/>\n<script type=\"application\/ld+json\" class=\"yoast-schema-graph\">{\"@context\":\"https:\\\/\\\/schema.org\",\"@graph\":[{\"@type\":\"Article\",\"@id\":\"https:\\\/\\\/www.letemsvetemapplem.eu\\\/bazar\\\/vymenim-za-iphone-7788\\\/#article\",\"isPartOf\":{\"@id\":\"https:\\\/\\\/www.letemsvetemapplem.eu\\\/bazar\\\/vymenim-za-iphone-7788\\\/\"},\"author\":{\"name\":\"\",\"@id\":\"\"},\"headline\":\"Vym\u011bn\u00edm za iphone 7,7+,8,8+\",\"datePublished\":\"2018-06-06T16:37:32+00:00\",\"mainEntityOfPage\":{\"@id\":\"https:\\\/\\\/www.letemsvetemapplem.eu\\\/bazar\\\/vymenim-za-iphone-7788\\\/\"},\"wordCount\":61,\"commentCount\":0,\"image\":{\"@id\":\"https:\\\/\\\/www.letemsvetemapplem.eu\\\/bazar\\\/vymenim-za-iphone-7788\\\/#primaryimage\"},\"thumbnailUrl\":\"https:\\\/\\\/www.letemsvetemapplem.eu\\\/bazar\\\/wp-content\\\/uploads\\\/2018\\\/06\\\/IMG_20180402_183941.jpg\",\"articleSection\":[\"iPhone 7\\\/7 Plus\"],\"inLanguage\":\"cs\",\"potentialAction\":[{\"@type\":\"CommentAction\",\"name\":\"Comment\",\"target\":[\"https:\\\/\\\/www.letemsvetemapplem.eu\\\/bazar\\\/vymenim-za-iphone-7788\\\/#respond\"]}]},{\"@type\":\"WebPage\",\"@id\":\"https:\\\/\\\/www.letemsvetemapplem.eu\\\/bazar\\\/vymenim-za-iphone-7788\\\/\",\"url\":\"https:\\\/\\\/www.letemsvetemapplem.eu\\\/bazar\\\/vymenim-za-iphone-7788\\\/\",\"name\":\"Vym\u011bn\u00edm za iphone 7,7+,8,8+ - Apple bazar\",\"isPartOf\":{\"@id\":\"https:\\\/\\\/www.letemsvetemapplem.eu\\\/bazar\\\/#website\"},\"primaryImageOfPage\":{\"@id\":\"https:\\\/\\\/www.letemsvetemapplem.eu\\\/bazar\\\/vymenim-za-iphone-7788\\\/#primaryimage\"},\"image\":{\"@id\":\"https:\\\/\\\/www.letemsvetemapplem.eu\\\/bazar\\\/vymenim-za-iphone-7788\\\/#primaryimage\"},\"thumbnailUrl\":\"https:\\\/\\\/www.letemsvetemapplem.eu\\\/bazar\\\/wp-content\\\/uploads\\\/2018\\\/06\\\/IMG_20180402_183941.jpg\",\"datePublished\":\"2018-06-06T16:37:32+00:00\",\"author\":{\"@id\":\"\"},\"breadcrumb\":{\"@id\":\"https:\\\/\\\/www.letemsvetemapplem.eu\\\/bazar\\\/vymenim-za-iphone-7788\\\/#breadcrumb\"},\"inLanguage\":\"cs\",\"potentialAction\":[{\"@type\":\"ReadAction\",\"target\":[\"https:\\\/\\\/www.letemsvetemapplem.eu\\\/bazar\\\/vymenim-za-iphone-7788\\\/\"]}]},{\"@type\":\"ImageObject\",\"inLanguage\":\"cs\",\"@id\":\"https:\\\/\\\/www.letemsvetemapplem.eu\\\/bazar\\\/vymenim-za-iphone-7788\\\/#primaryimage\",\"url\":\"https:\\\/\\\/www.letemsvetemapplem.eu\\\/bazar\\\/wp-content\\\/uploads\\\/2018\\\/06\\\/IMG_20180402_183941.jpg\",\"contentUrl\":\"https:\\\/\\\/www.letemsvetemapplem.eu\\\/bazar\\\/wp-content\\\/uploads\\\/2018\\\/06\\\/IMG_20180402_183941.jpg\",\"width\":4160,\"height\":3120},{\"@type\":\"BreadcrumbList\",\"@id\":\"https:\\\/\\\/www.letemsvetemapplem.eu\\\/bazar\\\/vymenim-za-iphone-7788\\\/#breadcrumb\",\"itemListElement\":[{\"@type\":\"ListItem\",\"position\":1,\"name\":\"Apple Bazar\",\"item\":\"https:\\\/\\\/www.letemsvetemapplem.eu\\\/bazar\\\/\"},{\"@type\":\"ListItem\",\"position\":2,\"name\":\"Vym\u011bn\u00edm za iphone 7,7+,8,8+\"}]},{\"@type\":\"WebSite\",\"@id\":\"https:\\\/\\\/www.letemsvetemapplem.eu\\\/bazar\\\/#website\",\"url\":\"https:\\\/\\\/www.letemsvetemapplem.eu\\\/bazar\\\/\",\"name\":\"Apple bazar\",\"description\":\"Oou\u017eit\u00e9 Apple produkty za skv\u011bl\u00e9 ceny\",\"potentialAction\":[{\"@type\":\"SearchAction\",\"target\":{\"@type\":\"EntryPoint\",\"urlTemplate\":\"https:\\\/\\\/www.letemsvetemapplem.eu\\\/bazar\\\/?s={search_term_string}\"},\"query-input\":{\"@type\":\"PropertyValueSpecification\",\"valueRequired\":true,\"valueName\":\"search_term_string\"}}],\"inLanguage\":\"cs\"}]}<\/script>\n<!-- \/ Yoast SEO plugin. -->","yoast_head_json":{"title":"Vym\u011bn\u00edm za iphone 7,7+,8,8+ - Apple bazar","robots":{"index":"index","follow":"follow","max-snippet":"max-snippet:-1","max-image-preview":"max-image-preview:large","max-video-preview":"max-video-preview:-1"},"canonical":"https:\/\/www.letemsvetemapplem.eu\/bazar\/vymenim-za-iphone-7788\/","og_locale":"cs_CZ","og_type":"article","og_title":"Vym\u011bn\u00edm za iphone 7,7+,8,8+ - Apple bazar","og_description":"Zdravim,nab\u00edz\u00edm na v\u00fdm\u011bnu samsung s8. St\u00e1\u0159\u00ed pres 3 m\u011bs\u00edce. Hezk\u00fd,ne-li top stav. P\u0159id\u00e1m krabicku s p\u0159\u00edslu\u0161enstv\u00edm. V cene 2 kryty a folie na displayi i z\u00e1dech telefonu. Rad bych zkusil ios. Nebr\u00e1n\u00edm se doplatku za 8\/8+. D\u011bkuji za ve\u0161ker\u00e9 nab\u00eddky.","og_url":"https:\/\/www.letemsvetemapplem.eu\/bazar\/vymenim-za-iphone-7788\/","og_site_name":"Apple bazar","article_published_time":"2018-06-06T16:37:32+00:00","og_image":[{"width":4160,"height":3120,"url":"https:\/\/www.letemsvetemapplem.eu\/bazar\/wp-content\/uploads\/2018\/06\/IMG_20180402_183941.jpg","type":"image\/jpeg"}],"twitter_card":"summary_large_image","schema":{"@context":"https:\/\/schema.org","@graph":[{"@type":"Article","@id":"https:\/\/www.letemsvetemapplem.eu\/bazar\/vymenim-za-iphone-7788\/#article","isPartOf":{"@id":"https:\/\/www.letemsvetemapplem.eu\/bazar\/vymenim-za-iphone-7788\/"},"author":{"name":"","@id":""},"headline":"Vym\u011bn\u00edm za iphone 7,7+,8,8+","datePublished":"2018-06-06T16:37:32+00:00","mainEntityOfPage":{"@id":"https:\/\/www.letemsvetemapplem.eu\/bazar\/vymenim-za-iphone-7788\/"},"wordCount":61,"commentCount":0,"image":{"@id":"https:\/\/www.letemsvetemapplem.eu\/bazar\/vymenim-za-iphone-7788\/#primaryimage"},"thumbnailUrl":"https:\/\/www.letemsvetemapplem.eu\/bazar\/wp-content\/uploads\/2018\/06\/IMG_20180402_183941.jpg","articleSection":["iPhone 7\/7 Plus"],"inLanguage":"cs","potentialAction":[{"@type":"CommentAction","name":"Comment","target":["https:\/\/www.letemsvetemapplem.eu\/bazar\/vymenim-za-iphone-7788\/#respond"]}]},{"@type":"WebPage","@id":"https:\/\/www.letemsvetemapplem.eu\/bazar\/vymenim-za-iphone-7788\/","url":"https:\/\/www.letemsvetemapplem.eu\/bazar\/vymenim-za-iphone-7788\/","name":"Vym\u011bn\u00edm za iphone 7,7+,8,8+ - Apple bazar","isPartOf":{"@id":"https:\/\/www.letemsvetemapplem.eu\/bazar\/#website"},"primaryImageOfPage":{"@id":"https:\/\/www.letemsvetemapplem.eu\/bazar\/vymenim-za-iphone-7788\/#primaryimage"},"image":{"@id":"https:\/\/www.letemsvetemapplem.eu\/bazar\/vymenim-za-iphone-7788\/#primaryimage"},"thumbnailUrl":"https:\/\/www.letemsvetemapplem.eu\/bazar\/wp-content\/uploads\/2018\/06\/IMG_20180402_183941.jpg","datePublished":"2018-06-06T16:37:32+00:00","author":{"@id":""},"breadcrumb":{"@id":"https:\/\/www.letemsvetemapplem.eu\/bazar\/vymenim-za-iphone-7788\/#breadcrumb"},"inLanguage":"cs","potentialAction":[{"@type":"ReadAction","target":["https:\/\/www.letemsvetemapplem.eu\/bazar\/vymenim-za-iphone-7788\/"]}]},{"@type":"ImageObject","inLanguage":"cs","@id":"https:\/\/www.letemsvetemapplem.eu\/bazar\/vymenim-za-iphone-7788\/#primaryimage","url":"https:\/\/www.letemsvetemapplem.eu\/bazar\/wp-content\/uploads\/2018\/06\/IMG_20180402_183941.jpg","contentUrl":"https:\/\/www.letemsvetemapplem.eu\/bazar\/wp-content\/uploads\/2018\/06\/IMG_20180402_183941.jpg","width":4160,"height":3120},{"@type":"BreadcrumbList","@id":"https:\/\/www.letemsvetemapplem.eu\/bazar\/vymenim-za-iphone-7788\/#breadcrumb","itemListElement":[{"@type":"ListItem","position":1,"name":"Apple Bazar","item":"https:\/\/www.letemsvetemapplem.eu\/bazar\/"},{"@type":"ListItem","position":2,"name":"Vym\u011bn\u00edm za iphone 7,7+,8,8+"}]},{"@type":"WebSite","@id":"https:\/\/www.letemsvetemapplem.eu\/bazar\/#website","url":"https:\/\/www.letemsvetemapplem.eu\/bazar\/","name":"Apple bazar","description":"Oou\u017eit\u00e9 Apple produkty za skv\u011bl\u00e9 ceny","potentialAction":[{"@type":"SearchAction","target":{"@type":"EntryPoint","urlTemplate":"https:\/\/www.letemsvetemapplem.eu\/bazar\/?s={search_term_string}"},"query-input":{"@type":"PropertyValueSpecification","valueRequired":true,"valueName":"search_term_string"}}],"inLanguage":"cs"}]}},"_links":{"self":[{"href":"https:\/\/www.letemsvetemapplem.eu\/bazar\/wp-json\/wp\/v2\/posts\/92023","targetHints":{"allow":["GET"]}}],"collection":[{"href":"https:\/\/www.letemsvetemapplem.eu\/bazar\/wp-json\/wp\/v2\/posts"}],"about":[{"href":"https:\/\/www.letemsvetemapplem.eu\/bazar\/wp-json\/wp\/v2\/types\/post"}],"replies":[{"embeddable":true,"href":"https:\/\/www.letemsvetemapplem.eu\/bazar\/wp-json\/wp\/v2\/comments?post=92023"}],"version-history":[{"count":0,"href":"https:\/\/www.letemsvetemapplem.eu\/bazar\/wp-json\/wp\/v2\/posts\/92023\/revisions"}],"wp:featuredmedia":[{"embeddable":true,"href":"https:\/\/www.letemsvetemapplem.eu\/bazar\/wp-json\/wp\/v2\/media\/92024"}],"wp:attachment":[{"href":"https:\/\/www.letemsvetemapplem.eu\/bazar\/wp-json\/wp\/v2\/media?parent=92023"}],"wp:term":[{"taxonomy":"category","embeddable":true,"href":"https:\/\/www.letemsvetemapplem.eu\/bazar\/wp-json\/wp\/v2\/categories?post=92023"},{"taxonomy":"post_tag","embeddable":true,"href":"https:\/\/www.letemsvetemapplem.eu\/bazar\/wp-json\/wp\/v2\/tags?post=92023"}],"curies":[{"name":"wp","href":"https:\/\/api.w.org\/{rel}","templated":true}]}}