{"id":91977,"date":"2018-06-06T08:05:31","date_gmt":"2018-06-06T07:05:31","guid":{"rendered":"https:\/\/www.letemsvetemapplem.eu\/bazar\/?p=91977"},"modified":"2018-06-06T08:05:31","modified_gmt":"2018-06-06T07:05:31","slug":"13-apple-macbook-pro-retina-i5-2016","status":"publish","type":"post","link":"https:\/\/www.letemsvetemapplem.eu\/bazar\/13-apple-macbook-pro-retina-i5-2016\/","title":{"rendered":"13 Apple MacBook pro RETINA i5 2016"},"content":{"rendered":"<p>13 Apple MacBook Pro RETINA i5 2,0GHz model 2016 Space Grey (Je\u0161t\u011b lep\u0161\u00ed Retina ne\u017e p\u0159edchoz\u00ed modely ! ). \u0159\u00edplatkov\u00fd disk Flash 256gb, Ram 8Gb 1867MHz. Baterie m\u00e1 pouze 66 cykl\u016f \/ 98% p\u016fvodn\u00ed kapacity &#8211; jedn\u00e1 se tak sp\u00ed\u0161e o nov\u00fd macBook. Z\u00e1ruka 12 M\u011bs\u00edc\u016f. Grafick\u00e1 karta Intel HD540 1536Mb. MacBook je kompletn\u011b reinstalov\u00e1n a vy\u010di\u0161t\u011bn v perfektn\u00edm stavu. Podsv\u00edcen\u00e1 kl\u00e1vesnice, Wi-iFi, BlueTooth 4.0, 2x Thunderbolt 3, FaceTime HD WebKamera, Force Tocuch trackpad. Nainstalov\u00e1n OS X Mac High-Sierra. Osobn\u00ed p\u0159ed\u00e1n\u00ed Praha hned u metra Vyso\u010dansk\u00e1. Zasl\u00e1n\u00ed na dob\u00edrku mo\u017en\u00e9 po p\u0159edchoz\u00ed Tel dohod\u011b (platba p\u0159edem 250,-K\u010d na p\u0159epravu) &#8211; odes\u00edl\u00e1m PPL. P\u0159i osobn\u00edm p\u0159ed\u00e1n\u00ed mo\u017enost d\u016fkladn\u00e9ho odzkou\u0161en\u00ed p\u0159\u00edpadn\u011b lze zau\u010dit s OS X Mac. Vysv\u011btlit 5 z\u00e1kladn\u00edch pravidel jak se o Mac co nejl\u00e9pe starat.<\/p>\n","protected":false},"excerpt":{"rendered":"<p>13 Apple MacBook Pro RETINA i5 2,0GHz model 2016 Space Grey (Je\u0161t\u011b lep\u0161\u00ed Retina ne\u017e p\u0159edchoz\u00ed modely ! ). \u0159\u00edplatkov\u00fd disk Flash 256gb, Ram 8Gb 1867MHz. Baterie m\u00e1 pouze 66 cykl\u016f \/ 98% p\u016fvodn\u00ed kapacity &#8211; jedn\u00e1 se tak sp\u00ed\u0161e o nov\u00fd macBook. Z\u00e1ruka 12 M\u011bs\u00edc\u016f. Grafick\u00e1 karta Intel HD540 1536Mb. MacBook je kompletn\u011b reinstalov\u00e1n&#8230;<\/p>\n","protected":false},"author":0,"featured_media":91978,"comment_status":"open","ping_status":"open","sticky":false,"template":"","format":"standard","meta":{"footnotes":""},"categories":[48],"tags":[],"class_list":["post-91977","post","type-post","status-publish","format-standard","has-post-thumbnail","hentry","category-macbook-pro"],"yoast_head":"<!-- This site is optimized with the Yoast SEO plugin v27.2 - https:\/\/yoast.com\/product\/yoast-seo-wordpress\/ -->\n<title>13 Apple MacBook pro RETINA i5 2016 - Apple bazar<\/title>\n<meta name=\"robots\" content=\"index, follow, max-snippet:-1, max-image-preview:large, max-video-preview:-1\" \/>\n<link rel=\"canonical\" href=\"https:\/\/www.letemsvetemapplem.eu\/bazar\/13-apple-macbook-pro-retina-i5-2016\/\" \/>\n<meta property=\"og:locale\" content=\"cs_CZ\" \/>\n<meta property=\"og:type\" content=\"article\" \/>\n<meta property=\"og:title\" content=\"13 Apple MacBook pro RETINA i5 2016 - Apple bazar\" \/>\n<meta property=\"og:description\" content=\"13 Apple MacBook Pro RETINA i5 2,0GHz model 2016 Space Grey (Je\u0161t\u011b lep\u0161\u00ed Retina ne\u017e p\u0159edchoz\u00ed modely ! ). \u0159\u00edplatkov\u00fd disk Flash 256gb, Ram 8Gb 1867MHz. Baterie m\u00e1 pouze 66 cykl\u016f \/ 98% p\u016fvodn\u00ed kapacity &#8211; jedn\u00e1 se tak sp\u00ed\u0161e o nov\u00fd macBook. Z\u00e1ruka 12 M\u011bs\u00edc\u016f. Grafick\u00e1 karta Intel HD540 1536Mb. MacBook je kompletn\u011b reinstalov\u00e1n...\" \/>\n<meta property=\"og:url\" content=\"https:\/\/www.letemsvetemapplem.eu\/bazar\/13-apple-macbook-pro-retina-i5-2016\/\" \/>\n<meta property=\"og:site_name\" content=\"Apple bazar\" \/>\n<meta property=\"article:published_time\" content=\"2018-06-06T07:05:31+00:00\" \/>\n<meta property=\"og:image\" content=\"https:\/\/www.letemsvetemapplem.eu\/bazar\/wp-content\/uploads\/2018\/06\/IMG_3618.jpg\" \/>\n\t<meta property=\"og:image:width\" content=\"1280\" \/>\n\t<meta property=\"og:image:height\" content=\"960\" \/>\n\t<meta property=\"og:image:type\" content=\"image\/jpeg\" \/>\n<meta name=\"twitter:card\" content=\"summary_large_image\" \/>\n<script type=\"application\/ld+json\" class=\"yoast-schema-graph\">{\"@context\":\"https:\/\/schema.org\",\"@graph\":[{\"@type\":\"Article\",\"@id\":\"https:\/\/www.letemsvetemapplem.eu\/bazar\/13-apple-macbook-pro-retina-i5-2016\/#article\",\"isPartOf\":{\"@id\":\"https:\/\/www.letemsvetemapplem.eu\/bazar\/13-apple-macbook-pro-retina-i5-2016\/\"},\"author\":{\"name\":\"\",\"@id\":\"\"},\"headline\":\"13 Apple MacBook pro RETINA i5 2016\",\"datePublished\":\"2018-06-06T07:05:31+00:00\",\"mainEntityOfPage\":{\"@id\":\"https:\/\/www.letemsvetemapplem.eu\/bazar\/13-apple-macbook-pro-retina-i5-2016\/\"},\"wordCount\":160,\"commentCount\":0,\"image\":{\"@id\":\"https:\/\/www.letemsvetemapplem.eu\/bazar\/13-apple-macbook-pro-retina-i5-2016\/#primaryimage\"},\"thumbnailUrl\":\"https:\/\/www.letemsvetemapplem.eu\/bazar\/wp-content\/uploads\/2018\/06\/IMG_3618.jpg\",\"articleSection\":[\"MacBook Pro\"],\"inLanguage\":\"cs\",\"potentialAction\":[{\"@type\":\"CommentAction\",\"name\":\"Comment\",\"target\":[\"https:\/\/www.letemsvetemapplem.eu\/bazar\/13-apple-macbook-pro-retina-i5-2016\/#respond\"]}]},{\"@type\":\"WebPage\",\"@id\":\"https:\/\/www.letemsvetemapplem.eu\/bazar\/13-apple-macbook-pro-retina-i5-2016\/\",\"url\":\"https:\/\/www.letemsvetemapplem.eu\/bazar\/13-apple-macbook-pro-retina-i5-2016\/\",\"name\":\"13 Apple MacBook pro RETINA i5 2016 - Apple bazar\",\"isPartOf\":{\"@id\":\"https:\/\/www.letemsvetemapplem.eu\/bazar\/#website\"},\"primaryImageOfPage\":{\"@id\":\"https:\/\/www.letemsvetemapplem.eu\/bazar\/13-apple-macbook-pro-retina-i5-2016\/#primaryimage\"},\"image\":{\"@id\":\"https:\/\/www.letemsvetemapplem.eu\/bazar\/13-apple-macbook-pro-retina-i5-2016\/#primaryimage\"},\"thumbnailUrl\":\"https:\/\/www.letemsvetemapplem.eu\/bazar\/wp-content\/uploads\/2018\/06\/IMG_3618.jpg\",\"datePublished\":\"2018-06-06T07:05:31+00:00\",\"author\":{\"@id\":\"\"},\"breadcrumb\":{\"@id\":\"https:\/\/www.letemsvetemapplem.eu\/bazar\/13-apple-macbook-pro-retina-i5-2016\/#breadcrumb\"},\"inLanguage\":\"cs\",\"potentialAction\":[{\"@type\":\"ReadAction\",\"target\":[\"https:\/\/www.letemsvetemapplem.eu\/bazar\/13-apple-macbook-pro-retina-i5-2016\/\"]}]},{\"@type\":\"ImageObject\",\"inLanguage\":\"cs\",\"@id\":\"https:\/\/www.letemsvetemapplem.eu\/bazar\/13-apple-macbook-pro-retina-i5-2016\/#primaryimage\",\"url\":\"https:\/\/www.letemsvetemapplem.eu\/bazar\/wp-content\/uploads\/2018\/06\/IMG_3618.jpg\",\"contentUrl\":\"https:\/\/www.letemsvetemapplem.eu\/bazar\/wp-content\/uploads\/2018\/06\/IMG_3618.jpg\",\"width\":1280,\"height\":960},{\"@type\":\"BreadcrumbList\",\"@id\":\"https:\/\/www.letemsvetemapplem.eu\/bazar\/13-apple-macbook-pro-retina-i5-2016\/#breadcrumb\",\"itemListElement\":[{\"@type\":\"ListItem\",\"position\":1,\"name\":\"Apple Bazar\",\"item\":\"https:\/\/www.letemsvetemapplem.eu\/bazar\/\"},{\"@type\":\"ListItem\",\"position\":2,\"name\":\"13 Apple MacBook pro RETINA i5 2016\"}]},{\"@type\":\"WebSite\",\"@id\":\"https:\/\/www.letemsvetemapplem.eu\/bazar\/#website\",\"url\":\"https:\/\/www.letemsvetemapplem.eu\/bazar\/\",\"name\":\"Apple bazar\",\"description\":\"Oou\u017eit\u00e9 Apple produkty za skv\u011bl\u00e9 ceny\",\"potentialAction\":[{\"@type\":\"SearchAction\",\"target\":{\"@type\":\"EntryPoint\",\"urlTemplate\":\"https:\/\/www.letemsvetemapplem.eu\/bazar\/?s={search_term_string}\"},\"query-input\":{\"@type\":\"PropertyValueSpecification\",\"valueRequired\":true,\"valueName\":\"search_term_string\"}}],\"inLanguage\":\"cs\"}]}<\/script>\n<!-- \/ Yoast SEO plugin. -->","yoast_head_json":{"title":"13 Apple MacBook pro RETINA i5 2016 - Apple bazar","robots":{"index":"index","follow":"follow","max-snippet":"max-snippet:-1","max-image-preview":"max-image-preview:large","max-video-preview":"max-video-preview:-1"},"canonical":"https:\/\/www.letemsvetemapplem.eu\/bazar\/13-apple-macbook-pro-retina-i5-2016\/","og_locale":"cs_CZ","og_type":"article","og_title":"13 Apple MacBook pro RETINA i5 2016 - Apple bazar","og_description":"13 Apple MacBook Pro RETINA i5 2,0GHz model 2016 Space Grey (Je\u0161t\u011b lep\u0161\u00ed Retina ne\u017e p\u0159edchoz\u00ed modely ! ). \u0159\u00edplatkov\u00fd disk Flash 256gb, Ram 8Gb 1867MHz. Baterie m\u00e1 pouze 66 cykl\u016f \/ 98% p\u016fvodn\u00ed kapacity &#8211; jedn\u00e1 se tak sp\u00ed\u0161e o nov\u00fd macBook. Z\u00e1ruka 12 M\u011bs\u00edc\u016f. Grafick\u00e1 karta Intel HD540 1536Mb. MacBook je kompletn\u011b reinstalov\u00e1n...","og_url":"https:\/\/www.letemsvetemapplem.eu\/bazar\/13-apple-macbook-pro-retina-i5-2016\/","og_site_name":"Apple bazar","article_published_time":"2018-06-06T07:05:31+00:00","og_image":[{"width":1280,"height":960,"url":"https:\/\/www.letemsvetemapplem.eu\/bazar\/wp-content\/uploads\/2018\/06\/IMG_3618.jpg","type":"image\/jpeg"}],"twitter_card":"summary_large_image","schema":{"@context":"https:\/\/schema.org","@graph":[{"@type":"Article","@id":"https:\/\/www.letemsvetemapplem.eu\/bazar\/13-apple-macbook-pro-retina-i5-2016\/#article","isPartOf":{"@id":"https:\/\/www.letemsvetemapplem.eu\/bazar\/13-apple-macbook-pro-retina-i5-2016\/"},"author":{"name":"","@id":""},"headline":"13 Apple MacBook pro RETINA i5 2016","datePublished":"2018-06-06T07:05:31+00:00","mainEntityOfPage":{"@id":"https:\/\/www.letemsvetemapplem.eu\/bazar\/13-apple-macbook-pro-retina-i5-2016\/"},"wordCount":160,"commentCount":0,"image":{"@id":"https:\/\/www.letemsvetemapplem.eu\/bazar\/13-apple-macbook-pro-retina-i5-2016\/#primaryimage"},"thumbnailUrl":"https:\/\/www.letemsvetemapplem.eu\/bazar\/wp-content\/uploads\/2018\/06\/IMG_3618.jpg","articleSection":["MacBook Pro"],"inLanguage":"cs","potentialAction":[{"@type":"CommentAction","name":"Comment","target":["https:\/\/www.letemsvetemapplem.eu\/bazar\/13-apple-macbook-pro-retina-i5-2016\/#respond"]}]},{"@type":"WebPage","@id":"https:\/\/www.letemsvetemapplem.eu\/bazar\/13-apple-macbook-pro-retina-i5-2016\/","url":"https:\/\/www.letemsvetemapplem.eu\/bazar\/13-apple-macbook-pro-retina-i5-2016\/","name":"13 Apple MacBook pro RETINA i5 2016 - Apple bazar","isPartOf":{"@id":"https:\/\/www.letemsvetemapplem.eu\/bazar\/#website"},"primaryImageOfPage":{"@id":"https:\/\/www.letemsvetemapplem.eu\/bazar\/13-apple-macbook-pro-retina-i5-2016\/#primaryimage"},"image":{"@id":"https:\/\/www.letemsvetemapplem.eu\/bazar\/13-apple-macbook-pro-retina-i5-2016\/#primaryimage"},"thumbnailUrl":"https:\/\/www.letemsvetemapplem.eu\/bazar\/wp-content\/uploads\/2018\/06\/IMG_3618.jpg","datePublished":"2018-06-06T07:05:31+00:00","author":{"@id":""},"breadcrumb":{"@id":"https:\/\/www.letemsvetemapplem.eu\/bazar\/13-apple-macbook-pro-retina-i5-2016\/#breadcrumb"},"inLanguage":"cs","potentialAction":[{"@type":"ReadAction","target":["https:\/\/www.letemsvetemapplem.eu\/bazar\/13-apple-macbook-pro-retina-i5-2016\/"]}]},{"@type":"ImageObject","inLanguage":"cs","@id":"https:\/\/www.letemsvetemapplem.eu\/bazar\/13-apple-macbook-pro-retina-i5-2016\/#primaryimage","url":"https:\/\/www.letemsvetemapplem.eu\/bazar\/wp-content\/uploads\/2018\/06\/IMG_3618.jpg","contentUrl":"https:\/\/www.letemsvetemapplem.eu\/bazar\/wp-content\/uploads\/2018\/06\/IMG_3618.jpg","width":1280,"height":960},{"@type":"BreadcrumbList","@id":"https:\/\/www.letemsvetemapplem.eu\/bazar\/13-apple-macbook-pro-retina-i5-2016\/#breadcrumb","itemListElement":[{"@type":"ListItem","position":1,"name":"Apple Bazar","item":"https:\/\/www.letemsvetemapplem.eu\/bazar\/"},{"@type":"ListItem","position":2,"name":"13 Apple MacBook pro RETINA i5 2016"}]},{"@type":"WebSite","@id":"https:\/\/www.letemsvetemapplem.eu\/bazar\/#website","url":"https:\/\/www.letemsvetemapplem.eu\/bazar\/","name":"Apple bazar","description":"Oou\u017eit\u00e9 Apple produkty za skv\u011bl\u00e9 ceny","potentialAction":[{"@type":"SearchAction","target":{"@type":"EntryPoint","urlTemplate":"https:\/\/www.letemsvetemapplem.eu\/bazar\/?s={search_term_string}"},"query-input":{"@type":"PropertyValueSpecification","valueRequired":true,"valueName":"search_term_string"}}],"inLanguage":"cs"}]}},"_links":{"self":[{"href":"https:\/\/www.letemsvetemapplem.eu\/bazar\/wp-json\/wp\/v2\/posts\/91977","targetHints":{"allow":["GET"]}}],"collection":[{"href":"https:\/\/www.letemsvetemapplem.eu\/bazar\/wp-json\/wp\/v2\/posts"}],"about":[{"href":"https:\/\/www.letemsvetemapplem.eu\/bazar\/wp-json\/wp\/v2\/types\/post"}],"replies":[{"embeddable":true,"href":"https:\/\/www.letemsvetemapplem.eu\/bazar\/wp-json\/wp\/v2\/comments?post=91977"}],"version-history":[{"count":0,"href":"https:\/\/www.letemsvetemapplem.eu\/bazar\/wp-json\/wp\/v2\/posts\/91977\/revisions"}],"wp:featuredmedia":[{"embeddable":true,"href":"https:\/\/www.letemsvetemapplem.eu\/bazar\/wp-json\/wp\/v2\/media\/91978"}],"wp:attachment":[{"href":"https:\/\/www.letemsvetemapplem.eu\/bazar\/wp-json\/wp\/v2\/media?parent=91977"}],"wp:term":[{"taxonomy":"category","embeddable":true,"href":"https:\/\/www.letemsvetemapplem.eu\/bazar\/wp-json\/wp\/v2\/categories?post=91977"},{"taxonomy":"post_tag","embeddable":true,"href":"https:\/\/www.letemsvetemapplem.eu\/bazar\/wp-json\/wp\/v2\/tags?post=91977"}],"curies":[{"name":"wp","href":"https:\/\/api.w.org\/{rel}","templated":true}]}}