{"id":90231,"date":"2018-05-24T17:19:01","date_gmt":"2018-05-24T16:19:01","guid":{"rendered":"https:\/\/www.letemsvetemapplem.eu\/bazar\/?p=90231"},"modified":"2018-05-24T17:19:01","modified_gmt":"2018-05-24T16:19:01","slug":"apple-ipad-mini-2-16-gbwifi-silver","status":"publish","type":"post","link":"https:\/\/www.letemsvetemapplem.eu\/bazar\/apple-ipad-mini-2-16-gbwifi-silver\/","title":{"rendered":"Apple iPad mini 2, 16 GB,wifi, silver"},"content":{"rendered":"<p>Prodam Apple iPad mini 2, 16 GB, wifi, silver.<\/p>\n<p>Plne funkcni, bez skrabancu, stav jako novy.<br \/>\nJedina vada je potreba vymenit baterii, to se projevuje tak, ze iPad nezacne sam nabijet. Musi byt zapnut do nabijecky, pote vypnut tlacitkem a nasledne zacne sam nabijet. Potreba vymeny baterie byla konzultovana v Istylu. Nema vsak vliv na funkcnost.<\/p>\n<p>Pc 9990 kc v Alze.<\/p>\n","protected":false},"excerpt":{"rendered":"<p>Prodam Apple iPad mini 2, 16 GB, wifi, silver. Plne funkcni, bez skrabancu, stav jako novy. Jedina vada je potreba vymenit baterii, to se projevuje tak, ze iPad nezacne sam nabijet. Musi byt zapnut do nabijecky, pote vypnut tlacitkem a nasledne zacne sam nabijet. Potreba vymeny baterie byla konzultovana v Istylu. Nema vsak vliv na&#8230;<\/p>\n","protected":false},"author":0,"featured_media":90232,"comment_status":"open","ping_status":"open","sticky":false,"template":"","format":"standard","meta":{"footnotes":""},"categories":[38],"tags":[],"class_list":["post-90231","post","type-post","status-publish","format-standard","has-post-thumbnail","hentry","category-ipad-mini"],"yoast_head":"<!-- This site is optimized with the Yoast SEO plugin v27.5 - https:\/\/yoast.com\/product\/yoast-seo-wordpress\/ -->\n<title>Apple iPad mini 2, 16 GB,wifi, silver - Apple bazar<\/title>\n<meta name=\"robots\" content=\"index, follow, max-snippet:-1, max-image-preview:large, max-video-preview:-1\" \/>\n<link rel=\"canonical\" href=\"https:\/\/www.letemsvetemapplem.eu\/bazar\/apple-ipad-mini-2-16-gbwifi-silver\/\" \/>\n<meta property=\"og:locale\" content=\"cs_CZ\" \/>\n<meta property=\"og:type\" content=\"article\" \/>\n<meta property=\"og:title\" content=\"Apple iPad mini 2, 16 GB,wifi, silver - Apple bazar\" \/>\n<meta property=\"og:description\" content=\"Prodam Apple iPad mini 2, 16 GB, wifi, silver. Plne funkcni, bez skrabancu, stav jako novy. Jedina vada je potreba vymenit baterii, to se projevuje tak, ze iPad nezacne sam nabijet. Musi byt zapnut do nabijecky, pote vypnut tlacitkem a nasledne zacne sam nabijet. Potreba vymeny baterie byla konzultovana v Istylu. Nema vsak vliv na...\" \/>\n<meta property=\"og:url\" content=\"https:\/\/www.letemsvetemapplem.eu\/bazar\/apple-ipad-mini-2-16-gbwifi-silver\/\" \/>\n<meta property=\"og:site_name\" content=\"Apple bazar\" \/>\n<meta property=\"article:published_time\" content=\"2018-05-24T16:19:01+00:00\" \/>\n<meta property=\"og:image\" content=\"https:\/\/www.letemsvetemapplem.eu\/bazar\/wp-content\/uploads\/2018\/05\/ADB01F8E-70D9-4995-B2F5-2B3F842C9740.jpeg\" \/>\n\t<meta property=\"og:image:width\" content=\"3024\" \/>\n\t<meta property=\"og:image:height\" content=\"4032\" \/>\n\t<meta property=\"og:image:type\" content=\"image\/jpeg\" \/>\n<meta name=\"twitter:card\" content=\"summary_large_image\" \/>\n<script type=\"application\/ld+json\" class=\"yoast-schema-graph\">{\"@context\":\"https:\\\/\\\/schema.org\",\"@graph\":[{\"@type\":\"Article\",\"@id\":\"https:\\\/\\\/www.letemsvetemapplem.eu\\\/bazar\\\/apple-ipad-mini-2-16-gbwifi-silver\\\/#article\",\"isPartOf\":{\"@id\":\"https:\\\/\\\/www.letemsvetemapplem.eu\\\/bazar\\\/apple-ipad-mini-2-16-gbwifi-silver\\\/\"},\"author\":{\"name\":\"\",\"@id\":\"\"},\"headline\":\"Apple iPad mini 2, 16 GB,wifi, silver\",\"datePublished\":\"2018-05-24T16:19:01+00:00\",\"mainEntityOfPage\":{\"@id\":\"https:\\\/\\\/www.letemsvetemapplem.eu\\\/bazar\\\/apple-ipad-mini-2-16-gbwifi-silver\\\/\"},\"wordCount\":64,\"commentCount\":0,\"image\":{\"@id\":\"https:\\\/\\\/www.letemsvetemapplem.eu\\\/bazar\\\/apple-ipad-mini-2-16-gbwifi-silver\\\/#primaryimage\"},\"thumbnailUrl\":\"https:\\\/\\\/www.letemsvetemapplem.eu\\\/bazar\\\/wp-content\\\/uploads\\\/2018\\\/05\\\/ADB01F8E-70D9-4995-B2F5-2B3F842C9740.jpeg\",\"articleSection\":[\"iPad mini\"],\"inLanguage\":\"cs\",\"potentialAction\":[{\"@type\":\"CommentAction\",\"name\":\"Comment\",\"target\":[\"https:\\\/\\\/www.letemsvetemapplem.eu\\\/bazar\\\/apple-ipad-mini-2-16-gbwifi-silver\\\/#respond\"]}]},{\"@type\":\"WebPage\",\"@id\":\"https:\\\/\\\/www.letemsvetemapplem.eu\\\/bazar\\\/apple-ipad-mini-2-16-gbwifi-silver\\\/\",\"url\":\"https:\\\/\\\/www.letemsvetemapplem.eu\\\/bazar\\\/apple-ipad-mini-2-16-gbwifi-silver\\\/\",\"name\":\"Apple iPad mini 2, 16 GB,wifi, silver - Apple bazar\",\"isPartOf\":{\"@id\":\"https:\\\/\\\/www.letemsvetemapplem.eu\\\/bazar\\\/#website\"},\"primaryImageOfPage\":{\"@id\":\"https:\\\/\\\/www.letemsvetemapplem.eu\\\/bazar\\\/apple-ipad-mini-2-16-gbwifi-silver\\\/#primaryimage\"},\"image\":{\"@id\":\"https:\\\/\\\/www.letemsvetemapplem.eu\\\/bazar\\\/apple-ipad-mini-2-16-gbwifi-silver\\\/#primaryimage\"},\"thumbnailUrl\":\"https:\\\/\\\/www.letemsvetemapplem.eu\\\/bazar\\\/wp-content\\\/uploads\\\/2018\\\/05\\\/ADB01F8E-70D9-4995-B2F5-2B3F842C9740.jpeg\",\"datePublished\":\"2018-05-24T16:19:01+00:00\",\"author\":{\"@id\":\"\"},\"breadcrumb\":{\"@id\":\"https:\\\/\\\/www.letemsvetemapplem.eu\\\/bazar\\\/apple-ipad-mini-2-16-gbwifi-silver\\\/#breadcrumb\"},\"inLanguage\":\"cs\",\"potentialAction\":[{\"@type\":\"ReadAction\",\"target\":[\"https:\\\/\\\/www.letemsvetemapplem.eu\\\/bazar\\\/apple-ipad-mini-2-16-gbwifi-silver\\\/\"]}]},{\"@type\":\"ImageObject\",\"inLanguage\":\"cs\",\"@id\":\"https:\\\/\\\/www.letemsvetemapplem.eu\\\/bazar\\\/apple-ipad-mini-2-16-gbwifi-silver\\\/#primaryimage\",\"url\":\"https:\\\/\\\/www.letemsvetemapplem.eu\\\/bazar\\\/wp-content\\\/uploads\\\/2018\\\/05\\\/ADB01F8E-70D9-4995-B2F5-2B3F842C9740.jpeg\",\"contentUrl\":\"https:\\\/\\\/www.letemsvetemapplem.eu\\\/bazar\\\/wp-content\\\/uploads\\\/2018\\\/05\\\/ADB01F8E-70D9-4995-B2F5-2B3F842C9740.jpeg\",\"width\":3024,\"height\":4032},{\"@type\":\"BreadcrumbList\",\"@id\":\"https:\\\/\\\/www.letemsvetemapplem.eu\\\/bazar\\\/apple-ipad-mini-2-16-gbwifi-silver\\\/#breadcrumb\",\"itemListElement\":[{\"@type\":\"ListItem\",\"position\":1,\"name\":\"Apple Bazar\",\"item\":\"https:\\\/\\\/www.letemsvetemapplem.eu\\\/bazar\\\/\"},{\"@type\":\"ListItem\",\"position\":2,\"name\":\"Apple iPad mini 2, 16 GB,wifi, silver\"}]},{\"@type\":\"WebSite\",\"@id\":\"https:\\\/\\\/www.letemsvetemapplem.eu\\\/bazar\\\/#website\",\"url\":\"https:\\\/\\\/www.letemsvetemapplem.eu\\\/bazar\\\/\",\"name\":\"Apple bazar\",\"description\":\"Oou\u017eit\u00e9 Apple produkty za skv\u011bl\u00e9 ceny\",\"potentialAction\":[{\"@type\":\"SearchAction\",\"target\":{\"@type\":\"EntryPoint\",\"urlTemplate\":\"https:\\\/\\\/www.letemsvetemapplem.eu\\\/bazar\\\/?s={search_term_string}\"},\"query-input\":{\"@type\":\"PropertyValueSpecification\",\"valueRequired\":true,\"valueName\":\"search_term_string\"}}],\"inLanguage\":\"cs\"}]}<\/script>\n<!-- \/ Yoast SEO plugin. -->","yoast_head_json":{"title":"Apple iPad mini 2, 16 GB,wifi, silver - Apple bazar","robots":{"index":"index","follow":"follow","max-snippet":"max-snippet:-1","max-image-preview":"max-image-preview:large","max-video-preview":"max-video-preview:-1"},"canonical":"https:\/\/www.letemsvetemapplem.eu\/bazar\/apple-ipad-mini-2-16-gbwifi-silver\/","og_locale":"cs_CZ","og_type":"article","og_title":"Apple iPad mini 2, 16 GB,wifi, silver - Apple bazar","og_description":"Prodam Apple iPad mini 2, 16 GB, wifi, silver. Plne funkcni, bez skrabancu, stav jako novy. Jedina vada je potreba vymenit baterii, to se projevuje tak, ze iPad nezacne sam nabijet. Musi byt zapnut do nabijecky, pote vypnut tlacitkem a nasledne zacne sam nabijet. Potreba vymeny baterie byla konzultovana v Istylu. Nema vsak vliv na...","og_url":"https:\/\/www.letemsvetemapplem.eu\/bazar\/apple-ipad-mini-2-16-gbwifi-silver\/","og_site_name":"Apple bazar","article_published_time":"2018-05-24T16:19:01+00:00","og_image":[{"width":3024,"height":4032,"url":"https:\/\/www.letemsvetemapplem.eu\/bazar\/wp-content\/uploads\/2018\/05\/ADB01F8E-70D9-4995-B2F5-2B3F842C9740.jpeg","type":"image\/jpeg"}],"twitter_card":"summary_large_image","schema":{"@context":"https:\/\/schema.org","@graph":[{"@type":"Article","@id":"https:\/\/www.letemsvetemapplem.eu\/bazar\/apple-ipad-mini-2-16-gbwifi-silver\/#article","isPartOf":{"@id":"https:\/\/www.letemsvetemapplem.eu\/bazar\/apple-ipad-mini-2-16-gbwifi-silver\/"},"author":{"name":"","@id":""},"headline":"Apple iPad mini 2, 16 GB,wifi, silver","datePublished":"2018-05-24T16:19:01+00:00","mainEntityOfPage":{"@id":"https:\/\/www.letemsvetemapplem.eu\/bazar\/apple-ipad-mini-2-16-gbwifi-silver\/"},"wordCount":64,"commentCount":0,"image":{"@id":"https:\/\/www.letemsvetemapplem.eu\/bazar\/apple-ipad-mini-2-16-gbwifi-silver\/#primaryimage"},"thumbnailUrl":"https:\/\/www.letemsvetemapplem.eu\/bazar\/wp-content\/uploads\/2018\/05\/ADB01F8E-70D9-4995-B2F5-2B3F842C9740.jpeg","articleSection":["iPad mini"],"inLanguage":"cs","potentialAction":[{"@type":"CommentAction","name":"Comment","target":["https:\/\/www.letemsvetemapplem.eu\/bazar\/apple-ipad-mini-2-16-gbwifi-silver\/#respond"]}]},{"@type":"WebPage","@id":"https:\/\/www.letemsvetemapplem.eu\/bazar\/apple-ipad-mini-2-16-gbwifi-silver\/","url":"https:\/\/www.letemsvetemapplem.eu\/bazar\/apple-ipad-mini-2-16-gbwifi-silver\/","name":"Apple iPad mini 2, 16 GB,wifi, silver - Apple bazar","isPartOf":{"@id":"https:\/\/www.letemsvetemapplem.eu\/bazar\/#website"},"primaryImageOfPage":{"@id":"https:\/\/www.letemsvetemapplem.eu\/bazar\/apple-ipad-mini-2-16-gbwifi-silver\/#primaryimage"},"image":{"@id":"https:\/\/www.letemsvetemapplem.eu\/bazar\/apple-ipad-mini-2-16-gbwifi-silver\/#primaryimage"},"thumbnailUrl":"https:\/\/www.letemsvetemapplem.eu\/bazar\/wp-content\/uploads\/2018\/05\/ADB01F8E-70D9-4995-B2F5-2B3F842C9740.jpeg","datePublished":"2018-05-24T16:19:01+00:00","author":{"@id":""},"breadcrumb":{"@id":"https:\/\/www.letemsvetemapplem.eu\/bazar\/apple-ipad-mini-2-16-gbwifi-silver\/#breadcrumb"},"inLanguage":"cs","potentialAction":[{"@type":"ReadAction","target":["https:\/\/www.letemsvetemapplem.eu\/bazar\/apple-ipad-mini-2-16-gbwifi-silver\/"]}]},{"@type":"ImageObject","inLanguage":"cs","@id":"https:\/\/www.letemsvetemapplem.eu\/bazar\/apple-ipad-mini-2-16-gbwifi-silver\/#primaryimage","url":"https:\/\/www.letemsvetemapplem.eu\/bazar\/wp-content\/uploads\/2018\/05\/ADB01F8E-70D9-4995-B2F5-2B3F842C9740.jpeg","contentUrl":"https:\/\/www.letemsvetemapplem.eu\/bazar\/wp-content\/uploads\/2018\/05\/ADB01F8E-70D9-4995-B2F5-2B3F842C9740.jpeg","width":3024,"height":4032},{"@type":"BreadcrumbList","@id":"https:\/\/www.letemsvetemapplem.eu\/bazar\/apple-ipad-mini-2-16-gbwifi-silver\/#breadcrumb","itemListElement":[{"@type":"ListItem","position":1,"name":"Apple Bazar","item":"https:\/\/www.letemsvetemapplem.eu\/bazar\/"},{"@type":"ListItem","position":2,"name":"Apple iPad mini 2, 16 GB,wifi, silver"}]},{"@type":"WebSite","@id":"https:\/\/www.letemsvetemapplem.eu\/bazar\/#website","url":"https:\/\/www.letemsvetemapplem.eu\/bazar\/","name":"Apple bazar","description":"Oou\u017eit\u00e9 Apple produkty za skv\u011bl\u00e9 ceny","potentialAction":[{"@type":"SearchAction","target":{"@type":"EntryPoint","urlTemplate":"https:\/\/www.letemsvetemapplem.eu\/bazar\/?s={search_term_string}"},"query-input":{"@type":"PropertyValueSpecification","valueRequired":true,"valueName":"search_term_string"}}],"inLanguage":"cs"}]}},"_links":{"self":[{"href":"https:\/\/www.letemsvetemapplem.eu\/bazar\/wp-json\/wp\/v2\/posts\/90231","targetHints":{"allow":["GET"]}}],"collection":[{"href":"https:\/\/www.letemsvetemapplem.eu\/bazar\/wp-json\/wp\/v2\/posts"}],"about":[{"href":"https:\/\/www.letemsvetemapplem.eu\/bazar\/wp-json\/wp\/v2\/types\/post"}],"replies":[{"embeddable":true,"href":"https:\/\/www.letemsvetemapplem.eu\/bazar\/wp-json\/wp\/v2\/comments?post=90231"}],"version-history":[{"count":0,"href":"https:\/\/www.letemsvetemapplem.eu\/bazar\/wp-json\/wp\/v2\/posts\/90231\/revisions"}],"wp:featuredmedia":[{"embeddable":true,"href":"https:\/\/www.letemsvetemapplem.eu\/bazar\/wp-json\/wp\/v2\/media\/90232"}],"wp:attachment":[{"href":"https:\/\/www.letemsvetemapplem.eu\/bazar\/wp-json\/wp\/v2\/media?parent=90231"}],"wp:term":[{"taxonomy":"category","embeddable":true,"href":"https:\/\/www.letemsvetemapplem.eu\/bazar\/wp-json\/wp\/v2\/categories?post=90231"},{"taxonomy":"post_tag","embeddable":true,"href":"https:\/\/www.letemsvetemapplem.eu\/bazar\/wp-json\/wp\/v2\/tags?post=90231"}],"curies":[{"name":"wp","href":"https:\/\/api.w.org\/{rel}","templated":true}]}}