{"id":87016,"date":"2018-05-06T12:33:53","date_gmt":"2018-05-06T11:33:53","guid":{"rendered":"https:\/\/www.letemsvetemapplem.eu\/bazar\/?p=87016"},"modified":"2018-06-18T11:44:23","modified_gmt":"2018-06-18T10:44:23","slug":"imac-late-2009","status":"publish","type":"post","link":"https:\/\/www.letemsvetemapplem.eu\/bazar\/imac-late-2009\/","title":{"rendered":"iMac late 2009"},"content":{"rendered":"<p>iMac \u2013 21.5&lt;br \/&gt;&lt;br \/&gt;<br \/>\nGraphics : NVIDIA GeForce 9400 250MB&lt;br \/&gt;&lt;br \/&gt;<br \/>\nS\/N : VM0143LC5PK&lt;br \/&gt;&lt;br \/&gt;<br \/>\nProcessor : 3.06 Ghz Intel Core 2 Duo&lt;br \/&gt;&lt;br \/&gt;<br \/>\nMemory : 4 GB 1067 Mhz DDR3&lt;br \/&gt;&lt;br \/&gt;<br \/>\nDisk : 500 GB SATA&lt;br \/&gt;&lt;br \/&gt;<br \/>\nOS: High Sierra&lt;br \/&gt;<br \/>\nhttps:\/\/everymac.com\/systems\/apple\/imac\/specs\/imac-core-2-duo-3.06-21-inch-aluminum-late-2009-specs.html<\/p>\n","protected":false},"excerpt":{"rendered":"<p>iMac \u2013 21.5&lt;br \/&gt;&lt;br \/&gt; Graphics : NVIDIA GeForce 9400 250MB&lt;br \/&gt;&lt;br \/&gt; S\/N : VM0143LC5PK&lt;br \/&gt;&lt;br \/&gt; Processor : 3.06 Ghz Intel Core 2 Duo&lt;br \/&gt;&lt;br \/&gt; Memory : 4 GB 1067 Mhz DDR3&lt;br \/&gt;&lt;br \/&gt; Disk : 500 GB SATA&lt;br \/&gt;&lt;br \/&gt; OS: High Sierra&lt;br \/&gt; https:\/\/everymac.com\/systems\/apple\/imac\/specs\/imac-core-2-duo-3.06-21-inch-aluminum-late-2009-specs.html<\/p>\n","protected":false},"author":0,"featured_media":87017,"comment_status":"open","ping_status":"open","sticky":false,"template":"","format":"standard","meta":{"footnotes":""},"categories":[41],"tags":[],"class_list":["post-87016","post","type-post","status-publish","format-standard","has-post-thumbnail","hentry","category-imac"],"yoast_head":"<!-- This site is optimized with the Yoast SEO plugin v27.2 - https:\/\/yoast.com\/product\/yoast-seo-wordpress\/ -->\n<title>iMac late 2009 - Apple bazar<\/title>\n<meta name=\"robots\" content=\"index, follow, max-snippet:-1, max-image-preview:large, max-video-preview:-1\" \/>\n<link rel=\"canonical\" href=\"https:\/\/www.letemsvetemapplem.eu\/bazar\/imac-late-2009\/\" \/>\n<meta property=\"og:locale\" content=\"cs_CZ\" \/>\n<meta property=\"og:type\" content=\"article\" \/>\n<meta property=\"og:title\" content=\"iMac late 2009 - Apple bazar\" \/>\n<meta property=\"og:description\" content=\"iMac \u2013 21.5&lt;br \/&gt;&lt;br \/&gt; Graphics : NVIDIA GeForce 9400 250MB&lt;br \/&gt;&lt;br \/&gt; S\/N : VM0143LC5PK&lt;br \/&gt;&lt;br \/&gt; Processor : 3.06 Ghz Intel Core 2 Duo&lt;br \/&gt;&lt;br \/&gt; Memory : 4 GB 1067 Mhz DDR3&lt;br \/&gt;&lt;br \/&gt; Disk : 500 GB SATA&lt;br \/&gt;&lt;br \/&gt; OS: High Sierra&lt;br \/&gt; https:\/\/everymac.com\/systems\/apple\/imac\/specs\/imac-core-2-duo-3.06-21-inch-aluminum-late-2009-specs.html\" \/>\n<meta property=\"og:url\" content=\"https:\/\/www.letemsvetemapplem.eu\/bazar\/imac-late-2009\/\" \/>\n<meta property=\"og:site_name\" content=\"Apple bazar\" \/>\n<meta property=\"article:published_time\" content=\"2018-05-06T11:33:53+00:00\" \/>\n<meta property=\"article:modified_time\" content=\"2018-06-18T10:44:23+00:00\" \/>\n<meta property=\"og:image\" content=\"https:\/\/www.letemsvetemapplem.eu\/bazar\/wp-content\/uploads\/2018\/05\/IMG_20180504_162346599.jpg\" \/>\n\t<meta property=\"og:image:width\" content=\"4608\" \/>\n\t<meta property=\"og:image:height\" content=\"3456\" \/>\n\t<meta property=\"og:image:type\" content=\"image\/jpeg\" \/>\n<meta name=\"twitter:card\" content=\"summary_large_image\" \/>\n<script type=\"application\/ld+json\" class=\"yoast-schema-graph\">{\"@context\":\"https:\/\/schema.org\",\"@graph\":[{\"@type\":\"Article\",\"@id\":\"https:\/\/www.letemsvetemapplem.eu\/bazar\/imac-late-2009\/#article\",\"isPartOf\":{\"@id\":\"https:\/\/www.letemsvetemapplem.eu\/bazar\/imac-late-2009\/\"},\"author\":{\"name\":\"\",\"@id\":\"\"},\"headline\":\"iMac late 2009\",\"datePublished\":\"2018-05-06T11:33:53+00:00\",\"dateModified\":\"2018-06-18T10:44:23+00:00\",\"mainEntityOfPage\":{\"@id\":\"https:\/\/www.letemsvetemapplem.eu\/bazar\/imac-late-2009\/\"},\"wordCount\":79,\"commentCount\":0,\"image\":{\"@id\":\"https:\/\/www.letemsvetemapplem.eu\/bazar\/imac-late-2009\/#primaryimage\"},\"thumbnailUrl\":\"https:\/\/www.letemsvetemapplem.eu\/bazar\/wp-content\/uploads\/2018\/05\/IMG_20180504_162346599.jpg\",\"articleSection\":[\"iMac\"],\"inLanguage\":\"cs\",\"potentialAction\":[{\"@type\":\"CommentAction\",\"name\":\"Comment\",\"target\":[\"https:\/\/www.letemsvetemapplem.eu\/bazar\/imac-late-2009\/#respond\"]}]},{\"@type\":\"WebPage\",\"@id\":\"https:\/\/www.letemsvetemapplem.eu\/bazar\/imac-late-2009\/\",\"url\":\"https:\/\/www.letemsvetemapplem.eu\/bazar\/imac-late-2009\/\",\"name\":\"iMac late 2009 - Apple bazar\",\"isPartOf\":{\"@id\":\"https:\/\/www.letemsvetemapplem.eu\/bazar\/#website\"},\"primaryImageOfPage\":{\"@id\":\"https:\/\/www.letemsvetemapplem.eu\/bazar\/imac-late-2009\/#primaryimage\"},\"image\":{\"@id\":\"https:\/\/www.letemsvetemapplem.eu\/bazar\/imac-late-2009\/#primaryimage\"},\"thumbnailUrl\":\"https:\/\/www.letemsvetemapplem.eu\/bazar\/wp-content\/uploads\/2018\/05\/IMG_20180504_162346599.jpg\",\"datePublished\":\"2018-05-06T11:33:53+00:00\",\"dateModified\":\"2018-06-18T10:44:23+00:00\",\"author\":{\"@id\":\"\"},\"breadcrumb\":{\"@id\":\"https:\/\/www.letemsvetemapplem.eu\/bazar\/imac-late-2009\/#breadcrumb\"},\"inLanguage\":\"cs\",\"potentialAction\":[{\"@type\":\"ReadAction\",\"target\":[\"https:\/\/www.letemsvetemapplem.eu\/bazar\/imac-late-2009\/\"]}]},{\"@type\":\"ImageObject\",\"inLanguage\":\"cs\",\"@id\":\"https:\/\/www.letemsvetemapplem.eu\/bazar\/imac-late-2009\/#primaryimage\",\"url\":\"https:\/\/www.letemsvetemapplem.eu\/bazar\/wp-content\/uploads\/2018\/05\/IMG_20180504_162346599.jpg\",\"contentUrl\":\"https:\/\/www.letemsvetemapplem.eu\/bazar\/wp-content\/uploads\/2018\/05\/IMG_20180504_162346599.jpg\",\"width\":4608,\"height\":3456},{\"@type\":\"BreadcrumbList\",\"@id\":\"https:\/\/www.letemsvetemapplem.eu\/bazar\/imac-late-2009\/#breadcrumb\",\"itemListElement\":[{\"@type\":\"ListItem\",\"position\":1,\"name\":\"Apple Bazar\",\"item\":\"https:\/\/www.letemsvetemapplem.eu\/bazar\/\"},{\"@type\":\"ListItem\",\"position\":2,\"name\":\"iMac late 2009\"}]},{\"@type\":\"WebSite\",\"@id\":\"https:\/\/www.letemsvetemapplem.eu\/bazar\/#website\",\"url\":\"https:\/\/www.letemsvetemapplem.eu\/bazar\/\",\"name\":\"Apple bazar\",\"description\":\"Oou\u017eit\u00e9 Apple produkty za skv\u011bl\u00e9 ceny\",\"potentialAction\":[{\"@type\":\"SearchAction\",\"target\":{\"@type\":\"EntryPoint\",\"urlTemplate\":\"https:\/\/www.letemsvetemapplem.eu\/bazar\/?s={search_term_string}\"},\"query-input\":{\"@type\":\"PropertyValueSpecification\",\"valueRequired\":true,\"valueName\":\"search_term_string\"}}],\"inLanguage\":\"cs\"}]}<\/script>\n<!-- \/ Yoast SEO plugin. -->","yoast_head_json":{"title":"iMac late 2009 - Apple bazar","robots":{"index":"index","follow":"follow","max-snippet":"max-snippet:-1","max-image-preview":"max-image-preview:large","max-video-preview":"max-video-preview:-1"},"canonical":"https:\/\/www.letemsvetemapplem.eu\/bazar\/imac-late-2009\/","og_locale":"cs_CZ","og_type":"article","og_title":"iMac late 2009 - Apple bazar","og_description":"iMac \u2013 21.5&lt;br \/&gt;&lt;br \/&gt; Graphics : NVIDIA GeForce 9400 250MB&lt;br \/&gt;&lt;br \/&gt; S\/N : VM0143LC5PK&lt;br \/&gt;&lt;br \/&gt; Processor : 3.06 Ghz Intel Core 2 Duo&lt;br \/&gt;&lt;br \/&gt; Memory : 4 GB 1067 Mhz DDR3&lt;br \/&gt;&lt;br \/&gt; Disk : 500 GB SATA&lt;br \/&gt;&lt;br \/&gt; OS: High Sierra&lt;br \/&gt; https:\/\/everymac.com\/systems\/apple\/imac\/specs\/imac-core-2-duo-3.06-21-inch-aluminum-late-2009-specs.html","og_url":"https:\/\/www.letemsvetemapplem.eu\/bazar\/imac-late-2009\/","og_site_name":"Apple bazar","article_published_time":"2018-05-06T11:33:53+00:00","article_modified_time":"2018-06-18T10:44:23+00:00","og_image":[{"width":4608,"height":3456,"url":"https:\/\/www.letemsvetemapplem.eu\/bazar\/wp-content\/uploads\/2018\/05\/IMG_20180504_162346599.jpg","type":"image\/jpeg"}],"twitter_card":"summary_large_image","schema":{"@context":"https:\/\/schema.org","@graph":[{"@type":"Article","@id":"https:\/\/www.letemsvetemapplem.eu\/bazar\/imac-late-2009\/#article","isPartOf":{"@id":"https:\/\/www.letemsvetemapplem.eu\/bazar\/imac-late-2009\/"},"author":{"name":"","@id":""},"headline":"iMac late 2009","datePublished":"2018-05-06T11:33:53+00:00","dateModified":"2018-06-18T10:44:23+00:00","mainEntityOfPage":{"@id":"https:\/\/www.letemsvetemapplem.eu\/bazar\/imac-late-2009\/"},"wordCount":79,"commentCount":0,"image":{"@id":"https:\/\/www.letemsvetemapplem.eu\/bazar\/imac-late-2009\/#primaryimage"},"thumbnailUrl":"https:\/\/www.letemsvetemapplem.eu\/bazar\/wp-content\/uploads\/2018\/05\/IMG_20180504_162346599.jpg","articleSection":["iMac"],"inLanguage":"cs","potentialAction":[{"@type":"CommentAction","name":"Comment","target":["https:\/\/www.letemsvetemapplem.eu\/bazar\/imac-late-2009\/#respond"]}]},{"@type":"WebPage","@id":"https:\/\/www.letemsvetemapplem.eu\/bazar\/imac-late-2009\/","url":"https:\/\/www.letemsvetemapplem.eu\/bazar\/imac-late-2009\/","name":"iMac late 2009 - Apple bazar","isPartOf":{"@id":"https:\/\/www.letemsvetemapplem.eu\/bazar\/#website"},"primaryImageOfPage":{"@id":"https:\/\/www.letemsvetemapplem.eu\/bazar\/imac-late-2009\/#primaryimage"},"image":{"@id":"https:\/\/www.letemsvetemapplem.eu\/bazar\/imac-late-2009\/#primaryimage"},"thumbnailUrl":"https:\/\/www.letemsvetemapplem.eu\/bazar\/wp-content\/uploads\/2018\/05\/IMG_20180504_162346599.jpg","datePublished":"2018-05-06T11:33:53+00:00","dateModified":"2018-06-18T10:44:23+00:00","author":{"@id":""},"breadcrumb":{"@id":"https:\/\/www.letemsvetemapplem.eu\/bazar\/imac-late-2009\/#breadcrumb"},"inLanguage":"cs","potentialAction":[{"@type":"ReadAction","target":["https:\/\/www.letemsvetemapplem.eu\/bazar\/imac-late-2009\/"]}]},{"@type":"ImageObject","inLanguage":"cs","@id":"https:\/\/www.letemsvetemapplem.eu\/bazar\/imac-late-2009\/#primaryimage","url":"https:\/\/www.letemsvetemapplem.eu\/bazar\/wp-content\/uploads\/2018\/05\/IMG_20180504_162346599.jpg","contentUrl":"https:\/\/www.letemsvetemapplem.eu\/bazar\/wp-content\/uploads\/2018\/05\/IMG_20180504_162346599.jpg","width":4608,"height":3456},{"@type":"BreadcrumbList","@id":"https:\/\/www.letemsvetemapplem.eu\/bazar\/imac-late-2009\/#breadcrumb","itemListElement":[{"@type":"ListItem","position":1,"name":"Apple Bazar","item":"https:\/\/www.letemsvetemapplem.eu\/bazar\/"},{"@type":"ListItem","position":2,"name":"iMac late 2009"}]},{"@type":"WebSite","@id":"https:\/\/www.letemsvetemapplem.eu\/bazar\/#website","url":"https:\/\/www.letemsvetemapplem.eu\/bazar\/","name":"Apple bazar","description":"Oou\u017eit\u00e9 Apple produkty za skv\u011bl\u00e9 ceny","potentialAction":[{"@type":"SearchAction","target":{"@type":"EntryPoint","urlTemplate":"https:\/\/www.letemsvetemapplem.eu\/bazar\/?s={search_term_string}"},"query-input":{"@type":"PropertyValueSpecification","valueRequired":true,"valueName":"search_term_string"}}],"inLanguage":"cs"}]}},"_links":{"self":[{"href":"https:\/\/www.letemsvetemapplem.eu\/bazar\/wp-json\/wp\/v2\/posts\/87016","targetHints":{"allow":["GET"]}}],"collection":[{"href":"https:\/\/www.letemsvetemapplem.eu\/bazar\/wp-json\/wp\/v2\/posts"}],"about":[{"href":"https:\/\/www.letemsvetemapplem.eu\/bazar\/wp-json\/wp\/v2\/types\/post"}],"replies":[{"embeddable":true,"href":"https:\/\/www.letemsvetemapplem.eu\/bazar\/wp-json\/wp\/v2\/comments?post=87016"}],"version-history":[{"count":0,"href":"https:\/\/www.letemsvetemapplem.eu\/bazar\/wp-json\/wp\/v2\/posts\/87016\/revisions"}],"wp:featuredmedia":[{"embeddable":true,"href":"https:\/\/www.letemsvetemapplem.eu\/bazar\/wp-json\/wp\/v2\/media\/87017"}],"wp:attachment":[{"href":"https:\/\/www.letemsvetemapplem.eu\/bazar\/wp-json\/wp\/v2\/media?parent=87016"}],"wp:term":[{"taxonomy":"category","embeddable":true,"href":"https:\/\/www.letemsvetemapplem.eu\/bazar\/wp-json\/wp\/v2\/categories?post=87016"},{"taxonomy":"post_tag","embeddable":true,"href":"https:\/\/www.letemsvetemapplem.eu\/bazar\/wp-json\/wp\/v2\/tags?post=87016"}],"curies":[{"name":"wp","href":"https:\/\/api.w.org\/{rel}","templated":true}]}}