{"id":8651,"date":"2016-10-31T13:22:46","date_gmt":"2016-10-31T12:22:46","guid":{"rendered":"https:\/\/www.letemsvetemapplem.eu\/bazar\/?p=8651"},"modified":"2016-10-31T13:22:46","modified_gmt":"2016-10-31T12:22:46","slug":"imac-21-5-i5-2-7ghz8gb-ram1tb-hdd","status":"publish","type":"post","link":"https:\/\/www.letemsvetemapplem.eu\/bazar\/imac-21-5-i5-2-7ghz8gb-ram1tb-hdd\/","title":{"rendered":"iMac 21.5&quot; i5 2.7GHz\/8GB RAM\/1TB HDD"},"content":{"rendered":"<p>Prod\u00e1m 21,5 palcov\u00fd iMac z konce roku 2012. <\/p>\n<p>Procesor: 2,7 GHz Intel Core i5<br \/>\nPam\u011b\u0165: 8GB 1600 MHz DDR3<br \/>\nGrafika: NVIDIA GeForce GT 640M 512 MB<br \/>\nKapacita pevn\u00e9ho disku: 1 TB<br \/>\nStav: Jako nov\u00fd, nepo\u0161kozen\u00fd<\/p>\n<p>Sou\u010d\u00e1st\u00ed je origin\u00e1ln\u00ed krabice, apple kl\u00e1vesnice a apple bezdr\u00e1tov\u00e1 my\u0161. Mo\u017enost p\u0159ed\u00e1n\u00ed v Praze nebo Plzni.<\/p>\n","protected":false},"excerpt":{"rendered":"<p>Prod\u00e1m 21,5 palcov\u00fd iMac z konce roku 2012. Procesor: 2,7 GHz Intel Core i5 Pam\u011b\u0165: 8GB 1600 MHz DDR3 Grafika: NVIDIA GeForce GT 640M 512 MB Kapacita pevn\u00e9ho disku: 1 TB Stav: Jako nov\u00fd, nepo\u0161kozen\u00fd Sou\u010d\u00e1st\u00ed je origin\u00e1ln\u00ed krabice, apple kl\u00e1vesnice a apple bezdr\u00e1tov\u00e1 my\u0161. Mo\u017enost p\u0159ed\u00e1n\u00ed v Praze nebo Plzni.<\/p>\n","protected":false},"author":0,"featured_media":8652,"comment_status":"open","ping_status":"open","sticky":false,"template":"","format":"standard","meta":{"footnotes":""},"categories":[41],"tags":[77],"class_list":["post-8651","post","type-post","status-publish","format-standard","has-post-thumbnail","hentry","category-imac","tag-imac"],"yoast_head":"<!-- This site is optimized with the Yoast SEO plugin v27.2 - https:\/\/yoast.com\/product\/yoast-seo-wordpress\/ -->\n<title>iMac 21.5&quot; i5 2.7GHz\/8GB RAM\/1TB HDD - Apple bazar<\/title>\n<meta name=\"robots\" content=\"index, follow, max-snippet:-1, max-image-preview:large, max-video-preview:-1\" \/>\n<link rel=\"canonical\" href=\"https:\/\/www.letemsvetemapplem.eu\/bazar\/imac-21-5-i5-2-7ghz8gb-ram1tb-hdd\/\" \/>\n<meta property=\"og:locale\" content=\"cs_CZ\" \/>\n<meta property=\"og:type\" content=\"article\" \/>\n<meta property=\"og:title\" content=\"iMac 21.5&quot; i5 2.7GHz\/8GB RAM\/1TB HDD - Apple bazar\" \/>\n<meta property=\"og:description\" content=\"Prod\u00e1m 21,5 palcov\u00fd iMac z konce roku 2012. Procesor: 2,7 GHz Intel Core i5 Pam\u011b\u0165: 8GB 1600 MHz DDR3 Grafika: NVIDIA GeForce GT 640M 512 MB Kapacita pevn\u00e9ho disku: 1 TB Stav: Jako nov\u00fd, nepo\u0161kozen\u00fd Sou\u010d\u00e1st\u00ed je origin\u00e1ln\u00ed krabice, apple kl\u00e1vesnice a apple bezdr\u00e1tov\u00e1 my\u0161. Mo\u017enost p\u0159ed\u00e1n\u00ed v Praze nebo Plzni.\" \/>\n<meta property=\"og:url\" content=\"https:\/\/www.letemsvetemapplem.eu\/bazar\/imac-21-5-i5-2-7ghz8gb-ram1tb-hdd\/\" \/>\n<meta property=\"og:site_name\" content=\"Apple bazar\" \/>\n<meta property=\"article:published_time\" content=\"2016-10-31T12:22:46+00:00\" \/>\n<meta property=\"og:image\" content=\"https:\/\/www.letemsvetemapplem.eu\/bazar\/wp-content\/uploads\/2016\/10\/IMG_4809.jpg\" \/>\n\t<meta property=\"og:image:width\" content=\"5184\" \/>\n\t<meta property=\"og:image:height\" content=\"3456\" \/>\n\t<meta property=\"og:image:type\" content=\"image\/jpeg\" \/>\n<meta name=\"twitter:card\" content=\"summary_large_image\" \/>\n<script type=\"application\/ld+json\" class=\"yoast-schema-graph\">{\"@context\":\"https:\/\/schema.org\",\"@graph\":[{\"@type\":\"Article\",\"@id\":\"https:\/\/www.letemsvetemapplem.eu\/bazar\/imac-21-5-i5-2-7ghz8gb-ram1tb-hdd\/#article\",\"isPartOf\":{\"@id\":\"https:\/\/www.letemsvetemapplem.eu\/bazar\/imac-21-5-i5-2-7ghz8gb-ram1tb-hdd\/\"},\"author\":{\"name\":\"\",\"@id\":\"\"},\"headline\":\"iMac 21.5&quot; i5 2.7GHz\/8GB RAM\/1TB HDD\",\"datePublished\":\"2016-10-31T12:22:46+00:00\",\"mainEntityOfPage\":{\"@id\":\"https:\/\/www.letemsvetemapplem.eu\/bazar\/imac-21-5-i5-2-7ghz8gb-ram1tb-hdd\/\"},\"wordCount\":63,\"commentCount\":0,\"image\":{\"@id\":\"https:\/\/www.letemsvetemapplem.eu\/bazar\/imac-21-5-i5-2-7ghz8gb-ram1tb-hdd\/#primaryimage\"},\"thumbnailUrl\":\"https:\/\/www.letemsvetemapplem.eu\/bazar\/wp-content\/uploads\/2016\/10\/IMG_4809.jpg\",\"keywords\":[\"iMac\"],\"articleSection\":[\"iMac\"],\"inLanguage\":\"cs\",\"potentialAction\":[{\"@type\":\"CommentAction\",\"name\":\"Comment\",\"target\":[\"https:\/\/www.letemsvetemapplem.eu\/bazar\/imac-21-5-i5-2-7ghz8gb-ram1tb-hdd\/#respond\"]}]},{\"@type\":\"WebPage\",\"@id\":\"https:\/\/www.letemsvetemapplem.eu\/bazar\/imac-21-5-i5-2-7ghz8gb-ram1tb-hdd\/\",\"url\":\"https:\/\/www.letemsvetemapplem.eu\/bazar\/imac-21-5-i5-2-7ghz8gb-ram1tb-hdd\/\",\"name\":\"iMac 21.5&quot; i5 2.7GHz\/8GB RAM\/1TB HDD - Apple bazar\",\"isPartOf\":{\"@id\":\"https:\/\/www.letemsvetemapplem.eu\/bazar\/#website\"},\"primaryImageOfPage\":{\"@id\":\"https:\/\/www.letemsvetemapplem.eu\/bazar\/imac-21-5-i5-2-7ghz8gb-ram1tb-hdd\/#primaryimage\"},\"image\":{\"@id\":\"https:\/\/www.letemsvetemapplem.eu\/bazar\/imac-21-5-i5-2-7ghz8gb-ram1tb-hdd\/#primaryimage\"},\"thumbnailUrl\":\"https:\/\/www.letemsvetemapplem.eu\/bazar\/wp-content\/uploads\/2016\/10\/IMG_4809.jpg\",\"datePublished\":\"2016-10-31T12:22:46+00:00\",\"author\":{\"@id\":\"\"},\"breadcrumb\":{\"@id\":\"https:\/\/www.letemsvetemapplem.eu\/bazar\/imac-21-5-i5-2-7ghz8gb-ram1tb-hdd\/#breadcrumb\"},\"inLanguage\":\"cs\",\"potentialAction\":[{\"@type\":\"ReadAction\",\"target\":[\"https:\/\/www.letemsvetemapplem.eu\/bazar\/imac-21-5-i5-2-7ghz8gb-ram1tb-hdd\/\"]}]},{\"@type\":\"ImageObject\",\"inLanguage\":\"cs\",\"@id\":\"https:\/\/www.letemsvetemapplem.eu\/bazar\/imac-21-5-i5-2-7ghz8gb-ram1tb-hdd\/#primaryimage\",\"url\":\"https:\/\/www.letemsvetemapplem.eu\/bazar\/wp-content\/uploads\/2016\/10\/IMG_4809.jpg\",\"contentUrl\":\"https:\/\/www.letemsvetemapplem.eu\/bazar\/wp-content\/uploads\/2016\/10\/IMG_4809.jpg\",\"width\":5184,\"height\":3456},{\"@type\":\"BreadcrumbList\",\"@id\":\"https:\/\/www.letemsvetemapplem.eu\/bazar\/imac-21-5-i5-2-7ghz8gb-ram1tb-hdd\/#breadcrumb\",\"itemListElement\":[{\"@type\":\"ListItem\",\"position\":1,\"name\":\"Apple Bazar\",\"item\":\"https:\/\/www.letemsvetemapplem.eu\/bazar\/\"},{\"@type\":\"ListItem\",\"position\":2,\"name\":\"iMac 21.5&quot; i5 2.7GHz\/8GB RAM\/1TB HDD\"}]},{\"@type\":\"WebSite\",\"@id\":\"https:\/\/www.letemsvetemapplem.eu\/bazar\/#website\",\"url\":\"https:\/\/www.letemsvetemapplem.eu\/bazar\/\",\"name\":\"Apple bazar\",\"description\":\"Oou\u017eit\u00e9 Apple produkty za skv\u011bl\u00e9 ceny\",\"potentialAction\":[{\"@type\":\"SearchAction\",\"target\":{\"@type\":\"EntryPoint\",\"urlTemplate\":\"https:\/\/www.letemsvetemapplem.eu\/bazar\/?s={search_term_string}\"},\"query-input\":{\"@type\":\"PropertyValueSpecification\",\"valueRequired\":true,\"valueName\":\"search_term_string\"}}],\"inLanguage\":\"cs\"}]}<\/script>\n<!-- \/ Yoast SEO plugin. -->","yoast_head_json":{"title":"iMac 21.5&quot; i5 2.7GHz\/8GB RAM\/1TB HDD - Apple bazar","robots":{"index":"index","follow":"follow","max-snippet":"max-snippet:-1","max-image-preview":"max-image-preview:large","max-video-preview":"max-video-preview:-1"},"canonical":"https:\/\/www.letemsvetemapplem.eu\/bazar\/imac-21-5-i5-2-7ghz8gb-ram1tb-hdd\/","og_locale":"cs_CZ","og_type":"article","og_title":"iMac 21.5&quot; i5 2.7GHz\/8GB RAM\/1TB HDD - Apple bazar","og_description":"Prod\u00e1m 21,5 palcov\u00fd iMac z konce roku 2012. Procesor: 2,7 GHz Intel Core i5 Pam\u011b\u0165: 8GB 1600 MHz DDR3 Grafika: NVIDIA GeForce GT 640M 512 MB Kapacita pevn\u00e9ho disku: 1 TB Stav: Jako nov\u00fd, nepo\u0161kozen\u00fd Sou\u010d\u00e1st\u00ed je origin\u00e1ln\u00ed krabice, apple kl\u00e1vesnice a apple bezdr\u00e1tov\u00e1 my\u0161. Mo\u017enost p\u0159ed\u00e1n\u00ed v Praze nebo Plzni.","og_url":"https:\/\/www.letemsvetemapplem.eu\/bazar\/imac-21-5-i5-2-7ghz8gb-ram1tb-hdd\/","og_site_name":"Apple bazar","article_published_time":"2016-10-31T12:22:46+00:00","og_image":[{"width":5184,"height":3456,"url":"https:\/\/www.letemsvetemapplem.eu\/bazar\/wp-content\/uploads\/2016\/10\/IMG_4809.jpg","type":"image\/jpeg"}],"twitter_card":"summary_large_image","schema":{"@context":"https:\/\/schema.org","@graph":[{"@type":"Article","@id":"https:\/\/www.letemsvetemapplem.eu\/bazar\/imac-21-5-i5-2-7ghz8gb-ram1tb-hdd\/#article","isPartOf":{"@id":"https:\/\/www.letemsvetemapplem.eu\/bazar\/imac-21-5-i5-2-7ghz8gb-ram1tb-hdd\/"},"author":{"name":"","@id":""},"headline":"iMac 21.5&quot; i5 2.7GHz\/8GB RAM\/1TB HDD","datePublished":"2016-10-31T12:22:46+00:00","mainEntityOfPage":{"@id":"https:\/\/www.letemsvetemapplem.eu\/bazar\/imac-21-5-i5-2-7ghz8gb-ram1tb-hdd\/"},"wordCount":63,"commentCount":0,"image":{"@id":"https:\/\/www.letemsvetemapplem.eu\/bazar\/imac-21-5-i5-2-7ghz8gb-ram1tb-hdd\/#primaryimage"},"thumbnailUrl":"https:\/\/www.letemsvetemapplem.eu\/bazar\/wp-content\/uploads\/2016\/10\/IMG_4809.jpg","keywords":["iMac"],"articleSection":["iMac"],"inLanguage":"cs","potentialAction":[{"@type":"CommentAction","name":"Comment","target":["https:\/\/www.letemsvetemapplem.eu\/bazar\/imac-21-5-i5-2-7ghz8gb-ram1tb-hdd\/#respond"]}]},{"@type":"WebPage","@id":"https:\/\/www.letemsvetemapplem.eu\/bazar\/imac-21-5-i5-2-7ghz8gb-ram1tb-hdd\/","url":"https:\/\/www.letemsvetemapplem.eu\/bazar\/imac-21-5-i5-2-7ghz8gb-ram1tb-hdd\/","name":"iMac 21.5&quot; i5 2.7GHz\/8GB RAM\/1TB HDD - Apple bazar","isPartOf":{"@id":"https:\/\/www.letemsvetemapplem.eu\/bazar\/#website"},"primaryImageOfPage":{"@id":"https:\/\/www.letemsvetemapplem.eu\/bazar\/imac-21-5-i5-2-7ghz8gb-ram1tb-hdd\/#primaryimage"},"image":{"@id":"https:\/\/www.letemsvetemapplem.eu\/bazar\/imac-21-5-i5-2-7ghz8gb-ram1tb-hdd\/#primaryimage"},"thumbnailUrl":"https:\/\/www.letemsvetemapplem.eu\/bazar\/wp-content\/uploads\/2016\/10\/IMG_4809.jpg","datePublished":"2016-10-31T12:22:46+00:00","author":{"@id":""},"breadcrumb":{"@id":"https:\/\/www.letemsvetemapplem.eu\/bazar\/imac-21-5-i5-2-7ghz8gb-ram1tb-hdd\/#breadcrumb"},"inLanguage":"cs","potentialAction":[{"@type":"ReadAction","target":["https:\/\/www.letemsvetemapplem.eu\/bazar\/imac-21-5-i5-2-7ghz8gb-ram1tb-hdd\/"]}]},{"@type":"ImageObject","inLanguage":"cs","@id":"https:\/\/www.letemsvetemapplem.eu\/bazar\/imac-21-5-i5-2-7ghz8gb-ram1tb-hdd\/#primaryimage","url":"https:\/\/www.letemsvetemapplem.eu\/bazar\/wp-content\/uploads\/2016\/10\/IMG_4809.jpg","contentUrl":"https:\/\/www.letemsvetemapplem.eu\/bazar\/wp-content\/uploads\/2016\/10\/IMG_4809.jpg","width":5184,"height":3456},{"@type":"BreadcrumbList","@id":"https:\/\/www.letemsvetemapplem.eu\/bazar\/imac-21-5-i5-2-7ghz8gb-ram1tb-hdd\/#breadcrumb","itemListElement":[{"@type":"ListItem","position":1,"name":"Apple Bazar","item":"https:\/\/www.letemsvetemapplem.eu\/bazar\/"},{"@type":"ListItem","position":2,"name":"iMac 21.5&quot; i5 2.7GHz\/8GB RAM\/1TB HDD"}]},{"@type":"WebSite","@id":"https:\/\/www.letemsvetemapplem.eu\/bazar\/#website","url":"https:\/\/www.letemsvetemapplem.eu\/bazar\/","name":"Apple bazar","description":"Oou\u017eit\u00e9 Apple produkty za skv\u011bl\u00e9 ceny","potentialAction":[{"@type":"SearchAction","target":{"@type":"EntryPoint","urlTemplate":"https:\/\/www.letemsvetemapplem.eu\/bazar\/?s={search_term_string}"},"query-input":{"@type":"PropertyValueSpecification","valueRequired":true,"valueName":"search_term_string"}}],"inLanguage":"cs"}]}},"_links":{"self":[{"href":"https:\/\/www.letemsvetemapplem.eu\/bazar\/wp-json\/wp\/v2\/posts\/8651","targetHints":{"allow":["GET"]}}],"collection":[{"href":"https:\/\/www.letemsvetemapplem.eu\/bazar\/wp-json\/wp\/v2\/posts"}],"about":[{"href":"https:\/\/www.letemsvetemapplem.eu\/bazar\/wp-json\/wp\/v2\/types\/post"}],"replies":[{"embeddable":true,"href":"https:\/\/www.letemsvetemapplem.eu\/bazar\/wp-json\/wp\/v2\/comments?post=8651"}],"version-history":[{"count":0,"href":"https:\/\/www.letemsvetemapplem.eu\/bazar\/wp-json\/wp\/v2\/posts\/8651\/revisions"}],"wp:featuredmedia":[{"embeddable":true,"href":"https:\/\/www.letemsvetemapplem.eu\/bazar\/wp-json\/wp\/v2\/media\/8652"}],"wp:attachment":[{"href":"https:\/\/www.letemsvetemapplem.eu\/bazar\/wp-json\/wp\/v2\/media?parent=8651"}],"wp:term":[{"taxonomy":"category","embeddable":true,"href":"https:\/\/www.letemsvetemapplem.eu\/bazar\/wp-json\/wp\/v2\/categories?post=8651"},{"taxonomy":"post_tag","embeddable":true,"href":"https:\/\/www.letemsvetemapplem.eu\/bazar\/wp-json\/wp\/v2\/tags?post=8651"}],"curies":[{"name":"wp","href":"https:\/\/api.w.org\/{rel}","templated":true}]}}