{"id":85869,"date":"2018-04-27T16:44:36","date_gmt":"2018-04-27T15:44:36","guid":{"rendered":"https:\/\/www.letemsvetemapplem.eu\/bazar\/?p=85869"},"modified":"2018-04-27T16:44:36","modified_gmt":"2018-04-27T15:44:36","slug":"predam-imac-27-5k-retina-2015","status":"publish","type":"post","link":"https:\/\/www.letemsvetemapplem.eu\/bazar\/predam-imac-27-5k-retina-2015\/","title":{"rendered":"Pred\u00e1m iMac 27 5k Retina (2015)"},"content":{"rendered":"<p>Pred\u00e1m iMac z d\u00f4vodu k\u00fapy macbooku pro.<br \/>\nV\u0161etko je v 100% stave bez \u0161krabancov, skoro v\u00f4bec nebol pou\u017e\u00edvan\u00fd. Pou\u017e\u00edvan\u00fd len ob\u010dasne pri grafickej tvorbe. Kupovan\u00fd v marci 2017.<br \/>\nPred\u00e1vam spolu s prenosnou krabicou a s cel\u00fdm pr\u00edslu\u0161enstvom. Bez probl\u00e9mov sa m\u00f4\u017eeme stretn\u00fa\u0165 a v\u0161etko oh\u013eadom pc uk\u00e1\u017eem plus resetujem do v\u00fdrobn\u00fdch nastaven\u00ed prein\u0161talujem osx nanovo. V pr\u00edpade potreby nain\u0161talujem aj Bootcamp s Windows 8.1. P\u00edsa\u0165 len ak m\u00e1te v\u00e1\u017eny z\u00e1ujem. Popros\u00edm kontaktova\u0165 na mail alebo sms.<\/p>\n","protected":false},"excerpt":{"rendered":"<p>Pred\u00e1m iMac z d\u00f4vodu k\u00fapy macbooku pro. V\u0161etko je v 100% stave bez \u0161krabancov, skoro v\u00f4bec nebol pou\u017e\u00edvan\u00fd. Pou\u017e\u00edvan\u00fd len ob\u010dasne pri grafickej tvorbe. Kupovan\u00fd v marci 2017. Pred\u00e1vam spolu s prenosnou krabicou a s cel\u00fdm pr\u00edslu\u0161enstvom. Bez probl\u00e9mov sa m\u00f4\u017eeme stretn\u00fa\u0165 a v\u0161etko oh\u013eadom pc uk\u00e1\u017eem plus resetujem do v\u00fdrobn\u00fdch nastaven\u00ed prein\u0161talujem osx nanovo&#8230;.<\/p>\n","protected":false},"author":0,"featured_media":85870,"comment_status":"open","ping_status":"open","sticky":false,"template":"","format":"standard","meta":{"footnotes":""},"categories":[41],"tags":[],"class_list":["post-85869","post","type-post","status-publish","format-standard","has-post-thumbnail","hentry","category-imac"],"yoast_head":"<!-- This site is optimized with the Yoast SEO plugin v27.2 - https:\/\/yoast.com\/product\/yoast-seo-wordpress\/ -->\n<title>Pred\u00e1m iMac 27 5k Retina (2015) - Apple bazar<\/title>\n<meta name=\"robots\" content=\"index, follow, max-snippet:-1, max-image-preview:large, max-video-preview:-1\" \/>\n<link rel=\"canonical\" href=\"https:\/\/www.letemsvetemapplem.eu\/bazar\/predam-imac-27-5k-retina-2015\/\" \/>\n<meta property=\"og:locale\" content=\"cs_CZ\" \/>\n<meta property=\"og:type\" content=\"article\" \/>\n<meta property=\"og:title\" content=\"Pred\u00e1m iMac 27 5k Retina (2015) - Apple bazar\" \/>\n<meta property=\"og:description\" content=\"Pred\u00e1m iMac z d\u00f4vodu k\u00fapy macbooku pro. V\u0161etko je v 100% stave bez \u0161krabancov, skoro v\u00f4bec nebol pou\u017e\u00edvan\u00fd. Pou\u017e\u00edvan\u00fd len ob\u010dasne pri grafickej tvorbe. Kupovan\u00fd v marci 2017. Pred\u00e1vam spolu s prenosnou krabicou a s cel\u00fdm pr\u00edslu\u0161enstvom. Bez probl\u00e9mov sa m\u00f4\u017eeme stretn\u00fa\u0165 a v\u0161etko oh\u013eadom pc uk\u00e1\u017eem plus resetujem do v\u00fdrobn\u00fdch nastaven\u00ed prein\u0161talujem osx nanovo....\" \/>\n<meta property=\"og:url\" content=\"https:\/\/www.letemsvetemapplem.eu\/bazar\/predam-imac-27-5k-retina-2015\/\" \/>\n<meta property=\"og:site_name\" content=\"Apple bazar\" \/>\n<meta property=\"article:published_time\" content=\"2018-04-27T15:44:36+00:00\" \/>\n<meta property=\"og:image\" content=\"https:\/\/www.letemsvetemapplem.eu\/bazar\/wp-content\/uploads\/2018\/04\/IMG_3154.jpg\" \/>\n\t<meta property=\"og:image:width\" content=\"4032\" \/>\n\t<meta property=\"og:image:height\" content=\"3024\" \/>\n\t<meta property=\"og:image:type\" content=\"image\/jpeg\" \/>\n<meta name=\"twitter:card\" content=\"summary_large_image\" \/>\n<script type=\"application\/ld+json\" class=\"yoast-schema-graph\">{\"@context\":\"https:\/\/schema.org\",\"@graph\":[{\"@type\":\"Article\",\"@id\":\"https:\/\/www.letemsvetemapplem.eu\/bazar\/predam-imac-27-5k-retina-2015\/#article\",\"isPartOf\":{\"@id\":\"https:\/\/www.letemsvetemapplem.eu\/bazar\/predam-imac-27-5k-retina-2015\/\"},\"author\":{\"name\":\"\",\"@id\":\"\"},\"headline\":\"Pred\u00e1m iMac 27 5k Retina (2015)\",\"datePublished\":\"2018-04-27T15:44:36+00:00\",\"mainEntityOfPage\":{\"@id\":\"https:\/\/www.letemsvetemapplem.eu\/bazar\/predam-imac-27-5k-retina-2015\/\"},\"wordCount\":105,\"commentCount\":0,\"image\":{\"@id\":\"https:\/\/www.letemsvetemapplem.eu\/bazar\/predam-imac-27-5k-retina-2015\/#primaryimage\"},\"thumbnailUrl\":\"https:\/\/www.letemsvetemapplem.eu\/bazar\/wp-content\/uploads\/2018\/04\/IMG_3154.jpg\",\"articleSection\":[\"iMac\"],\"inLanguage\":\"cs\",\"potentialAction\":[{\"@type\":\"CommentAction\",\"name\":\"Comment\",\"target\":[\"https:\/\/www.letemsvetemapplem.eu\/bazar\/predam-imac-27-5k-retina-2015\/#respond\"]}]},{\"@type\":\"WebPage\",\"@id\":\"https:\/\/www.letemsvetemapplem.eu\/bazar\/predam-imac-27-5k-retina-2015\/\",\"url\":\"https:\/\/www.letemsvetemapplem.eu\/bazar\/predam-imac-27-5k-retina-2015\/\",\"name\":\"Pred\u00e1m iMac 27 5k Retina (2015) - Apple bazar\",\"isPartOf\":{\"@id\":\"https:\/\/www.letemsvetemapplem.eu\/bazar\/#website\"},\"primaryImageOfPage\":{\"@id\":\"https:\/\/www.letemsvetemapplem.eu\/bazar\/predam-imac-27-5k-retina-2015\/#primaryimage\"},\"image\":{\"@id\":\"https:\/\/www.letemsvetemapplem.eu\/bazar\/predam-imac-27-5k-retina-2015\/#primaryimage\"},\"thumbnailUrl\":\"https:\/\/www.letemsvetemapplem.eu\/bazar\/wp-content\/uploads\/2018\/04\/IMG_3154.jpg\",\"datePublished\":\"2018-04-27T15:44:36+00:00\",\"author\":{\"@id\":\"\"},\"breadcrumb\":{\"@id\":\"https:\/\/www.letemsvetemapplem.eu\/bazar\/predam-imac-27-5k-retina-2015\/#breadcrumb\"},\"inLanguage\":\"cs\",\"potentialAction\":[{\"@type\":\"ReadAction\",\"target\":[\"https:\/\/www.letemsvetemapplem.eu\/bazar\/predam-imac-27-5k-retina-2015\/\"]}]},{\"@type\":\"ImageObject\",\"inLanguage\":\"cs\",\"@id\":\"https:\/\/www.letemsvetemapplem.eu\/bazar\/predam-imac-27-5k-retina-2015\/#primaryimage\",\"url\":\"https:\/\/www.letemsvetemapplem.eu\/bazar\/wp-content\/uploads\/2018\/04\/IMG_3154.jpg\",\"contentUrl\":\"https:\/\/www.letemsvetemapplem.eu\/bazar\/wp-content\/uploads\/2018\/04\/IMG_3154.jpg\",\"width\":4032,\"height\":3024},{\"@type\":\"BreadcrumbList\",\"@id\":\"https:\/\/www.letemsvetemapplem.eu\/bazar\/predam-imac-27-5k-retina-2015\/#breadcrumb\",\"itemListElement\":[{\"@type\":\"ListItem\",\"position\":1,\"name\":\"Apple Bazar\",\"item\":\"https:\/\/www.letemsvetemapplem.eu\/bazar\/\"},{\"@type\":\"ListItem\",\"position\":2,\"name\":\"Pred\u00e1m iMac 27 5k Retina (2015)\"}]},{\"@type\":\"WebSite\",\"@id\":\"https:\/\/www.letemsvetemapplem.eu\/bazar\/#website\",\"url\":\"https:\/\/www.letemsvetemapplem.eu\/bazar\/\",\"name\":\"Apple bazar\",\"description\":\"Oou\u017eit\u00e9 Apple produkty za skv\u011bl\u00e9 ceny\",\"potentialAction\":[{\"@type\":\"SearchAction\",\"target\":{\"@type\":\"EntryPoint\",\"urlTemplate\":\"https:\/\/www.letemsvetemapplem.eu\/bazar\/?s={search_term_string}\"},\"query-input\":{\"@type\":\"PropertyValueSpecification\",\"valueRequired\":true,\"valueName\":\"search_term_string\"}}],\"inLanguage\":\"cs\"}]}<\/script>\n<!-- \/ Yoast SEO plugin. -->","yoast_head_json":{"title":"Pred\u00e1m iMac 27 5k Retina (2015) - Apple bazar","robots":{"index":"index","follow":"follow","max-snippet":"max-snippet:-1","max-image-preview":"max-image-preview:large","max-video-preview":"max-video-preview:-1"},"canonical":"https:\/\/www.letemsvetemapplem.eu\/bazar\/predam-imac-27-5k-retina-2015\/","og_locale":"cs_CZ","og_type":"article","og_title":"Pred\u00e1m iMac 27 5k Retina (2015) - Apple bazar","og_description":"Pred\u00e1m iMac z d\u00f4vodu k\u00fapy macbooku pro. V\u0161etko je v 100% stave bez \u0161krabancov, skoro v\u00f4bec nebol pou\u017e\u00edvan\u00fd. Pou\u017e\u00edvan\u00fd len ob\u010dasne pri grafickej tvorbe. Kupovan\u00fd v marci 2017. Pred\u00e1vam spolu s prenosnou krabicou a s cel\u00fdm pr\u00edslu\u0161enstvom. Bez probl\u00e9mov sa m\u00f4\u017eeme stretn\u00fa\u0165 a v\u0161etko oh\u013eadom pc uk\u00e1\u017eem plus resetujem do v\u00fdrobn\u00fdch nastaven\u00ed prein\u0161talujem osx nanovo....","og_url":"https:\/\/www.letemsvetemapplem.eu\/bazar\/predam-imac-27-5k-retina-2015\/","og_site_name":"Apple bazar","article_published_time":"2018-04-27T15:44:36+00:00","og_image":[{"width":4032,"height":3024,"url":"https:\/\/www.letemsvetemapplem.eu\/bazar\/wp-content\/uploads\/2018\/04\/IMG_3154.jpg","type":"image\/jpeg"}],"twitter_card":"summary_large_image","schema":{"@context":"https:\/\/schema.org","@graph":[{"@type":"Article","@id":"https:\/\/www.letemsvetemapplem.eu\/bazar\/predam-imac-27-5k-retina-2015\/#article","isPartOf":{"@id":"https:\/\/www.letemsvetemapplem.eu\/bazar\/predam-imac-27-5k-retina-2015\/"},"author":{"name":"","@id":""},"headline":"Pred\u00e1m iMac 27 5k Retina (2015)","datePublished":"2018-04-27T15:44:36+00:00","mainEntityOfPage":{"@id":"https:\/\/www.letemsvetemapplem.eu\/bazar\/predam-imac-27-5k-retina-2015\/"},"wordCount":105,"commentCount":0,"image":{"@id":"https:\/\/www.letemsvetemapplem.eu\/bazar\/predam-imac-27-5k-retina-2015\/#primaryimage"},"thumbnailUrl":"https:\/\/www.letemsvetemapplem.eu\/bazar\/wp-content\/uploads\/2018\/04\/IMG_3154.jpg","articleSection":["iMac"],"inLanguage":"cs","potentialAction":[{"@type":"CommentAction","name":"Comment","target":["https:\/\/www.letemsvetemapplem.eu\/bazar\/predam-imac-27-5k-retina-2015\/#respond"]}]},{"@type":"WebPage","@id":"https:\/\/www.letemsvetemapplem.eu\/bazar\/predam-imac-27-5k-retina-2015\/","url":"https:\/\/www.letemsvetemapplem.eu\/bazar\/predam-imac-27-5k-retina-2015\/","name":"Pred\u00e1m iMac 27 5k Retina (2015) - Apple bazar","isPartOf":{"@id":"https:\/\/www.letemsvetemapplem.eu\/bazar\/#website"},"primaryImageOfPage":{"@id":"https:\/\/www.letemsvetemapplem.eu\/bazar\/predam-imac-27-5k-retina-2015\/#primaryimage"},"image":{"@id":"https:\/\/www.letemsvetemapplem.eu\/bazar\/predam-imac-27-5k-retina-2015\/#primaryimage"},"thumbnailUrl":"https:\/\/www.letemsvetemapplem.eu\/bazar\/wp-content\/uploads\/2018\/04\/IMG_3154.jpg","datePublished":"2018-04-27T15:44:36+00:00","author":{"@id":""},"breadcrumb":{"@id":"https:\/\/www.letemsvetemapplem.eu\/bazar\/predam-imac-27-5k-retina-2015\/#breadcrumb"},"inLanguage":"cs","potentialAction":[{"@type":"ReadAction","target":["https:\/\/www.letemsvetemapplem.eu\/bazar\/predam-imac-27-5k-retina-2015\/"]}]},{"@type":"ImageObject","inLanguage":"cs","@id":"https:\/\/www.letemsvetemapplem.eu\/bazar\/predam-imac-27-5k-retina-2015\/#primaryimage","url":"https:\/\/www.letemsvetemapplem.eu\/bazar\/wp-content\/uploads\/2018\/04\/IMG_3154.jpg","contentUrl":"https:\/\/www.letemsvetemapplem.eu\/bazar\/wp-content\/uploads\/2018\/04\/IMG_3154.jpg","width":4032,"height":3024},{"@type":"BreadcrumbList","@id":"https:\/\/www.letemsvetemapplem.eu\/bazar\/predam-imac-27-5k-retina-2015\/#breadcrumb","itemListElement":[{"@type":"ListItem","position":1,"name":"Apple Bazar","item":"https:\/\/www.letemsvetemapplem.eu\/bazar\/"},{"@type":"ListItem","position":2,"name":"Pred\u00e1m iMac 27 5k Retina (2015)"}]},{"@type":"WebSite","@id":"https:\/\/www.letemsvetemapplem.eu\/bazar\/#website","url":"https:\/\/www.letemsvetemapplem.eu\/bazar\/","name":"Apple bazar","description":"Oou\u017eit\u00e9 Apple produkty za skv\u011bl\u00e9 ceny","potentialAction":[{"@type":"SearchAction","target":{"@type":"EntryPoint","urlTemplate":"https:\/\/www.letemsvetemapplem.eu\/bazar\/?s={search_term_string}"},"query-input":{"@type":"PropertyValueSpecification","valueRequired":true,"valueName":"search_term_string"}}],"inLanguage":"cs"}]}},"_links":{"self":[{"href":"https:\/\/www.letemsvetemapplem.eu\/bazar\/wp-json\/wp\/v2\/posts\/85869","targetHints":{"allow":["GET"]}}],"collection":[{"href":"https:\/\/www.letemsvetemapplem.eu\/bazar\/wp-json\/wp\/v2\/posts"}],"about":[{"href":"https:\/\/www.letemsvetemapplem.eu\/bazar\/wp-json\/wp\/v2\/types\/post"}],"replies":[{"embeddable":true,"href":"https:\/\/www.letemsvetemapplem.eu\/bazar\/wp-json\/wp\/v2\/comments?post=85869"}],"version-history":[{"count":0,"href":"https:\/\/www.letemsvetemapplem.eu\/bazar\/wp-json\/wp\/v2\/posts\/85869\/revisions"}],"wp:featuredmedia":[{"embeddable":true,"href":"https:\/\/www.letemsvetemapplem.eu\/bazar\/wp-json\/wp\/v2\/media\/85870"}],"wp:attachment":[{"href":"https:\/\/www.letemsvetemapplem.eu\/bazar\/wp-json\/wp\/v2\/media?parent=85869"}],"wp:term":[{"taxonomy":"category","embeddable":true,"href":"https:\/\/www.letemsvetemapplem.eu\/bazar\/wp-json\/wp\/v2\/categories?post=85869"},{"taxonomy":"post_tag","embeddable":true,"href":"https:\/\/www.letemsvetemapplem.eu\/bazar\/wp-json\/wp\/v2\/tags?post=85869"}],"curies":[{"name":"wp","href":"https:\/\/api.w.org\/{rel}","templated":true}]}}