{"id":85649,"date":"2018-04-26T17:21:12","date_gmt":"2018-04-26T16:21:12","guid":{"rendered":"https:\/\/www.letemsvetemapplem.eu\/bazar\/?p=85649"},"modified":"2018-04-26T17:25:39","modified_gmt":"2018-04-26T16:25:39","slug":"skvely-imac-2017-retina-5k-27-inch","status":"publish","type":"post","link":"https:\/\/www.letemsvetemapplem.eu\/bazar\/skvely-imac-2017-retina-5k-27-inch\/","title":{"rendered":"Skv\u011bl\u00fd iMac 2017 (Retina 5K, 27-inch)"},"content":{"rendered":"<p>KUPN\u00cd CENA: 120 000 K\u010d.&lt;br \/&gt;&lt;br \/&gt;<br \/>\nPROD\u00c1V\u00c1M ZA: 95 000 K\u010d.&lt;br \/&gt;&lt;br \/&gt;<br \/>\n!!!P\u0158I RYCHL\u00c9M JEDN\u00c1N\u00cd MO\u017dN\u00c1 SLEVA!!!&lt;br \/&gt;<br \/>\nOSOBN\u00cd ODB\u011aR<br \/>\niMac (Retina 5K, 27-inch, 2017)&lt;br \/&gt;&lt;br \/&gt;<br \/>\nProcesor: 4,2 GHz Intel Core i7&lt;br \/&gt;&lt;br \/&gt;<br \/>\nPam\u011b\u0165: 24\u00a0GB 2400 MHz DDR4&lt;br \/&gt;&lt;br \/&gt;<br \/>\n\u00dalo\u017ei\u0161t\u011b: 3TB Fusion Drive&lt;br \/&gt;&lt;br \/&gt;<br \/>\nGrafika: Radeon Pro 580 8 GB&lt;br \/&gt;&lt;br \/&gt;<br \/>\nS\u00e9riov\u00e9 \u010d\u00edslo: DGKVTHBQJ1GQ&lt;br \/&gt;<br \/>\nTOP STAV, skoro nov\u00fd, pou\u017e\u00edv\u00e1n 2 m\u011bs\u00edce. D\u00edky skv\u011bl\u00e9mu v\u00fdkonu vhodn\u00e9 pro tvoru grafiky (nap\u0159. pro grafick\u00e9 studio), produkci hudby, st\u0159ihu vide\u00ed, dokonce i hran\u00ed her.&lt;br \/&gt;<br \/>\nORIGINAL balen\u00ed (magic mouse, kl\u00e1vesnice, imac, adapt\u00e9r).&lt;br \/&gt;<br \/>\nDoklad o koupi bohu\u017eel chyb\u00ed, ka\u017edop\u00e1dn\u011b ze z\u00e1kona v \u010cR plat\u00ed na Apple z\u00e1ruka 2 roky. U tohoto nabu\u0161en\u00e9ho iMacu je to do prosince 2019. Kupov\u00e1n v \u010cR.&lt;br \/&gt;<br \/>\nKUPN\u00cd CENA: 120 000 K\u010d.<\/p>\n","protected":false},"excerpt":{"rendered":"<p>KUPN\u00cd CENA: 120 000 K\u010d.&lt;br \/&gt;&lt;br \/&gt; PROD\u00c1V\u00c1M ZA: 95 000 K\u010d.&lt;br \/&gt;&lt;br \/&gt; !!!P\u0158I RYCHL\u00c9M JEDN\u00c1N\u00cd MO\u017dN\u00c1 SLEVA!!!&lt;br \/&gt; OSOBN\u00cd ODB\u011aR iMac (Retina 5K, 27-inch, 2017)&lt;br \/&gt;&lt;br \/&gt; Procesor: 4,2 GHz Intel Core i7&lt;br \/&gt;&lt;br \/&gt; Pam\u011b\u0165: 24\u00a0GB 2400 MHz DDR4&lt;br \/&gt;&lt;br \/&gt; \u00dalo\u017ei\u0161t\u011b: 3TB Fusion Drive&lt;br \/&gt;&lt;br \/&gt; Grafika: Radeon Pro 580 8&#8230;<\/p>\n","protected":false},"author":0,"featured_media":85650,"comment_status":"open","ping_status":"open","sticky":false,"template":"","format":"standard","meta":{"footnotes":""},"categories":[41],"tags":[],"class_list":["post-85649","post","type-post","status-publish","format-standard","has-post-thumbnail","hentry","category-imac"],"yoast_head":"<!-- This site is optimized with the Yoast SEO plugin v27.2 - https:\/\/yoast.com\/product\/yoast-seo-wordpress\/ -->\n<title>Skv\u011bl\u00fd iMac 2017 (Retina 5K, 27-inch) - Apple bazar<\/title>\n<meta name=\"robots\" content=\"index, follow, max-snippet:-1, max-image-preview:large, max-video-preview:-1\" \/>\n<link rel=\"canonical\" href=\"https:\/\/www.letemsvetemapplem.eu\/bazar\/skvely-imac-2017-retina-5k-27-inch\/\" \/>\n<meta property=\"og:locale\" content=\"cs_CZ\" \/>\n<meta property=\"og:type\" content=\"article\" \/>\n<meta property=\"og:title\" content=\"Skv\u011bl\u00fd iMac 2017 (Retina 5K, 27-inch) - Apple bazar\" \/>\n<meta property=\"og:description\" content=\"KUPN\u00cd CENA: 120 000 K\u010d.&lt;br \/&gt;&lt;br \/&gt; PROD\u00c1V\u00c1M ZA: 95 000 K\u010d.&lt;br \/&gt;&lt;br \/&gt; !!!P\u0158I RYCHL\u00c9M JEDN\u00c1N\u00cd MO\u017dN\u00c1 SLEVA!!!&lt;br \/&gt; OSOBN\u00cd ODB\u011aR iMac (Retina 5K, 27-inch, 2017)&lt;br \/&gt;&lt;br \/&gt; Procesor: 4,2 GHz Intel Core i7&lt;br \/&gt;&lt;br \/&gt; Pam\u011b\u0165: 24\u00a0GB 2400 MHz DDR4&lt;br \/&gt;&lt;br \/&gt; \u00dalo\u017ei\u0161t\u011b: 3TB Fusion Drive&lt;br \/&gt;&lt;br \/&gt; Grafika: Radeon Pro 580 8...\" \/>\n<meta property=\"og:url\" content=\"https:\/\/www.letemsvetemapplem.eu\/bazar\/skvely-imac-2017-retina-5k-27-inch\/\" \/>\n<meta property=\"og:site_name\" content=\"Apple bazar\" \/>\n<meta property=\"article:published_time\" content=\"2018-04-26T16:21:12+00:00\" \/>\n<meta property=\"article:modified_time\" content=\"2018-04-26T16:25:39+00:00\" \/>\n<meta property=\"og:image\" content=\"https:\/\/www.letemsvetemapplem.eu\/bazar\/wp-content\/uploads\/2018\/04\/IMG_3215.jpg\" \/>\n\t<meta property=\"og:image:width\" content=\"3024\" \/>\n\t<meta property=\"og:image:height\" content=\"4032\" \/>\n\t<meta property=\"og:image:type\" content=\"image\/jpeg\" \/>\n<meta name=\"twitter:card\" content=\"summary_large_image\" \/>\n<script type=\"application\/ld+json\" class=\"yoast-schema-graph\">{\"@context\":\"https:\/\/schema.org\",\"@graph\":[{\"@type\":\"Article\",\"@id\":\"https:\/\/www.letemsvetemapplem.eu\/bazar\/skvely-imac-2017-retina-5k-27-inch\/#article\",\"isPartOf\":{\"@id\":\"https:\/\/www.letemsvetemapplem.eu\/bazar\/skvely-imac-2017-retina-5k-27-inch\/\"},\"author\":{\"name\":\"\",\"@id\":\"\"},\"headline\":\"Skv\u011bl\u00fd iMac 2017 (Retina 5K, 27-inch)\",\"datePublished\":\"2018-04-26T16:21:12+00:00\",\"dateModified\":\"2018-04-26T16:25:39+00:00\",\"mainEntityOfPage\":{\"@id\":\"https:\/\/www.letemsvetemapplem.eu\/bazar\/skvely-imac-2017-retina-5k-27-inch\/\"},\"wordCount\":191,\"commentCount\":0,\"image\":{\"@id\":\"https:\/\/www.letemsvetemapplem.eu\/bazar\/skvely-imac-2017-retina-5k-27-inch\/#primaryimage\"},\"thumbnailUrl\":\"https:\/\/www.letemsvetemapplem.eu\/bazar\/wp-content\/uploads\/2018\/04\/IMG_3215.jpg\",\"articleSection\":[\"iMac\"],\"inLanguage\":\"cs\",\"potentialAction\":[{\"@type\":\"CommentAction\",\"name\":\"Comment\",\"target\":[\"https:\/\/www.letemsvetemapplem.eu\/bazar\/skvely-imac-2017-retina-5k-27-inch\/#respond\"]}]},{\"@type\":\"WebPage\",\"@id\":\"https:\/\/www.letemsvetemapplem.eu\/bazar\/skvely-imac-2017-retina-5k-27-inch\/\",\"url\":\"https:\/\/www.letemsvetemapplem.eu\/bazar\/skvely-imac-2017-retina-5k-27-inch\/\",\"name\":\"Skv\u011bl\u00fd iMac 2017 (Retina 5K, 27-inch) - Apple bazar\",\"isPartOf\":{\"@id\":\"https:\/\/www.letemsvetemapplem.eu\/bazar\/#website\"},\"primaryImageOfPage\":{\"@id\":\"https:\/\/www.letemsvetemapplem.eu\/bazar\/skvely-imac-2017-retina-5k-27-inch\/#primaryimage\"},\"image\":{\"@id\":\"https:\/\/www.letemsvetemapplem.eu\/bazar\/skvely-imac-2017-retina-5k-27-inch\/#primaryimage\"},\"thumbnailUrl\":\"https:\/\/www.letemsvetemapplem.eu\/bazar\/wp-content\/uploads\/2018\/04\/IMG_3215.jpg\",\"datePublished\":\"2018-04-26T16:21:12+00:00\",\"dateModified\":\"2018-04-26T16:25:39+00:00\",\"author\":{\"@id\":\"\"},\"breadcrumb\":{\"@id\":\"https:\/\/www.letemsvetemapplem.eu\/bazar\/skvely-imac-2017-retina-5k-27-inch\/#breadcrumb\"},\"inLanguage\":\"cs\",\"potentialAction\":[{\"@type\":\"ReadAction\",\"target\":[\"https:\/\/www.letemsvetemapplem.eu\/bazar\/skvely-imac-2017-retina-5k-27-inch\/\"]}]},{\"@type\":\"ImageObject\",\"inLanguage\":\"cs\",\"@id\":\"https:\/\/www.letemsvetemapplem.eu\/bazar\/skvely-imac-2017-retina-5k-27-inch\/#primaryimage\",\"url\":\"https:\/\/www.letemsvetemapplem.eu\/bazar\/wp-content\/uploads\/2018\/04\/IMG_3215.jpg\",\"contentUrl\":\"https:\/\/www.letemsvetemapplem.eu\/bazar\/wp-content\/uploads\/2018\/04\/IMG_3215.jpg\",\"width\":3024,\"height\":4032},{\"@type\":\"BreadcrumbList\",\"@id\":\"https:\/\/www.letemsvetemapplem.eu\/bazar\/skvely-imac-2017-retina-5k-27-inch\/#breadcrumb\",\"itemListElement\":[{\"@type\":\"ListItem\",\"position\":1,\"name\":\"Apple Bazar\",\"item\":\"https:\/\/www.letemsvetemapplem.eu\/bazar\/\"},{\"@type\":\"ListItem\",\"position\":2,\"name\":\"Skv\u011bl\u00fd iMac 2017 (Retina 5K, 27-inch)\"}]},{\"@type\":\"WebSite\",\"@id\":\"https:\/\/www.letemsvetemapplem.eu\/bazar\/#website\",\"url\":\"https:\/\/www.letemsvetemapplem.eu\/bazar\/\",\"name\":\"Apple bazar\",\"description\":\"Oou\u017eit\u00e9 Apple produkty za skv\u011bl\u00e9 ceny\",\"potentialAction\":[{\"@type\":\"SearchAction\",\"target\":{\"@type\":\"EntryPoint\",\"urlTemplate\":\"https:\/\/www.letemsvetemapplem.eu\/bazar\/?s={search_term_string}\"},\"query-input\":{\"@type\":\"PropertyValueSpecification\",\"valueRequired\":true,\"valueName\":\"search_term_string\"}}],\"inLanguage\":\"cs\"}]}<\/script>\n<!-- \/ Yoast SEO plugin. -->","yoast_head_json":{"title":"Skv\u011bl\u00fd iMac 2017 (Retina 5K, 27-inch) - Apple bazar","robots":{"index":"index","follow":"follow","max-snippet":"max-snippet:-1","max-image-preview":"max-image-preview:large","max-video-preview":"max-video-preview:-1"},"canonical":"https:\/\/www.letemsvetemapplem.eu\/bazar\/skvely-imac-2017-retina-5k-27-inch\/","og_locale":"cs_CZ","og_type":"article","og_title":"Skv\u011bl\u00fd iMac 2017 (Retina 5K, 27-inch) - Apple bazar","og_description":"KUPN\u00cd CENA: 120 000 K\u010d.&lt;br \/&gt;&lt;br \/&gt; PROD\u00c1V\u00c1M ZA: 95 000 K\u010d.&lt;br \/&gt;&lt;br \/&gt; !!!P\u0158I RYCHL\u00c9M JEDN\u00c1N\u00cd MO\u017dN\u00c1 SLEVA!!!&lt;br \/&gt; OSOBN\u00cd ODB\u011aR iMac (Retina 5K, 27-inch, 2017)&lt;br \/&gt;&lt;br \/&gt; Procesor: 4,2 GHz Intel Core i7&lt;br \/&gt;&lt;br \/&gt; Pam\u011b\u0165: 24\u00a0GB 2400 MHz DDR4&lt;br \/&gt;&lt;br \/&gt; \u00dalo\u017ei\u0161t\u011b: 3TB Fusion Drive&lt;br \/&gt;&lt;br \/&gt; Grafika: Radeon Pro 580 8...","og_url":"https:\/\/www.letemsvetemapplem.eu\/bazar\/skvely-imac-2017-retina-5k-27-inch\/","og_site_name":"Apple bazar","article_published_time":"2018-04-26T16:21:12+00:00","article_modified_time":"2018-04-26T16:25:39+00:00","og_image":[{"width":3024,"height":4032,"url":"https:\/\/www.letemsvetemapplem.eu\/bazar\/wp-content\/uploads\/2018\/04\/IMG_3215.jpg","type":"image\/jpeg"}],"twitter_card":"summary_large_image","schema":{"@context":"https:\/\/schema.org","@graph":[{"@type":"Article","@id":"https:\/\/www.letemsvetemapplem.eu\/bazar\/skvely-imac-2017-retina-5k-27-inch\/#article","isPartOf":{"@id":"https:\/\/www.letemsvetemapplem.eu\/bazar\/skvely-imac-2017-retina-5k-27-inch\/"},"author":{"name":"","@id":""},"headline":"Skv\u011bl\u00fd iMac 2017 (Retina 5K, 27-inch)","datePublished":"2018-04-26T16:21:12+00:00","dateModified":"2018-04-26T16:25:39+00:00","mainEntityOfPage":{"@id":"https:\/\/www.letemsvetemapplem.eu\/bazar\/skvely-imac-2017-retina-5k-27-inch\/"},"wordCount":191,"commentCount":0,"image":{"@id":"https:\/\/www.letemsvetemapplem.eu\/bazar\/skvely-imac-2017-retina-5k-27-inch\/#primaryimage"},"thumbnailUrl":"https:\/\/www.letemsvetemapplem.eu\/bazar\/wp-content\/uploads\/2018\/04\/IMG_3215.jpg","articleSection":["iMac"],"inLanguage":"cs","potentialAction":[{"@type":"CommentAction","name":"Comment","target":["https:\/\/www.letemsvetemapplem.eu\/bazar\/skvely-imac-2017-retina-5k-27-inch\/#respond"]}]},{"@type":"WebPage","@id":"https:\/\/www.letemsvetemapplem.eu\/bazar\/skvely-imac-2017-retina-5k-27-inch\/","url":"https:\/\/www.letemsvetemapplem.eu\/bazar\/skvely-imac-2017-retina-5k-27-inch\/","name":"Skv\u011bl\u00fd iMac 2017 (Retina 5K, 27-inch) - Apple bazar","isPartOf":{"@id":"https:\/\/www.letemsvetemapplem.eu\/bazar\/#website"},"primaryImageOfPage":{"@id":"https:\/\/www.letemsvetemapplem.eu\/bazar\/skvely-imac-2017-retina-5k-27-inch\/#primaryimage"},"image":{"@id":"https:\/\/www.letemsvetemapplem.eu\/bazar\/skvely-imac-2017-retina-5k-27-inch\/#primaryimage"},"thumbnailUrl":"https:\/\/www.letemsvetemapplem.eu\/bazar\/wp-content\/uploads\/2018\/04\/IMG_3215.jpg","datePublished":"2018-04-26T16:21:12+00:00","dateModified":"2018-04-26T16:25:39+00:00","author":{"@id":""},"breadcrumb":{"@id":"https:\/\/www.letemsvetemapplem.eu\/bazar\/skvely-imac-2017-retina-5k-27-inch\/#breadcrumb"},"inLanguage":"cs","potentialAction":[{"@type":"ReadAction","target":["https:\/\/www.letemsvetemapplem.eu\/bazar\/skvely-imac-2017-retina-5k-27-inch\/"]}]},{"@type":"ImageObject","inLanguage":"cs","@id":"https:\/\/www.letemsvetemapplem.eu\/bazar\/skvely-imac-2017-retina-5k-27-inch\/#primaryimage","url":"https:\/\/www.letemsvetemapplem.eu\/bazar\/wp-content\/uploads\/2018\/04\/IMG_3215.jpg","contentUrl":"https:\/\/www.letemsvetemapplem.eu\/bazar\/wp-content\/uploads\/2018\/04\/IMG_3215.jpg","width":3024,"height":4032},{"@type":"BreadcrumbList","@id":"https:\/\/www.letemsvetemapplem.eu\/bazar\/skvely-imac-2017-retina-5k-27-inch\/#breadcrumb","itemListElement":[{"@type":"ListItem","position":1,"name":"Apple Bazar","item":"https:\/\/www.letemsvetemapplem.eu\/bazar\/"},{"@type":"ListItem","position":2,"name":"Skv\u011bl\u00fd iMac 2017 (Retina 5K, 27-inch)"}]},{"@type":"WebSite","@id":"https:\/\/www.letemsvetemapplem.eu\/bazar\/#website","url":"https:\/\/www.letemsvetemapplem.eu\/bazar\/","name":"Apple bazar","description":"Oou\u017eit\u00e9 Apple produkty za skv\u011bl\u00e9 ceny","potentialAction":[{"@type":"SearchAction","target":{"@type":"EntryPoint","urlTemplate":"https:\/\/www.letemsvetemapplem.eu\/bazar\/?s={search_term_string}"},"query-input":{"@type":"PropertyValueSpecification","valueRequired":true,"valueName":"search_term_string"}}],"inLanguage":"cs"}]}},"_links":{"self":[{"href":"https:\/\/www.letemsvetemapplem.eu\/bazar\/wp-json\/wp\/v2\/posts\/85649","targetHints":{"allow":["GET"]}}],"collection":[{"href":"https:\/\/www.letemsvetemapplem.eu\/bazar\/wp-json\/wp\/v2\/posts"}],"about":[{"href":"https:\/\/www.letemsvetemapplem.eu\/bazar\/wp-json\/wp\/v2\/types\/post"}],"replies":[{"embeddable":true,"href":"https:\/\/www.letemsvetemapplem.eu\/bazar\/wp-json\/wp\/v2\/comments?post=85649"}],"version-history":[{"count":0,"href":"https:\/\/www.letemsvetemapplem.eu\/bazar\/wp-json\/wp\/v2\/posts\/85649\/revisions"}],"wp:featuredmedia":[{"embeddable":true,"href":"https:\/\/www.letemsvetemapplem.eu\/bazar\/wp-json\/wp\/v2\/media\/85650"}],"wp:attachment":[{"href":"https:\/\/www.letemsvetemapplem.eu\/bazar\/wp-json\/wp\/v2\/media?parent=85649"}],"wp:term":[{"taxonomy":"category","embeddable":true,"href":"https:\/\/www.letemsvetemapplem.eu\/bazar\/wp-json\/wp\/v2\/categories?post=85649"},{"taxonomy":"post_tag","embeddable":true,"href":"https:\/\/www.letemsvetemapplem.eu\/bazar\/wp-json\/wp\/v2\/tags?post=85649"}],"curies":[{"name":"wp","href":"https:\/\/api.w.org\/{rel}","templated":true}]}}