{"id":82037,"date":"2018-04-06T17:59:56","date_gmt":"2018-04-06T16:59:56","guid":{"rendered":"https:\/\/www.letemsvetemapplem.eu\/bazar\/?p=82037"},"modified":"2018-04-06T17:59:56","modified_gmt":"2018-04-06T16:59:56","slug":"imac-24-640-hdd-8gb-266-ghz-2009","status":"publish","type":"post","link":"https:\/\/www.letemsvetemapplem.eu\/bazar\/imac-24-640-hdd-8gb-266-ghz-2009\/","title":{"rendered":"iMac 24&quot;, 640 HDD 8gb 2,66 GHz (2009)"},"content":{"rendered":"<p>Dobr\u00fd den,<br \/>\nprod\u00e1m Apple iMac s \u00fahlop\u0159\u00ed\u010dkou 24&quot; s kapacitou 640HDD a 8gb RAM. Procesor je tam 2,66 GHz Intel Core 2 Duo. Grafick\u00e1 karta NVIDIA GeForce 9400. <\/p>\n<p>iMac je v suprov\u00e9m stavu, v\u0161e jede jak m\u00e1. M\u00e1 pouze dv\u011b kosmetick\u00e9 vady a t\u00edm je \u0165ukanec v lev\u00e9m horn\u00edm rohu (je opravdu malink\u00fd a nejde skoro vid\u011bt, sna\u017eil jsem se ho vyfotit) a pot\u00e9 dva \u0161kr\u00e1bance z vrchn\u00ed strany iMacu (op\u011bt snaha vyfotit). Jinak v\u0161echno jako nov\u00e9.<br \/>\nBohu\u017eel nem\u00e1m origin\u00e1ln\u00ed balen\u00ed. Prod\u00e1v\u00e1m jen samotn\u00fd iMac s nap\u00e1jec\u00edm kabelem, bez my\u0161i, bez kl\u00e1vesnice.<\/p>\n<p>DO 14.4.18 SLEVA NA 8,500 K\u010d.<br \/>\nPreferuji osobn\u00ed p\u0159ed\u00e1n\u00ed, ale zas\u00edl\u00e1m i po\u0161tou (garantuji velmi pe\u010dliv\u00e9 zabalen\u00ed, aby se s n\u00edm nic nestalo). Na v\u0161echny dotazy r\u00e1d odpov\u00edm. <\/p>\n","protected":false},"excerpt":{"rendered":"<p>Dobr\u00fd den, prod\u00e1m Apple iMac s \u00fahlop\u0159\u00ed\u010dkou 24&quot; s kapacitou 640HDD a 8gb RAM. Procesor je tam 2,66 GHz Intel Core 2 Duo. Grafick\u00e1 karta NVIDIA GeForce 9400. iMac je v suprov\u00e9m stavu, v\u0161e jede jak m\u00e1. M\u00e1 pouze dv\u011b kosmetick\u00e9 vady a t\u00edm je \u0165ukanec v lev\u00e9m horn\u00edm rohu (je opravdu malink\u00fd a nejde&#8230;<\/p>\n","protected":false},"author":0,"featured_media":82038,"comment_status":"open","ping_status":"open","sticky":false,"template":"","format":"standard","meta":{"footnotes":""},"categories":[41],"tags":[],"class_list":["post-82037","post","type-post","status-publish","format-standard","has-post-thumbnail","hentry","category-imac"],"yoast_head":"<!-- This site is optimized with the Yoast SEO plugin v27.2 - https:\/\/yoast.com\/product\/yoast-seo-wordpress\/ -->\n<title>iMac 24&quot;, 640 HDD 8gb 2,66 GHz (2009) - Apple bazar<\/title>\n<meta name=\"robots\" content=\"index, follow, max-snippet:-1, max-image-preview:large, max-video-preview:-1\" \/>\n<link rel=\"canonical\" href=\"https:\/\/www.letemsvetemapplem.eu\/bazar\/imac-24-640-hdd-8gb-266-ghz-2009\/\" \/>\n<meta property=\"og:locale\" content=\"cs_CZ\" \/>\n<meta property=\"og:type\" content=\"article\" \/>\n<meta property=\"og:title\" content=\"iMac 24&quot;, 640 HDD 8gb 2,66 GHz (2009) - Apple bazar\" \/>\n<meta property=\"og:description\" content=\"Dobr\u00fd den, prod\u00e1m Apple iMac s \u00fahlop\u0159\u00ed\u010dkou 24&quot; s kapacitou 640HDD a 8gb RAM. Procesor je tam 2,66 GHz Intel Core 2 Duo. Grafick\u00e1 karta NVIDIA GeForce 9400. iMac je v suprov\u00e9m stavu, v\u0161e jede jak m\u00e1. M\u00e1 pouze dv\u011b kosmetick\u00e9 vady a t\u00edm je \u0165ukanec v lev\u00e9m horn\u00edm rohu (je opravdu malink\u00fd a nejde...\" \/>\n<meta property=\"og:url\" content=\"https:\/\/www.letemsvetemapplem.eu\/bazar\/imac-24-640-hdd-8gb-266-ghz-2009\/\" \/>\n<meta property=\"og:site_name\" content=\"Apple bazar\" \/>\n<meta property=\"article:published_time\" content=\"2018-04-06T16:59:56+00:00\" \/>\n<meta property=\"og:image\" content=\"https:\/\/www.letemsvetemapplem.eu\/bazar\/wp-content\/uploads\/2018\/04\/IMG_0791.jpg\" \/>\n\t<meta property=\"og:image:width\" content=\"3264\" \/>\n\t<meta property=\"og:image:height\" content=\"2448\" \/>\n\t<meta property=\"og:image:type\" content=\"image\/jpeg\" \/>\n<meta name=\"twitter:card\" content=\"summary_large_image\" \/>\n<script type=\"application\/ld+json\" class=\"yoast-schema-graph\">{\"@context\":\"https:\/\/schema.org\",\"@graph\":[{\"@type\":\"Article\",\"@id\":\"https:\/\/www.letemsvetemapplem.eu\/bazar\/imac-24-640-hdd-8gb-266-ghz-2009\/#article\",\"isPartOf\":{\"@id\":\"https:\/\/www.letemsvetemapplem.eu\/bazar\/imac-24-640-hdd-8gb-266-ghz-2009\/\"},\"author\":{\"name\":\"\",\"@id\":\"\"},\"headline\":\"iMac 24&quot;, 640 HDD 8gb 2,66 GHz (2009)\",\"datePublished\":\"2018-04-06T16:59:56+00:00\",\"mainEntityOfPage\":{\"@id\":\"https:\/\/www.letemsvetemapplem.eu\/bazar\/imac-24-640-hdd-8gb-266-ghz-2009\/\"},\"wordCount\":151,\"commentCount\":0,\"image\":{\"@id\":\"https:\/\/www.letemsvetemapplem.eu\/bazar\/imac-24-640-hdd-8gb-266-ghz-2009\/#primaryimage\"},\"thumbnailUrl\":\"https:\/\/www.letemsvetemapplem.eu\/bazar\/wp-content\/uploads\/2018\/04\/IMG_0791.jpg\",\"articleSection\":[\"iMac\"],\"inLanguage\":\"cs\",\"potentialAction\":[{\"@type\":\"CommentAction\",\"name\":\"Comment\",\"target\":[\"https:\/\/www.letemsvetemapplem.eu\/bazar\/imac-24-640-hdd-8gb-266-ghz-2009\/#respond\"]}]},{\"@type\":\"WebPage\",\"@id\":\"https:\/\/www.letemsvetemapplem.eu\/bazar\/imac-24-640-hdd-8gb-266-ghz-2009\/\",\"url\":\"https:\/\/www.letemsvetemapplem.eu\/bazar\/imac-24-640-hdd-8gb-266-ghz-2009\/\",\"name\":\"iMac 24&quot;, 640 HDD 8gb 2,66 GHz (2009) - Apple bazar\",\"isPartOf\":{\"@id\":\"https:\/\/www.letemsvetemapplem.eu\/bazar\/#website\"},\"primaryImageOfPage\":{\"@id\":\"https:\/\/www.letemsvetemapplem.eu\/bazar\/imac-24-640-hdd-8gb-266-ghz-2009\/#primaryimage\"},\"image\":{\"@id\":\"https:\/\/www.letemsvetemapplem.eu\/bazar\/imac-24-640-hdd-8gb-266-ghz-2009\/#primaryimage\"},\"thumbnailUrl\":\"https:\/\/www.letemsvetemapplem.eu\/bazar\/wp-content\/uploads\/2018\/04\/IMG_0791.jpg\",\"datePublished\":\"2018-04-06T16:59:56+00:00\",\"author\":{\"@id\":\"\"},\"breadcrumb\":{\"@id\":\"https:\/\/www.letemsvetemapplem.eu\/bazar\/imac-24-640-hdd-8gb-266-ghz-2009\/#breadcrumb\"},\"inLanguage\":\"cs\",\"potentialAction\":[{\"@type\":\"ReadAction\",\"target\":[\"https:\/\/www.letemsvetemapplem.eu\/bazar\/imac-24-640-hdd-8gb-266-ghz-2009\/\"]}]},{\"@type\":\"ImageObject\",\"inLanguage\":\"cs\",\"@id\":\"https:\/\/www.letemsvetemapplem.eu\/bazar\/imac-24-640-hdd-8gb-266-ghz-2009\/#primaryimage\",\"url\":\"https:\/\/www.letemsvetemapplem.eu\/bazar\/wp-content\/uploads\/2018\/04\/IMG_0791.jpg\",\"contentUrl\":\"https:\/\/www.letemsvetemapplem.eu\/bazar\/wp-content\/uploads\/2018\/04\/IMG_0791.jpg\",\"width\":3264,\"height\":2448},{\"@type\":\"BreadcrumbList\",\"@id\":\"https:\/\/www.letemsvetemapplem.eu\/bazar\/imac-24-640-hdd-8gb-266-ghz-2009\/#breadcrumb\",\"itemListElement\":[{\"@type\":\"ListItem\",\"position\":1,\"name\":\"Apple Bazar\",\"item\":\"https:\/\/www.letemsvetemapplem.eu\/bazar\/\"},{\"@type\":\"ListItem\",\"position\":2,\"name\":\"iMac 24&quot;, 640 HDD 8gb 2,66 GHz (2009)\"}]},{\"@type\":\"WebSite\",\"@id\":\"https:\/\/www.letemsvetemapplem.eu\/bazar\/#website\",\"url\":\"https:\/\/www.letemsvetemapplem.eu\/bazar\/\",\"name\":\"Apple bazar\",\"description\":\"Oou\u017eit\u00e9 Apple produkty za skv\u011bl\u00e9 ceny\",\"potentialAction\":[{\"@type\":\"SearchAction\",\"target\":{\"@type\":\"EntryPoint\",\"urlTemplate\":\"https:\/\/www.letemsvetemapplem.eu\/bazar\/?s={search_term_string}\"},\"query-input\":{\"@type\":\"PropertyValueSpecification\",\"valueRequired\":true,\"valueName\":\"search_term_string\"}}],\"inLanguage\":\"cs\"}]}<\/script>\n<!-- \/ Yoast SEO plugin. -->","yoast_head_json":{"title":"iMac 24&quot;, 640 HDD 8gb 2,66 GHz (2009) - Apple bazar","robots":{"index":"index","follow":"follow","max-snippet":"max-snippet:-1","max-image-preview":"max-image-preview:large","max-video-preview":"max-video-preview:-1"},"canonical":"https:\/\/www.letemsvetemapplem.eu\/bazar\/imac-24-640-hdd-8gb-266-ghz-2009\/","og_locale":"cs_CZ","og_type":"article","og_title":"iMac 24&quot;, 640 HDD 8gb 2,66 GHz (2009) - Apple bazar","og_description":"Dobr\u00fd den, prod\u00e1m Apple iMac s \u00fahlop\u0159\u00ed\u010dkou 24&quot; s kapacitou 640HDD a 8gb RAM. Procesor je tam 2,66 GHz Intel Core 2 Duo. Grafick\u00e1 karta NVIDIA GeForce 9400. iMac je v suprov\u00e9m stavu, v\u0161e jede jak m\u00e1. M\u00e1 pouze dv\u011b kosmetick\u00e9 vady a t\u00edm je \u0165ukanec v lev\u00e9m horn\u00edm rohu (je opravdu malink\u00fd a nejde...","og_url":"https:\/\/www.letemsvetemapplem.eu\/bazar\/imac-24-640-hdd-8gb-266-ghz-2009\/","og_site_name":"Apple bazar","article_published_time":"2018-04-06T16:59:56+00:00","og_image":[{"width":3264,"height":2448,"url":"https:\/\/www.letemsvetemapplem.eu\/bazar\/wp-content\/uploads\/2018\/04\/IMG_0791.jpg","type":"image\/jpeg"}],"twitter_card":"summary_large_image","schema":{"@context":"https:\/\/schema.org","@graph":[{"@type":"Article","@id":"https:\/\/www.letemsvetemapplem.eu\/bazar\/imac-24-640-hdd-8gb-266-ghz-2009\/#article","isPartOf":{"@id":"https:\/\/www.letemsvetemapplem.eu\/bazar\/imac-24-640-hdd-8gb-266-ghz-2009\/"},"author":{"name":"","@id":""},"headline":"iMac 24&quot;, 640 HDD 8gb 2,66 GHz (2009)","datePublished":"2018-04-06T16:59:56+00:00","mainEntityOfPage":{"@id":"https:\/\/www.letemsvetemapplem.eu\/bazar\/imac-24-640-hdd-8gb-266-ghz-2009\/"},"wordCount":151,"commentCount":0,"image":{"@id":"https:\/\/www.letemsvetemapplem.eu\/bazar\/imac-24-640-hdd-8gb-266-ghz-2009\/#primaryimage"},"thumbnailUrl":"https:\/\/www.letemsvetemapplem.eu\/bazar\/wp-content\/uploads\/2018\/04\/IMG_0791.jpg","articleSection":["iMac"],"inLanguage":"cs","potentialAction":[{"@type":"CommentAction","name":"Comment","target":["https:\/\/www.letemsvetemapplem.eu\/bazar\/imac-24-640-hdd-8gb-266-ghz-2009\/#respond"]}]},{"@type":"WebPage","@id":"https:\/\/www.letemsvetemapplem.eu\/bazar\/imac-24-640-hdd-8gb-266-ghz-2009\/","url":"https:\/\/www.letemsvetemapplem.eu\/bazar\/imac-24-640-hdd-8gb-266-ghz-2009\/","name":"iMac 24&quot;, 640 HDD 8gb 2,66 GHz (2009) - Apple bazar","isPartOf":{"@id":"https:\/\/www.letemsvetemapplem.eu\/bazar\/#website"},"primaryImageOfPage":{"@id":"https:\/\/www.letemsvetemapplem.eu\/bazar\/imac-24-640-hdd-8gb-266-ghz-2009\/#primaryimage"},"image":{"@id":"https:\/\/www.letemsvetemapplem.eu\/bazar\/imac-24-640-hdd-8gb-266-ghz-2009\/#primaryimage"},"thumbnailUrl":"https:\/\/www.letemsvetemapplem.eu\/bazar\/wp-content\/uploads\/2018\/04\/IMG_0791.jpg","datePublished":"2018-04-06T16:59:56+00:00","author":{"@id":""},"breadcrumb":{"@id":"https:\/\/www.letemsvetemapplem.eu\/bazar\/imac-24-640-hdd-8gb-266-ghz-2009\/#breadcrumb"},"inLanguage":"cs","potentialAction":[{"@type":"ReadAction","target":["https:\/\/www.letemsvetemapplem.eu\/bazar\/imac-24-640-hdd-8gb-266-ghz-2009\/"]}]},{"@type":"ImageObject","inLanguage":"cs","@id":"https:\/\/www.letemsvetemapplem.eu\/bazar\/imac-24-640-hdd-8gb-266-ghz-2009\/#primaryimage","url":"https:\/\/www.letemsvetemapplem.eu\/bazar\/wp-content\/uploads\/2018\/04\/IMG_0791.jpg","contentUrl":"https:\/\/www.letemsvetemapplem.eu\/bazar\/wp-content\/uploads\/2018\/04\/IMG_0791.jpg","width":3264,"height":2448},{"@type":"BreadcrumbList","@id":"https:\/\/www.letemsvetemapplem.eu\/bazar\/imac-24-640-hdd-8gb-266-ghz-2009\/#breadcrumb","itemListElement":[{"@type":"ListItem","position":1,"name":"Apple Bazar","item":"https:\/\/www.letemsvetemapplem.eu\/bazar\/"},{"@type":"ListItem","position":2,"name":"iMac 24&quot;, 640 HDD 8gb 2,66 GHz (2009)"}]},{"@type":"WebSite","@id":"https:\/\/www.letemsvetemapplem.eu\/bazar\/#website","url":"https:\/\/www.letemsvetemapplem.eu\/bazar\/","name":"Apple bazar","description":"Oou\u017eit\u00e9 Apple produkty za skv\u011bl\u00e9 ceny","potentialAction":[{"@type":"SearchAction","target":{"@type":"EntryPoint","urlTemplate":"https:\/\/www.letemsvetemapplem.eu\/bazar\/?s={search_term_string}"},"query-input":{"@type":"PropertyValueSpecification","valueRequired":true,"valueName":"search_term_string"}}],"inLanguage":"cs"}]}},"_links":{"self":[{"href":"https:\/\/www.letemsvetemapplem.eu\/bazar\/wp-json\/wp\/v2\/posts\/82037","targetHints":{"allow":["GET"]}}],"collection":[{"href":"https:\/\/www.letemsvetemapplem.eu\/bazar\/wp-json\/wp\/v2\/posts"}],"about":[{"href":"https:\/\/www.letemsvetemapplem.eu\/bazar\/wp-json\/wp\/v2\/types\/post"}],"replies":[{"embeddable":true,"href":"https:\/\/www.letemsvetemapplem.eu\/bazar\/wp-json\/wp\/v2\/comments?post=82037"}],"version-history":[{"count":0,"href":"https:\/\/www.letemsvetemapplem.eu\/bazar\/wp-json\/wp\/v2\/posts\/82037\/revisions"}],"wp:featuredmedia":[{"embeddable":true,"href":"https:\/\/www.letemsvetemapplem.eu\/bazar\/wp-json\/wp\/v2\/media\/82038"}],"wp:attachment":[{"href":"https:\/\/www.letemsvetemapplem.eu\/bazar\/wp-json\/wp\/v2\/media?parent=82037"}],"wp:term":[{"taxonomy":"category","embeddable":true,"href":"https:\/\/www.letemsvetemapplem.eu\/bazar\/wp-json\/wp\/v2\/categories?post=82037"},{"taxonomy":"post_tag","embeddable":true,"href":"https:\/\/www.letemsvetemapplem.eu\/bazar\/wp-json\/wp\/v2\/tags?post=82037"}],"curies":[{"name":"wp","href":"https:\/\/api.w.org\/{rel}","templated":true}]}}