{"id":81969,"date":"2018-04-06T08:47:18","date_gmt":"2018-04-06T07:47:18","guid":{"rendered":"https:\/\/www.letemsvetemapplem.eu\/bazar\/?p=81969"},"modified":"2019-01-02T15:40:48","modified_gmt":"2019-01-02T14:40:48","slug":"apple-imac-20-2006-mac-os-x-10-6-8-cz","status":"publish","type":"post","link":"https:\/\/www.letemsvetemapplem.eu\/bazar\/apple-imac-20-2006-mac-os-x-10-6-8-cz\/","title":{"rendered":"Apple iMac 20\u201d (2006) Mac OS X 10.6.8 CZ"},"content":{"rendered":"<p>Prod\u00e1m funk\u010dn\u00ed po\u010d\u00edta\u010d Apple iMac 20\u201d late 2006, Mac OS X 10.6.8. CZ, HD SSD 120 GB, CD mechanika funk\u010dn\u00ed. Procesor 2.16 GHz Intel Core 2 Duo, pam\u011b\u0165 2,5 GB 667 MHz DDR2 SDRAM, grafika ATI Radeon X1600 128 MB. Na monitoru jsem neshledal \u017e\u00e1dn\u00fd z\u00e1va\u017en\u00fd probl\u00e9m. K tomu d\u00e1lkov\u00fd ovlada\u010d, origin\u00e1l CD s instalac\u00ed OS X, origin\u00e1l CD s instalac\u00ed 10.6. (instalace je funk\u010dn\u00ed v\u010detn\u011b podpory updat\u016f a\u017e na 10.6.8.), iWork + iLife 6, extern\u00ed mikrofon, kl\u00e1vesnice a my\u0161. Origin\u00e1ln\u00ed krabice pro iMac. SSD 120 GB je n\u00e1hrada za origin\u00e1l 250 GB, kter\u00fd z\u0159ejm\u011b zlobil. S SSD diskem iMac l\u00edt\u00e1 jako \u010dert \ud83d\ude42<\/p>\n","protected":false},"excerpt":{"rendered":"<p>Prod\u00e1m funk\u010dn\u00ed po\u010d\u00edta\u010d Apple iMac 20\u201d late 2006, Mac OS X 10.6.8. CZ, HD SSD 120 GB, CD mechanika funk\u010dn\u00ed. Procesor 2.16 GHz Intel Core 2 Duo, pam\u011b\u0165 2,5 GB 667 MHz DDR2 SDRAM, grafika ATI Radeon X1600 128 MB. Na monitoru jsem neshledal \u017e\u00e1dn\u00fd z\u00e1va\u017en\u00fd probl\u00e9m. K tomu d\u00e1lkov\u00fd ovlada\u010d, origin\u00e1l CD s instalac\u00ed&#8230;<\/p>\n","protected":false},"author":0,"featured_media":81970,"comment_status":"open","ping_status":"open","sticky":false,"template":"","format":"standard","meta":{"footnotes":""},"categories":[41],"tags":[],"class_list":["post-81969","post","type-post","status-publish","format-standard","has-post-thumbnail","hentry","category-imac"],"yoast_head":"<!-- This site is optimized with the Yoast SEO plugin v27.2 - https:\/\/yoast.com\/product\/yoast-seo-wordpress\/ -->\n<title>Apple iMac 20\u201d (2006) Mac OS X 10.6.8 CZ - Apple bazar<\/title>\n<meta name=\"robots\" content=\"index, follow, max-snippet:-1, max-image-preview:large, max-video-preview:-1\" \/>\n<link rel=\"canonical\" href=\"https:\/\/www.letemsvetemapplem.eu\/bazar\/apple-imac-20-2006-mac-os-x-10-6-8-cz\/\" \/>\n<meta property=\"og:locale\" content=\"cs_CZ\" \/>\n<meta property=\"og:type\" content=\"article\" \/>\n<meta property=\"og:title\" content=\"Apple iMac 20\u201d (2006) Mac OS X 10.6.8 CZ - Apple bazar\" \/>\n<meta property=\"og:description\" content=\"Prod\u00e1m funk\u010dn\u00ed po\u010d\u00edta\u010d Apple iMac 20\u201d late 2006, Mac OS X 10.6.8. CZ, HD SSD 120 GB, CD mechanika funk\u010dn\u00ed. Procesor 2.16 GHz Intel Core 2 Duo, pam\u011b\u0165 2,5 GB 667 MHz DDR2 SDRAM, grafika ATI Radeon X1600 128 MB. Na monitoru jsem neshledal \u017e\u00e1dn\u00fd z\u00e1va\u017en\u00fd probl\u00e9m. K tomu d\u00e1lkov\u00fd ovlada\u010d, origin\u00e1l CD s instalac\u00ed...\" \/>\n<meta property=\"og:url\" content=\"https:\/\/www.letemsvetemapplem.eu\/bazar\/apple-imac-20-2006-mac-os-x-10-6-8-cz\/\" \/>\n<meta property=\"og:site_name\" content=\"Apple bazar\" \/>\n<meta property=\"article:published_time\" content=\"2018-04-06T07:47:18+00:00\" \/>\n<meta property=\"article:modified_time\" content=\"2019-01-02T14:40:48+00:00\" \/>\n<meta property=\"og:image\" content=\"https:\/\/www.letemsvetemapplem.eu\/bazar\/wp-content\/uploads\/2018\/04\/IMG_2832.jpg\" \/>\n\t<meta property=\"og:image:width\" content=\"1632\" \/>\n\t<meta property=\"og:image:height\" content=\"1224\" \/>\n\t<meta property=\"og:image:type\" content=\"image\/jpeg\" \/>\n<meta name=\"twitter:card\" content=\"summary_large_image\" \/>\n<script type=\"application\/ld+json\" class=\"yoast-schema-graph\">{\"@context\":\"https:\/\/schema.org\",\"@graph\":[{\"@type\":\"Article\",\"@id\":\"https:\/\/www.letemsvetemapplem.eu\/bazar\/apple-imac-20-2006-mac-os-x-10-6-8-cz\/#article\",\"isPartOf\":{\"@id\":\"https:\/\/www.letemsvetemapplem.eu\/bazar\/apple-imac-20-2006-mac-os-x-10-6-8-cz\/\"},\"author\":{\"name\":\"\",\"@id\":\"\"},\"headline\":\"Apple iMac 20\u201d (2006) Mac OS X 10.6.8 CZ\",\"datePublished\":\"2018-04-06T07:47:18+00:00\",\"dateModified\":\"2019-01-02T14:40:48+00:00\",\"mainEntityOfPage\":{\"@id\":\"https:\/\/www.letemsvetemapplem.eu\/bazar\/apple-imac-20-2006-mac-os-x-10-6-8-cz\/\"},\"wordCount\":112,\"commentCount\":0,\"image\":{\"@id\":\"https:\/\/www.letemsvetemapplem.eu\/bazar\/apple-imac-20-2006-mac-os-x-10-6-8-cz\/#primaryimage\"},\"thumbnailUrl\":\"https:\/\/www.letemsvetemapplem.eu\/bazar\/wp-content\/uploads\/2018\/04\/IMG_2832.jpg\",\"articleSection\":[\"iMac\"],\"inLanguage\":\"cs\",\"potentialAction\":[{\"@type\":\"CommentAction\",\"name\":\"Comment\",\"target\":[\"https:\/\/www.letemsvetemapplem.eu\/bazar\/apple-imac-20-2006-mac-os-x-10-6-8-cz\/#respond\"]}]},{\"@type\":\"WebPage\",\"@id\":\"https:\/\/www.letemsvetemapplem.eu\/bazar\/apple-imac-20-2006-mac-os-x-10-6-8-cz\/\",\"url\":\"https:\/\/www.letemsvetemapplem.eu\/bazar\/apple-imac-20-2006-mac-os-x-10-6-8-cz\/\",\"name\":\"Apple iMac 20\u201d (2006) Mac OS X 10.6.8 CZ - Apple bazar\",\"isPartOf\":{\"@id\":\"https:\/\/www.letemsvetemapplem.eu\/bazar\/#website\"},\"primaryImageOfPage\":{\"@id\":\"https:\/\/www.letemsvetemapplem.eu\/bazar\/apple-imac-20-2006-mac-os-x-10-6-8-cz\/#primaryimage\"},\"image\":{\"@id\":\"https:\/\/www.letemsvetemapplem.eu\/bazar\/apple-imac-20-2006-mac-os-x-10-6-8-cz\/#primaryimage\"},\"thumbnailUrl\":\"https:\/\/www.letemsvetemapplem.eu\/bazar\/wp-content\/uploads\/2018\/04\/IMG_2832.jpg\",\"datePublished\":\"2018-04-06T07:47:18+00:00\",\"dateModified\":\"2019-01-02T14:40:48+00:00\",\"author\":{\"@id\":\"\"},\"breadcrumb\":{\"@id\":\"https:\/\/www.letemsvetemapplem.eu\/bazar\/apple-imac-20-2006-mac-os-x-10-6-8-cz\/#breadcrumb\"},\"inLanguage\":\"cs\",\"potentialAction\":[{\"@type\":\"ReadAction\",\"target\":[\"https:\/\/www.letemsvetemapplem.eu\/bazar\/apple-imac-20-2006-mac-os-x-10-6-8-cz\/\"]}]},{\"@type\":\"ImageObject\",\"inLanguage\":\"cs\",\"@id\":\"https:\/\/www.letemsvetemapplem.eu\/bazar\/apple-imac-20-2006-mac-os-x-10-6-8-cz\/#primaryimage\",\"url\":\"https:\/\/www.letemsvetemapplem.eu\/bazar\/wp-content\/uploads\/2018\/04\/IMG_2832.jpg\",\"contentUrl\":\"https:\/\/www.letemsvetemapplem.eu\/bazar\/wp-content\/uploads\/2018\/04\/IMG_2832.jpg\",\"width\":1632,\"height\":1224},{\"@type\":\"BreadcrumbList\",\"@id\":\"https:\/\/www.letemsvetemapplem.eu\/bazar\/apple-imac-20-2006-mac-os-x-10-6-8-cz\/#breadcrumb\",\"itemListElement\":[{\"@type\":\"ListItem\",\"position\":1,\"name\":\"Apple Bazar\",\"item\":\"https:\/\/www.letemsvetemapplem.eu\/bazar\/\"},{\"@type\":\"ListItem\",\"position\":2,\"name\":\"Apple iMac 20\u201d (2006) Mac OS X 10.6.8 CZ\"}]},{\"@type\":\"WebSite\",\"@id\":\"https:\/\/www.letemsvetemapplem.eu\/bazar\/#website\",\"url\":\"https:\/\/www.letemsvetemapplem.eu\/bazar\/\",\"name\":\"Apple bazar\",\"description\":\"Oou\u017eit\u00e9 Apple produkty za skv\u011bl\u00e9 ceny\",\"potentialAction\":[{\"@type\":\"SearchAction\",\"target\":{\"@type\":\"EntryPoint\",\"urlTemplate\":\"https:\/\/www.letemsvetemapplem.eu\/bazar\/?s={search_term_string}\"},\"query-input\":{\"@type\":\"PropertyValueSpecification\",\"valueRequired\":true,\"valueName\":\"search_term_string\"}}],\"inLanguage\":\"cs\"}]}<\/script>\n<!-- \/ Yoast SEO plugin. -->","yoast_head_json":{"title":"Apple iMac 20\u201d (2006) Mac OS X 10.6.8 CZ - Apple bazar","robots":{"index":"index","follow":"follow","max-snippet":"max-snippet:-1","max-image-preview":"max-image-preview:large","max-video-preview":"max-video-preview:-1"},"canonical":"https:\/\/www.letemsvetemapplem.eu\/bazar\/apple-imac-20-2006-mac-os-x-10-6-8-cz\/","og_locale":"cs_CZ","og_type":"article","og_title":"Apple iMac 20\u201d (2006) Mac OS X 10.6.8 CZ - Apple bazar","og_description":"Prod\u00e1m funk\u010dn\u00ed po\u010d\u00edta\u010d Apple iMac 20\u201d late 2006, Mac OS X 10.6.8. CZ, HD SSD 120 GB, CD mechanika funk\u010dn\u00ed. Procesor 2.16 GHz Intel Core 2 Duo, pam\u011b\u0165 2,5 GB 667 MHz DDR2 SDRAM, grafika ATI Radeon X1600 128 MB. Na monitoru jsem neshledal \u017e\u00e1dn\u00fd z\u00e1va\u017en\u00fd probl\u00e9m. K tomu d\u00e1lkov\u00fd ovlada\u010d, origin\u00e1l CD s instalac\u00ed...","og_url":"https:\/\/www.letemsvetemapplem.eu\/bazar\/apple-imac-20-2006-mac-os-x-10-6-8-cz\/","og_site_name":"Apple bazar","article_published_time":"2018-04-06T07:47:18+00:00","article_modified_time":"2019-01-02T14:40:48+00:00","og_image":[{"width":1632,"height":1224,"url":"https:\/\/www.letemsvetemapplem.eu\/bazar\/wp-content\/uploads\/2018\/04\/IMG_2832.jpg","type":"image\/jpeg"}],"twitter_card":"summary_large_image","schema":{"@context":"https:\/\/schema.org","@graph":[{"@type":"Article","@id":"https:\/\/www.letemsvetemapplem.eu\/bazar\/apple-imac-20-2006-mac-os-x-10-6-8-cz\/#article","isPartOf":{"@id":"https:\/\/www.letemsvetemapplem.eu\/bazar\/apple-imac-20-2006-mac-os-x-10-6-8-cz\/"},"author":{"name":"","@id":""},"headline":"Apple iMac 20\u201d (2006) Mac OS X 10.6.8 CZ","datePublished":"2018-04-06T07:47:18+00:00","dateModified":"2019-01-02T14:40:48+00:00","mainEntityOfPage":{"@id":"https:\/\/www.letemsvetemapplem.eu\/bazar\/apple-imac-20-2006-mac-os-x-10-6-8-cz\/"},"wordCount":112,"commentCount":0,"image":{"@id":"https:\/\/www.letemsvetemapplem.eu\/bazar\/apple-imac-20-2006-mac-os-x-10-6-8-cz\/#primaryimage"},"thumbnailUrl":"https:\/\/www.letemsvetemapplem.eu\/bazar\/wp-content\/uploads\/2018\/04\/IMG_2832.jpg","articleSection":["iMac"],"inLanguage":"cs","potentialAction":[{"@type":"CommentAction","name":"Comment","target":["https:\/\/www.letemsvetemapplem.eu\/bazar\/apple-imac-20-2006-mac-os-x-10-6-8-cz\/#respond"]}]},{"@type":"WebPage","@id":"https:\/\/www.letemsvetemapplem.eu\/bazar\/apple-imac-20-2006-mac-os-x-10-6-8-cz\/","url":"https:\/\/www.letemsvetemapplem.eu\/bazar\/apple-imac-20-2006-mac-os-x-10-6-8-cz\/","name":"Apple iMac 20\u201d (2006) Mac OS X 10.6.8 CZ - Apple bazar","isPartOf":{"@id":"https:\/\/www.letemsvetemapplem.eu\/bazar\/#website"},"primaryImageOfPage":{"@id":"https:\/\/www.letemsvetemapplem.eu\/bazar\/apple-imac-20-2006-mac-os-x-10-6-8-cz\/#primaryimage"},"image":{"@id":"https:\/\/www.letemsvetemapplem.eu\/bazar\/apple-imac-20-2006-mac-os-x-10-6-8-cz\/#primaryimage"},"thumbnailUrl":"https:\/\/www.letemsvetemapplem.eu\/bazar\/wp-content\/uploads\/2018\/04\/IMG_2832.jpg","datePublished":"2018-04-06T07:47:18+00:00","dateModified":"2019-01-02T14:40:48+00:00","author":{"@id":""},"breadcrumb":{"@id":"https:\/\/www.letemsvetemapplem.eu\/bazar\/apple-imac-20-2006-mac-os-x-10-6-8-cz\/#breadcrumb"},"inLanguage":"cs","potentialAction":[{"@type":"ReadAction","target":["https:\/\/www.letemsvetemapplem.eu\/bazar\/apple-imac-20-2006-mac-os-x-10-6-8-cz\/"]}]},{"@type":"ImageObject","inLanguage":"cs","@id":"https:\/\/www.letemsvetemapplem.eu\/bazar\/apple-imac-20-2006-mac-os-x-10-6-8-cz\/#primaryimage","url":"https:\/\/www.letemsvetemapplem.eu\/bazar\/wp-content\/uploads\/2018\/04\/IMG_2832.jpg","contentUrl":"https:\/\/www.letemsvetemapplem.eu\/bazar\/wp-content\/uploads\/2018\/04\/IMG_2832.jpg","width":1632,"height":1224},{"@type":"BreadcrumbList","@id":"https:\/\/www.letemsvetemapplem.eu\/bazar\/apple-imac-20-2006-mac-os-x-10-6-8-cz\/#breadcrumb","itemListElement":[{"@type":"ListItem","position":1,"name":"Apple Bazar","item":"https:\/\/www.letemsvetemapplem.eu\/bazar\/"},{"@type":"ListItem","position":2,"name":"Apple iMac 20\u201d (2006) Mac OS X 10.6.8 CZ"}]},{"@type":"WebSite","@id":"https:\/\/www.letemsvetemapplem.eu\/bazar\/#website","url":"https:\/\/www.letemsvetemapplem.eu\/bazar\/","name":"Apple bazar","description":"Oou\u017eit\u00e9 Apple produkty za skv\u011bl\u00e9 ceny","potentialAction":[{"@type":"SearchAction","target":{"@type":"EntryPoint","urlTemplate":"https:\/\/www.letemsvetemapplem.eu\/bazar\/?s={search_term_string}"},"query-input":{"@type":"PropertyValueSpecification","valueRequired":true,"valueName":"search_term_string"}}],"inLanguage":"cs"}]}},"_links":{"self":[{"href":"https:\/\/www.letemsvetemapplem.eu\/bazar\/wp-json\/wp\/v2\/posts\/81969","targetHints":{"allow":["GET"]}}],"collection":[{"href":"https:\/\/www.letemsvetemapplem.eu\/bazar\/wp-json\/wp\/v2\/posts"}],"about":[{"href":"https:\/\/www.letemsvetemapplem.eu\/bazar\/wp-json\/wp\/v2\/types\/post"}],"replies":[{"embeddable":true,"href":"https:\/\/www.letemsvetemapplem.eu\/bazar\/wp-json\/wp\/v2\/comments?post=81969"}],"version-history":[{"count":0,"href":"https:\/\/www.letemsvetemapplem.eu\/bazar\/wp-json\/wp\/v2\/posts\/81969\/revisions"}],"wp:featuredmedia":[{"embeddable":true,"href":"https:\/\/www.letemsvetemapplem.eu\/bazar\/wp-json\/wp\/v2\/media\/81970"}],"wp:attachment":[{"href":"https:\/\/www.letemsvetemapplem.eu\/bazar\/wp-json\/wp\/v2\/media?parent=81969"}],"wp:term":[{"taxonomy":"category","embeddable":true,"href":"https:\/\/www.letemsvetemapplem.eu\/bazar\/wp-json\/wp\/v2\/categories?post=81969"},{"taxonomy":"post_tag","embeddable":true,"href":"https:\/\/www.letemsvetemapplem.eu\/bazar\/wp-json\/wp\/v2\/tags?post=81969"}],"curies":[{"name":"wp","href":"https:\/\/api.w.org\/{rel}","templated":true}]}}