{"id":81784,"date":"2018-04-04T13:29:04","date_gmt":"2018-04-04T12:29:04","guid":{"rendered":"https:\/\/www.letemsvetemapplem.eu\/bazar\/?p=81784"},"modified":"2018-06-10T12:41:03","modified_gmt":"2018-06-10T11:41:03","slug":"apple-macbook-pro-15-6-2-core-i5-4gb","status":"publish","type":"post","link":"https:\/\/www.letemsvetemapplem.eu\/bazar\/apple-macbook-pro-15-6-2-core-i5-4gb\/","title":{"rendered":"Apple MacBook Pro 15&quot; 6.2 Core i5  4GB"},"content":{"rendered":"<p>Nab\u00edz\u00edm Apple MacBook Pro 6.2 A1286 15&quot;, je na n\u011bm nov\u011b nainstalov\u00e1n nejnov\u011bj\u0161\u00ed opera\u010dn\u00ed syst\u00e9m MAC OS X High Sierra v \u010de\u0161tin\u011b.&lt;br \/&gt;&lt;br \/&gt;<br \/>\nRok v\u00fdroby je 2010.&lt;br \/&gt;&lt;br \/&gt;<br \/>\nMacBook je v perfektn\u00edm stavu, jako nov\u00fd, skoro nepou\u017e\u00edvan\u00fd, pln\u011b funk\u010dn\u00ed, po\u010det cyklu baterie je 280.&lt;br \/&gt;&lt;br \/&gt;<br \/>\nMacbook je vybaven kl\u00e1vesnic\u00ed QWERTY s azbukou (viz foto).&lt;br \/&gt;&lt;br \/&gt;<br \/>\nRoztomil\u00fd kompaktn\u00ed MacBook poch\u00e1zej\u00edc\u00ed z d\u00edlen spole\u010dnosti Apple, kter\u00e1 tradi\u010dn\u011b zakomponovala do designov\u011b p\u016fsobiv\u00e9ho t\u011bla nejvysp\u011blej\u0161\u00ed komponenty.&lt;br \/&gt;&lt;br \/&gt;<br \/>\n\u0160asi notebooku je vyrobeno z jednoho kusu hlin\u00edku, proto dostalo n\u00e1zev &quot;unibody&quot;.&lt;br \/&gt;&lt;br \/&gt;<br \/>\nOpera\u010dn\u00ed syst\u00e9m je p\u0159esn\u011b uzp\u016fsoben pro pou\u017e\u00edvan\u00fd hardware, proto je pr\u00e1ce velmi svi\u017en\u00e1.&lt;br \/&gt;&lt;br \/&gt;<br \/>\nMacbook je vybaven kl\u00e1vesnic\u00ed s praktick\u00fdm podsv\u00edcen\u00edm.&lt;br \/&gt;&lt;br \/&gt;<br \/>\nPohodln\u00e9 ovl\u00e1d\u00e1n\u00ed kurzoru je zaji\u0161t\u011bno d\u00edky multidotykov\u00e9mu touchpadu pro rolov\u00e1n\u00ed str\u00e1nkami, ot\u00e1\u010den\u00ed obr\u00e1zk\u016f a dal\u0161\u00ed.&lt;br \/&gt;&lt;br \/&gt;<br \/>\nV tomto notebooku se poda\u0159ilo zkombinovat delik\u00e1tn\u00ed hardware s vysokou v\u00fdpo\u010detn\u00ed silou a z\u00e1rove\u0148 nab\u00edz\u00ed dlouhou v\u00fddr\u017e na baterii.&lt;br \/&gt;&lt;br \/&gt;<br \/>\nJeho design je tradi\u010dn\u011b jednoduch\u00fd, ale p\u0159itom neoby\u010dejn\u00fd a velmi funk\u010dn\u00ed.&lt;br \/&gt;&lt;br \/&gt;<br \/>\nLehce se stane Va\u0161im partnerem pro ka\u017edodenn\u00ed cestov\u00e1n\u00ed a ni\u010d\u00edm neru\u0161en\u00e9 vyu\u017e\u00edv\u00e1n\u00ed pot\u0159ebn\u00fdch funkc\u00ed.&lt;br \/&gt;<br \/>\nHlin\u00edkov\u00e9 \u0161asi je velmi pevn\u00e9 i lehk\u00e9 a poskytuje za\u0159\u00edzen\u00ed odolnost p\u0159i n\u00e1razech a jin\u00fdch nep\u0159\u00edjemn\u00fdch ud\u00e1lostech.&lt;br \/&gt;&lt;br \/&gt;<br \/>\nNa jeho boku najdete stavov\u00e9 diody, kter\u00e9 v\u00e1s budou informovat o stavu nabit\u00ed baterie.&lt;br \/&gt;<br \/>\nSrdcem notebooku je technologicky osl\u0148uj\u00edc\u00ed procesor Intel Core i5 z nov\u00e9 rodiny Ivy Bridge.&lt;br \/&gt;&lt;br \/&gt;<br \/>\nOproti p\u0159edch\u016fdc\u016fm je s ni\u017e\u0161\u00ed spot\u0159ebou a vy\u0161\u0161\u00ed pracovn\u00ed frekvenc\u00ed.&lt;br \/&gt;&lt;br \/&gt;<br \/>\nNotebook je vybaven i solidn\u00ed grafickou kartou Intel HD Graphics  a NVIDIA GeForce GT 330M 256MB GDDR3.&lt;br \/&gt;&lt;br \/&gt;<br \/>\nData ulo\u017e\u00edte na pevn\u00fd disk s kapacitou 1000 GB, nebo je m\u016f\u017eete vyp\u00e1lit pomoc\u00ed vypalovac\u00ed DVD mechaniky.&lt;br \/&gt;&lt;br \/&gt;<br \/>\nDal\u0161\u00ed v\u00fdbavou tohoto notebooku je slot pro pam\u011b\u0165ov\u00e9 karty SDXC i FireWire 800.&lt;br \/&gt;<br \/>\nSpecifikace:&lt;br \/&gt;&lt;br \/&gt;<br \/>\nProcesor:&lt;br \/&gt;&lt;br \/&gt;<br \/>\nIntel Core i5&lt;br \/&gt;&lt;br \/&gt;<br \/>\nFrekvence: 2,4 GHz&lt;br \/&gt;&lt;br \/&gt;<br \/>\nPo\u010det jader: 2\u00d7&lt;br \/&gt;&lt;br \/&gt;<br \/>\nFunkce: Automatick\u00e9 p\u0159etaktov\u00e1n\u00ed, HyperThreading, Podpora Virtualizace&lt;br \/&gt;<br \/>\nGrafick\u00e1 karta:&lt;br \/&gt;&lt;br \/&gt;<br \/>\nIntel HD Graphics (288MB z opera\u010dn\u00ed pam\u011bti)&lt;br \/&gt;&lt;br \/&gt;<br \/>\nNVIDIA GeForce GT 330M 256MB GDDR3&lt;br \/&gt;&lt;br \/&gt;<br \/>\nAutomatick\u00e9 p\u0159ep\u00edn\u00e1n\u00ed&lt;br \/&gt;<br \/>\nPevn\u00fd disk:&lt;br \/&gt;&lt;br \/&gt;<br \/>\nTyp \u00falo\u017ei\u0161t\u011b: HDD&lt;br \/&gt;&lt;br \/&gt;<br \/>\nKapacita disku: 1000 GB&lt;br \/&gt;&lt;br \/&gt;<br \/>\nRozhran\u00ed disku: Serial ATA&lt;br \/&gt;<br \/>\nOpera\u010dn\u00ed pam\u011b\u0165:&lt;br \/&gt;&lt;br \/&gt;<br \/>\nKapacita pam\u011bti: 4 GB (2 x 2GB)&lt;br \/&gt;&lt;br \/&gt;<br \/>\nTyp pam\u011bti: DDR3&lt;br \/&gt;&lt;br \/&gt;<br \/>\nFrekvence pam\u011bti: 1067 MHz&lt;br \/&gt;&lt;br \/&gt;<br \/>\nDisplej:&lt;br \/&gt;&lt;br \/&gt;<br \/>\n\u00dahlop\u0159\u00ed\u010dka displeje: 15,4&quot;&lt;br \/&gt;&lt;br \/&gt;<br \/>\nRozli\u0161en\u00ed: 1440\u00d7900&lt;br \/&gt;&lt;br \/&gt;<br \/>\nTyp displeje: Leskl\u00fd&lt;br \/&gt;&lt;br \/&gt;<br \/>\nPom\u011br stran: 16:10&lt;br \/&gt;&lt;br \/&gt;<br \/>\nTechnologie obrazu: TN&lt;br \/&gt;<br \/>\nWebkamera: 720 px&lt;br \/&gt;<br \/>\nOpera\u010dn\u00ed syst\u00e9m: MAC OS X&lt;br \/&gt;<br \/>\nRozhran\u00ed:&lt;br \/&gt;&lt;br \/&gt;<br \/>\nBluetooth 2.1 + EDR&lt;br \/&gt;&lt;br \/&gt;<br \/>\nWifi: WiFi 802.11n, WiFi 802.11g, WiFi 802.11b, WiFi 802.11a&lt;br \/&gt;&lt;br \/&gt;<br \/>\nUSB 2.0: 2\u00d7&lt;br \/&gt;&lt;br \/&gt;<br \/>\nDal\u0161\u00ed rozhran\u00ed: FireWire, RJ-45 (LAN), Mini DisplayPort&lt;br \/&gt;&lt;br \/&gt;<br \/>\nMechanika: DVD\u00b1RW&lt;br \/&gt;&lt;br \/&gt;<br \/>\nVerze kl\u00e1vesnice: EN\/RU&lt;br \/&gt;<br \/>\nV\u00fdbava:&lt;br \/&gt;&lt;br \/&gt;<br \/>\nWiFi, Bluetooth, \u010cte\u010dka pam\u011b\u0165ov\u00fdch karet, Opera\u010dn\u00ed syst\u00e9m, Optick\u00e1 mechanika, Touchpad, Podsv\u011btlen\u00e1 kl\u00e1vesnice.&lt;br \/&gt;<br \/>\nRozm\u011bry:&lt;br \/&gt;&lt;br \/&gt;<br \/>\n\u0160\u00ed\u0159ka: 364 mm&lt;br \/&gt;&lt;br \/&gt;<br \/>\nHloubka: 249 mm&lt;br \/&gt;&lt;br \/&gt;<br \/>\nV\u00fd\u0161ka: 24,1 mm&lt;br \/&gt;<br \/>\nHmotnost: 2,54 kg <\/p>\n","protected":false},"excerpt":{"rendered":"<p>Nab\u00edz\u00edm Apple MacBook Pro 6.2 A1286 15&quot;, je na n\u011bm nov\u011b nainstalov\u00e1n nejnov\u011bj\u0161\u00ed opera\u010dn\u00ed syst\u00e9m MAC OS X High Sierra v \u010de\u0161tin\u011b.&lt;br \/&gt;&lt;br \/&gt; Rok v\u00fdroby je 2010.&lt;br \/&gt;&lt;br \/&gt; MacBook je v perfektn\u00edm stavu, jako nov\u00fd, skoro nepou\u017e\u00edvan\u00fd, pln\u011b funk\u010dn\u00ed, po\u010det cyklu baterie je 280.&lt;br \/&gt;&lt;br \/&gt; Macbook je vybaven kl\u00e1vesnic\u00ed QWERTY s azbukou&#8230;<\/p>\n","protected":false},"author":0,"featured_media":81785,"comment_status":"open","ping_status":"open","sticky":false,"template":"","format":"standard","meta":{"footnotes":""},"categories":[48],"tags":[],"class_list":["post-81784","post","type-post","status-publish","format-standard","has-post-thumbnail","hentry","category-macbook-pro"],"yoast_head":"<!-- This site is optimized with the Yoast SEO plugin v27.2 - https:\/\/yoast.com\/product\/yoast-seo-wordpress\/ -->\n<title>Apple MacBook Pro 15&quot; 6.2 Core i5 4GB - Apple bazar<\/title>\n<meta name=\"robots\" content=\"index, follow, max-snippet:-1, max-image-preview:large, max-video-preview:-1\" \/>\n<link rel=\"canonical\" href=\"https:\/\/www.letemsvetemapplem.eu\/bazar\/apple-macbook-pro-15-6-2-core-i5-4gb\/\" \/>\n<meta property=\"og:locale\" content=\"cs_CZ\" \/>\n<meta property=\"og:type\" content=\"article\" \/>\n<meta property=\"og:title\" content=\"Apple MacBook Pro 15&quot; 6.2 Core i5 4GB - Apple bazar\" \/>\n<meta property=\"og:description\" content=\"Nab\u00edz\u00edm Apple MacBook Pro 6.2 A1286 15&quot;, je na n\u011bm nov\u011b nainstalov\u00e1n nejnov\u011bj\u0161\u00ed opera\u010dn\u00ed syst\u00e9m MAC OS X High Sierra v \u010de\u0161tin\u011b.&lt;br \/&gt;&lt;br \/&gt; Rok v\u00fdroby je 2010.&lt;br \/&gt;&lt;br \/&gt; MacBook je v perfektn\u00edm stavu, jako nov\u00fd, skoro nepou\u017e\u00edvan\u00fd, pln\u011b funk\u010dn\u00ed, po\u010det cyklu baterie je 280.&lt;br \/&gt;&lt;br \/&gt; Macbook je vybaven kl\u00e1vesnic\u00ed QWERTY s azbukou...\" \/>\n<meta property=\"og:url\" content=\"https:\/\/www.letemsvetemapplem.eu\/bazar\/apple-macbook-pro-15-6-2-core-i5-4gb\/\" \/>\n<meta property=\"og:site_name\" content=\"Apple bazar\" \/>\n<meta property=\"article:published_time\" content=\"2018-04-04T12:29:04+00:00\" \/>\n<meta property=\"article:modified_time\" content=\"2018-06-10T11:41:03+00:00\" \/>\n<meta property=\"og:image\" content=\"https:\/\/www.letemsvetemapplem.eu\/bazar\/wp-content\/uploads\/2018\/04\/1-1.jpg\" \/>\n\t<meta property=\"og:image:width\" content=\"1024\" \/>\n\t<meta property=\"og:image:height\" content=\"658\" \/>\n\t<meta property=\"og:image:type\" content=\"image\/jpeg\" \/>\n<meta name=\"twitter:card\" content=\"summary_large_image\" \/>\n<script type=\"application\/ld+json\" class=\"yoast-schema-graph\">{\"@context\":\"https:\/\/schema.org\",\"@graph\":[{\"@type\":\"Article\",\"@id\":\"https:\/\/www.letemsvetemapplem.eu\/bazar\/apple-macbook-pro-15-6-2-core-i5-4gb\/#article\",\"isPartOf\":{\"@id\":\"https:\/\/www.letemsvetemapplem.eu\/bazar\/apple-macbook-pro-15-6-2-core-i5-4gb\/\"},\"author\":{\"name\":\"\",\"@id\":\"\"},\"headline\":\"Apple MacBook Pro 15&quot; 6.2 Core i5 4GB\",\"datePublished\":\"2018-04-04T12:29:04+00:00\",\"dateModified\":\"2018-06-10T11:41:03+00:00\",\"mainEntityOfPage\":{\"@id\":\"https:\/\/www.letemsvetemapplem.eu\/bazar\/apple-macbook-pro-15-6-2-core-i5-4gb\/\"},\"wordCount\":819,\"commentCount\":0,\"image\":{\"@id\":\"https:\/\/www.letemsvetemapplem.eu\/bazar\/apple-macbook-pro-15-6-2-core-i5-4gb\/#primaryimage\"},\"thumbnailUrl\":\"https:\/\/www.letemsvetemapplem.eu\/bazar\/wp-content\/uploads\/2018\/04\/1-1.jpg\",\"articleSection\":[\"MacBook Pro\"],\"inLanguage\":\"cs\",\"potentialAction\":[{\"@type\":\"CommentAction\",\"name\":\"Comment\",\"target\":[\"https:\/\/www.letemsvetemapplem.eu\/bazar\/apple-macbook-pro-15-6-2-core-i5-4gb\/#respond\"]}]},{\"@type\":\"WebPage\",\"@id\":\"https:\/\/www.letemsvetemapplem.eu\/bazar\/apple-macbook-pro-15-6-2-core-i5-4gb\/\",\"url\":\"https:\/\/www.letemsvetemapplem.eu\/bazar\/apple-macbook-pro-15-6-2-core-i5-4gb\/\",\"name\":\"Apple MacBook Pro 15&quot; 6.2 Core i5 4GB - Apple bazar\",\"isPartOf\":{\"@id\":\"https:\/\/www.letemsvetemapplem.eu\/bazar\/#website\"},\"primaryImageOfPage\":{\"@id\":\"https:\/\/www.letemsvetemapplem.eu\/bazar\/apple-macbook-pro-15-6-2-core-i5-4gb\/#primaryimage\"},\"image\":{\"@id\":\"https:\/\/www.letemsvetemapplem.eu\/bazar\/apple-macbook-pro-15-6-2-core-i5-4gb\/#primaryimage\"},\"thumbnailUrl\":\"https:\/\/www.letemsvetemapplem.eu\/bazar\/wp-content\/uploads\/2018\/04\/1-1.jpg\",\"datePublished\":\"2018-04-04T12:29:04+00:00\",\"dateModified\":\"2018-06-10T11:41:03+00:00\",\"author\":{\"@id\":\"\"},\"breadcrumb\":{\"@id\":\"https:\/\/www.letemsvetemapplem.eu\/bazar\/apple-macbook-pro-15-6-2-core-i5-4gb\/#breadcrumb\"},\"inLanguage\":\"cs\",\"potentialAction\":[{\"@type\":\"ReadAction\",\"target\":[\"https:\/\/www.letemsvetemapplem.eu\/bazar\/apple-macbook-pro-15-6-2-core-i5-4gb\/\"]}]},{\"@type\":\"ImageObject\",\"inLanguage\":\"cs\",\"@id\":\"https:\/\/www.letemsvetemapplem.eu\/bazar\/apple-macbook-pro-15-6-2-core-i5-4gb\/#primaryimage\",\"url\":\"https:\/\/www.letemsvetemapplem.eu\/bazar\/wp-content\/uploads\/2018\/04\/1-1.jpg\",\"contentUrl\":\"https:\/\/www.letemsvetemapplem.eu\/bazar\/wp-content\/uploads\/2018\/04\/1-1.jpg\",\"width\":1024,\"height\":658},{\"@type\":\"BreadcrumbList\",\"@id\":\"https:\/\/www.letemsvetemapplem.eu\/bazar\/apple-macbook-pro-15-6-2-core-i5-4gb\/#breadcrumb\",\"itemListElement\":[{\"@type\":\"ListItem\",\"position\":1,\"name\":\"Apple Bazar\",\"item\":\"https:\/\/www.letemsvetemapplem.eu\/bazar\/\"},{\"@type\":\"ListItem\",\"position\":2,\"name\":\"Apple MacBook Pro 15&quot; 6.2 Core i5 4GB\"}]},{\"@type\":\"WebSite\",\"@id\":\"https:\/\/www.letemsvetemapplem.eu\/bazar\/#website\",\"url\":\"https:\/\/www.letemsvetemapplem.eu\/bazar\/\",\"name\":\"Apple bazar\",\"description\":\"Oou\u017eit\u00e9 Apple produkty za skv\u011bl\u00e9 ceny\",\"potentialAction\":[{\"@type\":\"SearchAction\",\"target\":{\"@type\":\"EntryPoint\",\"urlTemplate\":\"https:\/\/www.letemsvetemapplem.eu\/bazar\/?s={search_term_string}\"},\"query-input\":{\"@type\":\"PropertyValueSpecification\",\"valueRequired\":true,\"valueName\":\"search_term_string\"}}],\"inLanguage\":\"cs\"}]}<\/script>\n<!-- \/ Yoast SEO plugin. -->","yoast_head_json":{"title":"Apple MacBook Pro 15&quot; 6.2 Core i5 4GB - Apple bazar","robots":{"index":"index","follow":"follow","max-snippet":"max-snippet:-1","max-image-preview":"max-image-preview:large","max-video-preview":"max-video-preview:-1"},"canonical":"https:\/\/www.letemsvetemapplem.eu\/bazar\/apple-macbook-pro-15-6-2-core-i5-4gb\/","og_locale":"cs_CZ","og_type":"article","og_title":"Apple MacBook Pro 15&quot; 6.2 Core i5 4GB - Apple bazar","og_description":"Nab\u00edz\u00edm Apple MacBook Pro 6.2 A1286 15&quot;, je na n\u011bm nov\u011b nainstalov\u00e1n nejnov\u011bj\u0161\u00ed opera\u010dn\u00ed syst\u00e9m MAC OS X High Sierra v \u010de\u0161tin\u011b.&lt;br \/&gt;&lt;br \/&gt; Rok v\u00fdroby je 2010.&lt;br \/&gt;&lt;br \/&gt; MacBook je v perfektn\u00edm stavu, jako nov\u00fd, skoro nepou\u017e\u00edvan\u00fd, pln\u011b funk\u010dn\u00ed, po\u010det cyklu baterie je 280.&lt;br \/&gt;&lt;br \/&gt; Macbook je vybaven kl\u00e1vesnic\u00ed QWERTY s azbukou...","og_url":"https:\/\/www.letemsvetemapplem.eu\/bazar\/apple-macbook-pro-15-6-2-core-i5-4gb\/","og_site_name":"Apple bazar","article_published_time":"2018-04-04T12:29:04+00:00","article_modified_time":"2018-06-10T11:41:03+00:00","og_image":[{"width":1024,"height":658,"url":"https:\/\/www.letemsvetemapplem.eu\/bazar\/wp-content\/uploads\/2018\/04\/1-1.jpg","type":"image\/jpeg"}],"twitter_card":"summary_large_image","schema":{"@context":"https:\/\/schema.org","@graph":[{"@type":"Article","@id":"https:\/\/www.letemsvetemapplem.eu\/bazar\/apple-macbook-pro-15-6-2-core-i5-4gb\/#article","isPartOf":{"@id":"https:\/\/www.letemsvetemapplem.eu\/bazar\/apple-macbook-pro-15-6-2-core-i5-4gb\/"},"author":{"name":"","@id":""},"headline":"Apple MacBook Pro 15&quot; 6.2 Core i5 4GB","datePublished":"2018-04-04T12:29:04+00:00","dateModified":"2018-06-10T11:41:03+00:00","mainEntityOfPage":{"@id":"https:\/\/www.letemsvetemapplem.eu\/bazar\/apple-macbook-pro-15-6-2-core-i5-4gb\/"},"wordCount":819,"commentCount":0,"image":{"@id":"https:\/\/www.letemsvetemapplem.eu\/bazar\/apple-macbook-pro-15-6-2-core-i5-4gb\/#primaryimage"},"thumbnailUrl":"https:\/\/www.letemsvetemapplem.eu\/bazar\/wp-content\/uploads\/2018\/04\/1-1.jpg","articleSection":["MacBook Pro"],"inLanguage":"cs","potentialAction":[{"@type":"CommentAction","name":"Comment","target":["https:\/\/www.letemsvetemapplem.eu\/bazar\/apple-macbook-pro-15-6-2-core-i5-4gb\/#respond"]}]},{"@type":"WebPage","@id":"https:\/\/www.letemsvetemapplem.eu\/bazar\/apple-macbook-pro-15-6-2-core-i5-4gb\/","url":"https:\/\/www.letemsvetemapplem.eu\/bazar\/apple-macbook-pro-15-6-2-core-i5-4gb\/","name":"Apple MacBook Pro 15&quot; 6.2 Core i5 4GB - Apple bazar","isPartOf":{"@id":"https:\/\/www.letemsvetemapplem.eu\/bazar\/#website"},"primaryImageOfPage":{"@id":"https:\/\/www.letemsvetemapplem.eu\/bazar\/apple-macbook-pro-15-6-2-core-i5-4gb\/#primaryimage"},"image":{"@id":"https:\/\/www.letemsvetemapplem.eu\/bazar\/apple-macbook-pro-15-6-2-core-i5-4gb\/#primaryimage"},"thumbnailUrl":"https:\/\/www.letemsvetemapplem.eu\/bazar\/wp-content\/uploads\/2018\/04\/1-1.jpg","datePublished":"2018-04-04T12:29:04+00:00","dateModified":"2018-06-10T11:41:03+00:00","author":{"@id":""},"breadcrumb":{"@id":"https:\/\/www.letemsvetemapplem.eu\/bazar\/apple-macbook-pro-15-6-2-core-i5-4gb\/#breadcrumb"},"inLanguage":"cs","potentialAction":[{"@type":"ReadAction","target":["https:\/\/www.letemsvetemapplem.eu\/bazar\/apple-macbook-pro-15-6-2-core-i5-4gb\/"]}]},{"@type":"ImageObject","inLanguage":"cs","@id":"https:\/\/www.letemsvetemapplem.eu\/bazar\/apple-macbook-pro-15-6-2-core-i5-4gb\/#primaryimage","url":"https:\/\/www.letemsvetemapplem.eu\/bazar\/wp-content\/uploads\/2018\/04\/1-1.jpg","contentUrl":"https:\/\/www.letemsvetemapplem.eu\/bazar\/wp-content\/uploads\/2018\/04\/1-1.jpg","width":1024,"height":658},{"@type":"BreadcrumbList","@id":"https:\/\/www.letemsvetemapplem.eu\/bazar\/apple-macbook-pro-15-6-2-core-i5-4gb\/#breadcrumb","itemListElement":[{"@type":"ListItem","position":1,"name":"Apple Bazar","item":"https:\/\/www.letemsvetemapplem.eu\/bazar\/"},{"@type":"ListItem","position":2,"name":"Apple MacBook Pro 15&quot; 6.2 Core i5 4GB"}]},{"@type":"WebSite","@id":"https:\/\/www.letemsvetemapplem.eu\/bazar\/#website","url":"https:\/\/www.letemsvetemapplem.eu\/bazar\/","name":"Apple bazar","description":"Oou\u017eit\u00e9 Apple produkty za skv\u011bl\u00e9 ceny","potentialAction":[{"@type":"SearchAction","target":{"@type":"EntryPoint","urlTemplate":"https:\/\/www.letemsvetemapplem.eu\/bazar\/?s={search_term_string}"},"query-input":{"@type":"PropertyValueSpecification","valueRequired":true,"valueName":"search_term_string"}}],"inLanguage":"cs"}]}},"_links":{"self":[{"href":"https:\/\/www.letemsvetemapplem.eu\/bazar\/wp-json\/wp\/v2\/posts\/81784","targetHints":{"allow":["GET"]}}],"collection":[{"href":"https:\/\/www.letemsvetemapplem.eu\/bazar\/wp-json\/wp\/v2\/posts"}],"about":[{"href":"https:\/\/www.letemsvetemapplem.eu\/bazar\/wp-json\/wp\/v2\/types\/post"}],"replies":[{"embeddable":true,"href":"https:\/\/www.letemsvetemapplem.eu\/bazar\/wp-json\/wp\/v2\/comments?post=81784"}],"version-history":[{"count":0,"href":"https:\/\/www.letemsvetemapplem.eu\/bazar\/wp-json\/wp\/v2\/posts\/81784\/revisions"}],"wp:featuredmedia":[{"embeddable":true,"href":"https:\/\/www.letemsvetemapplem.eu\/bazar\/wp-json\/wp\/v2\/media\/81785"}],"wp:attachment":[{"href":"https:\/\/www.letemsvetemapplem.eu\/bazar\/wp-json\/wp\/v2\/media?parent=81784"}],"wp:term":[{"taxonomy":"category","embeddable":true,"href":"https:\/\/www.letemsvetemapplem.eu\/bazar\/wp-json\/wp\/v2\/categories?post=81784"},{"taxonomy":"post_tag","embeddable":true,"href":"https:\/\/www.letemsvetemapplem.eu\/bazar\/wp-json\/wp\/v2\/tags?post=81784"}],"curies":[{"name":"wp","href":"https:\/\/api.w.org\/{rel}","templated":true}]}}