{"id":81771,"date":"2018-04-04T13:01:42","date_gmt":"2018-04-04T12:01:42","guid":{"rendered":"https:\/\/www.letemsvetemapplem.eu\/bazar\/?p=81771"},"modified":"2018-04-04T13:01:42","modified_gmt":"2018-04-04T12:01:42","slug":"prodam-imac-21-5-late-2013-2","status":"publish","type":"post","link":"https:\/\/www.letemsvetemapplem.eu\/bazar\/prodam-imac-21-5-late-2013-2\/","title":{"rendered":"Prod\u00e1m iMac 21.5\u201d \u2013 Late 2013"},"content":{"rendered":"<p>Prod\u00e1m iMac 21.5\u201d \u2013 Late 2013, m\u00e1lo pou\u017e\u00edvan\u00fd v perfektn\u00edm stavu (bez od\u011brek \u010di jak\u00fdkoliv \u0161kr\u00e1banc\u016f). Monitor 21.5 palcov\u00fd \u0161iroko\u00fahl\u00fd displej LED se senzorem okoln\u00edho sv\u011btla (bez vadn\u00fdch pixel\u016f, prachu nebo jin\u00fdch vad), procesor 3,1 GHz Intel Core i7, pam\u011b\u0165 16 GB DDR3, pevn\u00fd disk 1 TB fusion drive (z v\u00fdroby &#8211; 128 SSD + 1TB), grafick\u00e1 karta GeForce GT 750 1 GB pam\u011bti GDDR5, kamera FaceTime HD, thunderbolt porty, slot pro SDXC karty, 3 x USB, vestav\u011bn\u00e9 stereoreproduktory, du\u00e1ln\u00ed mikrofony, sluch\u00e1tkov\u00fd konektor.<br \/>\nD\u016fvod prodeje &#8211; sta\u010d\u00ed mi notebook.<\/p>\n","protected":false},"excerpt":{"rendered":"<p>Prod\u00e1m iMac 21.5\u201d \u2013 Late 2013, m\u00e1lo pou\u017e\u00edvan\u00fd v perfektn\u00edm stavu (bez od\u011brek \u010di jak\u00fdkoliv \u0161kr\u00e1banc\u016f). Monitor 21.5 palcov\u00fd \u0161iroko\u00fahl\u00fd displej LED se senzorem okoln\u00edho sv\u011btla (bez vadn\u00fdch pixel\u016f, prachu nebo jin\u00fdch vad), procesor 3,1 GHz Intel Core i7, pam\u011b\u0165 16 GB DDR3, pevn\u00fd disk 1 TB fusion drive (z v\u00fdroby &#8211; 128 SSD +&#8230;<\/p>\n","protected":false},"author":0,"featured_media":81772,"comment_status":"open","ping_status":"open","sticky":false,"template":"","format":"standard","meta":{"footnotes":""},"categories":[41],"tags":[],"class_list":["post-81771","post","type-post","status-publish","format-standard","has-post-thumbnail","hentry","category-imac"],"yoast_head":"<!-- This site is optimized with the Yoast SEO plugin v27.2 - https:\/\/yoast.com\/product\/yoast-seo-wordpress\/ -->\n<title>Prod\u00e1m iMac 21.5\u201d \u2013 Late 2013 - Apple bazar<\/title>\n<meta name=\"robots\" content=\"index, follow, max-snippet:-1, max-image-preview:large, max-video-preview:-1\" \/>\n<link rel=\"canonical\" href=\"https:\/\/www.letemsvetemapplem.eu\/bazar\/prodam-imac-21-5-late-2013-2\/\" \/>\n<meta property=\"og:locale\" content=\"cs_CZ\" \/>\n<meta property=\"og:type\" content=\"article\" \/>\n<meta property=\"og:title\" content=\"Prod\u00e1m iMac 21.5\u201d \u2013 Late 2013 - Apple bazar\" \/>\n<meta property=\"og:description\" content=\"Prod\u00e1m iMac 21.5\u201d \u2013 Late 2013, m\u00e1lo pou\u017e\u00edvan\u00fd v perfektn\u00edm stavu (bez od\u011brek \u010di jak\u00fdkoliv \u0161kr\u00e1banc\u016f). Monitor 21.5 palcov\u00fd \u0161iroko\u00fahl\u00fd displej LED se senzorem okoln\u00edho sv\u011btla (bez vadn\u00fdch pixel\u016f, prachu nebo jin\u00fdch vad), procesor 3,1 GHz Intel Core i7, pam\u011b\u0165 16 GB DDR3, pevn\u00fd disk 1 TB fusion drive (z v\u00fdroby &#8211; 128 SSD +...\" \/>\n<meta property=\"og:url\" content=\"https:\/\/www.letemsvetemapplem.eu\/bazar\/prodam-imac-21-5-late-2013-2\/\" \/>\n<meta property=\"og:site_name\" content=\"Apple bazar\" \/>\n<meta property=\"article:published_time\" content=\"2018-04-04T12:01:42+00:00\" \/>\n<meta property=\"og:image\" content=\"https:\/\/www.letemsvetemapplem.eu\/bazar\/wp-content\/uploads\/2018\/04\/product_2722354.jpg\" \/>\n\t<meta property=\"og:image:width\" content=\"800\" \/>\n\t<meta property=\"og:image:height\" content=\"800\" \/>\n\t<meta property=\"og:image:type\" content=\"image\/jpeg\" \/>\n<meta name=\"twitter:card\" content=\"summary_large_image\" \/>\n<script type=\"application\/ld+json\" class=\"yoast-schema-graph\">{\"@context\":\"https:\/\/schema.org\",\"@graph\":[{\"@type\":\"Article\",\"@id\":\"https:\/\/www.letemsvetemapplem.eu\/bazar\/prodam-imac-21-5-late-2013-2\/#article\",\"isPartOf\":{\"@id\":\"https:\/\/www.letemsvetemapplem.eu\/bazar\/prodam-imac-21-5-late-2013-2\/\"},\"author\":{\"name\":\"\",\"@id\":\"\"},\"headline\":\"Prod\u00e1m iMac 21.5\u201d \u2013 Late 2013\",\"datePublished\":\"2018-04-04T12:01:42+00:00\",\"mainEntityOfPage\":{\"@id\":\"https:\/\/www.letemsvetemapplem.eu\/bazar\/prodam-imac-21-5-late-2013-2\/\"},\"wordCount\":99,\"commentCount\":0,\"image\":{\"@id\":\"https:\/\/www.letemsvetemapplem.eu\/bazar\/prodam-imac-21-5-late-2013-2\/#primaryimage\"},\"thumbnailUrl\":\"https:\/\/www.letemsvetemapplem.eu\/bazar\/wp-content\/uploads\/2018\/04\/product_2722354.jpg\",\"articleSection\":[\"iMac\"],\"inLanguage\":\"cs\",\"potentialAction\":[{\"@type\":\"CommentAction\",\"name\":\"Comment\",\"target\":[\"https:\/\/www.letemsvetemapplem.eu\/bazar\/prodam-imac-21-5-late-2013-2\/#respond\"]}]},{\"@type\":\"WebPage\",\"@id\":\"https:\/\/www.letemsvetemapplem.eu\/bazar\/prodam-imac-21-5-late-2013-2\/\",\"url\":\"https:\/\/www.letemsvetemapplem.eu\/bazar\/prodam-imac-21-5-late-2013-2\/\",\"name\":\"Prod\u00e1m iMac 21.5\u201d \u2013 Late 2013 - Apple bazar\",\"isPartOf\":{\"@id\":\"https:\/\/www.letemsvetemapplem.eu\/bazar\/#website\"},\"primaryImageOfPage\":{\"@id\":\"https:\/\/www.letemsvetemapplem.eu\/bazar\/prodam-imac-21-5-late-2013-2\/#primaryimage\"},\"image\":{\"@id\":\"https:\/\/www.letemsvetemapplem.eu\/bazar\/prodam-imac-21-5-late-2013-2\/#primaryimage\"},\"thumbnailUrl\":\"https:\/\/www.letemsvetemapplem.eu\/bazar\/wp-content\/uploads\/2018\/04\/product_2722354.jpg\",\"datePublished\":\"2018-04-04T12:01:42+00:00\",\"author\":{\"@id\":\"\"},\"breadcrumb\":{\"@id\":\"https:\/\/www.letemsvetemapplem.eu\/bazar\/prodam-imac-21-5-late-2013-2\/#breadcrumb\"},\"inLanguage\":\"cs\",\"potentialAction\":[{\"@type\":\"ReadAction\",\"target\":[\"https:\/\/www.letemsvetemapplem.eu\/bazar\/prodam-imac-21-5-late-2013-2\/\"]}]},{\"@type\":\"ImageObject\",\"inLanguage\":\"cs\",\"@id\":\"https:\/\/www.letemsvetemapplem.eu\/bazar\/prodam-imac-21-5-late-2013-2\/#primaryimage\",\"url\":\"https:\/\/www.letemsvetemapplem.eu\/bazar\/wp-content\/uploads\/2018\/04\/product_2722354.jpg\",\"contentUrl\":\"https:\/\/www.letemsvetemapplem.eu\/bazar\/wp-content\/uploads\/2018\/04\/product_2722354.jpg\",\"width\":800,\"height\":800},{\"@type\":\"BreadcrumbList\",\"@id\":\"https:\/\/www.letemsvetemapplem.eu\/bazar\/prodam-imac-21-5-late-2013-2\/#breadcrumb\",\"itemListElement\":[{\"@type\":\"ListItem\",\"position\":1,\"name\":\"Apple Bazar\",\"item\":\"https:\/\/www.letemsvetemapplem.eu\/bazar\/\"},{\"@type\":\"ListItem\",\"position\":2,\"name\":\"Prod\u00e1m iMac 21.5\u201d \u2013 Late 2013\"}]},{\"@type\":\"WebSite\",\"@id\":\"https:\/\/www.letemsvetemapplem.eu\/bazar\/#website\",\"url\":\"https:\/\/www.letemsvetemapplem.eu\/bazar\/\",\"name\":\"Apple bazar\",\"description\":\"Oou\u017eit\u00e9 Apple produkty za skv\u011bl\u00e9 ceny\",\"potentialAction\":[{\"@type\":\"SearchAction\",\"target\":{\"@type\":\"EntryPoint\",\"urlTemplate\":\"https:\/\/www.letemsvetemapplem.eu\/bazar\/?s={search_term_string}\"},\"query-input\":{\"@type\":\"PropertyValueSpecification\",\"valueRequired\":true,\"valueName\":\"search_term_string\"}}],\"inLanguage\":\"cs\"}]}<\/script>\n<!-- \/ Yoast SEO plugin. -->","yoast_head_json":{"title":"Prod\u00e1m iMac 21.5\u201d \u2013 Late 2013 - Apple bazar","robots":{"index":"index","follow":"follow","max-snippet":"max-snippet:-1","max-image-preview":"max-image-preview:large","max-video-preview":"max-video-preview:-1"},"canonical":"https:\/\/www.letemsvetemapplem.eu\/bazar\/prodam-imac-21-5-late-2013-2\/","og_locale":"cs_CZ","og_type":"article","og_title":"Prod\u00e1m iMac 21.5\u201d \u2013 Late 2013 - Apple bazar","og_description":"Prod\u00e1m iMac 21.5\u201d \u2013 Late 2013, m\u00e1lo pou\u017e\u00edvan\u00fd v perfektn\u00edm stavu (bez od\u011brek \u010di jak\u00fdkoliv \u0161kr\u00e1banc\u016f). Monitor 21.5 palcov\u00fd \u0161iroko\u00fahl\u00fd displej LED se senzorem okoln\u00edho sv\u011btla (bez vadn\u00fdch pixel\u016f, prachu nebo jin\u00fdch vad), procesor 3,1 GHz Intel Core i7, pam\u011b\u0165 16 GB DDR3, pevn\u00fd disk 1 TB fusion drive (z v\u00fdroby &#8211; 128 SSD +...","og_url":"https:\/\/www.letemsvetemapplem.eu\/bazar\/prodam-imac-21-5-late-2013-2\/","og_site_name":"Apple bazar","article_published_time":"2018-04-04T12:01:42+00:00","og_image":[{"width":800,"height":800,"url":"https:\/\/www.letemsvetemapplem.eu\/bazar\/wp-content\/uploads\/2018\/04\/product_2722354.jpg","type":"image\/jpeg"}],"twitter_card":"summary_large_image","schema":{"@context":"https:\/\/schema.org","@graph":[{"@type":"Article","@id":"https:\/\/www.letemsvetemapplem.eu\/bazar\/prodam-imac-21-5-late-2013-2\/#article","isPartOf":{"@id":"https:\/\/www.letemsvetemapplem.eu\/bazar\/prodam-imac-21-5-late-2013-2\/"},"author":{"name":"","@id":""},"headline":"Prod\u00e1m iMac 21.5\u201d \u2013 Late 2013","datePublished":"2018-04-04T12:01:42+00:00","mainEntityOfPage":{"@id":"https:\/\/www.letemsvetemapplem.eu\/bazar\/prodam-imac-21-5-late-2013-2\/"},"wordCount":99,"commentCount":0,"image":{"@id":"https:\/\/www.letemsvetemapplem.eu\/bazar\/prodam-imac-21-5-late-2013-2\/#primaryimage"},"thumbnailUrl":"https:\/\/www.letemsvetemapplem.eu\/bazar\/wp-content\/uploads\/2018\/04\/product_2722354.jpg","articleSection":["iMac"],"inLanguage":"cs","potentialAction":[{"@type":"CommentAction","name":"Comment","target":["https:\/\/www.letemsvetemapplem.eu\/bazar\/prodam-imac-21-5-late-2013-2\/#respond"]}]},{"@type":"WebPage","@id":"https:\/\/www.letemsvetemapplem.eu\/bazar\/prodam-imac-21-5-late-2013-2\/","url":"https:\/\/www.letemsvetemapplem.eu\/bazar\/prodam-imac-21-5-late-2013-2\/","name":"Prod\u00e1m iMac 21.5\u201d \u2013 Late 2013 - Apple bazar","isPartOf":{"@id":"https:\/\/www.letemsvetemapplem.eu\/bazar\/#website"},"primaryImageOfPage":{"@id":"https:\/\/www.letemsvetemapplem.eu\/bazar\/prodam-imac-21-5-late-2013-2\/#primaryimage"},"image":{"@id":"https:\/\/www.letemsvetemapplem.eu\/bazar\/prodam-imac-21-5-late-2013-2\/#primaryimage"},"thumbnailUrl":"https:\/\/www.letemsvetemapplem.eu\/bazar\/wp-content\/uploads\/2018\/04\/product_2722354.jpg","datePublished":"2018-04-04T12:01:42+00:00","author":{"@id":""},"breadcrumb":{"@id":"https:\/\/www.letemsvetemapplem.eu\/bazar\/prodam-imac-21-5-late-2013-2\/#breadcrumb"},"inLanguage":"cs","potentialAction":[{"@type":"ReadAction","target":["https:\/\/www.letemsvetemapplem.eu\/bazar\/prodam-imac-21-5-late-2013-2\/"]}]},{"@type":"ImageObject","inLanguage":"cs","@id":"https:\/\/www.letemsvetemapplem.eu\/bazar\/prodam-imac-21-5-late-2013-2\/#primaryimage","url":"https:\/\/www.letemsvetemapplem.eu\/bazar\/wp-content\/uploads\/2018\/04\/product_2722354.jpg","contentUrl":"https:\/\/www.letemsvetemapplem.eu\/bazar\/wp-content\/uploads\/2018\/04\/product_2722354.jpg","width":800,"height":800},{"@type":"BreadcrumbList","@id":"https:\/\/www.letemsvetemapplem.eu\/bazar\/prodam-imac-21-5-late-2013-2\/#breadcrumb","itemListElement":[{"@type":"ListItem","position":1,"name":"Apple Bazar","item":"https:\/\/www.letemsvetemapplem.eu\/bazar\/"},{"@type":"ListItem","position":2,"name":"Prod\u00e1m iMac 21.5\u201d \u2013 Late 2013"}]},{"@type":"WebSite","@id":"https:\/\/www.letemsvetemapplem.eu\/bazar\/#website","url":"https:\/\/www.letemsvetemapplem.eu\/bazar\/","name":"Apple bazar","description":"Oou\u017eit\u00e9 Apple produkty za skv\u011bl\u00e9 ceny","potentialAction":[{"@type":"SearchAction","target":{"@type":"EntryPoint","urlTemplate":"https:\/\/www.letemsvetemapplem.eu\/bazar\/?s={search_term_string}"},"query-input":{"@type":"PropertyValueSpecification","valueRequired":true,"valueName":"search_term_string"}}],"inLanguage":"cs"}]}},"_links":{"self":[{"href":"https:\/\/www.letemsvetemapplem.eu\/bazar\/wp-json\/wp\/v2\/posts\/81771","targetHints":{"allow":["GET"]}}],"collection":[{"href":"https:\/\/www.letemsvetemapplem.eu\/bazar\/wp-json\/wp\/v2\/posts"}],"about":[{"href":"https:\/\/www.letemsvetemapplem.eu\/bazar\/wp-json\/wp\/v2\/types\/post"}],"replies":[{"embeddable":true,"href":"https:\/\/www.letemsvetemapplem.eu\/bazar\/wp-json\/wp\/v2\/comments?post=81771"}],"version-history":[{"count":0,"href":"https:\/\/www.letemsvetemapplem.eu\/bazar\/wp-json\/wp\/v2\/posts\/81771\/revisions"}],"wp:featuredmedia":[{"embeddable":true,"href":"https:\/\/www.letemsvetemapplem.eu\/bazar\/wp-json\/wp\/v2\/media\/81772"}],"wp:attachment":[{"href":"https:\/\/www.letemsvetemapplem.eu\/bazar\/wp-json\/wp\/v2\/media?parent=81771"}],"wp:term":[{"taxonomy":"category","embeddable":true,"href":"https:\/\/www.letemsvetemapplem.eu\/bazar\/wp-json\/wp\/v2\/categories?post=81771"},{"taxonomy":"post_tag","embeddable":true,"href":"https:\/\/www.letemsvetemapplem.eu\/bazar\/wp-json\/wp\/v2\/tags?post=81771"}],"curies":[{"name":"wp","href":"https:\/\/api.w.org\/{rel}","templated":true}]}}