{"id":81442,"date":"2018-04-02T09:31:38","date_gmt":"2018-04-02T08:31:38","guid":{"rendered":"https:\/\/www.letemsvetemapplem.eu\/bazar\/?p=81442"},"modified":"2018-04-02T09:31:38","modified_gmt":"2018-04-02T08:31:38","slug":"mac-mini-late-2012-16gb-100-stav","status":"publish","type":"post","link":"https:\/\/www.letemsvetemapplem.eu\/bazar\/mac-mini-late-2012-16gb-100-stav\/","title":{"rendered":"Mac Mini (Late 2012), 16GB,  100% stav"},"content":{"rendered":"<p>Prod\u00e1m Mac mini late 2012, Intel i5 3210m 2.5 GHz (max. 3,1GHz), 16GB RAM DDR3 Dual Channel (2x 8GB, Crucial), Intel HD Graphic 4000 (2GB RAM), Samsung 500GB EVO 850 (SATA 6Gb\/s), Apple 500GB HTS545050A (SATA 3Gb\/s),  WiFi 802.11ac, Bluetooth 4.0, 4\u00d7 USB 3.0, Thunderbolt port, \u010dte\u010dka pam\u011b\u0165ov\u00fdch karet SDXC, HDMI, GLAN, na Macu b\u011b\u017e\u00ed tvz. dual boot, OSX El Capitan a Win 7 (64bit). Prod\u00e1v\u00e1m komplet s nap\u00e1jec\u00edm kabelem, HDMI &#8211; DVI redukc\u00ed v\u010detn\u011b origin\u00e1l krabice. Mac mini je ve 100% provozov\u00e1n v neku\u0159\u00e1ck\u00e9m prost\u0159ed\u00ed.  <\/p>\n","protected":false},"excerpt":{"rendered":"<p>Prod\u00e1m Mac mini late 2012, Intel i5 3210m 2.5 GHz (max. 3,1GHz), 16GB RAM DDR3 Dual Channel (2x 8GB, Crucial), Intel HD Graphic 4000 (2GB RAM), Samsung 500GB EVO 850 (SATA 6Gb\/s), Apple 500GB HTS545050A (SATA 3Gb\/s), WiFi 802.11ac, Bluetooth 4.0, 4\u00d7 USB 3.0, Thunderbolt port, \u010dte\u010dka pam\u011b\u0165ov\u00fdch karet SDXC, HDMI, GLAN, na Macu b\u011b\u017e\u00ed&#8230;<\/p>\n","protected":false},"author":0,"featured_media":81443,"comment_status":"open","ping_status":"open","sticky":false,"template":"","format":"standard","meta":{"footnotes":""},"categories":[44],"tags":[],"class_list":["post-81442","post","type-post","status-publish","format-standard","has-post-thumbnail","hentry","category-mac-mini"],"yoast_head":"<!-- This site is optimized with the Yoast SEO plugin v27.2 - https:\/\/yoast.com\/product\/yoast-seo-wordpress\/ -->\n<title>Mac Mini (Late 2012), 16GB, 100% stav - Apple bazar<\/title>\n<meta name=\"robots\" content=\"index, follow, max-snippet:-1, max-image-preview:large, max-video-preview:-1\" \/>\n<link rel=\"canonical\" href=\"https:\/\/www.letemsvetemapplem.eu\/bazar\/mac-mini-late-2012-16gb-100-stav\/\" \/>\n<meta property=\"og:locale\" content=\"cs_CZ\" \/>\n<meta property=\"og:type\" content=\"article\" \/>\n<meta property=\"og:title\" content=\"Mac Mini (Late 2012), 16GB, 100% stav - Apple bazar\" \/>\n<meta property=\"og:description\" content=\"Prod\u00e1m Mac mini late 2012, Intel i5 3210m 2.5 GHz (max. 3,1GHz), 16GB RAM DDR3 Dual Channel (2x 8GB, Crucial), Intel HD Graphic 4000 (2GB RAM), Samsung 500GB EVO 850 (SATA 6Gb\/s), Apple 500GB HTS545050A (SATA 3Gb\/s), WiFi 802.11ac, Bluetooth 4.0, 4\u00d7 USB 3.0, Thunderbolt port, \u010dte\u010dka pam\u011b\u0165ov\u00fdch karet SDXC, HDMI, GLAN, na Macu b\u011b\u017e\u00ed...\" \/>\n<meta property=\"og:url\" content=\"https:\/\/www.letemsvetemapplem.eu\/bazar\/mac-mini-late-2012-16gb-100-stav\/\" \/>\n<meta property=\"og:site_name\" content=\"Apple bazar\" \/>\n<meta property=\"article:published_time\" content=\"2018-04-02T08:31:38+00:00\" \/>\n<meta property=\"og:image\" content=\"https:\/\/www.letemsvetemapplem.eu\/bazar\/wp-content\/uploads\/2018\/04\/predni-cast.jpg\" \/>\n\t<meta property=\"og:image:width\" content=\"700\" \/>\n\t<meta property=\"og:image:height\" content=\"850\" \/>\n\t<meta property=\"og:image:type\" content=\"image\/jpeg\" \/>\n<meta name=\"twitter:card\" content=\"summary_large_image\" \/>\n<script type=\"application\/ld+json\" class=\"yoast-schema-graph\">{\"@context\":\"https:\/\/schema.org\",\"@graph\":[{\"@type\":\"Article\",\"@id\":\"https:\/\/www.letemsvetemapplem.eu\/bazar\/mac-mini-late-2012-16gb-100-stav\/#article\",\"isPartOf\":{\"@id\":\"https:\/\/www.letemsvetemapplem.eu\/bazar\/mac-mini-late-2012-16gb-100-stav\/\"},\"author\":{\"name\":\"\",\"@id\":\"\"},\"headline\":\"Mac Mini (Late 2012), 16GB, 100% stav\",\"datePublished\":\"2018-04-02T08:31:38+00:00\",\"mainEntityOfPage\":{\"@id\":\"https:\/\/www.letemsvetemapplem.eu\/bazar\/mac-mini-late-2012-16gb-100-stav\/\"},\"wordCount\":99,\"commentCount\":0,\"image\":{\"@id\":\"https:\/\/www.letemsvetemapplem.eu\/bazar\/mac-mini-late-2012-16gb-100-stav\/#primaryimage\"},\"thumbnailUrl\":\"https:\/\/www.letemsvetemapplem.eu\/bazar\/wp-content\/uploads\/2018\/04\/predni-cast.jpg\",\"articleSection\":[\"Mac mini\"],\"inLanguage\":\"cs\",\"potentialAction\":[{\"@type\":\"CommentAction\",\"name\":\"Comment\",\"target\":[\"https:\/\/www.letemsvetemapplem.eu\/bazar\/mac-mini-late-2012-16gb-100-stav\/#respond\"]}]},{\"@type\":\"WebPage\",\"@id\":\"https:\/\/www.letemsvetemapplem.eu\/bazar\/mac-mini-late-2012-16gb-100-stav\/\",\"url\":\"https:\/\/www.letemsvetemapplem.eu\/bazar\/mac-mini-late-2012-16gb-100-stav\/\",\"name\":\"Mac Mini (Late 2012), 16GB, 100% stav - Apple bazar\",\"isPartOf\":{\"@id\":\"https:\/\/www.letemsvetemapplem.eu\/bazar\/#website\"},\"primaryImageOfPage\":{\"@id\":\"https:\/\/www.letemsvetemapplem.eu\/bazar\/mac-mini-late-2012-16gb-100-stav\/#primaryimage\"},\"image\":{\"@id\":\"https:\/\/www.letemsvetemapplem.eu\/bazar\/mac-mini-late-2012-16gb-100-stav\/#primaryimage\"},\"thumbnailUrl\":\"https:\/\/www.letemsvetemapplem.eu\/bazar\/wp-content\/uploads\/2018\/04\/predni-cast.jpg\",\"datePublished\":\"2018-04-02T08:31:38+00:00\",\"author\":{\"@id\":\"\"},\"breadcrumb\":{\"@id\":\"https:\/\/www.letemsvetemapplem.eu\/bazar\/mac-mini-late-2012-16gb-100-stav\/#breadcrumb\"},\"inLanguage\":\"cs\",\"potentialAction\":[{\"@type\":\"ReadAction\",\"target\":[\"https:\/\/www.letemsvetemapplem.eu\/bazar\/mac-mini-late-2012-16gb-100-stav\/\"]}]},{\"@type\":\"ImageObject\",\"inLanguage\":\"cs\",\"@id\":\"https:\/\/www.letemsvetemapplem.eu\/bazar\/mac-mini-late-2012-16gb-100-stav\/#primaryimage\",\"url\":\"https:\/\/www.letemsvetemapplem.eu\/bazar\/wp-content\/uploads\/2018\/04\/predni-cast.jpg\",\"contentUrl\":\"https:\/\/www.letemsvetemapplem.eu\/bazar\/wp-content\/uploads\/2018\/04\/predni-cast.jpg\",\"width\":700,\"height\":850},{\"@type\":\"BreadcrumbList\",\"@id\":\"https:\/\/www.letemsvetemapplem.eu\/bazar\/mac-mini-late-2012-16gb-100-stav\/#breadcrumb\",\"itemListElement\":[{\"@type\":\"ListItem\",\"position\":1,\"name\":\"Apple Bazar\",\"item\":\"https:\/\/www.letemsvetemapplem.eu\/bazar\/\"},{\"@type\":\"ListItem\",\"position\":2,\"name\":\"Mac Mini (Late 2012), 16GB, 100% stav\"}]},{\"@type\":\"WebSite\",\"@id\":\"https:\/\/www.letemsvetemapplem.eu\/bazar\/#website\",\"url\":\"https:\/\/www.letemsvetemapplem.eu\/bazar\/\",\"name\":\"Apple bazar\",\"description\":\"Oou\u017eit\u00e9 Apple produkty za skv\u011bl\u00e9 ceny\",\"potentialAction\":[{\"@type\":\"SearchAction\",\"target\":{\"@type\":\"EntryPoint\",\"urlTemplate\":\"https:\/\/www.letemsvetemapplem.eu\/bazar\/?s={search_term_string}\"},\"query-input\":{\"@type\":\"PropertyValueSpecification\",\"valueRequired\":true,\"valueName\":\"search_term_string\"}}],\"inLanguage\":\"cs\"}]}<\/script>\n<!-- \/ Yoast SEO plugin. -->","yoast_head_json":{"title":"Mac Mini (Late 2012), 16GB, 100% stav - Apple bazar","robots":{"index":"index","follow":"follow","max-snippet":"max-snippet:-1","max-image-preview":"max-image-preview:large","max-video-preview":"max-video-preview:-1"},"canonical":"https:\/\/www.letemsvetemapplem.eu\/bazar\/mac-mini-late-2012-16gb-100-stav\/","og_locale":"cs_CZ","og_type":"article","og_title":"Mac Mini (Late 2012), 16GB, 100% stav - Apple bazar","og_description":"Prod\u00e1m Mac mini late 2012, Intel i5 3210m 2.5 GHz (max. 3,1GHz), 16GB RAM DDR3 Dual Channel (2x 8GB, Crucial), Intel HD Graphic 4000 (2GB RAM), Samsung 500GB EVO 850 (SATA 6Gb\/s), Apple 500GB HTS545050A (SATA 3Gb\/s), WiFi 802.11ac, Bluetooth 4.0, 4\u00d7 USB 3.0, Thunderbolt port, \u010dte\u010dka pam\u011b\u0165ov\u00fdch karet SDXC, HDMI, GLAN, na Macu b\u011b\u017e\u00ed...","og_url":"https:\/\/www.letemsvetemapplem.eu\/bazar\/mac-mini-late-2012-16gb-100-stav\/","og_site_name":"Apple bazar","article_published_time":"2018-04-02T08:31:38+00:00","og_image":[{"width":700,"height":850,"url":"https:\/\/www.letemsvetemapplem.eu\/bazar\/wp-content\/uploads\/2018\/04\/predni-cast.jpg","type":"image\/jpeg"}],"twitter_card":"summary_large_image","schema":{"@context":"https:\/\/schema.org","@graph":[{"@type":"Article","@id":"https:\/\/www.letemsvetemapplem.eu\/bazar\/mac-mini-late-2012-16gb-100-stav\/#article","isPartOf":{"@id":"https:\/\/www.letemsvetemapplem.eu\/bazar\/mac-mini-late-2012-16gb-100-stav\/"},"author":{"name":"","@id":""},"headline":"Mac Mini (Late 2012), 16GB, 100% stav","datePublished":"2018-04-02T08:31:38+00:00","mainEntityOfPage":{"@id":"https:\/\/www.letemsvetemapplem.eu\/bazar\/mac-mini-late-2012-16gb-100-stav\/"},"wordCount":99,"commentCount":0,"image":{"@id":"https:\/\/www.letemsvetemapplem.eu\/bazar\/mac-mini-late-2012-16gb-100-stav\/#primaryimage"},"thumbnailUrl":"https:\/\/www.letemsvetemapplem.eu\/bazar\/wp-content\/uploads\/2018\/04\/predni-cast.jpg","articleSection":["Mac mini"],"inLanguage":"cs","potentialAction":[{"@type":"CommentAction","name":"Comment","target":["https:\/\/www.letemsvetemapplem.eu\/bazar\/mac-mini-late-2012-16gb-100-stav\/#respond"]}]},{"@type":"WebPage","@id":"https:\/\/www.letemsvetemapplem.eu\/bazar\/mac-mini-late-2012-16gb-100-stav\/","url":"https:\/\/www.letemsvetemapplem.eu\/bazar\/mac-mini-late-2012-16gb-100-stav\/","name":"Mac Mini (Late 2012), 16GB, 100% stav - Apple bazar","isPartOf":{"@id":"https:\/\/www.letemsvetemapplem.eu\/bazar\/#website"},"primaryImageOfPage":{"@id":"https:\/\/www.letemsvetemapplem.eu\/bazar\/mac-mini-late-2012-16gb-100-stav\/#primaryimage"},"image":{"@id":"https:\/\/www.letemsvetemapplem.eu\/bazar\/mac-mini-late-2012-16gb-100-stav\/#primaryimage"},"thumbnailUrl":"https:\/\/www.letemsvetemapplem.eu\/bazar\/wp-content\/uploads\/2018\/04\/predni-cast.jpg","datePublished":"2018-04-02T08:31:38+00:00","author":{"@id":""},"breadcrumb":{"@id":"https:\/\/www.letemsvetemapplem.eu\/bazar\/mac-mini-late-2012-16gb-100-stav\/#breadcrumb"},"inLanguage":"cs","potentialAction":[{"@type":"ReadAction","target":["https:\/\/www.letemsvetemapplem.eu\/bazar\/mac-mini-late-2012-16gb-100-stav\/"]}]},{"@type":"ImageObject","inLanguage":"cs","@id":"https:\/\/www.letemsvetemapplem.eu\/bazar\/mac-mini-late-2012-16gb-100-stav\/#primaryimage","url":"https:\/\/www.letemsvetemapplem.eu\/bazar\/wp-content\/uploads\/2018\/04\/predni-cast.jpg","contentUrl":"https:\/\/www.letemsvetemapplem.eu\/bazar\/wp-content\/uploads\/2018\/04\/predni-cast.jpg","width":700,"height":850},{"@type":"BreadcrumbList","@id":"https:\/\/www.letemsvetemapplem.eu\/bazar\/mac-mini-late-2012-16gb-100-stav\/#breadcrumb","itemListElement":[{"@type":"ListItem","position":1,"name":"Apple Bazar","item":"https:\/\/www.letemsvetemapplem.eu\/bazar\/"},{"@type":"ListItem","position":2,"name":"Mac Mini (Late 2012), 16GB, 100% stav"}]},{"@type":"WebSite","@id":"https:\/\/www.letemsvetemapplem.eu\/bazar\/#website","url":"https:\/\/www.letemsvetemapplem.eu\/bazar\/","name":"Apple bazar","description":"Oou\u017eit\u00e9 Apple produkty za skv\u011bl\u00e9 ceny","potentialAction":[{"@type":"SearchAction","target":{"@type":"EntryPoint","urlTemplate":"https:\/\/www.letemsvetemapplem.eu\/bazar\/?s={search_term_string}"},"query-input":{"@type":"PropertyValueSpecification","valueRequired":true,"valueName":"search_term_string"}}],"inLanguage":"cs"}]}},"_links":{"self":[{"href":"https:\/\/www.letemsvetemapplem.eu\/bazar\/wp-json\/wp\/v2\/posts\/81442","targetHints":{"allow":["GET"]}}],"collection":[{"href":"https:\/\/www.letemsvetemapplem.eu\/bazar\/wp-json\/wp\/v2\/posts"}],"about":[{"href":"https:\/\/www.letemsvetemapplem.eu\/bazar\/wp-json\/wp\/v2\/types\/post"}],"replies":[{"embeddable":true,"href":"https:\/\/www.letemsvetemapplem.eu\/bazar\/wp-json\/wp\/v2\/comments?post=81442"}],"version-history":[{"count":0,"href":"https:\/\/www.letemsvetemapplem.eu\/bazar\/wp-json\/wp\/v2\/posts\/81442\/revisions"}],"wp:featuredmedia":[{"embeddable":true,"href":"https:\/\/www.letemsvetemapplem.eu\/bazar\/wp-json\/wp\/v2\/media\/81443"}],"wp:attachment":[{"href":"https:\/\/www.letemsvetemapplem.eu\/bazar\/wp-json\/wp\/v2\/media?parent=81442"}],"wp:term":[{"taxonomy":"category","embeddable":true,"href":"https:\/\/www.letemsvetemapplem.eu\/bazar\/wp-json\/wp\/v2\/categories?post=81442"},{"taxonomy":"post_tag","embeddable":true,"href":"https:\/\/www.letemsvetemapplem.eu\/bazar\/wp-json\/wp\/v2\/tags?post=81442"}],"curies":[{"name":"wp","href":"https:\/\/api.w.org\/{rel}","templated":true}]}}