{"id":77594,"date":"2018-03-11T13:59:14","date_gmt":"2018-03-11T12:59:14","guid":{"rendered":"https:\/\/www.letemsvetemapplem.eu\/bazar\/?p=77594"},"modified":"2018-03-11T13:59:14","modified_gmt":"2018-03-11T12:59:14","slug":"apple-watch-3-42mm-sede","status":"publish","type":"post","link":"https:\/\/www.letemsvetemapplem.eu\/bazar\/apple-watch-3-42mm-sede\/","title":{"rendered":"Apple Watch 3 42mm \/ \u0161ed\u00e9"},"content":{"rendered":"<p>Prod\u00e1m Apple Watch 3 \/ 42mm, koupen\u00e9 12.1. 2018 s 2 letou z\u00e1rukou. Osobn\u00ed p\u0159ed\u00e1n\u00ed Brno (p\u0159es t\u00fdden), nebo Hradec Kr\u00e1lov\u00e9 a okol\u00ed (o v\u00edkendu). Prod\u00e1m se v\u0161\u00edm p\u0159\u00edslu\u0161enstv\u00edm + p\u0159id\u00e1m 2 ochrann\u00e9 obaly z eBaye. Jsou v perfektn\u00edm stavu, bez \u0161kr\u00e1banc\u016f. <\/p>\n","protected":false},"excerpt":{"rendered":"<p>Prod\u00e1m Apple Watch 3 \/ 42mm, koupen\u00e9 12.1. 2018 s 2 letou z\u00e1rukou. Osobn\u00ed p\u0159ed\u00e1n\u00ed Brno (p\u0159es t\u00fdden), nebo Hradec Kr\u00e1lov\u00e9 a okol\u00ed (o v\u00edkendu). Prod\u00e1m se v\u0161\u00edm p\u0159\u00edslu\u0161enstv\u00edm + p\u0159id\u00e1m 2 ochrann\u00e9 obaly z eBaye. Jsou v perfektn\u00edm stavu, bez \u0161kr\u00e1banc\u016f.<\/p>\n","protected":false},"author":0,"featured_media":77595,"comment_status":"open","ping_status":"open","sticky":false,"template":"","format":"standard","meta":{"footnotes":""},"categories":[59],"tags":[],"class_list":["post-77594","post","type-post","status-publish","format-standard","has-post-thumbnail","hentry","category-apple-watch-series-3"],"yoast_head":"<!-- This site is optimized with the Yoast SEO plugin v27.5 - https:\/\/yoast.com\/product\/yoast-seo-wordpress\/ -->\n<title>Apple Watch 3 42mm \/ \u0161ed\u00e9 - Apple bazar<\/title>\n<meta name=\"robots\" content=\"index, follow, max-snippet:-1, max-image-preview:large, max-video-preview:-1\" \/>\n<link rel=\"canonical\" href=\"https:\/\/www.letemsvetemapplem.eu\/bazar\/apple-watch-3-42mm-sede\/\" \/>\n<meta property=\"og:locale\" content=\"cs_CZ\" \/>\n<meta property=\"og:type\" content=\"article\" \/>\n<meta property=\"og:title\" content=\"Apple Watch 3 42mm \/ \u0161ed\u00e9 - Apple bazar\" \/>\n<meta property=\"og:description\" content=\"Prod\u00e1m Apple Watch 3 \/ 42mm, koupen\u00e9 12.1. 2018 s 2 letou z\u00e1rukou. Osobn\u00ed p\u0159ed\u00e1n\u00ed Brno (p\u0159es t\u00fdden), nebo Hradec Kr\u00e1lov\u00e9 a okol\u00ed (o v\u00edkendu). Prod\u00e1m se v\u0161\u00edm p\u0159\u00edslu\u0161enstv\u00edm + p\u0159id\u00e1m 2 ochrann\u00e9 obaly z eBaye. Jsou v perfektn\u00edm stavu, bez \u0161kr\u00e1banc\u016f.\" \/>\n<meta property=\"og:url\" content=\"https:\/\/www.letemsvetemapplem.eu\/bazar\/apple-watch-3-42mm-sede\/\" \/>\n<meta property=\"og:site_name\" content=\"Apple bazar\" \/>\n<meta property=\"article:published_time\" content=\"2018-03-11T12:59:14+00:00\" \/>\n<meta property=\"og:image\" content=\"https:\/\/www.letemsvetemapplem.eu\/bazar\/wp-content\/uploads\/2018\/03\/IMG_0489.jpg\" \/>\n\t<meta property=\"og:image:width\" content=\"1536\" \/>\n\t<meta property=\"og:image:height\" content=\"2048\" \/>\n\t<meta property=\"og:image:type\" content=\"image\/jpeg\" \/>\n<meta name=\"twitter:card\" content=\"summary_large_image\" \/>\n<script type=\"application\/ld+json\" class=\"yoast-schema-graph\">{\"@context\":\"https:\\\/\\\/schema.org\",\"@graph\":[{\"@type\":\"Article\",\"@id\":\"https:\\\/\\\/www.letemsvetemapplem.eu\\\/bazar\\\/apple-watch-3-42mm-sede\\\/#article\",\"isPartOf\":{\"@id\":\"https:\\\/\\\/www.letemsvetemapplem.eu\\\/bazar\\\/apple-watch-3-42mm-sede\\\/\"},\"author\":{\"name\":\"\",\"@id\":\"\"},\"headline\":\"Apple Watch 3 42mm \\\/ \u0161ed\u00e9\",\"datePublished\":\"2018-03-11T12:59:14+00:00\",\"mainEntityOfPage\":{\"@id\":\"https:\\\/\\\/www.letemsvetemapplem.eu\\\/bazar\\\/apple-watch-3-42mm-sede\\\/\"},\"wordCount\":56,\"commentCount\":0,\"image\":{\"@id\":\"https:\\\/\\\/www.letemsvetemapplem.eu\\\/bazar\\\/apple-watch-3-42mm-sede\\\/#primaryimage\"},\"thumbnailUrl\":\"https:\\\/\\\/www.letemsvetemapplem.eu\\\/bazar\\\/wp-content\\\/uploads\\\/2018\\\/03\\\/IMG_0489.jpg\",\"articleSection\":[\"Apple Watch Series 3\"],\"inLanguage\":\"cs\",\"potentialAction\":[{\"@type\":\"CommentAction\",\"name\":\"Comment\",\"target\":[\"https:\\\/\\\/www.letemsvetemapplem.eu\\\/bazar\\\/apple-watch-3-42mm-sede\\\/#respond\"]}]},{\"@type\":\"WebPage\",\"@id\":\"https:\\\/\\\/www.letemsvetemapplem.eu\\\/bazar\\\/apple-watch-3-42mm-sede\\\/\",\"url\":\"https:\\\/\\\/www.letemsvetemapplem.eu\\\/bazar\\\/apple-watch-3-42mm-sede\\\/\",\"name\":\"Apple Watch 3 42mm \\\/ \u0161ed\u00e9 - Apple bazar\",\"isPartOf\":{\"@id\":\"https:\\\/\\\/www.letemsvetemapplem.eu\\\/bazar\\\/#website\"},\"primaryImageOfPage\":{\"@id\":\"https:\\\/\\\/www.letemsvetemapplem.eu\\\/bazar\\\/apple-watch-3-42mm-sede\\\/#primaryimage\"},\"image\":{\"@id\":\"https:\\\/\\\/www.letemsvetemapplem.eu\\\/bazar\\\/apple-watch-3-42mm-sede\\\/#primaryimage\"},\"thumbnailUrl\":\"https:\\\/\\\/www.letemsvetemapplem.eu\\\/bazar\\\/wp-content\\\/uploads\\\/2018\\\/03\\\/IMG_0489.jpg\",\"datePublished\":\"2018-03-11T12:59:14+00:00\",\"author\":{\"@id\":\"\"},\"breadcrumb\":{\"@id\":\"https:\\\/\\\/www.letemsvetemapplem.eu\\\/bazar\\\/apple-watch-3-42mm-sede\\\/#breadcrumb\"},\"inLanguage\":\"cs\",\"potentialAction\":[{\"@type\":\"ReadAction\",\"target\":[\"https:\\\/\\\/www.letemsvetemapplem.eu\\\/bazar\\\/apple-watch-3-42mm-sede\\\/\"]}]},{\"@type\":\"ImageObject\",\"inLanguage\":\"cs\",\"@id\":\"https:\\\/\\\/www.letemsvetemapplem.eu\\\/bazar\\\/apple-watch-3-42mm-sede\\\/#primaryimage\",\"url\":\"https:\\\/\\\/www.letemsvetemapplem.eu\\\/bazar\\\/wp-content\\\/uploads\\\/2018\\\/03\\\/IMG_0489.jpg\",\"contentUrl\":\"https:\\\/\\\/www.letemsvetemapplem.eu\\\/bazar\\\/wp-content\\\/uploads\\\/2018\\\/03\\\/IMG_0489.jpg\",\"width\":1536,\"height\":2048},{\"@type\":\"BreadcrumbList\",\"@id\":\"https:\\\/\\\/www.letemsvetemapplem.eu\\\/bazar\\\/apple-watch-3-42mm-sede\\\/#breadcrumb\",\"itemListElement\":[{\"@type\":\"ListItem\",\"position\":1,\"name\":\"Apple Bazar\",\"item\":\"https:\\\/\\\/www.letemsvetemapplem.eu\\\/bazar\\\/\"},{\"@type\":\"ListItem\",\"position\":2,\"name\":\"Apple Watch 3 42mm \\\/ \u0161ed\u00e9\"}]},{\"@type\":\"WebSite\",\"@id\":\"https:\\\/\\\/www.letemsvetemapplem.eu\\\/bazar\\\/#website\",\"url\":\"https:\\\/\\\/www.letemsvetemapplem.eu\\\/bazar\\\/\",\"name\":\"Apple bazar\",\"description\":\"Oou\u017eit\u00e9 Apple produkty za skv\u011bl\u00e9 ceny\",\"potentialAction\":[{\"@type\":\"SearchAction\",\"target\":{\"@type\":\"EntryPoint\",\"urlTemplate\":\"https:\\\/\\\/www.letemsvetemapplem.eu\\\/bazar\\\/?s={search_term_string}\"},\"query-input\":{\"@type\":\"PropertyValueSpecification\",\"valueRequired\":true,\"valueName\":\"search_term_string\"}}],\"inLanguage\":\"cs\"}]}<\/script>\n<!-- \/ Yoast SEO plugin. -->","yoast_head_json":{"title":"Apple Watch 3 42mm \/ \u0161ed\u00e9 - Apple bazar","robots":{"index":"index","follow":"follow","max-snippet":"max-snippet:-1","max-image-preview":"max-image-preview:large","max-video-preview":"max-video-preview:-1"},"canonical":"https:\/\/www.letemsvetemapplem.eu\/bazar\/apple-watch-3-42mm-sede\/","og_locale":"cs_CZ","og_type":"article","og_title":"Apple Watch 3 42mm \/ \u0161ed\u00e9 - Apple bazar","og_description":"Prod\u00e1m Apple Watch 3 \/ 42mm, koupen\u00e9 12.1. 2018 s 2 letou z\u00e1rukou. Osobn\u00ed p\u0159ed\u00e1n\u00ed Brno (p\u0159es t\u00fdden), nebo Hradec Kr\u00e1lov\u00e9 a okol\u00ed (o v\u00edkendu). Prod\u00e1m se v\u0161\u00edm p\u0159\u00edslu\u0161enstv\u00edm + p\u0159id\u00e1m 2 ochrann\u00e9 obaly z eBaye. Jsou v perfektn\u00edm stavu, bez \u0161kr\u00e1banc\u016f.","og_url":"https:\/\/www.letemsvetemapplem.eu\/bazar\/apple-watch-3-42mm-sede\/","og_site_name":"Apple bazar","article_published_time":"2018-03-11T12:59:14+00:00","og_image":[{"width":1536,"height":2048,"url":"https:\/\/www.letemsvetemapplem.eu\/bazar\/wp-content\/uploads\/2018\/03\/IMG_0489.jpg","type":"image\/jpeg"}],"twitter_card":"summary_large_image","schema":{"@context":"https:\/\/schema.org","@graph":[{"@type":"Article","@id":"https:\/\/www.letemsvetemapplem.eu\/bazar\/apple-watch-3-42mm-sede\/#article","isPartOf":{"@id":"https:\/\/www.letemsvetemapplem.eu\/bazar\/apple-watch-3-42mm-sede\/"},"author":{"name":"","@id":""},"headline":"Apple Watch 3 42mm \/ \u0161ed\u00e9","datePublished":"2018-03-11T12:59:14+00:00","mainEntityOfPage":{"@id":"https:\/\/www.letemsvetemapplem.eu\/bazar\/apple-watch-3-42mm-sede\/"},"wordCount":56,"commentCount":0,"image":{"@id":"https:\/\/www.letemsvetemapplem.eu\/bazar\/apple-watch-3-42mm-sede\/#primaryimage"},"thumbnailUrl":"https:\/\/www.letemsvetemapplem.eu\/bazar\/wp-content\/uploads\/2018\/03\/IMG_0489.jpg","articleSection":["Apple Watch Series 3"],"inLanguage":"cs","potentialAction":[{"@type":"CommentAction","name":"Comment","target":["https:\/\/www.letemsvetemapplem.eu\/bazar\/apple-watch-3-42mm-sede\/#respond"]}]},{"@type":"WebPage","@id":"https:\/\/www.letemsvetemapplem.eu\/bazar\/apple-watch-3-42mm-sede\/","url":"https:\/\/www.letemsvetemapplem.eu\/bazar\/apple-watch-3-42mm-sede\/","name":"Apple Watch 3 42mm \/ \u0161ed\u00e9 - Apple bazar","isPartOf":{"@id":"https:\/\/www.letemsvetemapplem.eu\/bazar\/#website"},"primaryImageOfPage":{"@id":"https:\/\/www.letemsvetemapplem.eu\/bazar\/apple-watch-3-42mm-sede\/#primaryimage"},"image":{"@id":"https:\/\/www.letemsvetemapplem.eu\/bazar\/apple-watch-3-42mm-sede\/#primaryimage"},"thumbnailUrl":"https:\/\/www.letemsvetemapplem.eu\/bazar\/wp-content\/uploads\/2018\/03\/IMG_0489.jpg","datePublished":"2018-03-11T12:59:14+00:00","author":{"@id":""},"breadcrumb":{"@id":"https:\/\/www.letemsvetemapplem.eu\/bazar\/apple-watch-3-42mm-sede\/#breadcrumb"},"inLanguage":"cs","potentialAction":[{"@type":"ReadAction","target":["https:\/\/www.letemsvetemapplem.eu\/bazar\/apple-watch-3-42mm-sede\/"]}]},{"@type":"ImageObject","inLanguage":"cs","@id":"https:\/\/www.letemsvetemapplem.eu\/bazar\/apple-watch-3-42mm-sede\/#primaryimage","url":"https:\/\/www.letemsvetemapplem.eu\/bazar\/wp-content\/uploads\/2018\/03\/IMG_0489.jpg","contentUrl":"https:\/\/www.letemsvetemapplem.eu\/bazar\/wp-content\/uploads\/2018\/03\/IMG_0489.jpg","width":1536,"height":2048},{"@type":"BreadcrumbList","@id":"https:\/\/www.letemsvetemapplem.eu\/bazar\/apple-watch-3-42mm-sede\/#breadcrumb","itemListElement":[{"@type":"ListItem","position":1,"name":"Apple Bazar","item":"https:\/\/www.letemsvetemapplem.eu\/bazar\/"},{"@type":"ListItem","position":2,"name":"Apple Watch 3 42mm \/ \u0161ed\u00e9"}]},{"@type":"WebSite","@id":"https:\/\/www.letemsvetemapplem.eu\/bazar\/#website","url":"https:\/\/www.letemsvetemapplem.eu\/bazar\/","name":"Apple bazar","description":"Oou\u017eit\u00e9 Apple produkty za skv\u011bl\u00e9 ceny","potentialAction":[{"@type":"SearchAction","target":{"@type":"EntryPoint","urlTemplate":"https:\/\/www.letemsvetemapplem.eu\/bazar\/?s={search_term_string}"},"query-input":{"@type":"PropertyValueSpecification","valueRequired":true,"valueName":"search_term_string"}}],"inLanguage":"cs"}]}},"_links":{"self":[{"href":"https:\/\/www.letemsvetemapplem.eu\/bazar\/wp-json\/wp\/v2\/posts\/77594","targetHints":{"allow":["GET"]}}],"collection":[{"href":"https:\/\/www.letemsvetemapplem.eu\/bazar\/wp-json\/wp\/v2\/posts"}],"about":[{"href":"https:\/\/www.letemsvetemapplem.eu\/bazar\/wp-json\/wp\/v2\/types\/post"}],"replies":[{"embeddable":true,"href":"https:\/\/www.letemsvetemapplem.eu\/bazar\/wp-json\/wp\/v2\/comments?post=77594"}],"version-history":[{"count":0,"href":"https:\/\/www.letemsvetemapplem.eu\/bazar\/wp-json\/wp\/v2\/posts\/77594\/revisions"}],"wp:featuredmedia":[{"embeddable":true,"href":"https:\/\/www.letemsvetemapplem.eu\/bazar\/wp-json\/wp\/v2\/media\/77595"}],"wp:attachment":[{"href":"https:\/\/www.letemsvetemapplem.eu\/bazar\/wp-json\/wp\/v2\/media?parent=77594"}],"wp:term":[{"taxonomy":"category","embeddable":true,"href":"https:\/\/www.letemsvetemapplem.eu\/bazar\/wp-json\/wp\/v2\/categories?post=77594"},{"taxonomy":"post_tag","embeddable":true,"href":"https:\/\/www.letemsvetemapplem.eu\/bazar\/wp-json\/wp\/v2\/tags?post=77594"}],"curies":[{"name":"wp","href":"https:\/\/api.w.org\/{rel}","templated":true}]}}