{"id":76371,"date":"2018-03-06T06:58:18","date_gmt":"2018-03-06T05:58:18","guid":{"rendered":"https:\/\/www.letemsvetemapplem.eu\/bazar\/?p=76371"},"modified":"2018-03-06T06:58:18","modified_gmt":"2018-03-06T05:58:18","slug":"imac-27-retina-5k-cz","status":"publish","type":"post","link":"https:\/\/www.letemsvetemapplem.eu\/bazar\/imac-27-retina-5k-cz\/","title":{"rendered":"iMac 27&quot; Retina 5K CZ"},"content":{"rendered":"<p>Prod\u00e1m opravdu m\u00e1lo pou\u017e\u00edvan\u00fd All In One PC &#8211; 5120\u00d72880 LED IPS, Intel Quad Core i5 3.3GHz Haswell, RAM 8GB DDR3, AMD Radeon R9 M395 2GB GDDR5, HDD 2TB Fusion Drive, WiFi 802.11ac, Bluetooth 4.0, Webkamera, 4x USB 3.0, 2x Thunderbolt port, SDXC slot, Mini DisplayPort v\u00fdstup, dual-link DVI, bezdr\u00e1tov\u00e1 \u010desk\u00e1 kl\u00e1vesnice, Magic Mouse, macOS. Koupen\u00e1 na Alze 6.9.2016. Je\u0161t\u011b v z\u00e1ruce a v kompletn\u00edm balen\u00ed. Stav nov\u00e9ho.<\/p>\n","protected":false},"excerpt":{"rendered":"<p>Prod\u00e1m opravdu m\u00e1lo pou\u017e\u00edvan\u00fd All In One PC &#8211; 5120\u00d72880 LED IPS, Intel Quad Core i5 3.3GHz Haswell, RAM 8GB DDR3, AMD Radeon R9 M395 2GB GDDR5, HDD 2TB Fusion Drive, WiFi 802.11ac, Bluetooth 4.0, Webkamera, 4x USB 3.0, 2x Thunderbolt port, SDXC slot, Mini DisplayPort v\u00fdstup, dual-link DVI, bezdr\u00e1tov\u00e1 \u010desk\u00e1 kl\u00e1vesnice, Magic Mouse, macOS&#8230;.<\/p>\n","protected":false},"author":0,"featured_media":76372,"comment_status":"open","ping_status":"open","sticky":false,"template":"","format":"standard","meta":{"footnotes":""},"categories":[41],"tags":[],"class_list":["post-76371","post","type-post","status-publish","format-standard","has-post-thumbnail","hentry","category-imac"],"yoast_head":"<!-- This site is optimized with the Yoast SEO plugin v27.2 - https:\/\/yoast.com\/product\/yoast-seo-wordpress\/ -->\n<title>iMac 27&quot; Retina 5K CZ - Apple bazar<\/title>\n<meta name=\"robots\" content=\"index, follow, max-snippet:-1, max-image-preview:large, max-video-preview:-1\" \/>\n<link rel=\"canonical\" href=\"https:\/\/www.letemsvetemapplem.eu\/bazar\/imac-27-retina-5k-cz\/\" \/>\n<meta property=\"og:locale\" content=\"cs_CZ\" \/>\n<meta property=\"og:type\" content=\"article\" \/>\n<meta property=\"og:title\" content=\"iMac 27&quot; Retina 5K CZ - Apple bazar\" \/>\n<meta property=\"og:description\" content=\"Prod\u00e1m opravdu m\u00e1lo pou\u017e\u00edvan\u00fd All In One PC &#8211; 5120\u00d72880 LED IPS, Intel Quad Core i5 3.3GHz Haswell, RAM 8GB DDR3, AMD Radeon R9 M395 2GB GDDR5, HDD 2TB Fusion Drive, WiFi 802.11ac, Bluetooth 4.0, Webkamera, 4x USB 3.0, 2x Thunderbolt port, SDXC slot, Mini DisplayPort v\u00fdstup, dual-link DVI, bezdr\u00e1tov\u00e1 \u010desk\u00e1 kl\u00e1vesnice, Magic Mouse, macOS....\" \/>\n<meta property=\"og:url\" content=\"https:\/\/www.letemsvetemapplem.eu\/bazar\/imac-27-retina-5k-cz\/\" \/>\n<meta property=\"og:site_name\" content=\"Apple bazar\" \/>\n<meta property=\"article:published_time\" content=\"2018-03-06T05:58:18+00:00\" \/>\n<meta property=\"og:image\" content=\"https:\/\/www.letemsvetemapplem.eu\/bazar\/wp-content\/uploads\/2018\/03\/IMG_5605.jpg\" \/>\n\t<meta property=\"og:image:width\" content=\"2842\" \/>\n\t<meta property=\"og:image:height\" content=\"2959\" \/>\n\t<meta property=\"og:image:type\" content=\"image\/jpeg\" \/>\n<meta name=\"twitter:card\" content=\"summary_large_image\" \/>\n<script type=\"application\/ld+json\" class=\"yoast-schema-graph\">{\"@context\":\"https:\/\/schema.org\",\"@graph\":[{\"@type\":\"Article\",\"@id\":\"https:\/\/www.letemsvetemapplem.eu\/bazar\/imac-27-retina-5k-cz\/#article\",\"isPartOf\":{\"@id\":\"https:\/\/www.letemsvetemapplem.eu\/bazar\/imac-27-retina-5k-cz\/\"},\"author\":{\"name\":\"\",\"@id\":\"\"},\"headline\":\"iMac 27&quot; Retina 5K CZ\",\"datePublished\":\"2018-03-06T05:58:18+00:00\",\"mainEntityOfPage\":{\"@id\":\"https:\/\/www.letemsvetemapplem.eu\/bazar\/imac-27-retina-5k-cz\/\"},\"wordCount\":79,\"commentCount\":0,\"image\":{\"@id\":\"https:\/\/www.letemsvetemapplem.eu\/bazar\/imac-27-retina-5k-cz\/#primaryimage\"},\"thumbnailUrl\":\"https:\/\/www.letemsvetemapplem.eu\/bazar\/wp-content\/uploads\/2018\/03\/IMG_5605.jpg\",\"articleSection\":[\"iMac\"],\"inLanguage\":\"cs\",\"potentialAction\":[{\"@type\":\"CommentAction\",\"name\":\"Comment\",\"target\":[\"https:\/\/www.letemsvetemapplem.eu\/bazar\/imac-27-retina-5k-cz\/#respond\"]}]},{\"@type\":\"WebPage\",\"@id\":\"https:\/\/www.letemsvetemapplem.eu\/bazar\/imac-27-retina-5k-cz\/\",\"url\":\"https:\/\/www.letemsvetemapplem.eu\/bazar\/imac-27-retina-5k-cz\/\",\"name\":\"iMac 27&quot; Retina 5K CZ - Apple bazar\",\"isPartOf\":{\"@id\":\"https:\/\/www.letemsvetemapplem.eu\/bazar\/#website\"},\"primaryImageOfPage\":{\"@id\":\"https:\/\/www.letemsvetemapplem.eu\/bazar\/imac-27-retina-5k-cz\/#primaryimage\"},\"image\":{\"@id\":\"https:\/\/www.letemsvetemapplem.eu\/bazar\/imac-27-retina-5k-cz\/#primaryimage\"},\"thumbnailUrl\":\"https:\/\/www.letemsvetemapplem.eu\/bazar\/wp-content\/uploads\/2018\/03\/IMG_5605.jpg\",\"datePublished\":\"2018-03-06T05:58:18+00:00\",\"author\":{\"@id\":\"\"},\"breadcrumb\":{\"@id\":\"https:\/\/www.letemsvetemapplem.eu\/bazar\/imac-27-retina-5k-cz\/#breadcrumb\"},\"inLanguage\":\"cs\",\"potentialAction\":[{\"@type\":\"ReadAction\",\"target\":[\"https:\/\/www.letemsvetemapplem.eu\/bazar\/imac-27-retina-5k-cz\/\"]}]},{\"@type\":\"ImageObject\",\"inLanguage\":\"cs\",\"@id\":\"https:\/\/www.letemsvetemapplem.eu\/bazar\/imac-27-retina-5k-cz\/#primaryimage\",\"url\":\"https:\/\/www.letemsvetemapplem.eu\/bazar\/wp-content\/uploads\/2018\/03\/IMG_5605.jpg\",\"contentUrl\":\"https:\/\/www.letemsvetemapplem.eu\/bazar\/wp-content\/uploads\/2018\/03\/IMG_5605.jpg\",\"width\":2842,\"height\":2959},{\"@type\":\"BreadcrumbList\",\"@id\":\"https:\/\/www.letemsvetemapplem.eu\/bazar\/imac-27-retina-5k-cz\/#breadcrumb\",\"itemListElement\":[{\"@type\":\"ListItem\",\"position\":1,\"name\":\"Apple Bazar\",\"item\":\"https:\/\/www.letemsvetemapplem.eu\/bazar\/\"},{\"@type\":\"ListItem\",\"position\":2,\"name\":\"iMac 27&quot; Retina 5K CZ\"}]},{\"@type\":\"WebSite\",\"@id\":\"https:\/\/www.letemsvetemapplem.eu\/bazar\/#website\",\"url\":\"https:\/\/www.letemsvetemapplem.eu\/bazar\/\",\"name\":\"Apple bazar\",\"description\":\"Oou\u017eit\u00e9 Apple produkty za skv\u011bl\u00e9 ceny\",\"potentialAction\":[{\"@type\":\"SearchAction\",\"target\":{\"@type\":\"EntryPoint\",\"urlTemplate\":\"https:\/\/www.letemsvetemapplem.eu\/bazar\/?s={search_term_string}\"},\"query-input\":{\"@type\":\"PropertyValueSpecification\",\"valueRequired\":true,\"valueName\":\"search_term_string\"}}],\"inLanguage\":\"cs\"}]}<\/script>\n<!-- \/ Yoast SEO plugin. -->","yoast_head_json":{"title":"iMac 27&quot; Retina 5K CZ - Apple bazar","robots":{"index":"index","follow":"follow","max-snippet":"max-snippet:-1","max-image-preview":"max-image-preview:large","max-video-preview":"max-video-preview:-1"},"canonical":"https:\/\/www.letemsvetemapplem.eu\/bazar\/imac-27-retina-5k-cz\/","og_locale":"cs_CZ","og_type":"article","og_title":"iMac 27&quot; Retina 5K CZ - Apple bazar","og_description":"Prod\u00e1m opravdu m\u00e1lo pou\u017e\u00edvan\u00fd All In One PC &#8211; 5120\u00d72880 LED IPS, Intel Quad Core i5 3.3GHz Haswell, RAM 8GB DDR3, AMD Radeon R9 M395 2GB GDDR5, HDD 2TB Fusion Drive, WiFi 802.11ac, Bluetooth 4.0, Webkamera, 4x USB 3.0, 2x Thunderbolt port, SDXC slot, Mini DisplayPort v\u00fdstup, dual-link DVI, bezdr\u00e1tov\u00e1 \u010desk\u00e1 kl\u00e1vesnice, Magic Mouse, macOS....","og_url":"https:\/\/www.letemsvetemapplem.eu\/bazar\/imac-27-retina-5k-cz\/","og_site_name":"Apple bazar","article_published_time":"2018-03-06T05:58:18+00:00","og_image":[{"width":2842,"height":2959,"url":"https:\/\/www.letemsvetemapplem.eu\/bazar\/wp-content\/uploads\/2018\/03\/IMG_5605.jpg","type":"image\/jpeg"}],"twitter_card":"summary_large_image","schema":{"@context":"https:\/\/schema.org","@graph":[{"@type":"Article","@id":"https:\/\/www.letemsvetemapplem.eu\/bazar\/imac-27-retina-5k-cz\/#article","isPartOf":{"@id":"https:\/\/www.letemsvetemapplem.eu\/bazar\/imac-27-retina-5k-cz\/"},"author":{"name":"","@id":""},"headline":"iMac 27&quot; Retina 5K CZ","datePublished":"2018-03-06T05:58:18+00:00","mainEntityOfPage":{"@id":"https:\/\/www.letemsvetemapplem.eu\/bazar\/imac-27-retina-5k-cz\/"},"wordCount":79,"commentCount":0,"image":{"@id":"https:\/\/www.letemsvetemapplem.eu\/bazar\/imac-27-retina-5k-cz\/#primaryimage"},"thumbnailUrl":"https:\/\/www.letemsvetemapplem.eu\/bazar\/wp-content\/uploads\/2018\/03\/IMG_5605.jpg","articleSection":["iMac"],"inLanguage":"cs","potentialAction":[{"@type":"CommentAction","name":"Comment","target":["https:\/\/www.letemsvetemapplem.eu\/bazar\/imac-27-retina-5k-cz\/#respond"]}]},{"@type":"WebPage","@id":"https:\/\/www.letemsvetemapplem.eu\/bazar\/imac-27-retina-5k-cz\/","url":"https:\/\/www.letemsvetemapplem.eu\/bazar\/imac-27-retina-5k-cz\/","name":"iMac 27&quot; Retina 5K CZ - Apple bazar","isPartOf":{"@id":"https:\/\/www.letemsvetemapplem.eu\/bazar\/#website"},"primaryImageOfPage":{"@id":"https:\/\/www.letemsvetemapplem.eu\/bazar\/imac-27-retina-5k-cz\/#primaryimage"},"image":{"@id":"https:\/\/www.letemsvetemapplem.eu\/bazar\/imac-27-retina-5k-cz\/#primaryimage"},"thumbnailUrl":"https:\/\/www.letemsvetemapplem.eu\/bazar\/wp-content\/uploads\/2018\/03\/IMG_5605.jpg","datePublished":"2018-03-06T05:58:18+00:00","author":{"@id":""},"breadcrumb":{"@id":"https:\/\/www.letemsvetemapplem.eu\/bazar\/imac-27-retina-5k-cz\/#breadcrumb"},"inLanguage":"cs","potentialAction":[{"@type":"ReadAction","target":["https:\/\/www.letemsvetemapplem.eu\/bazar\/imac-27-retina-5k-cz\/"]}]},{"@type":"ImageObject","inLanguage":"cs","@id":"https:\/\/www.letemsvetemapplem.eu\/bazar\/imac-27-retina-5k-cz\/#primaryimage","url":"https:\/\/www.letemsvetemapplem.eu\/bazar\/wp-content\/uploads\/2018\/03\/IMG_5605.jpg","contentUrl":"https:\/\/www.letemsvetemapplem.eu\/bazar\/wp-content\/uploads\/2018\/03\/IMG_5605.jpg","width":2842,"height":2959},{"@type":"BreadcrumbList","@id":"https:\/\/www.letemsvetemapplem.eu\/bazar\/imac-27-retina-5k-cz\/#breadcrumb","itemListElement":[{"@type":"ListItem","position":1,"name":"Apple Bazar","item":"https:\/\/www.letemsvetemapplem.eu\/bazar\/"},{"@type":"ListItem","position":2,"name":"iMac 27&quot; Retina 5K CZ"}]},{"@type":"WebSite","@id":"https:\/\/www.letemsvetemapplem.eu\/bazar\/#website","url":"https:\/\/www.letemsvetemapplem.eu\/bazar\/","name":"Apple bazar","description":"Oou\u017eit\u00e9 Apple produkty za skv\u011bl\u00e9 ceny","potentialAction":[{"@type":"SearchAction","target":{"@type":"EntryPoint","urlTemplate":"https:\/\/www.letemsvetemapplem.eu\/bazar\/?s={search_term_string}"},"query-input":{"@type":"PropertyValueSpecification","valueRequired":true,"valueName":"search_term_string"}}],"inLanguage":"cs"}]}},"_links":{"self":[{"href":"https:\/\/www.letemsvetemapplem.eu\/bazar\/wp-json\/wp\/v2\/posts\/76371","targetHints":{"allow":["GET"]}}],"collection":[{"href":"https:\/\/www.letemsvetemapplem.eu\/bazar\/wp-json\/wp\/v2\/posts"}],"about":[{"href":"https:\/\/www.letemsvetemapplem.eu\/bazar\/wp-json\/wp\/v2\/types\/post"}],"replies":[{"embeddable":true,"href":"https:\/\/www.letemsvetemapplem.eu\/bazar\/wp-json\/wp\/v2\/comments?post=76371"}],"version-history":[{"count":0,"href":"https:\/\/www.letemsvetemapplem.eu\/bazar\/wp-json\/wp\/v2\/posts\/76371\/revisions"}],"wp:featuredmedia":[{"embeddable":true,"href":"https:\/\/www.letemsvetemapplem.eu\/bazar\/wp-json\/wp\/v2\/media\/76372"}],"wp:attachment":[{"href":"https:\/\/www.letemsvetemapplem.eu\/bazar\/wp-json\/wp\/v2\/media?parent=76371"}],"wp:term":[{"taxonomy":"category","embeddable":true,"href":"https:\/\/www.letemsvetemapplem.eu\/bazar\/wp-json\/wp\/v2\/categories?post=76371"},{"taxonomy":"post_tag","embeddable":true,"href":"https:\/\/www.letemsvetemapplem.eu\/bazar\/wp-json\/wp\/v2\/tags?post=76371"}],"curies":[{"name":"wp","href":"https:\/\/api.w.org\/{rel}","templated":true}]}}