{"id":75410,"date":"2018-03-01T09:28:55","date_gmt":"2018-03-01T08:28:55","guid":{"rendered":"https:\/\/www.letemsvetemapplem.eu\/bazar\/?p=75410"},"modified":"2018-03-01T09:28:55","modified_gmt":"2018-03-01T08:28:55","slug":"imac-27-model-2017","status":"publish","type":"post","link":"https:\/\/www.letemsvetemapplem.eu\/bazar\/imac-27-model-2017\/","title":{"rendered":"iMac 27&quot; model 2017"},"content":{"rendered":"<p>Prod\u00e1m All In One PC &#8211; 5120\u00d72880 LED IPS, Intel Quad Core i5 3,4GHz Kaby Lake, RAM 8GB DDR4, AMD Radeon Pro 570 4GB, 1TB Fusion Drive, WiFi 802.11ac, Bluetooth 4.2, Webkamera, 4x USB 3.0, 2x USB-C 3.1 Gen2 Thunderbolt 3, SDXC slot, Magic Keyboard, Magic Mouse 2, macOS High Sierra<\/p>\n<p>Kupov\u00e1n 7\/2017, model s inovovan\u00fdm retina panelem (2017), prod\u00e1v\u00e1m z d\u016fvodu pot\u0159eby notebooku kv\u016fli mobilit\u011b a iMac je pou\u017e\u00edv\u00e1n minim\u00e1ln\u011b, z\u00e1ruka do 7\/2019, faktura a p\u0159\u00edslu\u0161enstv\u00ed samoz\u0159ejmost\u00ed, cena p\u0159\u00edpadn\u011b k jedn\u00e1n\u00ed<\/p>\n<p>Mo\u017enost v\u00fdm\u011bny za MacBook PRO 13&quot; Space Gray (minim\u00e1n\u011b rok 2017) &#8211; podm\u00ednkou \u010desk\u00e1 distribuce a faktura\/z\u00e1ru\u010dn\u00ed list<\/p>\n","protected":false},"excerpt":{"rendered":"<p>Prod\u00e1m All In One PC &#8211; 5120\u00d72880 LED IPS, Intel Quad Core i5 3,4GHz Kaby Lake, RAM 8GB DDR4, AMD Radeon Pro 570 4GB, 1TB Fusion Drive, WiFi 802.11ac, Bluetooth 4.2, Webkamera, 4x USB 3.0, 2x USB-C 3.1 Gen2 Thunderbolt 3, SDXC slot, Magic Keyboard, Magic Mouse 2, macOS High Sierra Kupov\u00e1n 7\/2017, model s&#8230;<\/p>\n","protected":false},"author":0,"featured_media":75411,"comment_status":"open","ping_status":"open","sticky":false,"template":"","format":"standard","meta":{"footnotes":""},"categories":[41],"tags":[],"class_list":["post-75410","post","type-post","status-publish","format-standard","has-post-thumbnail","hentry","category-imac"],"yoast_head":"<!-- This site is optimized with the Yoast SEO plugin v27.2 - https:\/\/yoast.com\/product\/yoast-seo-wordpress\/ -->\n<title>iMac 27&quot; model 2017 - Apple bazar<\/title>\n<meta name=\"robots\" content=\"index, follow, max-snippet:-1, max-image-preview:large, max-video-preview:-1\" \/>\n<link rel=\"canonical\" href=\"https:\/\/www.letemsvetemapplem.eu\/bazar\/imac-27-model-2017\/\" \/>\n<meta property=\"og:locale\" content=\"cs_CZ\" \/>\n<meta property=\"og:type\" content=\"article\" \/>\n<meta property=\"og:title\" content=\"iMac 27&quot; model 2017 - Apple bazar\" \/>\n<meta property=\"og:description\" content=\"Prod\u00e1m All In One PC &#8211; 5120\u00d72880 LED IPS, Intel Quad Core i5 3,4GHz Kaby Lake, RAM 8GB DDR4, AMD Radeon Pro 570 4GB, 1TB Fusion Drive, WiFi 802.11ac, Bluetooth 4.2, Webkamera, 4x USB 3.0, 2x USB-C 3.1 Gen2 Thunderbolt 3, SDXC slot, Magic Keyboard, Magic Mouse 2, macOS High Sierra Kupov\u00e1n 7\/2017, model s...\" \/>\n<meta property=\"og:url\" content=\"https:\/\/www.letemsvetemapplem.eu\/bazar\/imac-27-model-2017\/\" \/>\n<meta property=\"og:site_name\" content=\"Apple bazar\" \/>\n<meta property=\"article:published_time\" content=\"2018-03-01T08:28:55+00:00\" \/>\n<meta property=\"og:image\" content=\"https:\/\/www.letemsvetemapplem.eu\/bazar\/wp-content\/uploads\/2018\/03\/mac.jpeg\" \/>\n\t<meta property=\"og:image:width\" content=\"4032\" \/>\n\t<meta property=\"og:image:height\" content=\"1960\" \/>\n\t<meta property=\"og:image:type\" content=\"image\/jpeg\" \/>\n<meta name=\"twitter:card\" content=\"summary_large_image\" \/>\n<script type=\"application\/ld+json\" class=\"yoast-schema-graph\">{\"@context\":\"https:\/\/schema.org\",\"@graph\":[{\"@type\":\"Article\",\"@id\":\"https:\/\/www.letemsvetemapplem.eu\/bazar\/imac-27-model-2017\/#article\",\"isPartOf\":{\"@id\":\"https:\/\/www.letemsvetemapplem.eu\/bazar\/imac-27-model-2017\/\"},\"author\":{\"name\":\"\",\"@id\":\"\"},\"headline\":\"iMac 27&quot; model 2017\",\"datePublished\":\"2018-03-01T08:28:55+00:00\",\"mainEntityOfPage\":{\"@id\":\"https:\/\/www.letemsvetemapplem.eu\/bazar\/imac-27-model-2017\/\"},\"wordCount\":117,\"commentCount\":0,\"image\":{\"@id\":\"https:\/\/www.letemsvetemapplem.eu\/bazar\/imac-27-model-2017\/#primaryimage\"},\"thumbnailUrl\":\"https:\/\/www.letemsvetemapplem.eu\/bazar\/wp-content\/uploads\/2018\/03\/mac.jpeg\",\"articleSection\":[\"iMac\"],\"inLanguage\":\"cs\",\"potentialAction\":[{\"@type\":\"CommentAction\",\"name\":\"Comment\",\"target\":[\"https:\/\/www.letemsvetemapplem.eu\/bazar\/imac-27-model-2017\/#respond\"]}]},{\"@type\":\"WebPage\",\"@id\":\"https:\/\/www.letemsvetemapplem.eu\/bazar\/imac-27-model-2017\/\",\"url\":\"https:\/\/www.letemsvetemapplem.eu\/bazar\/imac-27-model-2017\/\",\"name\":\"iMac 27&quot; model 2017 - Apple bazar\",\"isPartOf\":{\"@id\":\"https:\/\/www.letemsvetemapplem.eu\/bazar\/#website\"},\"primaryImageOfPage\":{\"@id\":\"https:\/\/www.letemsvetemapplem.eu\/bazar\/imac-27-model-2017\/#primaryimage\"},\"image\":{\"@id\":\"https:\/\/www.letemsvetemapplem.eu\/bazar\/imac-27-model-2017\/#primaryimage\"},\"thumbnailUrl\":\"https:\/\/www.letemsvetemapplem.eu\/bazar\/wp-content\/uploads\/2018\/03\/mac.jpeg\",\"datePublished\":\"2018-03-01T08:28:55+00:00\",\"author\":{\"@id\":\"\"},\"breadcrumb\":{\"@id\":\"https:\/\/www.letemsvetemapplem.eu\/bazar\/imac-27-model-2017\/#breadcrumb\"},\"inLanguage\":\"cs\",\"potentialAction\":[{\"@type\":\"ReadAction\",\"target\":[\"https:\/\/www.letemsvetemapplem.eu\/bazar\/imac-27-model-2017\/\"]}]},{\"@type\":\"ImageObject\",\"inLanguage\":\"cs\",\"@id\":\"https:\/\/www.letemsvetemapplem.eu\/bazar\/imac-27-model-2017\/#primaryimage\",\"url\":\"https:\/\/www.letemsvetemapplem.eu\/bazar\/wp-content\/uploads\/2018\/03\/mac.jpeg\",\"contentUrl\":\"https:\/\/www.letemsvetemapplem.eu\/bazar\/wp-content\/uploads\/2018\/03\/mac.jpeg\",\"width\":4032,\"height\":1960},{\"@type\":\"BreadcrumbList\",\"@id\":\"https:\/\/www.letemsvetemapplem.eu\/bazar\/imac-27-model-2017\/#breadcrumb\",\"itemListElement\":[{\"@type\":\"ListItem\",\"position\":1,\"name\":\"Apple Bazar\",\"item\":\"https:\/\/www.letemsvetemapplem.eu\/bazar\/\"},{\"@type\":\"ListItem\",\"position\":2,\"name\":\"iMac 27&quot; model 2017\"}]},{\"@type\":\"WebSite\",\"@id\":\"https:\/\/www.letemsvetemapplem.eu\/bazar\/#website\",\"url\":\"https:\/\/www.letemsvetemapplem.eu\/bazar\/\",\"name\":\"Apple bazar\",\"description\":\"Oou\u017eit\u00e9 Apple produkty za skv\u011bl\u00e9 ceny\",\"potentialAction\":[{\"@type\":\"SearchAction\",\"target\":{\"@type\":\"EntryPoint\",\"urlTemplate\":\"https:\/\/www.letemsvetemapplem.eu\/bazar\/?s={search_term_string}\"},\"query-input\":{\"@type\":\"PropertyValueSpecification\",\"valueRequired\":true,\"valueName\":\"search_term_string\"}}],\"inLanguage\":\"cs\"}]}<\/script>\n<!-- \/ Yoast SEO plugin. -->","yoast_head_json":{"title":"iMac 27&quot; model 2017 - Apple bazar","robots":{"index":"index","follow":"follow","max-snippet":"max-snippet:-1","max-image-preview":"max-image-preview:large","max-video-preview":"max-video-preview:-1"},"canonical":"https:\/\/www.letemsvetemapplem.eu\/bazar\/imac-27-model-2017\/","og_locale":"cs_CZ","og_type":"article","og_title":"iMac 27&quot; model 2017 - Apple bazar","og_description":"Prod\u00e1m All In One PC &#8211; 5120\u00d72880 LED IPS, Intel Quad Core i5 3,4GHz Kaby Lake, RAM 8GB DDR4, AMD Radeon Pro 570 4GB, 1TB Fusion Drive, WiFi 802.11ac, Bluetooth 4.2, Webkamera, 4x USB 3.0, 2x USB-C 3.1 Gen2 Thunderbolt 3, SDXC slot, Magic Keyboard, Magic Mouse 2, macOS High Sierra Kupov\u00e1n 7\/2017, model s...","og_url":"https:\/\/www.letemsvetemapplem.eu\/bazar\/imac-27-model-2017\/","og_site_name":"Apple bazar","article_published_time":"2018-03-01T08:28:55+00:00","og_image":[{"width":4032,"height":1960,"url":"https:\/\/www.letemsvetemapplem.eu\/bazar\/wp-content\/uploads\/2018\/03\/mac.jpeg","type":"image\/jpeg"}],"twitter_card":"summary_large_image","schema":{"@context":"https:\/\/schema.org","@graph":[{"@type":"Article","@id":"https:\/\/www.letemsvetemapplem.eu\/bazar\/imac-27-model-2017\/#article","isPartOf":{"@id":"https:\/\/www.letemsvetemapplem.eu\/bazar\/imac-27-model-2017\/"},"author":{"name":"","@id":""},"headline":"iMac 27&quot; model 2017","datePublished":"2018-03-01T08:28:55+00:00","mainEntityOfPage":{"@id":"https:\/\/www.letemsvetemapplem.eu\/bazar\/imac-27-model-2017\/"},"wordCount":117,"commentCount":0,"image":{"@id":"https:\/\/www.letemsvetemapplem.eu\/bazar\/imac-27-model-2017\/#primaryimage"},"thumbnailUrl":"https:\/\/www.letemsvetemapplem.eu\/bazar\/wp-content\/uploads\/2018\/03\/mac.jpeg","articleSection":["iMac"],"inLanguage":"cs","potentialAction":[{"@type":"CommentAction","name":"Comment","target":["https:\/\/www.letemsvetemapplem.eu\/bazar\/imac-27-model-2017\/#respond"]}]},{"@type":"WebPage","@id":"https:\/\/www.letemsvetemapplem.eu\/bazar\/imac-27-model-2017\/","url":"https:\/\/www.letemsvetemapplem.eu\/bazar\/imac-27-model-2017\/","name":"iMac 27&quot; model 2017 - Apple bazar","isPartOf":{"@id":"https:\/\/www.letemsvetemapplem.eu\/bazar\/#website"},"primaryImageOfPage":{"@id":"https:\/\/www.letemsvetemapplem.eu\/bazar\/imac-27-model-2017\/#primaryimage"},"image":{"@id":"https:\/\/www.letemsvetemapplem.eu\/bazar\/imac-27-model-2017\/#primaryimage"},"thumbnailUrl":"https:\/\/www.letemsvetemapplem.eu\/bazar\/wp-content\/uploads\/2018\/03\/mac.jpeg","datePublished":"2018-03-01T08:28:55+00:00","author":{"@id":""},"breadcrumb":{"@id":"https:\/\/www.letemsvetemapplem.eu\/bazar\/imac-27-model-2017\/#breadcrumb"},"inLanguage":"cs","potentialAction":[{"@type":"ReadAction","target":["https:\/\/www.letemsvetemapplem.eu\/bazar\/imac-27-model-2017\/"]}]},{"@type":"ImageObject","inLanguage":"cs","@id":"https:\/\/www.letemsvetemapplem.eu\/bazar\/imac-27-model-2017\/#primaryimage","url":"https:\/\/www.letemsvetemapplem.eu\/bazar\/wp-content\/uploads\/2018\/03\/mac.jpeg","contentUrl":"https:\/\/www.letemsvetemapplem.eu\/bazar\/wp-content\/uploads\/2018\/03\/mac.jpeg","width":4032,"height":1960},{"@type":"BreadcrumbList","@id":"https:\/\/www.letemsvetemapplem.eu\/bazar\/imac-27-model-2017\/#breadcrumb","itemListElement":[{"@type":"ListItem","position":1,"name":"Apple Bazar","item":"https:\/\/www.letemsvetemapplem.eu\/bazar\/"},{"@type":"ListItem","position":2,"name":"iMac 27&quot; model 2017"}]},{"@type":"WebSite","@id":"https:\/\/www.letemsvetemapplem.eu\/bazar\/#website","url":"https:\/\/www.letemsvetemapplem.eu\/bazar\/","name":"Apple bazar","description":"Oou\u017eit\u00e9 Apple produkty za skv\u011bl\u00e9 ceny","potentialAction":[{"@type":"SearchAction","target":{"@type":"EntryPoint","urlTemplate":"https:\/\/www.letemsvetemapplem.eu\/bazar\/?s={search_term_string}"},"query-input":{"@type":"PropertyValueSpecification","valueRequired":true,"valueName":"search_term_string"}}],"inLanguage":"cs"}]}},"_links":{"self":[{"href":"https:\/\/www.letemsvetemapplem.eu\/bazar\/wp-json\/wp\/v2\/posts\/75410","targetHints":{"allow":["GET"]}}],"collection":[{"href":"https:\/\/www.letemsvetemapplem.eu\/bazar\/wp-json\/wp\/v2\/posts"}],"about":[{"href":"https:\/\/www.letemsvetemapplem.eu\/bazar\/wp-json\/wp\/v2\/types\/post"}],"replies":[{"embeddable":true,"href":"https:\/\/www.letemsvetemapplem.eu\/bazar\/wp-json\/wp\/v2\/comments?post=75410"}],"version-history":[{"count":0,"href":"https:\/\/www.letemsvetemapplem.eu\/bazar\/wp-json\/wp\/v2\/posts\/75410\/revisions"}],"wp:featuredmedia":[{"embeddable":true,"href":"https:\/\/www.letemsvetemapplem.eu\/bazar\/wp-json\/wp\/v2\/media\/75411"}],"wp:attachment":[{"href":"https:\/\/www.letemsvetemapplem.eu\/bazar\/wp-json\/wp\/v2\/media?parent=75410"}],"wp:term":[{"taxonomy":"category","embeddable":true,"href":"https:\/\/www.letemsvetemapplem.eu\/bazar\/wp-json\/wp\/v2\/categories?post=75410"},{"taxonomy":"post_tag","embeddable":true,"href":"https:\/\/www.letemsvetemapplem.eu\/bazar\/wp-json\/wp\/v2\/tags?post=75410"}],"curies":[{"name":"wp","href":"https:\/\/api.w.org\/{rel}","templated":true}]}}