{"id":7175,"date":"2016-10-13T19:40:50","date_gmt":"2016-10-13T18:40:50","guid":{"rendered":"https:\/\/www.letemsvetemapplem.eu\/bazar\/?p=7175"},"modified":"2016-10-19T18:56:52","modified_gmt":"2016-10-19T17:56:52","slug":"27palcovy-imac-s-retina-5k-novy-model","status":"publish","type":"post","link":"https:\/\/www.letemsvetemapplem.eu\/bazar\/27palcovy-imac-s-retina-5k-novy-model\/","title":{"rendered":"27palcov\u00fd iMac s Retina 5K NOV\u00dd MODEL"},"content":{"rendered":"<p>&lt;p&gt;&lt;p&gt;Prod\u00e1m iMac koupen\u00fd v \u0159\u00edjnu 2015, tedy nejnov\u011bj\u0161\u00ed model stav\u011bn\u00fd na zak\u00e1zku. Bez jak\u00fdchkoliv z\u00e1vad a od\u011brek.&lt;br \/&gt;&lt;br \/&gt;<br \/>\n\u0160lape jak m\u00e1. D\u016fvod prodeje je ro\u010dn\u00ed cesta do zahrani\u010d\u00ed. K iMacu ve\u0161ker\u00e9 p\u0159\u00edslu\u0161enstv\u00ed a origin\u00e1ln\u00ed balen\u00ed.&lt;br \/&gt;&lt;br \/&gt;<br \/>\nKoupen\u00fd na firmu tedy mo\u017en\u00fd odpo\u010det DPH. Cena v\u010detn\u011b DPH 69000 K\u010d&lt;\/p&gt;&lt;br \/&gt;<br \/>\n&lt;p&gt;Processor: 3.3GHz Quad-core Intel Core i5, Turbo Boost up to 3.9GHz&lt;br \/&gt;&lt;br \/&gt;<br \/>\nPam\u011b\u0165: 16GB 1867MHz LPDDR3 SDRAM \u2013 2x8GB&lt;br \/&gt;&lt;br \/&gt;<br \/>\n\u00dalo\u017ei\u0161t\u011b: 2TB Fusion Drive&lt;br \/&gt;&lt;br \/&gt;<br \/>\nGrafika: AMD Radeon R9 M395X with 4GB GDDR5&lt;br \/&gt;&lt;br \/&gt;<br \/>\nP\u0159\u00edslu\u0161enstv\u00ed: Apple Magic Trackpad 2, Apple Magic Keyboard (Czech) a Apple Magic Mouse&lt;\/p&gt;&lt;\/p&gt;<\/p>\n","protected":false},"excerpt":{"rendered":"<p>&lt;p&gt;&lt;p&gt;Prod\u00e1m iMac koupen\u00fd v \u0159\u00edjnu 2015, tedy nejnov\u011bj\u0161\u00ed model stav\u011bn\u00fd na zak\u00e1zku. Bez jak\u00fdchkoliv z\u00e1vad a od\u011brek.&lt;br \/&gt;&lt;br \/&gt; \u0160lape jak m\u00e1. D\u016fvod prodeje je ro\u010dn\u00ed cesta do zahrani\u010d\u00ed. K iMacu ve\u0161ker\u00e9 p\u0159\u00edslu\u0161enstv\u00ed a origin\u00e1ln\u00ed balen\u00ed.&lt;br \/&gt;&lt;br \/&gt; Koupen\u00fd na firmu tedy mo\u017en\u00fd odpo\u010det DPH. Cena v\u010detn\u011b DPH 69000 K\u010d&lt;\/p&gt;&lt;br \/&gt; &lt;p&gt;Processor: 3.3GHz Quad-core Intel&#8230;<\/p>\n","protected":false},"author":0,"featured_media":7176,"comment_status":"open","ping_status":"open","sticky":false,"template":"","format":"standard","meta":{"footnotes":""},"categories":[41],"tags":[77],"class_list":["post-7175","post","type-post","status-publish","format-standard","has-post-thumbnail","hentry","category-imac","tag-imac"],"yoast_head":"<!-- This site is optimized with the Yoast SEO plugin v27.2 - https:\/\/yoast.com\/product\/yoast-seo-wordpress\/ -->\n<title>27palcov\u00fd iMac s Retina 5K NOV\u00dd MODEL - Apple bazar<\/title>\n<meta name=\"robots\" content=\"index, follow, max-snippet:-1, max-image-preview:large, max-video-preview:-1\" \/>\n<link rel=\"canonical\" href=\"https:\/\/www.letemsvetemapplem.eu\/bazar\/27palcovy-imac-s-retina-5k-novy-model\/\" \/>\n<meta property=\"og:locale\" content=\"cs_CZ\" \/>\n<meta property=\"og:type\" content=\"article\" \/>\n<meta property=\"og:title\" content=\"27palcov\u00fd iMac s Retina 5K NOV\u00dd MODEL - Apple bazar\" \/>\n<meta property=\"og:description\" content=\"&lt;p&gt;&lt;p&gt;Prod\u00e1m iMac koupen\u00fd v \u0159\u00edjnu 2015, tedy nejnov\u011bj\u0161\u00ed model stav\u011bn\u00fd na zak\u00e1zku. Bez jak\u00fdchkoliv z\u00e1vad a od\u011brek.&lt;br \/&gt;&lt;br \/&gt; \u0160lape jak m\u00e1. D\u016fvod prodeje je ro\u010dn\u00ed cesta do zahrani\u010d\u00ed. K iMacu ve\u0161ker\u00e9 p\u0159\u00edslu\u0161enstv\u00ed a origin\u00e1ln\u00ed balen\u00ed.&lt;br \/&gt;&lt;br \/&gt; Koupen\u00fd na firmu tedy mo\u017en\u00fd odpo\u010det DPH. Cena v\u010detn\u011b DPH 69000 K\u010d&lt;\/p&gt;&lt;br \/&gt; &lt;p&gt;Processor: 3.3GHz Quad-core Intel...\" \/>\n<meta property=\"og:url\" content=\"https:\/\/www.letemsvetemapplem.eu\/bazar\/27palcovy-imac-s-retina-5k-novy-model\/\" \/>\n<meta property=\"og:site_name\" content=\"Apple bazar\" \/>\n<meta property=\"article:published_time\" content=\"2016-10-13T18:40:50+00:00\" \/>\n<meta property=\"article:modified_time\" content=\"2016-10-19T17:56:52+00:00\" \/>\n<meta property=\"og:image\" content=\"https:\/\/www.letemsvetemapplem.eu\/bazar\/wp-content\/uploads\/2016\/10\/IMG_4890.jpg\" \/>\n\t<meta property=\"og:image:width\" content=\"1400\" \/>\n\t<meta property=\"og:image:height\" content=\"1050\" \/>\n\t<meta property=\"og:image:type\" content=\"image\/jpeg\" \/>\n<meta name=\"twitter:card\" content=\"summary_large_image\" \/>\n<script type=\"application\/ld+json\" class=\"yoast-schema-graph\">{\"@context\":\"https:\/\/schema.org\",\"@graph\":[{\"@type\":\"Article\",\"@id\":\"https:\/\/www.letemsvetemapplem.eu\/bazar\/27palcovy-imac-s-retina-5k-novy-model\/#article\",\"isPartOf\":{\"@id\":\"https:\/\/www.letemsvetemapplem.eu\/bazar\/27palcovy-imac-s-retina-5k-novy-model\/\"},\"author\":{\"name\":\"\",\"@id\":\"\"},\"headline\":\"27palcov\u00fd iMac s Retina 5K NOV\u00dd MODEL\",\"datePublished\":\"2016-10-13T18:40:50+00:00\",\"dateModified\":\"2016-10-19T17:56:52+00:00\",\"mainEntityOfPage\":{\"@id\":\"https:\/\/www.letemsvetemapplem.eu\/bazar\/27palcovy-imac-s-retina-5k-novy-model\/\"},\"wordCount\":171,\"commentCount\":0,\"image\":{\"@id\":\"https:\/\/www.letemsvetemapplem.eu\/bazar\/27palcovy-imac-s-retina-5k-novy-model\/#primaryimage\"},\"thumbnailUrl\":\"https:\/\/www.letemsvetemapplem.eu\/bazar\/wp-content\/uploads\/2016\/10\/IMG_4890.jpg\",\"keywords\":[\"iMac\"],\"articleSection\":[\"iMac\"],\"inLanguage\":\"cs\",\"potentialAction\":[{\"@type\":\"CommentAction\",\"name\":\"Comment\",\"target\":[\"https:\/\/www.letemsvetemapplem.eu\/bazar\/27palcovy-imac-s-retina-5k-novy-model\/#respond\"]}]},{\"@type\":\"WebPage\",\"@id\":\"https:\/\/www.letemsvetemapplem.eu\/bazar\/27palcovy-imac-s-retina-5k-novy-model\/\",\"url\":\"https:\/\/www.letemsvetemapplem.eu\/bazar\/27palcovy-imac-s-retina-5k-novy-model\/\",\"name\":\"27palcov\u00fd iMac s Retina 5K NOV\u00dd MODEL - Apple bazar\",\"isPartOf\":{\"@id\":\"https:\/\/www.letemsvetemapplem.eu\/bazar\/#website\"},\"primaryImageOfPage\":{\"@id\":\"https:\/\/www.letemsvetemapplem.eu\/bazar\/27palcovy-imac-s-retina-5k-novy-model\/#primaryimage\"},\"image\":{\"@id\":\"https:\/\/www.letemsvetemapplem.eu\/bazar\/27palcovy-imac-s-retina-5k-novy-model\/#primaryimage\"},\"thumbnailUrl\":\"https:\/\/www.letemsvetemapplem.eu\/bazar\/wp-content\/uploads\/2016\/10\/IMG_4890.jpg\",\"datePublished\":\"2016-10-13T18:40:50+00:00\",\"dateModified\":\"2016-10-19T17:56:52+00:00\",\"author\":{\"@id\":\"\"},\"breadcrumb\":{\"@id\":\"https:\/\/www.letemsvetemapplem.eu\/bazar\/27palcovy-imac-s-retina-5k-novy-model\/#breadcrumb\"},\"inLanguage\":\"cs\",\"potentialAction\":[{\"@type\":\"ReadAction\",\"target\":[\"https:\/\/www.letemsvetemapplem.eu\/bazar\/27palcovy-imac-s-retina-5k-novy-model\/\"]}]},{\"@type\":\"ImageObject\",\"inLanguage\":\"cs\",\"@id\":\"https:\/\/www.letemsvetemapplem.eu\/bazar\/27palcovy-imac-s-retina-5k-novy-model\/#primaryimage\",\"url\":\"https:\/\/www.letemsvetemapplem.eu\/bazar\/wp-content\/uploads\/2016\/10\/IMG_4890.jpg\",\"contentUrl\":\"https:\/\/www.letemsvetemapplem.eu\/bazar\/wp-content\/uploads\/2016\/10\/IMG_4890.jpg\",\"width\":1400,\"height\":1050},{\"@type\":\"BreadcrumbList\",\"@id\":\"https:\/\/www.letemsvetemapplem.eu\/bazar\/27palcovy-imac-s-retina-5k-novy-model\/#breadcrumb\",\"itemListElement\":[{\"@type\":\"ListItem\",\"position\":1,\"name\":\"Apple Bazar\",\"item\":\"https:\/\/www.letemsvetemapplem.eu\/bazar\/\"},{\"@type\":\"ListItem\",\"position\":2,\"name\":\"27palcov\u00fd iMac s Retina 5K NOV\u00dd MODEL\"}]},{\"@type\":\"WebSite\",\"@id\":\"https:\/\/www.letemsvetemapplem.eu\/bazar\/#website\",\"url\":\"https:\/\/www.letemsvetemapplem.eu\/bazar\/\",\"name\":\"Apple bazar\",\"description\":\"Oou\u017eit\u00e9 Apple produkty za skv\u011bl\u00e9 ceny\",\"potentialAction\":[{\"@type\":\"SearchAction\",\"target\":{\"@type\":\"EntryPoint\",\"urlTemplate\":\"https:\/\/www.letemsvetemapplem.eu\/bazar\/?s={search_term_string}\"},\"query-input\":{\"@type\":\"PropertyValueSpecification\",\"valueRequired\":true,\"valueName\":\"search_term_string\"}}],\"inLanguage\":\"cs\"}]}<\/script>\n<!-- \/ Yoast SEO plugin. -->","yoast_head_json":{"title":"27palcov\u00fd iMac s Retina 5K NOV\u00dd MODEL - Apple bazar","robots":{"index":"index","follow":"follow","max-snippet":"max-snippet:-1","max-image-preview":"max-image-preview:large","max-video-preview":"max-video-preview:-1"},"canonical":"https:\/\/www.letemsvetemapplem.eu\/bazar\/27palcovy-imac-s-retina-5k-novy-model\/","og_locale":"cs_CZ","og_type":"article","og_title":"27palcov\u00fd iMac s Retina 5K NOV\u00dd MODEL - Apple bazar","og_description":"&lt;p&gt;&lt;p&gt;Prod\u00e1m iMac koupen\u00fd v \u0159\u00edjnu 2015, tedy nejnov\u011bj\u0161\u00ed model stav\u011bn\u00fd na zak\u00e1zku. Bez jak\u00fdchkoliv z\u00e1vad a od\u011brek.&lt;br \/&gt;&lt;br \/&gt; \u0160lape jak m\u00e1. D\u016fvod prodeje je ro\u010dn\u00ed cesta do zahrani\u010d\u00ed. K iMacu ve\u0161ker\u00e9 p\u0159\u00edslu\u0161enstv\u00ed a origin\u00e1ln\u00ed balen\u00ed.&lt;br \/&gt;&lt;br \/&gt; Koupen\u00fd na firmu tedy mo\u017en\u00fd odpo\u010det DPH. Cena v\u010detn\u011b DPH 69000 K\u010d&lt;\/p&gt;&lt;br \/&gt; &lt;p&gt;Processor: 3.3GHz Quad-core Intel...","og_url":"https:\/\/www.letemsvetemapplem.eu\/bazar\/27palcovy-imac-s-retina-5k-novy-model\/","og_site_name":"Apple bazar","article_published_time":"2016-10-13T18:40:50+00:00","article_modified_time":"2016-10-19T17:56:52+00:00","og_image":[{"width":1400,"height":1050,"url":"https:\/\/www.letemsvetemapplem.eu\/bazar\/wp-content\/uploads\/2016\/10\/IMG_4890.jpg","type":"image\/jpeg"}],"twitter_card":"summary_large_image","schema":{"@context":"https:\/\/schema.org","@graph":[{"@type":"Article","@id":"https:\/\/www.letemsvetemapplem.eu\/bazar\/27palcovy-imac-s-retina-5k-novy-model\/#article","isPartOf":{"@id":"https:\/\/www.letemsvetemapplem.eu\/bazar\/27palcovy-imac-s-retina-5k-novy-model\/"},"author":{"name":"","@id":""},"headline":"27palcov\u00fd iMac s Retina 5K NOV\u00dd MODEL","datePublished":"2016-10-13T18:40:50+00:00","dateModified":"2016-10-19T17:56:52+00:00","mainEntityOfPage":{"@id":"https:\/\/www.letemsvetemapplem.eu\/bazar\/27palcovy-imac-s-retina-5k-novy-model\/"},"wordCount":171,"commentCount":0,"image":{"@id":"https:\/\/www.letemsvetemapplem.eu\/bazar\/27palcovy-imac-s-retina-5k-novy-model\/#primaryimage"},"thumbnailUrl":"https:\/\/www.letemsvetemapplem.eu\/bazar\/wp-content\/uploads\/2016\/10\/IMG_4890.jpg","keywords":["iMac"],"articleSection":["iMac"],"inLanguage":"cs","potentialAction":[{"@type":"CommentAction","name":"Comment","target":["https:\/\/www.letemsvetemapplem.eu\/bazar\/27palcovy-imac-s-retina-5k-novy-model\/#respond"]}]},{"@type":"WebPage","@id":"https:\/\/www.letemsvetemapplem.eu\/bazar\/27palcovy-imac-s-retina-5k-novy-model\/","url":"https:\/\/www.letemsvetemapplem.eu\/bazar\/27palcovy-imac-s-retina-5k-novy-model\/","name":"27palcov\u00fd iMac s Retina 5K NOV\u00dd MODEL - Apple bazar","isPartOf":{"@id":"https:\/\/www.letemsvetemapplem.eu\/bazar\/#website"},"primaryImageOfPage":{"@id":"https:\/\/www.letemsvetemapplem.eu\/bazar\/27palcovy-imac-s-retina-5k-novy-model\/#primaryimage"},"image":{"@id":"https:\/\/www.letemsvetemapplem.eu\/bazar\/27palcovy-imac-s-retina-5k-novy-model\/#primaryimage"},"thumbnailUrl":"https:\/\/www.letemsvetemapplem.eu\/bazar\/wp-content\/uploads\/2016\/10\/IMG_4890.jpg","datePublished":"2016-10-13T18:40:50+00:00","dateModified":"2016-10-19T17:56:52+00:00","author":{"@id":""},"breadcrumb":{"@id":"https:\/\/www.letemsvetemapplem.eu\/bazar\/27palcovy-imac-s-retina-5k-novy-model\/#breadcrumb"},"inLanguage":"cs","potentialAction":[{"@type":"ReadAction","target":["https:\/\/www.letemsvetemapplem.eu\/bazar\/27palcovy-imac-s-retina-5k-novy-model\/"]}]},{"@type":"ImageObject","inLanguage":"cs","@id":"https:\/\/www.letemsvetemapplem.eu\/bazar\/27palcovy-imac-s-retina-5k-novy-model\/#primaryimage","url":"https:\/\/www.letemsvetemapplem.eu\/bazar\/wp-content\/uploads\/2016\/10\/IMG_4890.jpg","contentUrl":"https:\/\/www.letemsvetemapplem.eu\/bazar\/wp-content\/uploads\/2016\/10\/IMG_4890.jpg","width":1400,"height":1050},{"@type":"BreadcrumbList","@id":"https:\/\/www.letemsvetemapplem.eu\/bazar\/27palcovy-imac-s-retina-5k-novy-model\/#breadcrumb","itemListElement":[{"@type":"ListItem","position":1,"name":"Apple Bazar","item":"https:\/\/www.letemsvetemapplem.eu\/bazar\/"},{"@type":"ListItem","position":2,"name":"27palcov\u00fd iMac s Retina 5K NOV\u00dd MODEL"}]},{"@type":"WebSite","@id":"https:\/\/www.letemsvetemapplem.eu\/bazar\/#website","url":"https:\/\/www.letemsvetemapplem.eu\/bazar\/","name":"Apple bazar","description":"Oou\u017eit\u00e9 Apple produkty za skv\u011bl\u00e9 ceny","potentialAction":[{"@type":"SearchAction","target":{"@type":"EntryPoint","urlTemplate":"https:\/\/www.letemsvetemapplem.eu\/bazar\/?s={search_term_string}"},"query-input":{"@type":"PropertyValueSpecification","valueRequired":true,"valueName":"search_term_string"}}],"inLanguage":"cs"}]}},"_links":{"self":[{"href":"https:\/\/www.letemsvetemapplem.eu\/bazar\/wp-json\/wp\/v2\/posts\/7175","targetHints":{"allow":["GET"]}}],"collection":[{"href":"https:\/\/www.letemsvetemapplem.eu\/bazar\/wp-json\/wp\/v2\/posts"}],"about":[{"href":"https:\/\/www.letemsvetemapplem.eu\/bazar\/wp-json\/wp\/v2\/types\/post"}],"replies":[{"embeddable":true,"href":"https:\/\/www.letemsvetemapplem.eu\/bazar\/wp-json\/wp\/v2\/comments?post=7175"}],"version-history":[{"count":0,"href":"https:\/\/www.letemsvetemapplem.eu\/bazar\/wp-json\/wp\/v2\/posts\/7175\/revisions"}],"wp:featuredmedia":[{"embeddable":true,"href":"https:\/\/www.letemsvetemapplem.eu\/bazar\/wp-json\/wp\/v2\/media\/7176"}],"wp:attachment":[{"href":"https:\/\/www.letemsvetemapplem.eu\/bazar\/wp-json\/wp\/v2\/media?parent=7175"}],"wp:term":[{"taxonomy":"category","embeddable":true,"href":"https:\/\/www.letemsvetemapplem.eu\/bazar\/wp-json\/wp\/v2\/categories?post=7175"},{"taxonomy":"post_tag","embeddable":true,"href":"https:\/\/www.letemsvetemapplem.eu\/bazar\/wp-json\/wp\/v2\/tags?post=7175"}],"curies":[{"name":"wp","href":"https:\/\/api.w.org\/{rel}","templated":true}]}}