{"id":7075,"date":"2016-10-12T18:48:17","date_gmt":"2016-10-12T17:48:17","guid":{"rendered":"https:\/\/www.letemsvetemapplem.eu\/bazar\/?p=7075"},"modified":"2016-10-12T18:48:17","modified_gmt":"2016-10-12T17:48:17","slug":"imac-27-late-2012-i5-24gb-ram","status":"publish","type":"post","link":"https:\/\/www.letemsvetemapplem.eu\/bazar\/imac-27-late-2012-i5-24gb-ram\/","title":{"rendered":"iMac 27 Late 2012 \/ i5 \/ 24GB RAM \/"},"content":{"rendered":"<p>Pred\u00e1m iMac, ktor\u00fd bol pou\u017e\u00edvan\u00fd hlavne na pokro\u010dil\u00fa edit\u00e1ciu videa a tvorbu videa, grafick\u00e9 pr\u00e1ce, \u00fapravu fotografi\u00ed a digit\u00e1lnu ma\u013ebu\/kresbu, po\u010d\u00edta\u010d je v perfektnom stave, \u017eiadne zn\u00e1mky pou\u017e\u00edvania a \u017eiadne kozmetick\u00e9 chyby, funguje ako nov\u00fd, m\u00e1 nain\u0161talovan\u00fd najnov\u0161\u00ed macOS Sierra. Ide\u00e1lny po\u010d\u00edta\u010d pre grafika alebo video editora. M\u00e1m k nemu origin\u00e1lne dokumenty, kabel\u00e1\u017e, kl\u00e1vesnicu, my\u0161 a krabicu.<\/p>\n<p>iMac brav\u00farne zvl\u00e1da najnov\u0161ie hry pri FullHD, star\u0161ie hry ako CS:GO alebo TeamFortress 2 zvl\u00e1da pri nat\u00edvnom rozl\u00ed\u0161en\u00ed 2560&#215;1440 pri maxim\u00e1lnej grafike na 100-250 FPS.<\/p>\n<p>Obsahuje orign\u00e1lne RAMky pre Apple. iMac aj RAMky boli kupovan\u00e9 v iStores.<\/p>\n<p>Model: Late 2012<br \/>\nProcesor: i5 3,2Ghz<br \/>\nRam: 24GB 1600 MHz<br \/>\nGrafick\u00e1 karta: nVidia GTX 675MX<br \/>\nHDD: 1TB<\/p>\n<p>Apple Keyboard, Magic Mouse a Apple SuperDrive (DVD Mechanika) v cene!<\/p>\n<p>Pri r\u00fdchlom jednan\u00ed z\u013eava ist\u00e1. Len osobn\u00fd odber.<\/p>\n","protected":false},"excerpt":{"rendered":"<p>Pred\u00e1m iMac, ktor\u00fd bol pou\u017e\u00edvan\u00fd hlavne na pokro\u010dil\u00fa edit\u00e1ciu videa a tvorbu videa, grafick\u00e9 pr\u00e1ce, \u00fapravu fotografi\u00ed a digit\u00e1lnu ma\u013ebu\/kresbu, po\u010d\u00edta\u010d je v perfektnom stave, \u017eiadne zn\u00e1mky pou\u017e\u00edvania a \u017eiadne kozmetick\u00e9 chyby, funguje ako nov\u00fd, m\u00e1 nain\u0161talovan\u00fd najnov\u0161\u00ed macOS Sierra. Ide\u00e1lny po\u010d\u00edta\u010d pre grafika alebo video editora. M\u00e1m k nemu origin\u00e1lne dokumenty, kabel\u00e1\u017e, kl\u00e1vesnicu, my\u0161&#8230;<\/p>\n","protected":false},"author":0,"featured_media":7076,"comment_status":"open","ping_status":"open","sticky":false,"template":"","format":"standard","meta":{"footnotes":""},"categories":[41],"tags":[77],"class_list":["post-7075","post","type-post","status-publish","format-standard","has-post-thumbnail","hentry","category-imac","tag-imac"],"yoast_head":"<!-- This site is optimized with the Yoast SEO plugin v27.2 - https:\/\/yoast.com\/product\/yoast-seo-wordpress\/ -->\n<title>iMac 27 Late 2012 \/ i5 \/ 24GB RAM \/ - Apple bazar<\/title>\n<meta name=\"robots\" content=\"index, follow, max-snippet:-1, max-image-preview:large, max-video-preview:-1\" \/>\n<link rel=\"canonical\" href=\"https:\/\/www.letemsvetemapplem.eu\/bazar\/imac-27-late-2012-i5-24gb-ram\/\" \/>\n<meta property=\"og:locale\" content=\"cs_CZ\" \/>\n<meta property=\"og:type\" content=\"article\" \/>\n<meta property=\"og:title\" content=\"iMac 27 Late 2012 \/ i5 \/ 24GB RAM \/ - Apple bazar\" \/>\n<meta property=\"og:description\" content=\"Pred\u00e1m iMac, ktor\u00fd bol pou\u017e\u00edvan\u00fd hlavne na pokro\u010dil\u00fa edit\u00e1ciu videa a tvorbu videa, grafick\u00e9 pr\u00e1ce, \u00fapravu fotografi\u00ed a digit\u00e1lnu ma\u013ebu\/kresbu, po\u010d\u00edta\u010d je v perfektnom stave, \u017eiadne zn\u00e1mky pou\u017e\u00edvania a \u017eiadne kozmetick\u00e9 chyby, funguje ako nov\u00fd, m\u00e1 nain\u0161talovan\u00fd najnov\u0161\u00ed macOS Sierra. Ide\u00e1lny po\u010d\u00edta\u010d pre grafika alebo video editora. M\u00e1m k nemu origin\u00e1lne dokumenty, kabel\u00e1\u017e, kl\u00e1vesnicu, my\u0161...\" \/>\n<meta property=\"og:url\" content=\"https:\/\/www.letemsvetemapplem.eu\/bazar\/imac-27-late-2012-i5-24gb-ram\/\" \/>\n<meta property=\"og:site_name\" content=\"Apple bazar\" \/>\n<meta property=\"article:published_time\" content=\"2016-10-12T17:48:17+00:00\" \/>\n<meta property=\"og:image\" content=\"https:\/\/www.letemsvetemapplem.eu\/bazar\/wp-content\/uploads\/2016\/10\/DSC08287.jpg\" \/>\n\t<meta property=\"og:image:width\" content=\"6000\" \/>\n\t<meta property=\"og:image:height\" content=\"4000\" \/>\n\t<meta property=\"og:image:type\" content=\"image\/jpeg\" \/>\n<meta name=\"twitter:card\" content=\"summary_large_image\" \/>\n<script type=\"application\/ld+json\" class=\"yoast-schema-graph\">{\"@context\":\"https:\/\/schema.org\",\"@graph\":[{\"@type\":\"Article\",\"@id\":\"https:\/\/www.letemsvetemapplem.eu\/bazar\/imac-27-late-2012-i5-24gb-ram\/#article\",\"isPartOf\":{\"@id\":\"https:\/\/www.letemsvetemapplem.eu\/bazar\/imac-27-late-2012-i5-24gb-ram\/\"},\"author\":{\"name\":\"\",\"@id\":\"\"},\"headline\":\"iMac 27 Late 2012 \/ i5 \/ 24GB RAM \/\",\"datePublished\":\"2016-10-12T17:48:17+00:00\",\"mainEntityOfPage\":{\"@id\":\"https:\/\/www.letemsvetemapplem.eu\/bazar\/imac-27-late-2012-i5-24gb-ram\/\"},\"wordCount\":161,\"commentCount\":0,\"image\":{\"@id\":\"https:\/\/www.letemsvetemapplem.eu\/bazar\/imac-27-late-2012-i5-24gb-ram\/#primaryimage\"},\"thumbnailUrl\":\"https:\/\/www.letemsvetemapplem.eu\/bazar\/wp-content\/uploads\/2016\/10\/DSC08287.jpg\",\"keywords\":[\"iMac\"],\"articleSection\":[\"iMac\"],\"inLanguage\":\"cs\",\"potentialAction\":[{\"@type\":\"CommentAction\",\"name\":\"Comment\",\"target\":[\"https:\/\/www.letemsvetemapplem.eu\/bazar\/imac-27-late-2012-i5-24gb-ram\/#respond\"]}]},{\"@type\":\"WebPage\",\"@id\":\"https:\/\/www.letemsvetemapplem.eu\/bazar\/imac-27-late-2012-i5-24gb-ram\/\",\"url\":\"https:\/\/www.letemsvetemapplem.eu\/bazar\/imac-27-late-2012-i5-24gb-ram\/\",\"name\":\"iMac 27 Late 2012 \/ i5 \/ 24GB RAM \/ - Apple bazar\",\"isPartOf\":{\"@id\":\"https:\/\/www.letemsvetemapplem.eu\/bazar\/#website\"},\"primaryImageOfPage\":{\"@id\":\"https:\/\/www.letemsvetemapplem.eu\/bazar\/imac-27-late-2012-i5-24gb-ram\/#primaryimage\"},\"image\":{\"@id\":\"https:\/\/www.letemsvetemapplem.eu\/bazar\/imac-27-late-2012-i5-24gb-ram\/#primaryimage\"},\"thumbnailUrl\":\"https:\/\/www.letemsvetemapplem.eu\/bazar\/wp-content\/uploads\/2016\/10\/DSC08287.jpg\",\"datePublished\":\"2016-10-12T17:48:17+00:00\",\"author\":{\"@id\":\"\"},\"breadcrumb\":{\"@id\":\"https:\/\/www.letemsvetemapplem.eu\/bazar\/imac-27-late-2012-i5-24gb-ram\/#breadcrumb\"},\"inLanguage\":\"cs\",\"potentialAction\":[{\"@type\":\"ReadAction\",\"target\":[\"https:\/\/www.letemsvetemapplem.eu\/bazar\/imac-27-late-2012-i5-24gb-ram\/\"]}]},{\"@type\":\"ImageObject\",\"inLanguage\":\"cs\",\"@id\":\"https:\/\/www.letemsvetemapplem.eu\/bazar\/imac-27-late-2012-i5-24gb-ram\/#primaryimage\",\"url\":\"https:\/\/www.letemsvetemapplem.eu\/bazar\/wp-content\/uploads\/2016\/10\/DSC08287.jpg\",\"contentUrl\":\"https:\/\/www.letemsvetemapplem.eu\/bazar\/wp-content\/uploads\/2016\/10\/DSC08287.jpg\",\"width\":6000,\"height\":4000},{\"@type\":\"BreadcrumbList\",\"@id\":\"https:\/\/www.letemsvetemapplem.eu\/bazar\/imac-27-late-2012-i5-24gb-ram\/#breadcrumb\",\"itemListElement\":[{\"@type\":\"ListItem\",\"position\":1,\"name\":\"Apple Bazar\",\"item\":\"https:\/\/www.letemsvetemapplem.eu\/bazar\/\"},{\"@type\":\"ListItem\",\"position\":2,\"name\":\"iMac 27 Late 2012 \/ i5 \/ 24GB RAM \/\"}]},{\"@type\":\"WebSite\",\"@id\":\"https:\/\/www.letemsvetemapplem.eu\/bazar\/#website\",\"url\":\"https:\/\/www.letemsvetemapplem.eu\/bazar\/\",\"name\":\"Apple bazar\",\"description\":\"Oou\u017eit\u00e9 Apple produkty za skv\u011bl\u00e9 ceny\",\"potentialAction\":[{\"@type\":\"SearchAction\",\"target\":{\"@type\":\"EntryPoint\",\"urlTemplate\":\"https:\/\/www.letemsvetemapplem.eu\/bazar\/?s={search_term_string}\"},\"query-input\":{\"@type\":\"PropertyValueSpecification\",\"valueRequired\":true,\"valueName\":\"search_term_string\"}}],\"inLanguage\":\"cs\"}]}<\/script>\n<!-- \/ Yoast SEO plugin. -->","yoast_head_json":{"title":"iMac 27 Late 2012 \/ i5 \/ 24GB RAM \/ - Apple bazar","robots":{"index":"index","follow":"follow","max-snippet":"max-snippet:-1","max-image-preview":"max-image-preview:large","max-video-preview":"max-video-preview:-1"},"canonical":"https:\/\/www.letemsvetemapplem.eu\/bazar\/imac-27-late-2012-i5-24gb-ram\/","og_locale":"cs_CZ","og_type":"article","og_title":"iMac 27 Late 2012 \/ i5 \/ 24GB RAM \/ - Apple bazar","og_description":"Pred\u00e1m iMac, ktor\u00fd bol pou\u017e\u00edvan\u00fd hlavne na pokro\u010dil\u00fa edit\u00e1ciu videa a tvorbu videa, grafick\u00e9 pr\u00e1ce, \u00fapravu fotografi\u00ed a digit\u00e1lnu ma\u013ebu\/kresbu, po\u010d\u00edta\u010d je v perfektnom stave, \u017eiadne zn\u00e1mky pou\u017e\u00edvania a \u017eiadne kozmetick\u00e9 chyby, funguje ako nov\u00fd, m\u00e1 nain\u0161talovan\u00fd najnov\u0161\u00ed macOS Sierra. Ide\u00e1lny po\u010d\u00edta\u010d pre grafika alebo video editora. M\u00e1m k nemu origin\u00e1lne dokumenty, kabel\u00e1\u017e, kl\u00e1vesnicu, my\u0161...","og_url":"https:\/\/www.letemsvetemapplem.eu\/bazar\/imac-27-late-2012-i5-24gb-ram\/","og_site_name":"Apple bazar","article_published_time":"2016-10-12T17:48:17+00:00","og_image":[{"width":6000,"height":4000,"url":"https:\/\/www.letemsvetemapplem.eu\/bazar\/wp-content\/uploads\/2016\/10\/DSC08287.jpg","type":"image\/jpeg"}],"twitter_card":"summary_large_image","schema":{"@context":"https:\/\/schema.org","@graph":[{"@type":"Article","@id":"https:\/\/www.letemsvetemapplem.eu\/bazar\/imac-27-late-2012-i5-24gb-ram\/#article","isPartOf":{"@id":"https:\/\/www.letemsvetemapplem.eu\/bazar\/imac-27-late-2012-i5-24gb-ram\/"},"author":{"name":"","@id":""},"headline":"iMac 27 Late 2012 \/ i5 \/ 24GB RAM \/","datePublished":"2016-10-12T17:48:17+00:00","mainEntityOfPage":{"@id":"https:\/\/www.letemsvetemapplem.eu\/bazar\/imac-27-late-2012-i5-24gb-ram\/"},"wordCount":161,"commentCount":0,"image":{"@id":"https:\/\/www.letemsvetemapplem.eu\/bazar\/imac-27-late-2012-i5-24gb-ram\/#primaryimage"},"thumbnailUrl":"https:\/\/www.letemsvetemapplem.eu\/bazar\/wp-content\/uploads\/2016\/10\/DSC08287.jpg","keywords":["iMac"],"articleSection":["iMac"],"inLanguage":"cs","potentialAction":[{"@type":"CommentAction","name":"Comment","target":["https:\/\/www.letemsvetemapplem.eu\/bazar\/imac-27-late-2012-i5-24gb-ram\/#respond"]}]},{"@type":"WebPage","@id":"https:\/\/www.letemsvetemapplem.eu\/bazar\/imac-27-late-2012-i5-24gb-ram\/","url":"https:\/\/www.letemsvetemapplem.eu\/bazar\/imac-27-late-2012-i5-24gb-ram\/","name":"iMac 27 Late 2012 \/ i5 \/ 24GB RAM \/ - Apple bazar","isPartOf":{"@id":"https:\/\/www.letemsvetemapplem.eu\/bazar\/#website"},"primaryImageOfPage":{"@id":"https:\/\/www.letemsvetemapplem.eu\/bazar\/imac-27-late-2012-i5-24gb-ram\/#primaryimage"},"image":{"@id":"https:\/\/www.letemsvetemapplem.eu\/bazar\/imac-27-late-2012-i5-24gb-ram\/#primaryimage"},"thumbnailUrl":"https:\/\/www.letemsvetemapplem.eu\/bazar\/wp-content\/uploads\/2016\/10\/DSC08287.jpg","datePublished":"2016-10-12T17:48:17+00:00","author":{"@id":""},"breadcrumb":{"@id":"https:\/\/www.letemsvetemapplem.eu\/bazar\/imac-27-late-2012-i5-24gb-ram\/#breadcrumb"},"inLanguage":"cs","potentialAction":[{"@type":"ReadAction","target":["https:\/\/www.letemsvetemapplem.eu\/bazar\/imac-27-late-2012-i5-24gb-ram\/"]}]},{"@type":"ImageObject","inLanguage":"cs","@id":"https:\/\/www.letemsvetemapplem.eu\/bazar\/imac-27-late-2012-i5-24gb-ram\/#primaryimage","url":"https:\/\/www.letemsvetemapplem.eu\/bazar\/wp-content\/uploads\/2016\/10\/DSC08287.jpg","contentUrl":"https:\/\/www.letemsvetemapplem.eu\/bazar\/wp-content\/uploads\/2016\/10\/DSC08287.jpg","width":6000,"height":4000},{"@type":"BreadcrumbList","@id":"https:\/\/www.letemsvetemapplem.eu\/bazar\/imac-27-late-2012-i5-24gb-ram\/#breadcrumb","itemListElement":[{"@type":"ListItem","position":1,"name":"Apple Bazar","item":"https:\/\/www.letemsvetemapplem.eu\/bazar\/"},{"@type":"ListItem","position":2,"name":"iMac 27 Late 2012 \/ i5 \/ 24GB RAM \/"}]},{"@type":"WebSite","@id":"https:\/\/www.letemsvetemapplem.eu\/bazar\/#website","url":"https:\/\/www.letemsvetemapplem.eu\/bazar\/","name":"Apple bazar","description":"Oou\u017eit\u00e9 Apple produkty za skv\u011bl\u00e9 ceny","potentialAction":[{"@type":"SearchAction","target":{"@type":"EntryPoint","urlTemplate":"https:\/\/www.letemsvetemapplem.eu\/bazar\/?s={search_term_string}"},"query-input":{"@type":"PropertyValueSpecification","valueRequired":true,"valueName":"search_term_string"}}],"inLanguage":"cs"}]}},"_links":{"self":[{"href":"https:\/\/www.letemsvetemapplem.eu\/bazar\/wp-json\/wp\/v2\/posts\/7075","targetHints":{"allow":["GET"]}}],"collection":[{"href":"https:\/\/www.letemsvetemapplem.eu\/bazar\/wp-json\/wp\/v2\/posts"}],"about":[{"href":"https:\/\/www.letemsvetemapplem.eu\/bazar\/wp-json\/wp\/v2\/types\/post"}],"replies":[{"embeddable":true,"href":"https:\/\/www.letemsvetemapplem.eu\/bazar\/wp-json\/wp\/v2\/comments?post=7075"}],"version-history":[{"count":0,"href":"https:\/\/www.letemsvetemapplem.eu\/bazar\/wp-json\/wp\/v2\/posts\/7075\/revisions"}],"wp:featuredmedia":[{"embeddable":true,"href":"https:\/\/www.letemsvetemapplem.eu\/bazar\/wp-json\/wp\/v2\/media\/7076"}],"wp:attachment":[{"href":"https:\/\/www.letemsvetemapplem.eu\/bazar\/wp-json\/wp\/v2\/media?parent=7075"}],"wp:term":[{"taxonomy":"category","embeddable":true,"href":"https:\/\/www.letemsvetemapplem.eu\/bazar\/wp-json\/wp\/v2\/categories?post=7075"},{"taxonomy":"post_tag","embeddable":true,"href":"https:\/\/www.letemsvetemapplem.eu\/bazar\/wp-json\/wp\/v2\/tags?post=7075"}],"curies":[{"name":"wp","href":"https:\/\/api.w.org\/{rel}","templated":true}]}}