{"id":68317,"date":"2018-01-23T15:25:14","date_gmt":"2018-01-23T14:25:14","guid":{"rendered":"https:\/\/www.letemsvetemapplem.eu\/bazar\/?p=68317"},"modified":"2018-01-25T17:16:51","modified_gmt":"2018-01-25T16:16:51","slug":"macbook-air-13palcovy-early-2014","status":"publish","type":"post","link":"https:\/\/www.letemsvetemapplem.eu\/bazar\/macbook-air-13palcovy-early-2014\/","title":{"rendered":"MacBook Air (13palcov\u00fd, early 2014)"},"content":{"rendered":"<p>Prod\u00e1m Macbook Air 13, i5, rok 2014, 4GB RAM, 124GB SSD&lt;br \/&gt;<br \/>\nProcesor:Intel Core i5 1,4 GHz&lt;br \/&gt;<br \/>\nGrafick\u00e1 karta:Intel HD Graphics 5000&lt;br \/&gt;<br \/>\nBaterie:169 cykl\u016f&lt;br \/&gt;<br \/>\nV\u010detn\u011b krabice a nab\u00edje\u010dky<br \/>\nNotebook byl pou\u017e\u00edv\u00e1n jen doma na kancel\u00e1\u0159skou pr\u00e1ci. Prod\u00e1v\u00e1m z d\u016fvodu p\u0159echodu na nov\u00fd model. \u017d\u00e1dn\u00e9 mechanick\u00e9 opot\u0159eben\u00ed \u010di \u0161kr\u00e1bance.<br \/>\nPreferuji osobn\u00ed p\u0159ed\u00e1n\u00ed v Praze<\/p>\n","protected":false},"excerpt":{"rendered":"<p>Prod\u00e1m Macbook Air 13, i5, rok 2014, 4GB RAM, 124GB SSD&lt;br \/&gt; Procesor:Intel Core i5 1,4 GHz&lt;br \/&gt; Grafick\u00e1 karta:Intel HD Graphics 5000&lt;br \/&gt; Baterie:169 cykl\u016f&lt;br \/&gt; V\u010detn\u011b krabice a nab\u00edje\u010dky Notebook byl pou\u017e\u00edv\u00e1n jen doma na kancel\u00e1\u0159skou pr\u00e1ci. Prod\u00e1v\u00e1m z d\u016fvodu p\u0159echodu na nov\u00fd model. \u017d\u00e1dn\u00e9 mechanick\u00e9 opot\u0159eben\u00ed \u010di \u0161kr\u00e1bance. Preferuji osobn\u00ed p\u0159ed\u00e1n\u00ed v&#8230;<\/p>\n","protected":false},"author":0,"featured_media":68318,"comment_status":"open","ping_status":"open","sticky":false,"template":"","format":"standard","meta":{"footnotes":""},"categories":[42],"tags":[],"class_list":["post-68317","post","type-post","status-publish","format-standard","has-post-thumbnail","hentry","category-macbook-air"],"yoast_head":"<!-- This site is optimized with the Yoast SEO plugin v27.5 - https:\/\/yoast.com\/product\/yoast-seo-wordpress\/ -->\n<title>MacBook Air (13palcov\u00fd, early 2014) - Apple bazar<\/title>\n<meta name=\"robots\" content=\"index, follow, max-snippet:-1, max-image-preview:large, max-video-preview:-1\" \/>\n<link rel=\"canonical\" href=\"https:\/\/www.letemsvetemapplem.eu\/bazar\/macbook-air-13palcovy-early-2014\/\" \/>\n<meta property=\"og:locale\" content=\"cs_CZ\" \/>\n<meta property=\"og:type\" content=\"article\" \/>\n<meta property=\"og:title\" content=\"MacBook Air (13palcov\u00fd, early 2014) - Apple bazar\" \/>\n<meta property=\"og:description\" content=\"Prod\u00e1m Macbook Air 13, i5, rok 2014, 4GB RAM, 124GB SSD&lt;br \/&gt; Procesor:Intel Core i5 1,4 GHz&lt;br \/&gt; Grafick\u00e1 karta:Intel HD Graphics 5000&lt;br \/&gt; Baterie:169 cykl\u016f&lt;br \/&gt; V\u010detn\u011b krabice a nab\u00edje\u010dky Notebook byl pou\u017e\u00edv\u00e1n jen doma na kancel\u00e1\u0159skou pr\u00e1ci. Prod\u00e1v\u00e1m z d\u016fvodu p\u0159echodu na nov\u00fd model. \u017d\u00e1dn\u00e9 mechanick\u00e9 opot\u0159eben\u00ed \u010di \u0161kr\u00e1bance. Preferuji osobn\u00ed p\u0159ed\u00e1n\u00ed v...\" \/>\n<meta property=\"og:url\" content=\"https:\/\/www.letemsvetemapplem.eu\/bazar\/macbook-air-13palcovy-early-2014\/\" \/>\n<meta property=\"og:site_name\" content=\"Apple bazar\" \/>\n<meta property=\"article:published_time\" content=\"2018-01-23T14:25:14+00:00\" \/>\n<meta property=\"article:modified_time\" content=\"2018-01-25T16:16:51+00:00\" \/>\n<meta property=\"og:image\" content=\"https:\/\/www.letemsvetemapplem.eu\/bazar\/wp-content\/uploads\/2018\/01\/IMG_0994.jpg\" \/>\n\t<meta property=\"og:image:width\" content=\"480\" \/>\n\t<meta property=\"og:image:height\" content=\"640\" \/>\n\t<meta property=\"og:image:type\" content=\"image\/jpeg\" \/>\n<meta name=\"twitter:card\" content=\"summary_large_image\" \/>\n<script type=\"application\/ld+json\" class=\"yoast-schema-graph\">{\"@context\":\"https:\\\/\\\/schema.org\",\"@graph\":[{\"@type\":\"Article\",\"@id\":\"https:\\\/\\\/www.letemsvetemapplem.eu\\\/bazar\\\/macbook-air-13palcovy-early-2014\\\/#article\",\"isPartOf\":{\"@id\":\"https:\\\/\\\/www.letemsvetemapplem.eu\\\/bazar\\\/macbook-air-13palcovy-early-2014\\\/\"},\"author\":{\"name\":\"\",\"@id\":\"\"},\"headline\":\"MacBook Air (13palcov\u00fd, early 2014)\",\"datePublished\":\"2018-01-23T14:25:14+00:00\",\"dateModified\":\"2018-01-25T16:16:51+00:00\",\"mainEntityOfPage\":{\"@id\":\"https:\\\/\\\/www.letemsvetemapplem.eu\\\/bazar\\\/macbook-air-13palcovy-early-2014\\\/\"},\"wordCount\":82,\"commentCount\":0,\"image\":{\"@id\":\"https:\\\/\\\/www.letemsvetemapplem.eu\\\/bazar\\\/macbook-air-13palcovy-early-2014\\\/#primaryimage\"},\"thumbnailUrl\":\"https:\\\/\\\/www.letemsvetemapplem.eu\\\/bazar\\\/wp-content\\\/uploads\\\/2018\\\/01\\\/IMG_0994.jpg\",\"articleSection\":[\"MacBook Air\"],\"inLanguage\":\"cs\",\"potentialAction\":[{\"@type\":\"CommentAction\",\"name\":\"Comment\",\"target\":[\"https:\\\/\\\/www.letemsvetemapplem.eu\\\/bazar\\\/macbook-air-13palcovy-early-2014\\\/#respond\"]}]},{\"@type\":\"WebPage\",\"@id\":\"https:\\\/\\\/www.letemsvetemapplem.eu\\\/bazar\\\/macbook-air-13palcovy-early-2014\\\/\",\"url\":\"https:\\\/\\\/www.letemsvetemapplem.eu\\\/bazar\\\/macbook-air-13palcovy-early-2014\\\/\",\"name\":\"MacBook Air (13palcov\u00fd, early 2014) - Apple bazar\",\"isPartOf\":{\"@id\":\"https:\\\/\\\/www.letemsvetemapplem.eu\\\/bazar\\\/#website\"},\"primaryImageOfPage\":{\"@id\":\"https:\\\/\\\/www.letemsvetemapplem.eu\\\/bazar\\\/macbook-air-13palcovy-early-2014\\\/#primaryimage\"},\"image\":{\"@id\":\"https:\\\/\\\/www.letemsvetemapplem.eu\\\/bazar\\\/macbook-air-13palcovy-early-2014\\\/#primaryimage\"},\"thumbnailUrl\":\"https:\\\/\\\/www.letemsvetemapplem.eu\\\/bazar\\\/wp-content\\\/uploads\\\/2018\\\/01\\\/IMG_0994.jpg\",\"datePublished\":\"2018-01-23T14:25:14+00:00\",\"dateModified\":\"2018-01-25T16:16:51+00:00\",\"author\":{\"@id\":\"\"},\"breadcrumb\":{\"@id\":\"https:\\\/\\\/www.letemsvetemapplem.eu\\\/bazar\\\/macbook-air-13palcovy-early-2014\\\/#breadcrumb\"},\"inLanguage\":\"cs\",\"potentialAction\":[{\"@type\":\"ReadAction\",\"target\":[\"https:\\\/\\\/www.letemsvetemapplem.eu\\\/bazar\\\/macbook-air-13palcovy-early-2014\\\/\"]}]},{\"@type\":\"ImageObject\",\"inLanguage\":\"cs\",\"@id\":\"https:\\\/\\\/www.letemsvetemapplem.eu\\\/bazar\\\/macbook-air-13palcovy-early-2014\\\/#primaryimage\",\"url\":\"https:\\\/\\\/www.letemsvetemapplem.eu\\\/bazar\\\/wp-content\\\/uploads\\\/2018\\\/01\\\/IMG_0994.jpg\",\"contentUrl\":\"https:\\\/\\\/www.letemsvetemapplem.eu\\\/bazar\\\/wp-content\\\/uploads\\\/2018\\\/01\\\/IMG_0994.jpg\",\"width\":480,\"height\":640},{\"@type\":\"BreadcrumbList\",\"@id\":\"https:\\\/\\\/www.letemsvetemapplem.eu\\\/bazar\\\/macbook-air-13palcovy-early-2014\\\/#breadcrumb\",\"itemListElement\":[{\"@type\":\"ListItem\",\"position\":1,\"name\":\"Apple Bazar\",\"item\":\"https:\\\/\\\/www.letemsvetemapplem.eu\\\/bazar\\\/\"},{\"@type\":\"ListItem\",\"position\":2,\"name\":\"MacBook Air (13palcov\u00fd, early 2014)\"}]},{\"@type\":\"WebSite\",\"@id\":\"https:\\\/\\\/www.letemsvetemapplem.eu\\\/bazar\\\/#website\",\"url\":\"https:\\\/\\\/www.letemsvetemapplem.eu\\\/bazar\\\/\",\"name\":\"Apple bazar\",\"description\":\"Oou\u017eit\u00e9 Apple produkty za skv\u011bl\u00e9 ceny\",\"potentialAction\":[{\"@type\":\"SearchAction\",\"target\":{\"@type\":\"EntryPoint\",\"urlTemplate\":\"https:\\\/\\\/www.letemsvetemapplem.eu\\\/bazar\\\/?s={search_term_string}\"},\"query-input\":{\"@type\":\"PropertyValueSpecification\",\"valueRequired\":true,\"valueName\":\"search_term_string\"}}],\"inLanguage\":\"cs\"}]}<\/script>\n<!-- \/ Yoast SEO plugin. -->","yoast_head_json":{"title":"MacBook Air (13palcov\u00fd, early 2014) - Apple bazar","robots":{"index":"index","follow":"follow","max-snippet":"max-snippet:-1","max-image-preview":"max-image-preview:large","max-video-preview":"max-video-preview:-1"},"canonical":"https:\/\/www.letemsvetemapplem.eu\/bazar\/macbook-air-13palcovy-early-2014\/","og_locale":"cs_CZ","og_type":"article","og_title":"MacBook Air (13palcov\u00fd, early 2014) - Apple bazar","og_description":"Prod\u00e1m Macbook Air 13, i5, rok 2014, 4GB RAM, 124GB SSD&lt;br \/&gt; Procesor:Intel Core i5 1,4 GHz&lt;br \/&gt; Grafick\u00e1 karta:Intel HD Graphics 5000&lt;br \/&gt; Baterie:169 cykl\u016f&lt;br \/&gt; V\u010detn\u011b krabice a nab\u00edje\u010dky Notebook byl pou\u017e\u00edv\u00e1n jen doma na kancel\u00e1\u0159skou pr\u00e1ci. Prod\u00e1v\u00e1m z d\u016fvodu p\u0159echodu na nov\u00fd model. \u017d\u00e1dn\u00e9 mechanick\u00e9 opot\u0159eben\u00ed \u010di \u0161kr\u00e1bance. Preferuji osobn\u00ed p\u0159ed\u00e1n\u00ed v...","og_url":"https:\/\/www.letemsvetemapplem.eu\/bazar\/macbook-air-13palcovy-early-2014\/","og_site_name":"Apple bazar","article_published_time":"2018-01-23T14:25:14+00:00","article_modified_time":"2018-01-25T16:16:51+00:00","og_image":[{"width":480,"height":640,"url":"https:\/\/www.letemsvetemapplem.eu\/bazar\/wp-content\/uploads\/2018\/01\/IMG_0994.jpg","type":"image\/jpeg"}],"twitter_card":"summary_large_image","schema":{"@context":"https:\/\/schema.org","@graph":[{"@type":"Article","@id":"https:\/\/www.letemsvetemapplem.eu\/bazar\/macbook-air-13palcovy-early-2014\/#article","isPartOf":{"@id":"https:\/\/www.letemsvetemapplem.eu\/bazar\/macbook-air-13palcovy-early-2014\/"},"author":{"name":"","@id":""},"headline":"MacBook Air (13palcov\u00fd, early 2014)","datePublished":"2018-01-23T14:25:14+00:00","dateModified":"2018-01-25T16:16:51+00:00","mainEntityOfPage":{"@id":"https:\/\/www.letemsvetemapplem.eu\/bazar\/macbook-air-13palcovy-early-2014\/"},"wordCount":82,"commentCount":0,"image":{"@id":"https:\/\/www.letemsvetemapplem.eu\/bazar\/macbook-air-13palcovy-early-2014\/#primaryimage"},"thumbnailUrl":"https:\/\/www.letemsvetemapplem.eu\/bazar\/wp-content\/uploads\/2018\/01\/IMG_0994.jpg","articleSection":["MacBook Air"],"inLanguage":"cs","potentialAction":[{"@type":"CommentAction","name":"Comment","target":["https:\/\/www.letemsvetemapplem.eu\/bazar\/macbook-air-13palcovy-early-2014\/#respond"]}]},{"@type":"WebPage","@id":"https:\/\/www.letemsvetemapplem.eu\/bazar\/macbook-air-13palcovy-early-2014\/","url":"https:\/\/www.letemsvetemapplem.eu\/bazar\/macbook-air-13palcovy-early-2014\/","name":"MacBook Air (13palcov\u00fd, early 2014) - Apple bazar","isPartOf":{"@id":"https:\/\/www.letemsvetemapplem.eu\/bazar\/#website"},"primaryImageOfPage":{"@id":"https:\/\/www.letemsvetemapplem.eu\/bazar\/macbook-air-13palcovy-early-2014\/#primaryimage"},"image":{"@id":"https:\/\/www.letemsvetemapplem.eu\/bazar\/macbook-air-13palcovy-early-2014\/#primaryimage"},"thumbnailUrl":"https:\/\/www.letemsvetemapplem.eu\/bazar\/wp-content\/uploads\/2018\/01\/IMG_0994.jpg","datePublished":"2018-01-23T14:25:14+00:00","dateModified":"2018-01-25T16:16:51+00:00","author":{"@id":""},"breadcrumb":{"@id":"https:\/\/www.letemsvetemapplem.eu\/bazar\/macbook-air-13palcovy-early-2014\/#breadcrumb"},"inLanguage":"cs","potentialAction":[{"@type":"ReadAction","target":["https:\/\/www.letemsvetemapplem.eu\/bazar\/macbook-air-13palcovy-early-2014\/"]}]},{"@type":"ImageObject","inLanguage":"cs","@id":"https:\/\/www.letemsvetemapplem.eu\/bazar\/macbook-air-13palcovy-early-2014\/#primaryimage","url":"https:\/\/www.letemsvetemapplem.eu\/bazar\/wp-content\/uploads\/2018\/01\/IMG_0994.jpg","contentUrl":"https:\/\/www.letemsvetemapplem.eu\/bazar\/wp-content\/uploads\/2018\/01\/IMG_0994.jpg","width":480,"height":640},{"@type":"BreadcrumbList","@id":"https:\/\/www.letemsvetemapplem.eu\/bazar\/macbook-air-13palcovy-early-2014\/#breadcrumb","itemListElement":[{"@type":"ListItem","position":1,"name":"Apple Bazar","item":"https:\/\/www.letemsvetemapplem.eu\/bazar\/"},{"@type":"ListItem","position":2,"name":"MacBook Air (13palcov\u00fd, early 2014)"}]},{"@type":"WebSite","@id":"https:\/\/www.letemsvetemapplem.eu\/bazar\/#website","url":"https:\/\/www.letemsvetemapplem.eu\/bazar\/","name":"Apple bazar","description":"Oou\u017eit\u00e9 Apple produkty za skv\u011bl\u00e9 ceny","potentialAction":[{"@type":"SearchAction","target":{"@type":"EntryPoint","urlTemplate":"https:\/\/www.letemsvetemapplem.eu\/bazar\/?s={search_term_string}"},"query-input":{"@type":"PropertyValueSpecification","valueRequired":true,"valueName":"search_term_string"}}],"inLanguage":"cs"}]}},"_links":{"self":[{"href":"https:\/\/www.letemsvetemapplem.eu\/bazar\/wp-json\/wp\/v2\/posts\/68317","targetHints":{"allow":["GET"]}}],"collection":[{"href":"https:\/\/www.letemsvetemapplem.eu\/bazar\/wp-json\/wp\/v2\/posts"}],"about":[{"href":"https:\/\/www.letemsvetemapplem.eu\/bazar\/wp-json\/wp\/v2\/types\/post"}],"replies":[{"embeddable":true,"href":"https:\/\/www.letemsvetemapplem.eu\/bazar\/wp-json\/wp\/v2\/comments?post=68317"}],"version-history":[{"count":0,"href":"https:\/\/www.letemsvetemapplem.eu\/bazar\/wp-json\/wp\/v2\/posts\/68317\/revisions"}],"wp:featuredmedia":[{"embeddable":true,"href":"https:\/\/www.letemsvetemapplem.eu\/bazar\/wp-json\/wp\/v2\/media\/68318"}],"wp:attachment":[{"href":"https:\/\/www.letemsvetemapplem.eu\/bazar\/wp-json\/wp\/v2\/media?parent=68317"}],"wp:term":[{"taxonomy":"category","embeddable":true,"href":"https:\/\/www.letemsvetemapplem.eu\/bazar\/wp-json\/wp\/v2\/categories?post=68317"},{"taxonomy":"post_tag","embeddable":true,"href":"https:\/\/www.letemsvetemapplem.eu\/bazar\/wp-json\/wp\/v2\/tags?post=68317"}],"curies":[{"name":"wp","href":"https:\/\/api.w.org\/{rel}","templated":true}]}}