{"id":68139,"date":"2018-01-22T13:24:19","date_gmt":"2018-01-22T12:24:19","guid":{"rendered":"https:\/\/www.letemsvetemapplem.eu\/bazar\/?p=68139"},"modified":"2018-01-22T13:24:19","modified_gmt":"2018-01-22T12:24:19","slug":"prodam-imac-215-late-2013-2","status":"publish","type":"post","link":"https:\/\/www.letemsvetemapplem.eu\/bazar\/prodam-imac-215-late-2013-2\/","title":{"rendered":"Prod\u00e1m Imac 21,5 (late 2013)"},"content":{"rendered":"<p>Ahoj, ahoj<br \/>\npon\u00fakam na predaj Imac 21&quot; (late 2013), kupovany koncom roka 2015, ci\u017ee z\u00e1ruka skon\u010dila pred p\u00e1r mesiacmi.<br \/>\nHne\u010f na za\u010diatok, po\u010d\u00edta\u010d je mo\u017en\u00e9 si vysk\u00fa\u0161a\u0165 je m\u00e1lo pou\u017e\u00edvan\u00fd a plne funk\u010dn\u00fd.<br \/>\nPri r\u00fdchlom jednan\u00ed mo\u017en\u00e1 dohoda \ud83d\ude42<br \/>\nKontaktujte ma spr\u00e1vou.<br \/>\nPodrobnosti:<br \/>\n&#8211; 21&quot; displej s rozl\u00ed\u0161en\u00edm 1920&#215;1080 pixelov<br \/>\n&#8211; procesor Intel Core i5 2,7 GHz quad-core, 4MB L3 cache (Turbo boost a\u017e do 3,2 GHz)<br \/>\n-8GB pam\u00e4te 1600MHz DDR3 SDRAM<br \/>\n&#8211; 1TB pevn\u00fd disk<br \/>\n&#8211; grafika Intel Iris Pro<br \/>\n+ bezdrotov\u00e1 Apple kl\u00e1vesnia a Magic mouse (nepou\u017e\u00edvan\u00e9)<br \/>\nNajlep\u0161ie osobn\u00fd odber v Prahe \u010fakumem a pekn\u00fd zvy\u0161ok d\u0148a! <\/p>\n","protected":false},"excerpt":{"rendered":"<p>Ahoj, ahoj pon\u00fakam na predaj Imac 21&quot; (late 2013), kupovany koncom roka 2015, ci\u017ee z\u00e1ruka skon\u010dila pred p\u00e1r mesiacmi. Hne\u010f na za\u010diatok, po\u010d\u00edta\u010d je mo\u017en\u00e9 si vysk\u00fa\u0161a\u0165 je m\u00e1lo pou\u017e\u00edvan\u00fd a plne funk\u010dn\u00fd. Pri r\u00fdchlom jednan\u00ed mo\u017en\u00e1 dohoda \ud83d\ude42 Kontaktujte ma spr\u00e1vou. Podrobnosti: &#8211; 21&quot; displej s rozl\u00ed\u0161en\u00edm 1920&#215;1080 pixelov &#8211; procesor Intel Core i5&#8230;<\/p>\n","protected":false},"author":0,"featured_media":68140,"comment_status":"open","ping_status":"open","sticky":false,"template":"","format":"standard","meta":{"footnotes":""},"categories":[41],"tags":[],"class_list":["post-68139","post","type-post","status-publish","format-standard","has-post-thumbnail","hentry","category-imac"],"yoast_head":"<!-- This site is optimized with the Yoast SEO plugin v27.2 - https:\/\/yoast.com\/product\/yoast-seo-wordpress\/ -->\n<title>Prod\u00e1m Imac 21,5 (late 2013) - Apple bazar<\/title>\n<meta name=\"robots\" content=\"index, follow, max-snippet:-1, max-image-preview:large, max-video-preview:-1\" \/>\n<link rel=\"canonical\" href=\"https:\/\/www.letemsvetemapplem.eu\/bazar\/prodam-imac-215-late-2013-2\/\" \/>\n<meta property=\"og:locale\" content=\"cs_CZ\" \/>\n<meta property=\"og:type\" content=\"article\" \/>\n<meta property=\"og:title\" content=\"Prod\u00e1m Imac 21,5 (late 2013) - Apple bazar\" \/>\n<meta property=\"og:description\" content=\"Ahoj, ahoj pon\u00fakam na predaj Imac 21&quot; (late 2013), kupovany koncom roka 2015, ci\u017ee z\u00e1ruka skon\u010dila pred p\u00e1r mesiacmi. Hne\u010f na za\u010diatok, po\u010d\u00edta\u010d je mo\u017en\u00e9 si vysk\u00fa\u0161a\u0165 je m\u00e1lo pou\u017e\u00edvan\u00fd a plne funk\u010dn\u00fd. Pri r\u00fdchlom jednan\u00ed mo\u017en\u00e1 dohoda \ud83d\ude42 Kontaktujte ma spr\u00e1vou. Podrobnosti: &#8211; 21&quot; displej s rozl\u00ed\u0161en\u00edm 1920&#215;1080 pixelov &#8211; procesor Intel Core i5...\" \/>\n<meta property=\"og:url\" content=\"https:\/\/www.letemsvetemapplem.eu\/bazar\/prodam-imac-215-late-2013-2\/\" \/>\n<meta property=\"og:site_name\" content=\"Apple bazar\" \/>\n<meta property=\"article:published_time\" content=\"2018-01-22T12:24:19+00:00\" \/>\n<meta property=\"og:image\" content=\"https:\/\/www.letemsvetemapplem.eu\/bazar\/wp-content\/uploads\/2018\/01\/IMG_0365-2.jpg\" \/>\n\t<meta property=\"og:image:width\" content=\"2016\" \/>\n\t<meta property=\"og:image:height\" content=\"1512\" \/>\n\t<meta property=\"og:image:type\" content=\"image\/jpeg\" \/>\n<meta name=\"twitter:card\" content=\"summary_large_image\" \/>\n<script type=\"application\/ld+json\" class=\"yoast-schema-graph\">{\"@context\":\"https:\/\/schema.org\",\"@graph\":[{\"@type\":\"Article\",\"@id\":\"https:\/\/www.letemsvetemapplem.eu\/bazar\/prodam-imac-215-late-2013-2\/#article\",\"isPartOf\":{\"@id\":\"https:\/\/www.letemsvetemapplem.eu\/bazar\/prodam-imac-215-late-2013-2\/\"},\"author\":{\"name\":\"\",\"@id\":\"\"},\"headline\":\"Prod\u00e1m Imac 21,5 (late 2013)\",\"datePublished\":\"2018-01-22T12:24:19+00:00\",\"mainEntityOfPage\":{\"@id\":\"https:\/\/www.letemsvetemapplem.eu\/bazar\/prodam-imac-215-late-2013-2\/\"},\"wordCount\":121,\"commentCount\":0,\"image\":{\"@id\":\"https:\/\/www.letemsvetemapplem.eu\/bazar\/prodam-imac-215-late-2013-2\/#primaryimage\"},\"thumbnailUrl\":\"https:\/\/www.letemsvetemapplem.eu\/bazar\/wp-content\/uploads\/2018\/01\/IMG_0365-2.jpg\",\"articleSection\":[\"iMac\"],\"inLanguage\":\"cs\",\"potentialAction\":[{\"@type\":\"CommentAction\",\"name\":\"Comment\",\"target\":[\"https:\/\/www.letemsvetemapplem.eu\/bazar\/prodam-imac-215-late-2013-2\/#respond\"]}]},{\"@type\":\"WebPage\",\"@id\":\"https:\/\/www.letemsvetemapplem.eu\/bazar\/prodam-imac-215-late-2013-2\/\",\"url\":\"https:\/\/www.letemsvetemapplem.eu\/bazar\/prodam-imac-215-late-2013-2\/\",\"name\":\"Prod\u00e1m Imac 21,5 (late 2013) - Apple bazar\",\"isPartOf\":{\"@id\":\"https:\/\/www.letemsvetemapplem.eu\/bazar\/#website\"},\"primaryImageOfPage\":{\"@id\":\"https:\/\/www.letemsvetemapplem.eu\/bazar\/prodam-imac-215-late-2013-2\/#primaryimage\"},\"image\":{\"@id\":\"https:\/\/www.letemsvetemapplem.eu\/bazar\/prodam-imac-215-late-2013-2\/#primaryimage\"},\"thumbnailUrl\":\"https:\/\/www.letemsvetemapplem.eu\/bazar\/wp-content\/uploads\/2018\/01\/IMG_0365-2.jpg\",\"datePublished\":\"2018-01-22T12:24:19+00:00\",\"author\":{\"@id\":\"\"},\"breadcrumb\":{\"@id\":\"https:\/\/www.letemsvetemapplem.eu\/bazar\/prodam-imac-215-late-2013-2\/#breadcrumb\"},\"inLanguage\":\"cs\",\"potentialAction\":[{\"@type\":\"ReadAction\",\"target\":[\"https:\/\/www.letemsvetemapplem.eu\/bazar\/prodam-imac-215-late-2013-2\/\"]}]},{\"@type\":\"ImageObject\",\"inLanguage\":\"cs\",\"@id\":\"https:\/\/www.letemsvetemapplem.eu\/bazar\/prodam-imac-215-late-2013-2\/#primaryimage\",\"url\":\"https:\/\/www.letemsvetemapplem.eu\/bazar\/wp-content\/uploads\/2018\/01\/IMG_0365-2.jpg\",\"contentUrl\":\"https:\/\/www.letemsvetemapplem.eu\/bazar\/wp-content\/uploads\/2018\/01\/IMG_0365-2.jpg\",\"width\":2016,\"height\":1512},{\"@type\":\"BreadcrumbList\",\"@id\":\"https:\/\/www.letemsvetemapplem.eu\/bazar\/prodam-imac-215-late-2013-2\/#breadcrumb\",\"itemListElement\":[{\"@type\":\"ListItem\",\"position\":1,\"name\":\"Apple Bazar\",\"item\":\"https:\/\/www.letemsvetemapplem.eu\/bazar\/\"},{\"@type\":\"ListItem\",\"position\":2,\"name\":\"Prod\u00e1m Imac 21,5 (late 2013)\"}]},{\"@type\":\"WebSite\",\"@id\":\"https:\/\/www.letemsvetemapplem.eu\/bazar\/#website\",\"url\":\"https:\/\/www.letemsvetemapplem.eu\/bazar\/\",\"name\":\"Apple bazar\",\"description\":\"Oou\u017eit\u00e9 Apple produkty za skv\u011bl\u00e9 ceny\",\"potentialAction\":[{\"@type\":\"SearchAction\",\"target\":{\"@type\":\"EntryPoint\",\"urlTemplate\":\"https:\/\/www.letemsvetemapplem.eu\/bazar\/?s={search_term_string}\"},\"query-input\":{\"@type\":\"PropertyValueSpecification\",\"valueRequired\":true,\"valueName\":\"search_term_string\"}}],\"inLanguage\":\"cs\"}]}<\/script>\n<!-- \/ Yoast SEO plugin. -->","yoast_head_json":{"title":"Prod\u00e1m Imac 21,5 (late 2013) - Apple bazar","robots":{"index":"index","follow":"follow","max-snippet":"max-snippet:-1","max-image-preview":"max-image-preview:large","max-video-preview":"max-video-preview:-1"},"canonical":"https:\/\/www.letemsvetemapplem.eu\/bazar\/prodam-imac-215-late-2013-2\/","og_locale":"cs_CZ","og_type":"article","og_title":"Prod\u00e1m Imac 21,5 (late 2013) - Apple bazar","og_description":"Ahoj, ahoj pon\u00fakam na predaj Imac 21&quot; (late 2013), kupovany koncom roka 2015, ci\u017ee z\u00e1ruka skon\u010dila pred p\u00e1r mesiacmi. Hne\u010f na za\u010diatok, po\u010d\u00edta\u010d je mo\u017en\u00e9 si vysk\u00fa\u0161a\u0165 je m\u00e1lo pou\u017e\u00edvan\u00fd a plne funk\u010dn\u00fd. Pri r\u00fdchlom jednan\u00ed mo\u017en\u00e1 dohoda \ud83d\ude42 Kontaktujte ma spr\u00e1vou. Podrobnosti: &#8211; 21&quot; displej s rozl\u00ed\u0161en\u00edm 1920&#215;1080 pixelov &#8211; procesor Intel Core i5...","og_url":"https:\/\/www.letemsvetemapplem.eu\/bazar\/prodam-imac-215-late-2013-2\/","og_site_name":"Apple bazar","article_published_time":"2018-01-22T12:24:19+00:00","og_image":[{"width":2016,"height":1512,"url":"https:\/\/www.letemsvetemapplem.eu\/bazar\/wp-content\/uploads\/2018\/01\/IMG_0365-2.jpg","type":"image\/jpeg"}],"twitter_card":"summary_large_image","schema":{"@context":"https:\/\/schema.org","@graph":[{"@type":"Article","@id":"https:\/\/www.letemsvetemapplem.eu\/bazar\/prodam-imac-215-late-2013-2\/#article","isPartOf":{"@id":"https:\/\/www.letemsvetemapplem.eu\/bazar\/prodam-imac-215-late-2013-2\/"},"author":{"name":"","@id":""},"headline":"Prod\u00e1m Imac 21,5 (late 2013)","datePublished":"2018-01-22T12:24:19+00:00","mainEntityOfPage":{"@id":"https:\/\/www.letemsvetemapplem.eu\/bazar\/prodam-imac-215-late-2013-2\/"},"wordCount":121,"commentCount":0,"image":{"@id":"https:\/\/www.letemsvetemapplem.eu\/bazar\/prodam-imac-215-late-2013-2\/#primaryimage"},"thumbnailUrl":"https:\/\/www.letemsvetemapplem.eu\/bazar\/wp-content\/uploads\/2018\/01\/IMG_0365-2.jpg","articleSection":["iMac"],"inLanguage":"cs","potentialAction":[{"@type":"CommentAction","name":"Comment","target":["https:\/\/www.letemsvetemapplem.eu\/bazar\/prodam-imac-215-late-2013-2\/#respond"]}]},{"@type":"WebPage","@id":"https:\/\/www.letemsvetemapplem.eu\/bazar\/prodam-imac-215-late-2013-2\/","url":"https:\/\/www.letemsvetemapplem.eu\/bazar\/prodam-imac-215-late-2013-2\/","name":"Prod\u00e1m Imac 21,5 (late 2013) - Apple bazar","isPartOf":{"@id":"https:\/\/www.letemsvetemapplem.eu\/bazar\/#website"},"primaryImageOfPage":{"@id":"https:\/\/www.letemsvetemapplem.eu\/bazar\/prodam-imac-215-late-2013-2\/#primaryimage"},"image":{"@id":"https:\/\/www.letemsvetemapplem.eu\/bazar\/prodam-imac-215-late-2013-2\/#primaryimage"},"thumbnailUrl":"https:\/\/www.letemsvetemapplem.eu\/bazar\/wp-content\/uploads\/2018\/01\/IMG_0365-2.jpg","datePublished":"2018-01-22T12:24:19+00:00","author":{"@id":""},"breadcrumb":{"@id":"https:\/\/www.letemsvetemapplem.eu\/bazar\/prodam-imac-215-late-2013-2\/#breadcrumb"},"inLanguage":"cs","potentialAction":[{"@type":"ReadAction","target":["https:\/\/www.letemsvetemapplem.eu\/bazar\/prodam-imac-215-late-2013-2\/"]}]},{"@type":"ImageObject","inLanguage":"cs","@id":"https:\/\/www.letemsvetemapplem.eu\/bazar\/prodam-imac-215-late-2013-2\/#primaryimage","url":"https:\/\/www.letemsvetemapplem.eu\/bazar\/wp-content\/uploads\/2018\/01\/IMG_0365-2.jpg","contentUrl":"https:\/\/www.letemsvetemapplem.eu\/bazar\/wp-content\/uploads\/2018\/01\/IMG_0365-2.jpg","width":2016,"height":1512},{"@type":"BreadcrumbList","@id":"https:\/\/www.letemsvetemapplem.eu\/bazar\/prodam-imac-215-late-2013-2\/#breadcrumb","itemListElement":[{"@type":"ListItem","position":1,"name":"Apple Bazar","item":"https:\/\/www.letemsvetemapplem.eu\/bazar\/"},{"@type":"ListItem","position":2,"name":"Prod\u00e1m Imac 21,5 (late 2013)"}]},{"@type":"WebSite","@id":"https:\/\/www.letemsvetemapplem.eu\/bazar\/#website","url":"https:\/\/www.letemsvetemapplem.eu\/bazar\/","name":"Apple bazar","description":"Oou\u017eit\u00e9 Apple produkty za skv\u011bl\u00e9 ceny","potentialAction":[{"@type":"SearchAction","target":{"@type":"EntryPoint","urlTemplate":"https:\/\/www.letemsvetemapplem.eu\/bazar\/?s={search_term_string}"},"query-input":{"@type":"PropertyValueSpecification","valueRequired":true,"valueName":"search_term_string"}}],"inLanguage":"cs"}]}},"_links":{"self":[{"href":"https:\/\/www.letemsvetemapplem.eu\/bazar\/wp-json\/wp\/v2\/posts\/68139","targetHints":{"allow":["GET"]}}],"collection":[{"href":"https:\/\/www.letemsvetemapplem.eu\/bazar\/wp-json\/wp\/v2\/posts"}],"about":[{"href":"https:\/\/www.letemsvetemapplem.eu\/bazar\/wp-json\/wp\/v2\/types\/post"}],"replies":[{"embeddable":true,"href":"https:\/\/www.letemsvetemapplem.eu\/bazar\/wp-json\/wp\/v2\/comments?post=68139"}],"version-history":[{"count":0,"href":"https:\/\/www.letemsvetemapplem.eu\/bazar\/wp-json\/wp\/v2\/posts\/68139\/revisions"}],"wp:featuredmedia":[{"embeddable":true,"href":"https:\/\/www.letemsvetemapplem.eu\/bazar\/wp-json\/wp\/v2\/media\/68140"}],"wp:attachment":[{"href":"https:\/\/www.letemsvetemapplem.eu\/bazar\/wp-json\/wp\/v2\/media?parent=68139"}],"wp:term":[{"taxonomy":"category","embeddable":true,"href":"https:\/\/www.letemsvetemapplem.eu\/bazar\/wp-json\/wp\/v2\/categories?post=68139"},{"taxonomy":"post_tag","embeddable":true,"href":"https:\/\/www.letemsvetemapplem.eu\/bazar\/wp-json\/wp\/v2\/tags?post=68139"}],"curies":[{"name":"wp","href":"https:\/\/api.w.org\/{rel}","templated":true}]}}