{"id":67794,"date":"2018-01-20T11:37:47","date_gmt":"2018-01-20T10:37:47","guid":{"rendered":"https:\/\/www.letemsvetemapplem.eu\/bazar\/?p=67794"},"modified":"2018-01-20T11:37:47","modified_gmt":"2018-01-20T10:37:47","slug":"42mm-iwatch-series-3-celopozlacene","status":"publish","type":"post","link":"https:\/\/www.letemsvetemapplem.eu\/bazar\/42mm-iwatch-series-3-celopozlacene\/","title":{"rendered":"42mm iWatch Series 3 celopozlacen\u00e9"},"content":{"rendered":"<p>Prod\u00e1m hodinky iWatch 42mm Series3 celopozlacen\u00e9 24kar\u00e1tov\u00fdm zlatem. P\u016fvodn\u00ed cena 2000 USD. No\u0161eno 14 dn\u00ed. P\u016fvodn\u00ed balen\u00ed v\u010detn\u011b certifik\u00e1tu autenti\u010dnosti a dokladu o koupi k dispozici. Mo\u017eno zaregistrovat a prodlou\u017eit z\u00e1ruku na 5 let. <\/p>\n","protected":false},"excerpt":{"rendered":"<p>Prod\u00e1m hodinky iWatch 42mm Series3 celopozlacen\u00e9 24kar\u00e1tov\u00fdm zlatem. P\u016fvodn\u00ed cena 2000 USD. No\u0161eno 14 dn\u00ed. P\u016fvodn\u00ed balen\u00ed v\u010detn\u011b certifik\u00e1tu autenti\u010dnosti a dokladu o koupi k dispozici. Mo\u017eno zaregistrovat a prodlou\u017eit z\u00e1ruku na 5 let.<\/p>\n","protected":false},"author":0,"featured_media":67795,"comment_status":"open","ping_status":"open","sticky":false,"template":"","format":"standard","meta":{"footnotes":""},"categories":[59],"tags":[],"class_list":["post-67794","post","type-post","status-publish","format-standard","has-post-thumbnail","hentry","category-apple-watch-series-3"],"yoast_head":"<!-- This site is optimized with the Yoast SEO plugin v27.5 - https:\/\/yoast.com\/product\/yoast-seo-wordpress\/ -->\n<title>42mm iWatch Series 3 celopozlacen\u00e9 - Apple bazar<\/title>\n<meta name=\"robots\" content=\"index, follow, max-snippet:-1, max-image-preview:large, max-video-preview:-1\" \/>\n<link rel=\"canonical\" href=\"https:\/\/www.letemsvetemapplem.eu\/bazar\/42mm-iwatch-series-3-celopozlacene\/\" \/>\n<meta property=\"og:locale\" content=\"cs_CZ\" \/>\n<meta property=\"og:type\" content=\"article\" \/>\n<meta property=\"og:title\" content=\"42mm iWatch Series 3 celopozlacen\u00e9 - Apple bazar\" \/>\n<meta property=\"og:description\" content=\"Prod\u00e1m hodinky iWatch 42mm Series3 celopozlacen\u00e9 24kar\u00e1tov\u00fdm zlatem. P\u016fvodn\u00ed cena 2000 USD. No\u0161eno 14 dn\u00ed. P\u016fvodn\u00ed balen\u00ed v\u010detn\u011b certifik\u00e1tu autenti\u010dnosti a dokladu o koupi k dispozici. Mo\u017eno zaregistrovat a prodlou\u017eit z\u00e1ruku na 5 let.\" \/>\n<meta property=\"og:url\" content=\"https:\/\/www.letemsvetemapplem.eu\/bazar\/42mm-iwatch-series-3-celopozlacene\/\" \/>\n<meta property=\"og:site_name\" content=\"Apple bazar\" \/>\n<meta property=\"article:published_time\" content=\"2018-01-20T10:37:47+00:00\" \/>\n<meta property=\"og:image\" content=\"https:\/\/www.letemsvetemapplem.eu\/bazar\/wp-content\/uploads\/2018\/01\/IMG_0053.jpg\" \/>\n\t<meta property=\"og:image:width\" content=\"2016\" \/>\n\t<meta property=\"og:image:height\" content=\"1512\" \/>\n\t<meta property=\"og:image:type\" content=\"image\/jpeg\" \/>\n<meta name=\"twitter:card\" content=\"summary_large_image\" \/>\n<script type=\"application\/ld+json\" class=\"yoast-schema-graph\">{\"@context\":\"https:\\\/\\\/schema.org\",\"@graph\":[{\"@type\":\"Article\",\"@id\":\"https:\\\/\\\/www.letemsvetemapplem.eu\\\/bazar\\\/42mm-iwatch-series-3-celopozlacene\\\/#article\",\"isPartOf\":{\"@id\":\"https:\\\/\\\/www.letemsvetemapplem.eu\\\/bazar\\\/42mm-iwatch-series-3-celopozlacene\\\/\"},\"author\":{\"name\":\"\",\"@id\":\"\"},\"headline\":\"42mm iWatch Series 3 celopozlacen\u00e9\",\"datePublished\":\"2018-01-20T10:37:47+00:00\",\"mainEntityOfPage\":{\"@id\":\"https:\\\/\\\/www.letemsvetemapplem.eu\\\/bazar\\\/42mm-iwatch-series-3-celopozlacene\\\/\"},\"wordCount\":47,\"commentCount\":0,\"image\":{\"@id\":\"https:\\\/\\\/www.letemsvetemapplem.eu\\\/bazar\\\/42mm-iwatch-series-3-celopozlacene\\\/#primaryimage\"},\"thumbnailUrl\":\"https:\\\/\\\/www.letemsvetemapplem.eu\\\/bazar\\\/wp-content\\\/uploads\\\/2018\\\/01\\\/IMG_0053.jpg\",\"articleSection\":[\"Apple Watch Series 3\"],\"inLanguage\":\"cs\",\"potentialAction\":[{\"@type\":\"CommentAction\",\"name\":\"Comment\",\"target\":[\"https:\\\/\\\/www.letemsvetemapplem.eu\\\/bazar\\\/42mm-iwatch-series-3-celopozlacene\\\/#respond\"]}]},{\"@type\":\"WebPage\",\"@id\":\"https:\\\/\\\/www.letemsvetemapplem.eu\\\/bazar\\\/42mm-iwatch-series-3-celopozlacene\\\/\",\"url\":\"https:\\\/\\\/www.letemsvetemapplem.eu\\\/bazar\\\/42mm-iwatch-series-3-celopozlacene\\\/\",\"name\":\"42mm iWatch Series 3 celopozlacen\u00e9 - Apple bazar\",\"isPartOf\":{\"@id\":\"https:\\\/\\\/www.letemsvetemapplem.eu\\\/bazar\\\/#website\"},\"primaryImageOfPage\":{\"@id\":\"https:\\\/\\\/www.letemsvetemapplem.eu\\\/bazar\\\/42mm-iwatch-series-3-celopozlacene\\\/#primaryimage\"},\"image\":{\"@id\":\"https:\\\/\\\/www.letemsvetemapplem.eu\\\/bazar\\\/42mm-iwatch-series-3-celopozlacene\\\/#primaryimage\"},\"thumbnailUrl\":\"https:\\\/\\\/www.letemsvetemapplem.eu\\\/bazar\\\/wp-content\\\/uploads\\\/2018\\\/01\\\/IMG_0053.jpg\",\"datePublished\":\"2018-01-20T10:37:47+00:00\",\"author\":{\"@id\":\"\"},\"breadcrumb\":{\"@id\":\"https:\\\/\\\/www.letemsvetemapplem.eu\\\/bazar\\\/42mm-iwatch-series-3-celopozlacene\\\/#breadcrumb\"},\"inLanguage\":\"cs\",\"potentialAction\":[{\"@type\":\"ReadAction\",\"target\":[\"https:\\\/\\\/www.letemsvetemapplem.eu\\\/bazar\\\/42mm-iwatch-series-3-celopozlacene\\\/\"]}]},{\"@type\":\"ImageObject\",\"inLanguage\":\"cs\",\"@id\":\"https:\\\/\\\/www.letemsvetemapplem.eu\\\/bazar\\\/42mm-iwatch-series-3-celopozlacene\\\/#primaryimage\",\"url\":\"https:\\\/\\\/www.letemsvetemapplem.eu\\\/bazar\\\/wp-content\\\/uploads\\\/2018\\\/01\\\/IMG_0053.jpg\",\"contentUrl\":\"https:\\\/\\\/www.letemsvetemapplem.eu\\\/bazar\\\/wp-content\\\/uploads\\\/2018\\\/01\\\/IMG_0053.jpg\",\"width\":2016,\"height\":1512},{\"@type\":\"BreadcrumbList\",\"@id\":\"https:\\\/\\\/www.letemsvetemapplem.eu\\\/bazar\\\/42mm-iwatch-series-3-celopozlacene\\\/#breadcrumb\",\"itemListElement\":[{\"@type\":\"ListItem\",\"position\":1,\"name\":\"Apple Bazar\",\"item\":\"https:\\\/\\\/www.letemsvetemapplem.eu\\\/bazar\\\/\"},{\"@type\":\"ListItem\",\"position\":2,\"name\":\"42mm iWatch Series 3 celopozlacen\u00e9\"}]},{\"@type\":\"WebSite\",\"@id\":\"https:\\\/\\\/www.letemsvetemapplem.eu\\\/bazar\\\/#website\",\"url\":\"https:\\\/\\\/www.letemsvetemapplem.eu\\\/bazar\\\/\",\"name\":\"Apple bazar\",\"description\":\"Oou\u017eit\u00e9 Apple produkty za skv\u011bl\u00e9 ceny\",\"potentialAction\":[{\"@type\":\"SearchAction\",\"target\":{\"@type\":\"EntryPoint\",\"urlTemplate\":\"https:\\\/\\\/www.letemsvetemapplem.eu\\\/bazar\\\/?s={search_term_string}\"},\"query-input\":{\"@type\":\"PropertyValueSpecification\",\"valueRequired\":true,\"valueName\":\"search_term_string\"}}],\"inLanguage\":\"cs\"}]}<\/script>\n<!-- \/ Yoast SEO plugin. -->","yoast_head_json":{"title":"42mm iWatch Series 3 celopozlacen\u00e9 - Apple bazar","robots":{"index":"index","follow":"follow","max-snippet":"max-snippet:-1","max-image-preview":"max-image-preview:large","max-video-preview":"max-video-preview:-1"},"canonical":"https:\/\/www.letemsvetemapplem.eu\/bazar\/42mm-iwatch-series-3-celopozlacene\/","og_locale":"cs_CZ","og_type":"article","og_title":"42mm iWatch Series 3 celopozlacen\u00e9 - Apple bazar","og_description":"Prod\u00e1m hodinky iWatch 42mm Series3 celopozlacen\u00e9 24kar\u00e1tov\u00fdm zlatem. P\u016fvodn\u00ed cena 2000 USD. No\u0161eno 14 dn\u00ed. P\u016fvodn\u00ed balen\u00ed v\u010detn\u011b certifik\u00e1tu autenti\u010dnosti a dokladu o koupi k dispozici. Mo\u017eno zaregistrovat a prodlou\u017eit z\u00e1ruku na 5 let.","og_url":"https:\/\/www.letemsvetemapplem.eu\/bazar\/42mm-iwatch-series-3-celopozlacene\/","og_site_name":"Apple bazar","article_published_time":"2018-01-20T10:37:47+00:00","og_image":[{"width":2016,"height":1512,"url":"https:\/\/www.letemsvetemapplem.eu\/bazar\/wp-content\/uploads\/2018\/01\/IMG_0053.jpg","type":"image\/jpeg"}],"twitter_card":"summary_large_image","schema":{"@context":"https:\/\/schema.org","@graph":[{"@type":"Article","@id":"https:\/\/www.letemsvetemapplem.eu\/bazar\/42mm-iwatch-series-3-celopozlacene\/#article","isPartOf":{"@id":"https:\/\/www.letemsvetemapplem.eu\/bazar\/42mm-iwatch-series-3-celopozlacene\/"},"author":{"name":"","@id":""},"headline":"42mm iWatch Series 3 celopozlacen\u00e9","datePublished":"2018-01-20T10:37:47+00:00","mainEntityOfPage":{"@id":"https:\/\/www.letemsvetemapplem.eu\/bazar\/42mm-iwatch-series-3-celopozlacene\/"},"wordCount":47,"commentCount":0,"image":{"@id":"https:\/\/www.letemsvetemapplem.eu\/bazar\/42mm-iwatch-series-3-celopozlacene\/#primaryimage"},"thumbnailUrl":"https:\/\/www.letemsvetemapplem.eu\/bazar\/wp-content\/uploads\/2018\/01\/IMG_0053.jpg","articleSection":["Apple Watch Series 3"],"inLanguage":"cs","potentialAction":[{"@type":"CommentAction","name":"Comment","target":["https:\/\/www.letemsvetemapplem.eu\/bazar\/42mm-iwatch-series-3-celopozlacene\/#respond"]}]},{"@type":"WebPage","@id":"https:\/\/www.letemsvetemapplem.eu\/bazar\/42mm-iwatch-series-3-celopozlacene\/","url":"https:\/\/www.letemsvetemapplem.eu\/bazar\/42mm-iwatch-series-3-celopozlacene\/","name":"42mm iWatch Series 3 celopozlacen\u00e9 - Apple bazar","isPartOf":{"@id":"https:\/\/www.letemsvetemapplem.eu\/bazar\/#website"},"primaryImageOfPage":{"@id":"https:\/\/www.letemsvetemapplem.eu\/bazar\/42mm-iwatch-series-3-celopozlacene\/#primaryimage"},"image":{"@id":"https:\/\/www.letemsvetemapplem.eu\/bazar\/42mm-iwatch-series-3-celopozlacene\/#primaryimage"},"thumbnailUrl":"https:\/\/www.letemsvetemapplem.eu\/bazar\/wp-content\/uploads\/2018\/01\/IMG_0053.jpg","datePublished":"2018-01-20T10:37:47+00:00","author":{"@id":""},"breadcrumb":{"@id":"https:\/\/www.letemsvetemapplem.eu\/bazar\/42mm-iwatch-series-3-celopozlacene\/#breadcrumb"},"inLanguage":"cs","potentialAction":[{"@type":"ReadAction","target":["https:\/\/www.letemsvetemapplem.eu\/bazar\/42mm-iwatch-series-3-celopozlacene\/"]}]},{"@type":"ImageObject","inLanguage":"cs","@id":"https:\/\/www.letemsvetemapplem.eu\/bazar\/42mm-iwatch-series-3-celopozlacene\/#primaryimage","url":"https:\/\/www.letemsvetemapplem.eu\/bazar\/wp-content\/uploads\/2018\/01\/IMG_0053.jpg","contentUrl":"https:\/\/www.letemsvetemapplem.eu\/bazar\/wp-content\/uploads\/2018\/01\/IMG_0053.jpg","width":2016,"height":1512},{"@type":"BreadcrumbList","@id":"https:\/\/www.letemsvetemapplem.eu\/bazar\/42mm-iwatch-series-3-celopozlacene\/#breadcrumb","itemListElement":[{"@type":"ListItem","position":1,"name":"Apple Bazar","item":"https:\/\/www.letemsvetemapplem.eu\/bazar\/"},{"@type":"ListItem","position":2,"name":"42mm iWatch Series 3 celopozlacen\u00e9"}]},{"@type":"WebSite","@id":"https:\/\/www.letemsvetemapplem.eu\/bazar\/#website","url":"https:\/\/www.letemsvetemapplem.eu\/bazar\/","name":"Apple bazar","description":"Oou\u017eit\u00e9 Apple produkty za skv\u011bl\u00e9 ceny","potentialAction":[{"@type":"SearchAction","target":{"@type":"EntryPoint","urlTemplate":"https:\/\/www.letemsvetemapplem.eu\/bazar\/?s={search_term_string}"},"query-input":{"@type":"PropertyValueSpecification","valueRequired":true,"valueName":"search_term_string"}}],"inLanguage":"cs"}]}},"_links":{"self":[{"href":"https:\/\/www.letemsvetemapplem.eu\/bazar\/wp-json\/wp\/v2\/posts\/67794","targetHints":{"allow":["GET"]}}],"collection":[{"href":"https:\/\/www.letemsvetemapplem.eu\/bazar\/wp-json\/wp\/v2\/posts"}],"about":[{"href":"https:\/\/www.letemsvetemapplem.eu\/bazar\/wp-json\/wp\/v2\/types\/post"}],"replies":[{"embeddable":true,"href":"https:\/\/www.letemsvetemapplem.eu\/bazar\/wp-json\/wp\/v2\/comments?post=67794"}],"version-history":[{"count":0,"href":"https:\/\/www.letemsvetemapplem.eu\/bazar\/wp-json\/wp\/v2\/posts\/67794\/revisions"}],"wp:featuredmedia":[{"embeddable":true,"href":"https:\/\/www.letemsvetemapplem.eu\/bazar\/wp-json\/wp\/v2\/media\/67795"}],"wp:attachment":[{"href":"https:\/\/www.letemsvetemapplem.eu\/bazar\/wp-json\/wp\/v2\/media?parent=67794"}],"wp:term":[{"taxonomy":"category","embeddable":true,"href":"https:\/\/www.letemsvetemapplem.eu\/bazar\/wp-json\/wp\/v2\/categories?post=67794"},{"taxonomy":"post_tag","embeddable":true,"href":"https:\/\/www.letemsvetemapplem.eu\/bazar\/wp-json\/wp\/v2\/tags?post=67794"}],"curies":[{"name":"wp","href":"https:\/\/api.w.org\/{rel}","templated":true}]}}