{"id":66268,"date":"2018-01-12T05:49:59","date_gmt":"2018-01-12T04:49:59","guid":{"rendered":"https:\/\/www.letemsvetemapplem.eu\/bazar\/?p=66268"},"modified":"2018-01-12T06:05:23","modified_gmt":"2018-01-12T05:05:23","slug":"iphone-7-32gb-black-mater-zaruka","status":"publish","type":"post","link":"https:\/\/www.letemsvetemapplem.eu\/bazar\/iphone-7-32gb-black-mater-zaruka\/","title":{"rendered":"IPHONE 7 32GB BLACK MATER Z\u00e1ruka"},"content":{"rendered":"<p>Prod\u00e1m pln\u011b funk\u010dn\u00ed, 3 m\u011bs\u00edce u\u017e\u00edvan\u00fd iphone 7 32 GB. No\u0161en po celou dobu v obalu s krytem na displeji. Telefon nem\u00e1 \u017e\u00e1dn\u00e9 \u0161kr\u00e1bance, nikdy nespadl na zem a nikdy nejevil zn\u00e1mky technick\u00fdch chyb.<br \/>\nResetov\u00e1n, icloud odhl\u00e1\u0161en, p\u0159id\u00e1m 6 kryt\u016f.<br \/>\nKomplet balen\u00ed.<br \/>\nZ\u00e1ruka \u2013 datart.<br \/>\nPC: 16490,-<br \/>\nDohoda \u010di v\u00fdm\u011bna mo\u017en\u00e1<\/p>\n","protected":false},"excerpt":{"rendered":"<p>Prod\u00e1m pln\u011b funk\u010dn\u00ed, 3 m\u011bs\u00edce u\u017e\u00edvan\u00fd iphone 7 32 GB. No\u0161en po celou dobu v obalu s krytem na displeji. Telefon nem\u00e1 \u017e\u00e1dn\u00e9 \u0161kr\u00e1bance, nikdy nespadl na zem a nikdy nejevil zn\u00e1mky technick\u00fdch chyb. Resetov\u00e1n, icloud odhl\u00e1\u0161en, p\u0159id\u00e1m 6 kryt\u016f. Komplet balen\u00ed. Z\u00e1ruka \u2013 datart. PC: 16490,- Dohoda \u010di v\u00fdm\u011bna mo\u017en\u00e1<\/p>\n","protected":false},"author":0,"featured_media":66269,"comment_status":"open","ping_status":"open","sticky":false,"template":"","format":"standard","meta":{"footnotes":""},"categories":[51],"tags":[],"class_list":["post-66268","post","type-post","status-publish","format-standard","has-post-thumbnail","hentry","category-iphone-7-iphone-7-plus"],"yoast_head":"<!-- This site is optimized with the Yoast SEO plugin v27.2 - https:\/\/yoast.com\/product\/yoast-seo-wordpress\/ -->\n<title>IPHONE 7 32GB BLACK MATER Z\u00e1ruka - Apple bazar<\/title>\n<meta name=\"robots\" content=\"index, follow, max-snippet:-1, max-image-preview:large, max-video-preview:-1\" \/>\n<link rel=\"canonical\" href=\"https:\/\/www.letemsvetemapplem.eu\/bazar\/iphone-7-32gb-black-mater-zaruka\/\" \/>\n<meta property=\"og:locale\" content=\"cs_CZ\" \/>\n<meta property=\"og:type\" content=\"article\" \/>\n<meta property=\"og:title\" content=\"IPHONE 7 32GB BLACK MATER Z\u00e1ruka - Apple bazar\" \/>\n<meta property=\"og:description\" content=\"Prod\u00e1m pln\u011b funk\u010dn\u00ed, 3 m\u011bs\u00edce u\u017e\u00edvan\u00fd iphone 7 32 GB. No\u0161en po celou dobu v obalu s krytem na displeji. Telefon nem\u00e1 \u017e\u00e1dn\u00e9 \u0161kr\u00e1bance, nikdy nespadl na zem a nikdy nejevil zn\u00e1mky technick\u00fdch chyb. Resetov\u00e1n, icloud odhl\u00e1\u0161en, p\u0159id\u00e1m 6 kryt\u016f. Komplet balen\u00ed. Z\u00e1ruka \u2013 datart. PC: 16490,- Dohoda \u010di v\u00fdm\u011bna mo\u017en\u00e1\" \/>\n<meta property=\"og:url\" content=\"https:\/\/www.letemsvetemapplem.eu\/bazar\/iphone-7-32gb-black-mater-zaruka\/\" \/>\n<meta property=\"og:site_name\" content=\"Apple bazar\" \/>\n<meta property=\"article:published_time\" content=\"2018-01-12T04:49:59+00:00\" \/>\n<meta property=\"article:modified_time\" content=\"2018-01-12T05:05:23+00:00\" \/>\n<meta property=\"og:image\" content=\"https:\/\/www.letemsvetemapplem.eu\/bazar\/wp-content\/uploads\/2018\/01\/58.jpg\" \/>\n\t<meta property=\"og:image:width\" content=\"598\" \/>\n\t<meta property=\"og:image:height\" content=\"640\" \/>\n\t<meta property=\"og:image:type\" content=\"image\/jpeg\" \/>\n<meta name=\"twitter:card\" content=\"summary_large_image\" \/>\n<script type=\"application\/ld+json\" class=\"yoast-schema-graph\">{\"@context\":\"https:\/\/schema.org\",\"@graph\":[{\"@type\":\"Article\",\"@id\":\"https:\/\/www.letemsvetemapplem.eu\/bazar\/iphone-7-32gb-black-mater-zaruka\/#article\",\"isPartOf\":{\"@id\":\"https:\/\/www.letemsvetemapplem.eu\/bazar\/iphone-7-32gb-black-mater-zaruka\/\"},\"author\":{\"name\":\"\",\"@id\":\"\"},\"headline\":\"IPHONE 7 32GB BLACK MATER Z\u00e1ruka\",\"datePublished\":\"2018-01-12T04:49:59+00:00\",\"dateModified\":\"2018-01-12T05:05:23+00:00\",\"mainEntityOfPage\":{\"@id\":\"https:\/\/www.letemsvetemapplem.eu\/bazar\/iphone-7-32gb-black-mater-zaruka\/\"},\"wordCount\":69,\"commentCount\":0,\"image\":{\"@id\":\"https:\/\/www.letemsvetemapplem.eu\/bazar\/iphone-7-32gb-black-mater-zaruka\/#primaryimage\"},\"thumbnailUrl\":\"https:\/\/www.letemsvetemapplem.eu\/bazar\/wp-content\/uploads\/2018\/01\/58.jpg\",\"articleSection\":[\"iPhone 7\/7 Plus\"],\"inLanguage\":\"cs\",\"potentialAction\":[{\"@type\":\"CommentAction\",\"name\":\"Comment\",\"target\":[\"https:\/\/www.letemsvetemapplem.eu\/bazar\/iphone-7-32gb-black-mater-zaruka\/#respond\"]}]},{\"@type\":\"WebPage\",\"@id\":\"https:\/\/www.letemsvetemapplem.eu\/bazar\/iphone-7-32gb-black-mater-zaruka\/\",\"url\":\"https:\/\/www.letemsvetemapplem.eu\/bazar\/iphone-7-32gb-black-mater-zaruka\/\",\"name\":\"IPHONE 7 32GB BLACK MATER Z\u00e1ruka - Apple bazar\",\"isPartOf\":{\"@id\":\"https:\/\/www.letemsvetemapplem.eu\/bazar\/#website\"},\"primaryImageOfPage\":{\"@id\":\"https:\/\/www.letemsvetemapplem.eu\/bazar\/iphone-7-32gb-black-mater-zaruka\/#primaryimage\"},\"image\":{\"@id\":\"https:\/\/www.letemsvetemapplem.eu\/bazar\/iphone-7-32gb-black-mater-zaruka\/#primaryimage\"},\"thumbnailUrl\":\"https:\/\/www.letemsvetemapplem.eu\/bazar\/wp-content\/uploads\/2018\/01\/58.jpg\",\"datePublished\":\"2018-01-12T04:49:59+00:00\",\"dateModified\":\"2018-01-12T05:05:23+00:00\",\"author\":{\"@id\":\"\"},\"breadcrumb\":{\"@id\":\"https:\/\/www.letemsvetemapplem.eu\/bazar\/iphone-7-32gb-black-mater-zaruka\/#breadcrumb\"},\"inLanguage\":\"cs\",\"potentialAction\":[{\"@type\":\"ReadAction\",\"target\":[\"https:\/\/www.letemsvetemapplem.eu\/bazar\/iphone-7-32gb-black-mater-zaruka\/\"]}]},{\"@type\":\"ImageObject\",\"inLanguage\":\"cs\",\"@id\":\"https:\/\/www.letemsvetemapplem.eu\/bazar\/iphone-7-32gb-black-mater-zaruka\/#primaryimage\",\"url\":\"https:\/\/www.letemsvetemapplem.eu\/bazar\/wp-content\/uploads\/2018\/01\/58.jpg\",\"contentUrl\":\"https:\/\/www.letemsvetemapplem.eu\/bazar\/wp-content\/uploads\/2018\/01\/58.jpg\",\"width\":598,\"height\":640},{\"@type\":\"BreadcrumbList\",\"@id\":\"https:\/\/www.letemsvetemapplem.eu\/bazar\/iphone-7-32gb-black-mater-zaruka\/#breadcrumb\",\"itemListElement\":[{\"@type\":\"ListItem\",\"position\":1,\"name\":\"Apple Bazar\",\"item\":\"https:\/\/www.letemsvetemapplem.eu\/bazar\/\"},{\"@type\":\"ListItem\",\"position\":2,\"name\":\"IPHONE 7 32GB BLACK MATER Z\u00e1ruka\"}]},{\"@type\":\"WebSite\",\"@id\":\"https:\/\/www.letemsvetemapplem.eu\/bazar\/#website\",\"url\":\"https:\/\/www.letemsvetemapplem.eu\/bazar\/\",\"name\":\"Apple bazar\",\"description\":\"Oou\u017eit\u00e9 Apple produkty za skv\u011bl\u00e9 ceny\",\"potentialAction\":[{\"@type\":\"SearchAction\",\"target\":{\"@type\":\"EntryPoint\",\"urlTemplate\":\"https:\/\/www.letemsvetemapplem.eu\/bazar\/?s={search_term_string}\"},\"query-input\":{\"@type\":\"PropertyValueSpecification\",\"valueRequired\":true,\"valueName\":\"search_term_string\"}}],\"inLanguage\":\"cs\"}]}<\/script>\n<!-- \/ Yoast SEO plugin. -->","yoast_head_json":{"title":"IPHONE 7 32GB BLACK MATER Z\u00e1ruka - Apple bazar","robots":{"index":"index","follow":"follow","max-snippet":"max-snippet:-1","max-image-preview":"max-image-preview:large","max-video-preview":"max-video-preview:-1"},"canonical":"https:\/\/www.letemsvetemapplem.eu\/bazar\/iphone-7-32gb-black-mater-zaruka\/","og_locale":"cs_CZ","og_type":"article","og_title":"IPHONE 7 32GB BLACK MATER Z\u00e1ruka - Apple bazar","og_description":"Prod\u00e1m pln\u011b funk\u010dn\u00ed, 3 m\u011bs\u00edce u\u017e\u00edvan\u00fd iphone 7 32 GB. No\u0161en po celou dobu v obalu s krytem na displeji. Telefon nem\u00e1 \u017e\u00e1dn\u00e9 \u0161kr\u00e1bance, nikdy nespadl na zem a nikdy nejevil zn\u00e1mky technick\u00fdch chyb. Resetov\u00e1n, icloud odhl\u00e1\u0161en, p\u0159id\u00e1m 6 kryt\u016f. Komplet balen\u00ed. Z\u00e1ruka \u2013 datart. PC: 16490,- Dohoda \u010di v\u00fdm\u011bna mo\u017en\u00e1","og_url":"https:\/\/www.letemsvetemapplem.eu\/bazar\/iphone-7-32gb-black-mater-zaruka\/","og_site_name":"Apple bazar","article_published_time":"2018-01-12T04:49:59+00:00","article_modified_time":"2018-01-12T05:05:23+00:00","og_image":[{"width":598,"height":640,"url":"https:\/\/www.letemsvetemapplem.eu\/bazar\/wp-content\/uploads\/2018\/01\/58.jpg","type":"image\/jpeg"}],"twitter_card":"summary_large_image","schema":{"@context":"https:\/\/schema.org","@graph":[{"@type":"Article","@id":"https:\/\/www.letemsvetemapplem.eu\/bazar\/iphone-7-32gb-black-mater-zaruka\/#article","isPartOf":{"@id":"https:\/\/www.letemsvetemapplem.eu\/bazar\/iphone-7-32gb-black-mater-zaruka\/"},"author":{"name":"","@id":""},"headline":"IPHONE 7 32GB BLACK MATER Z\u00e1ruka","datePublished":"2018-01-12T04:49:59+00:00","dateModified":"2018-01-12T05:05:23+00:00","mainEntityOfPage":{"@id":"https:\/\/www.letemsvetemapplem.eu\/bazar\/iphone-7-32gb-black-mater-zaruka\/"},"wordCount":69,"commentCount":0,"image":{"@id":"https:\/\/www.letemsvetemapplem.eu\/bazar\/iphone-7-32gb-black-mater-zaruka\/#primaryimage"},"thumbnailUrl":"https:\/\/www.letemsvetemapplem.eu\/bazar\/wp-content\/uploads\/2018\/01\/58.jpg","articleSection":["iPhone 7\/7 Plus"],"inLanguage":"cs","potentialAction":[{"@type":"CommentAction","name":"Comment","target":["https:\/\/www.letemsvetemapplem.eu\/bazar\/iphone-7-32gb-black-mater-zaruka\/#respond"]}]},{"@type":"WebPage","@id":"https:\/\/www.letemsvetemapplem.eu\/bazar\/iphone-7-32gb-black-mater-zaruka\/","url":"https:\/\/www.letemsvetemapplem.eu\/bazar\/iphone-7-32gb-black-mater-zaruka\/","name":"IPHONE 7 32GB BLACK MATER Z\u00e1ruka - Apple bazar","isPartOf":{"@id":"https:\/\/www.letemsvetemapplem.eu\/bazar\/#website"},"primaryImageOfPage":{"@id":"https:\/\/www.letemsvetemapplem.eu\/bazar\/iphone-7-32gb-black-mater-zaruka\/#primaryimage"},"image":{"@id":"https:\/\/www.letemsvetemapplem.eu\/bazar\/iphone-7-32gb-black-mater-zaruka\/#primaryimage"},"thumbnailUrl":"https:\/\/www.letemsvetemapplem.eu\/bazar\/wp-content\/uploads\/2018\/01\/58.jpg","datePublished":"2018-01-12T04:49:59+00:00","dateModified":"2018-01-12T05:05:23+00:00","author":{"@id":""},"breadcrumb":{"@id":"https:\/\/www.letemsvetemapplem.eu\/bazar\/iphone-7-32gb-black-mater-zaruka\/#breadcrumb"},"inLanguage":"cs","potentialAction":[{"@type":"ReadAction","target":["https:\/\/www.letemsvetemapplem.eu\/bazar\/iphone-7-32gb-black-mater-zaruka\/"]}]},{"@type":"ImageObject","inLanguage":"cs","@id":"https:\/\/www.letemsvetemapplem.eu\/bazar\/iphone-7-32gb-black-mater-zaruka\/#primaryimage","url":"https:\/\/www.letemsvetemapplem.eu\/bazar\/wp-content\/uploads\/2018\/01\/58.jpg","contentUrl":"https:\/\/www.letemsvetemapplem.eu\/bazar\/wp-content\/uploads\/2018\/01\/58.jpg","width":598,"height":640},{"@type":"BreadcrumbList","@id":"https:\/\/www.letemsvetemapplem.eu\/bazar\/iphone-7-32gb-black-mater-zaruka\/#breadcrumb","itemListElement":[{"@type":"ListItem","position":1,"name":"Apple Bazar","item":"https:\/\/www.letemsvetemapplem.eu\/bazar\/"},{"@type":"ListItem","position":2,"name":"IPHONE 7 32GB BLACK MATER Z\u00e1ruka"}]},{"@type":"WebSite","@id":"https:\/\/www.letemsvetemapplem.eu\/bazar\/#website","url":"https:\/\/www.letemsvetemapplem.eu\/bazar\/","name":"Apple bazar","description":"Oou\u017eit\u00e9 Apple produkty za skv\u011bl\u00e9 ceny","potentialAction":[{"@type":"SearchAction","target":{"@type":"EntryPoint","urlTemplate":"https:\/\/www.letemsvetemapplem.eu\/bazar\/?s={search_term_string}"},"query-input":{"@type":"PropertyValueSpecification","valueRequired":true,"valueName":"search_term_string"}}],"inLanguage":"cs"}]}},"_links":{"self":[{"href":"https:\/\/www.letemsvetemapplem.eu\/bazar\/wp-json\/wp\/v2\/posts\/66268","targetHints":{"allow":["GET"]}}],"collection":[{"href":"https:\/\/www.letemsvetemapplem.eu\/bazar\/wp-json\/wp\/v2\/posts"}],"about":[{"href":"https:\/\/www.letemsvetemapplem.eu\/bazar\/wp-json\/wp\/v2\/types\/post"}],"replies":[{"embeddable":true,"href":"https:\/\/www.letemsvetemapplem.eu\/bazar\/wp-json\/wp\/v2\/comments?post=66268"}],"version-history":[{"count":0,"href":"https:\/\/www.letemsvetemapplem.eu\/bazar\/wp-json\/wp\/v2\/posts\/66268\/revisions"}],"wp:featuredmedia":[{"embeddable":true,"href":"https:\/\/www.letemsvetemapplem.eu\/bazar\/wp-json\/wp\/v2\/media\/66269"}],"wp:attachment":[{"href":"https:\/\/www.letemsvetemapplem.eu\/bazar\/wp-json\/wp\/v2\/media?parent=66268"}],"wp:term":[{"taxonomy":"category","embeddable":true,"href":"https:\/\/www.letemsvetemapplem.eu\/bazar\/wp-json\/wp\/v2\/categories?post=66268"},{"taxonomy":"post_tag","embeddable":true,"href":"https:\/\/www.letemsvetemapplem.eu\/bazar\/wp-json\/wp\/v2\/tags?post=66268"}],"curies":[{"name":"wp","href":"https:\/\/api.w.org\/{rel}","templated":true}]}}