{"id":65461,"date":"2018-01-08T22:36:41","date_gmt":"2018-01-08T21:36:41","guid":{"rendered":"https:\/\/www.letemsvetemapplem.eu\/bazar\/?p=65461"},"modified":"2018-01-12T21:15:20","modified_gmt":"2018-01-12T20:15:20","slug":"imac-27-r-v-2011","status":"publish","type":"post","link":"https:\/\/www.letemsvetemapplem.eu\/bazar\/imac-27-r-v-2011\/","title":{"rendered":"iMac 27&quot; &#8211; ( r.v.2011)"},"content":{"rendered":"<p>Prod\u00e1m iMac 27&quot;  ( 2011) pln\u011b funk\u010dn\u00ed,<br \/>\nAMD Radeon HD 6770M (512 MB) ,<br \/>\n2,7 GHz , Intel Core i5<br \/>\n4 GB DDR3 (2x2GB) ,2 sloty voln\u00e9<br \/>\nProd\u00e1v\u00e1m bez HDD ( disk si ponech\u00e1v\u00e1m), v\u010detn\u011b krabice, bez dal\u0161\u00edho p\u0159\u00edslu\u0161enstv\u00ed<br \/>\n725562886<\/p>\n","protected":false},"excerpt":{"rendered":"<p>Prod\u00e1m iMac 27&quot; ( 2011) pln\u011b funk\u010dn\u00ed, AMD Radeon HD 6770M (512 MB) , 2,7 GHz , Intel Core i5 4 GB DDR3 (2x2GB) ,2 sloty voln\u00e9 Prod\u00e1v\u00e1m bez HDD ( disk si ponech\u00e1v\u00e1m), v\u010detn\u011b krabice, bez dal\u0161\u00edho p\u0159\u00edslu\u0161enstv\u00ed 725562886<\/p>\n","protected":false},"author":0,"featured_media":65462,"comment_status":"open","ping_status":"open","sticky":false,"template":"","format":"standard","meta":{"footnotes":""},"categories":[41],"tags":[],"class_list":["post-65461","post","type-post","status-publish","format-standard","has-post-thumbnail","hentry","category-imac"],"yoast_head":"<!-- This site is optimized with the Yoast SEO plugin v27.2 - https:\/\/yoast.com\/product\/yoast-seo-wordpress\/ -->\n<title>iMac 27&quot; - ( r.v.2011) - Apple bazar<\/title>\n<meta name=\"robots\" content=\"index, follow, max-snippet:-1, max-image-preview:large, max-video-preview:-1\" \/>\n<link rel=\"canonical\" href=\"https:\/\/www.letemsvetemapplem.eu\/bazar\/imac-27-r-v-2011\/\" \/>\n<meta property=\"og:locale\" content=\"cs_CZ\" \/>\n<meta property=\"og:type\" content=\"article\" \/>\n<meta property=\"og:title\" content=\"iMac 27&quot; - ( r.v.2011) - Apple bazar\" \/>\n<meta property=\"og:description\" content=\"Prod\u00e1m iMac 27&quot; ( 2011) pln\u011b funk\u010dn\u00ed, AMD Radeon HD 6770M (512 MB) , 2,7 GHz , Intel Core i5 4 GB DDR3 (2x2GB) ,2 sloty voln\u00e9 Prod\u00e1v\u00e1m bez HDD ( disk si ponech\u00e1v\u00e1m), v\u010detn\u011b krabice, bez dal\u0161\u00edho p\u0159\u00edslu\u0161enstv\u00ed 725562886\" \/>\n<meta property=\"og:url\" content=\"https:\/\/www.letemsvetemapplem.eu\/bazar\/imac-27-r-v-2011\/\" \/>\n<meta property=\"og:site_name\" content=\"Apple bazar\" \/>\n<meta property=\"article:published_time\" content=\"2018-01-08T21:36:41+00:00\" \/>\n<meta property=\"article:modified_time\" content=\"2018-01-12T20:15:20+00:00\" \/>\n<meta property=\"og:image\" content=\"https:\/\/www.letemsvetemapplem.eu\/bazar\/wp-content\/uploads\/2018\/01\/IMG_20180108_084503.jpg\" \/>\n\t<meta property=\"og:image:width\" content=\"3120\" \/>\n\t<meta property=\"og:image:height\" content=\"4160\" \/>\n\t<meta property=\"og:image:type\" content=\"image\/jpeg\" \/>\n<meta name=\"twitter:card\" content=\"summary_large_image\" \/>\n<script type=\"application\/ld+json\" class=\"yoast-schema-graph\">{\"@context\":\"https:\/\/schema.org\",\"@graph\":[{\"@type\":\"Article\",\"@id\":\"https:\/\/www.letemsvetemapplem.eu\/bazar\/imac-27-r-v-2011\/#article\",\"isPartOf\":{\"@id\":\"https:\/\/www.letemsvetemapplem.eu\/bazar\/imac-27-r-v-2011\/\"},\"author\":{\"name\":\"\",\"@id\":\"\"},\"headline\":\"iMac 27&quot; &#8211; ( r.v.2011)\",\"datePublished\":\"2018-01-08T21:36:41+00:00\",\"dateModified\":\"2018-01-12T20:15:20+00:00\",\"mainEntityOfPage\":{\"@id\":\"https:\/\/www.letemsvetemapplem.eu\/bazar\/imac-27-r-v-2011\/\"},\"wordCount\":46,\"commentCount\":0,\"image\":{\"@id\":\"https:\/\/www.letemsvetemapplem.eu\/bazar\/imac-27-r-v-2011\/#primaryimage\"},\"thumbnailUrl\":\"https:\/\/www.letemsvetemapplem.eu\/bazar\/wp-content\/uploads\/2018\/01\/IMG_20180108_084503.jpg\",\"articleSection\":[\"iMac\"],\"inLanguage\":\"cs\",\"potentialAction\":[{\"@type\":\"CommentAction\",\"name\":\"Comment\",\"target\":[\"https:\/\/www.letemsvetemapplem.eu\/bazar\/imac-27-r-v-2011\/#respond\"]}]},{\"@type\":\"WebPage\",\"@id\":\"https:\/\/www.letemsvetemapplem.eu\/bazar\/imac-27-r-v-2011\/\",\"url\":\"https:\/\/www.letemsvetemapplem.eu\/bazar\/imac-27-r-v-2011\/\",\"name\":\"iMac 27&quot; - ( r.v.2011) - Apple bazar\",\"isPartOf\":{\"@id\":\"https:\/\/www.letemsvetemapplem.eu\/bazar\/#website\"},\"primaryImageOfPage\":{\"@id\":\"https:\/\/www.letemsvetemapplem.eu\/bazar\/imac-27-r-v-2011\/#primaryimage\"},\"image\":{\"@id\":\"https:\/\/www.letemsvetemapplem.eu\/bazar\/imac-27-r-v-2011\/#primaryimage\"},\"thumbnailUrl\":\"https:\/\/www.letemsvetemapplem.eu\/bazar\/wp-content\/uploads\/2018\/01\/IMG_20180108_084503.jpg\",\"datePublished\":\"2018-01-08T21:36:41+00:00\",\"dateModified\":\"2018-01-12T20:15:20+00:00\",\"author\":{\"@id\":\"\"},\"breadcrumb\":{\"@id\":\"https:\/\/www.letemsvetemapplem.eu\/bazar\/imac-27-r-v-2011\/#breadcrumb\"},\"inLanguage\":\"cs\",\"potentialAction\":[{\"@type\":\"ReadAction\",\"target\":[\"https:\/\/www.letemsvetemapplem.eu\/bazar\/imac-27-r-v-2011\/\"]}]},{\"@type\":\"ImageObject\",\"inLanguage\":\"cs\",\"@id\":\"https:\/\/www.letemsvetemapplem.eu\/bazar\/imac-27-r-v-2011\/#primaryimage\",\"url\":\"https:\/\/www.letemsvetemapplem.eu\/bazar\/wp-content\/uploads\/2018\/01\/IMG_20180108_084503.jpg\",\"contentUrl\":\"https:\/\/www.letemsvetemapplem.eu\/bazar\/wp-content\/uploads\/2018\/01\/IMG_20180108_084503.jpg\",\"width\":3120,\"height\":4160},{\"@type\":\"BreadcrumbList\",\"@id\":\"https:\/\/www.letemsvetemapplem.eu\/bazar\/imac-27-r-v-2011\/#breadcrumb\",\"itemListElement\":[{\"@type\":\"ListItem\",\"position\":1,\"name\":\"Apple Bazar\",\"item\":\"https:\/\/www.letemsvetemapplem.eu\/bazar\/\"},{\"@type\":\"ListItem\",\"position\":2,\"name\":\"iMac 27&quot; &#8211; ( r.v.2011)\"}]},{\"@type\":\"WebSite\",\"@id\":\"https:\/\/www.letemsvetemapplem.eu\/bazar\/#website\",\"url\":\"https:\/\/www.letemsvetemapplem.eu\/bazar\/\",\"name\":\"Apple bazar\",\"description\":\"Oou\u017eit\u00e9 Apple produkty za skv\u011bl\u00e9 ceny\",\"potentialAction\":[{\"@type\":\"SearchAction\",\"target\":{\"@type\":\"EntryPoint\",\"urlTemplate\":\"https:\/\/www.letemsvetemapplem.eu\/bazar\/?s={search_term_string}\"},\"query-input\":{\"@type\":\"PropertyValueSpecification\",\"valueRequired\":true,\"valueName\":\"search_term_string\"}}],\"inLanguage\":\"cs\"}]}<\/script>\n<!-- \/ Yoast SEO plugin. -->","yoast_head_json":{"title":"iMac 27&quot; - ( r.v.2011) - Apple bazar","robots":{"index":"index","follow":"follow","max-snippet":"max-snippet:-1","max-image-preview":"max-image-preview:large","max-video-preview":"max-video-preview:-1"},"canonical":"https:\/\/www.letemsvetemapplem.eu\/bazar\/imac-27-r-v-2011\/","og_locale":"cs_CZ","og_type":"article","og_title":"iMac 27&quot; - ( r.v.2011) - Apple bazar","og_description":"Prod\u00e1m iMac 27&quot; ( 2011) pln\u011b funk\u010dn\u00ed, AMD Radeon HD 6770M (512 MB) , 2,7 GHz , Intel Core i5 4 GB DDR3 (2x2GB) ,2 sloty voln\u00e9 Prod\u00e1v\u00e1m bez HDD ( disk si ponech\u00e1v\u00e1m), v\u010detn\u011b krabice, bez dal\u0161\u00edho p\u0159\u00edslu\u0161enstv\u00ed 725562886","og_url":"https:\/\/www.letemsvetemapplem.eu\/bazar\/imac-27-r-v-2011\/","og_site_name":"Apple bazar","article_published_time":"2018-01-08T21:36:41+00:00","article_modified_time":"2018-01-12T20:15:20+00:00","og_image":[{"width":3120,"height":4160,"url":"https:\/\/www.letemsvetemapplem.eu\/bazar\/wp-content\/uploads\/2018\/01\/IMG_20180108_084503.jpg","type":"image\/jpeg"}],"twitter_card":"summary_large_image","schema":{"@context":"https:\/\/schema.org","@graph":[{"@type":"Article","@id":"https:\/\/www.letemsvetemapplem.eu\/bazar\/imac-27-r-v-2011\/#article","isPartOf":{"@id":"https:\/\/www.letemsvetemapplem.eu\/bazar\/imac-27-r-v-2011\/"},"author":{"name":"","@id":""},"headline":"iMac 27&quot; &#8211; ( r.v.2011)","datePublished":"2018-01-08T21:36:41+00:00","dateModified":"2018-01-12T20:15:20+00:00","mainEntityOfPage":{"@id":"https:\/\/www.letemsvetemapplem.eu\/bazar\/imac-27-r-v-2011\/"},"wordCount":46,"commentCount":0,"image":{"@id":"https:\/\/www.letemsvetemapplem.eu\/bazar\/imac-27-r-v-2011\/#primaryimage"},"thumbnailUrl":"https:\/\/www.letemsvetemapplem.eu\/bazar\/wp-content\/uploads\/2018\/01\/IMG_20180108_084503.jpg","articleSection":["iMac"],"inLanguage":"cs","potentialAction":[{"@type":"CommentAction","name":"Comment","target":["https:\/\/www.letemsvetemapplem.eu\/bazar\/imac-27-r-v-2011\/#respond"]}]},{"@type":"WebPage","@id":"https:\/\/www.letemsvetemapplem.eu\/bazar\/imac-27-r-v-2011\/","url":"https:\/\/www.letemsvetemapplem.eu\/bazar\/imac-27-r-v-2011\/","name":"iMac 27&quot; - ( r.v.2011) - Apple bazar","isPartOf":{"@id":"https:\/\/www.letemsvetemapplem.eu\/bazar\/#website"},"primaryImageOfPage":{"@id":"https:\/\/www.letemsvetemapplem.eu\/bazar\/imac-27-r-v-2011\/#primaryimage"},"image":{"@id":"https:\/\/www.letemsvetemapplem.eu\/bazar\/imac-27-r-v-2011\/#primaryimage"},"thumbnailUrl":"https:\/\/www.letemsvetemapplem.eu\/bazar\/wp-content\/uploads\/2018\/01\/IMG_20180108_084503.jpg","datePublished":"2018-01-08T21:36:41+00:00","dateModified":"2018-01-12T20:15:20+00:00","author":{"@id":""},"breadcrumb":{"@id":"https:\/\/www.letemsvetemapplem.eu\/bazar\/imac-27-r-v-2011\/#breadcrumb"},"inLanguage":"cs","potentialAction":[{"@type":"ReadAction","target":["https:\/\/www.letemsvetemapplem.eu\/bazar\/imac-27-r-v-2011\/"]}]},{"@type":"ImageObject","inLanguage":"cs","@id":"https:\/\/www.letemsvetemapplem.eu\/bazar\/imac-27-r-v-2011\/#primaryimage","url":"https:\/\/www.letemsvetemapplem.eu\/bazar\/wp-content\/uploads\/2018\/01\/IMG_20180108_084503.jpg","contentUrl":"https:\/\/www.letemsvetemapplem.eu\/bazar\/wp-content\/uploads\/2018\/01\/IMG_20180108_084503.jpg","width":3120,"height":4160},{"@type":"BreadcrumbList","@id":"https:\/\/www.letemsvetemapplem.eu\/bazar\/imac-27-r-v-2011\/#breadcrumb","itemListElement":[{"@type":"ListItem","position":1,"name":"Apple Bazar","item":"https:\/\/www.letemsvetemapplem.eu\/bazar\/"},{"@type":"ListItem","position":2,"name":"iMac 27&quot; &#8211; ( r.v.2011)"}]},{"@type":"WebSite","@id":"https:\/\/www.letemsvetemapplem.eu\/bazar\/#website","url":"https:\/\/www.letemsvetemapplem.eu\/bazar\/","name":"Apple bazar","description":"Oou\u017eit\u00e9 Apple produkty za skv\u011bl\u00e9 ceny","potentialAction":[{"@type":"SearchAction","target":{"@type":"EntryPoint","urlTemplate":"https:\/\/www.letemsvetemapplem.eu\/bazar\/?s={search_term_string}"},"query-input":{"@type":"PropertyValueSpecification","valueRequired":true,"valueName":"search_term_string"}}],"inLanguage":"cs"}]}},"_links":{"self":[{"href":"https:\/\/www.letemsvetemapplem.eu\/bazar\/wp-json\/wp\/v2\/posts\/65461","targetHints":{"allow":["GET"]}}],"collection":[{"href":"https:\/\/www.letemsvetemapplem.eu\/bazar\/wp-json\/wp\/v2\/posts"}],"about":[{"href":"https:\/\/www.letemsvetemapplem.eu\/bazar\/wp-json\/wp\/v2\/types\/post"}],"replies":[{"embeddable":true,"href":"https:\/\/www.letemsvetemapplem.eu\/bazar\/wp-json\/wp\/v2\/comments?post=65461"}],"version-history":[{"count":0,"href":"https:\/\/www.letemsvetemapplem.eu\/bazar\/wp-json\/wp\/v2\/posts\/65461\/revisions"}],"wp:featuredmedia":[{"embeddable":true,"href":"https:\/\/www.letemsvetemapplem.eu\/bazar\/wp-json\/wp\/v2\/media\/65462"}],"wp:attachment":[{"href":"https:\/\/www.letemsvetemapplem.eu\/bazar\/wp-json\/wp\/v2\/media?parent=65461"}],"wp:term":[{"taxonomy":"category","embeddable":true,"href":"https:\/\/www.letemsvetemapplem.eu\/bazar\/wp-json\/wp\/v2\/categories?post=65461"},{"taxonomy":"post_tag","embeddable":true,"href":"https:\/\/www.letemsvetemapplem.eu\/bazar\/wp-json\/wp\/v2\/tags?post=65461"}],"curies":[{"name":"wp","href":"https:\/\/api.w.org\/{rel}","templated":true}]}}