{"id":62959,"date":"2017-12-25T16:20:11","date_gmt":"2017-12-25T15:20:11","guid":{"rendered":"https:\/\/www.letemsvetemapplem.eu\/bazar\/?p=62959"},"modified":"2017-12-25T16:20:11","modified_gmt":"2017-12-25T15:20:11","slug":"iphone-6s-64gb-silver-8","status":"publish","type":"post","link":"https:\/\/www.letemsvetemapplem.eu\/bazar\/iphone-6s-64gb-silver-8\/","title":{"rendered":"iPhone 6s, 64GB Silver"},"content":{"rendered":"<p>iPhone 6s,64GB Silver, ve v\u00fdborn\u00e9m stavu.7\/2016 vym\u011bn\u011bn za nov\u00fd kus.V\u017edy no\u0161en v anti\u0161ok pouzd\u0159e a sklem na dispeji=bez \u0161kr\u00e1banc\u016f. V\u0161e pln\u011b funk\u010dn\u00ed na 100%. S orig. krabi\u010dkou s nerozbalen\u00fdma sluch\u00e1tkama. Americk\u00e1 orig. nab\u00edje\u010dka s konverz\u00ed na EU z\u00e1suvku. Sklo je je\u0161t\u011b nalepeno + k tel d\u00e1m jedno nov\u00e9 sklo. Preferuju vyzkou\u0161en\u00ed a osobn\u00ed p\u0159ed\u00e1n\u00ed Metro-\u010cern\u00fd most.<br \/>\nKontakt pros\u00edm p\u0159es email: ostrozik@gmail.com<\/p>\n","protected":false},"excerpt":{"rendered":"<p>iPhone 6s,64GB Silver, ve v\u00fdborn\u00e9m stavu.7\/2016 vym\u011bn\u011bn za nov\u00fd kus.V\u017edy no\u0161en v anti\u0161ok pouzd\u0159e a sklem na dispeji=bez \u0161kr\u00e1banc\u016f. V\u0161e pln\u011b funk\u010dn\u00ed na 100%. S orig. krabi\u010dkou s nerozbalen\u00fdma sluch\u00e1tkama. Americk\u00e1 orig. nab\u00edje\u010dka s konverz\u00ed na EU z\u00e1suvku. Sklo je je\u0161t\u011b nalepeno + k tel d\u00e1m jedno nov\u00e9 sklo. Preferuju vyzkou\u0161en\u00ed a osobn\u00ed p\u0159ed\u00e1n\u00ed Metro-\u010cern\u00fd&#8230;<\/p>\n","protected":false},"author":0,"featured_media":62960,"comment_status":"open","ping_status":"open","sticky":false,"template":"","format":"standard","meta":{"footnotes":""},"categories":[19],"tags":[],"class_list":["post-62959","post","type-post","status-publish","format-standard","has-post-thumbnail","hentry","category-iphone-6s"],"yoast_head":"<!-- This site is optimized with the Yoast SEO plugin v27.5 - https:\/\/yoast.com\/product\/yoast-seo-wordpress\/ -->\n<title>iPhone 6s, 64GB Silver - Apple bazar<\/title>\n<meta name=\"robots\" content=\"index, follow, max-snippet:-1, max-image-preview:large, max-video-preview:-1\" \/>\n<link rel=\"canonical\" href=\"https:\/\/www.letemsvetemapplem.eu\/bazar\/iphone-6s-64gb-silver-8\/\" \/>\n<meta property=\"og:locale\" content=\"cs_CZ\" \/>\n<meta property=\"og:type\" content=\"article\" \/>\n<meta property=\"og:title\" content=\"iPhone 6s, 64GB Silver - Apple bazar\" \/>\n<meta property=\"og:description\" content=\"iPhone 6s,64GB Silver, ve v\u00fdborn\u00e9m stavu.7\/2016 vym\u011bn\u011bn za nov\u00fd kus.V\u017edy no\u0161en v anti\u0161ok pouzd\u0159e a sklem na dispeji=bez \u0161kr\u00e1banc\u016f. V\u0161e pln\u011b funk\u010dn\u00ed na 100%. S orig. krabi\u010dkou s nerozbalen\u00fdma sluch\u00e1tkama. Americk\u00e1 orig. nab\u00edje\u010dka s konverz\u00ed na EU z\u00e1suvku. Sklo je je\u0161t\u011b nalepeno + k tel d\u00e1m jedno nov\u00e9 sklo. Preferuju vyzkou\u0161en\u00ed a osobn\u00ed p\u0159ed\u00e1n\u00ed Metro-\u010cern\u00fd...\" \/>\n<meta property=\"og:url\" content=\"https:\/\/www.letemsvetemapplem.eu\/bazar\/iphone-6s-64gb-silver-8\/\" \/>\n<meta property=\"og:site_name\" content=\"Apple bazar\" \/>\n<meta property=\"article:published_time\" content=\"2017-12-25T15:20:11+00:00\" \/>\n<meta property=\"og:image\" content=\"https:\/\/www.letemsvetemapplem.eu\/bazar\/wp-content\/uploads\/2017\/12\/2050F13F-1FCE-449C-A189-287C166A04FD.jpeg\" \/>\n\t<meta property=\"og:image:width\" content=\"4032\" \/>\n\t<meta property=\"og:image:height\" content=\"3024\" \/>\n\t<meta property=\"og:image:type\" content=\"image\/jpeg\" \/>\n<meta name=\"twitter:card\" content=\"summary_large_image\" \/>\n<script type=\"application\/ld+json\" class=\"yoast-schema-graph\">{\"@context\":\"https:\\\/\\\/schema.org\",\"@graph\":[{\"@type\":\"Article\",\"@id\":\"https:\\\/\\\/www.letemsvetemapplem.eu\\\/bazar\\\/iphone-6s-64gb-silver-8\\\/#article\",\"isPartOf\":{\"@id\":\"https:\\\/\\\/www.letemsvetemapplem.eu\\\/bazar\\\/iphone-6s-64gb-silver-8\\\/\"},\"author\":{\"name\":\"\",\"@id\":\"\"},\"headline\":\"iPhone 6s, 64GB Silver\",\"datePublished\":\"2017-12-25T15:20:11+00:00\",\"mainEntityOfPage\":{\"@id\":\"https:\\\/\\\/www.letemsvetemapplem.eu\\\/bazar\\\/iphone-6s-64gb-silver-8\\\/\"},\"wordCount\":93,\"commentCount\":0,\"image\":{\"@id\":\"https:\\\/\\\/www.letemsvetemapplem.eu\\\/bazar\\\/iphone-6s-64gb-silver-8\\\/#primaryimage\"},\"thumbnailUrl\":\"https:\\\/\\\/www.letemsvetemapplem.eu\\\/bazar\\\/wp-content\\\/uploads\\\/2017\\\/12\\\/2050F13F-1FCE-449C-A189-287C166A04FD.jpeg\",\"articleSection\":[\"iPhone 6S\\\/6S Plus\"],\"inLanguage\":\"cs\",\"potentialAction\":[{\"@type\":\"CommentAction\",\"name\":\"Comment\",\"target\":[\"https:\\\/\\\/www.letemsvetemapplem.eu\\\/bazar\\\/iphone-6s-64gb-silver-8\\\/#respond\"]}]},{\"@type\":\"WebPage\",\"@id\":\"https:\\\/\\\/www.letemsvetemapplem.eu\\\/bazar\\\/iphone-6s-64gb-silver-8\\\/\",\"url\":\"https:\\\/\\\/www.letemsvetemapplem.eu\\\/bazar\\\/iphone-6s-64gb-silver-8\\\/\",\"name\":\"iPhone 6s, 64GB Silver - Apple bazar\",\"isPartOf\":{\"@id\":\"https:\\\/\\\/www.letemsvetemapplem.eu\\\/bazar\\\/#website\"},\"primaryImageOfPage\":{\"@id\":\"https:\\\/\\\/www.letemsvetemapplem.eu\\\/bazar\\\/iphone-6s-64gb-silver-8\\\/#primaryimage\"},\"image\":{\"@id\":\"https:\\\/\\\/www.letemsvetemapplem.eu\\\/bazar\\\/iphone-6s-64gb-silver-8\\\/#primaryimage\"},\"thumbnailUrl\":\"https:\\\/\\\/www.letemsvetemapplem.eu\\\/bazar\\\/wp-content\\\/uploads\\\/2017\\\/12\\\/2050F13F-1FCE-449C-A189-287C166A04FD.jpeg\",\"datePublished\":\"2017-12-25T15:20:11+00:00\",\"author\":{\"@id\":\"\"},\"breadcrumb\":{\"@id\":\"https:\\\/\\\/www.letemsvetemapplem.eu\\\/bazar\\\/iphone-6s-64gb-silver-8\\\/#breadcrumb\"},\"inLanguage\":\"cs\",\"potentialAction\":[{\"@type\":\"ReadAction\",\"target\":[\"https:\\\/\\\/www.letemsvetemapplem.eu\\\/bazar\\\/iphone-6s-64gb-silver-8\\\/\"]}]},{\"@type\":\"ImageObject\",\"inLanguage\":\"cs\",\"@id\":\"https:\\\/\\\/www.letemsvetemapplem.eu\\\/bazar\\\/iphone-6s-64gb-silver-8\\\/#primaryimage\",\"url\":\"https:\\\/\\\/www.letemsvetemapplem.eu\\\/bazar\\\/wp-content\\\/uploads\\\/2017\\\/12\\\/2050F13F-1FCE-449C-A189-287C166A04FD.jpeg\",\"contentUrl\":\"https:\\\/\\\/www.letemsvetemapplem.eu\\\/bazar\\\/wp-content\\\/uploads\\\/2017\\\/12\\\/2050F13F-1FCE-449C-A189-287C166A04FD.jpeg\",\"width\":4032,\"height\":3024},{\"@type\":\"BreadcrumbList\",\"@id\":\"https:\\\/\\\/www.letemsvetemapplem.eu\\\/bazar\\\/iphone-6s-64gb-silver-8\\\/#breadcrumb\",\"itemListElement\":[{\"@type\":\"ListItem\",\"position\":1,\"name\":\"Apple Bazar\",\"item\":\"https:\\\/\\\/www.letemsvetemapplem.eu\\\/bazar\\\/\"},{\"@type\":\"ListItem\",\"position\":2,\"name\":\"iPhone 6s, 64GB Silver\"}]},{\"@type\":\"WebSite\",\"@id\":\"https:\\\/\\\/www.letemsvetemapplem.eu\\\/bazar\\\/#website\",\"url\":\"https:\\\/\\\/www.letemsvetemapplem.eu\\\/bazar\\\/\",\"name\":\"Apple bazar\",\"description\":\"Oou\u017eit\u00e9 Apple produkty za skv\u011bl\u00e9 ceny\",\"potentialAction\":[{\"@type\":\"SearchAction\",\"target\":{\"@type\":\"EntryPoint\",\"urlTemplate\":\"https:\\\/\\\/www.letemsvetemapplem.eu\\\/bazar\\\/?s={search_term_string}\"},\"query-input\":{\"@type\":\"PropertyValueSpecification\",\"valueRequired\":true,\"valueName\":\"search_term_string\"}}],\"inLanguage\":\"cs\"}]}<\/script>\n<!-- \/ Yoast SEO plugin. -->","yoast_head_json":{"title":"iPhone 6s, 64GB Silver - Apple bazar","robots":{"index":"index","follow":"follow","max-snippet":"max-snippet:-1","max-image-preview":"max-image-preview:large","max-video-preview":"max-video-preview:-1"},"canonical":"https:\/\/www.letemsvetemapplem.eu\/bazar\/iphone-6s-64gb-silver-8\/","og_locale":"cs_CZ","og_type":"article","og_title":"iPhone 6s, 64GB Silver - Apple bazar","og_description":"iPhone 6s,64GB Silver, ve v\u00fdborn\u00e9m stavu.7\/2016 vym\u011bn\u011bn za nov\u00fd kus.V\u017edy no\u0161en v anti\u0161ok pouzd\u0159e a sklem na dispeji=bez \u0161kr\u00e1banc\u016f. V\u0161e pln\u011b funk\u010dn\u00ed na 100%. S orig. krabi\u010dkou s nerozbalen\u00fdma sluch\u00e1tkama. Americk\u00e1 orig. nab\u00edje\u010dka s konverz\u00ed na EU z\u00e1suvku. Sklo je je\u0161t\u011b nalepeno + k tel d\u00e1m jedno nov\u00e9 sklo. Preferuju vyzkou\u0161en\u00ed a osobn\u00ed p\u0159ed\u00e1n\u00ed Metro-\u010cern\u00fd...","og_url":"https:\/\/www.letemsvetemapplem.eu\/bazar\/iphone-6s-64gb-silver-8\/","og_site_name":"Apple bazar","article_published_time":"2017-12-25T15:20:11+00:00","og_image":[{"width":4032,"height":3024,"url":"https:\/\/www.letemsvetemapplem.eu\/bazar\/wp-content\/uploads\/2017\/12\/2050F13F-1FCE-449C-A189-287C166A04FD.jpeg","type":"image\/jpeg"}],"twitter_card":"summary_large_image","schema":{"@context":"https:\/\/schema.org","@graph":[{"@type":"Article","@id":"https:\/\/www.letemsvetemapplem.eu\/bazar\/iphone-6s-64gb-silver-8\/#article","isPartOf":{"@id":"https:\/\/www.letemsvetemapplem.eu\/bazar\/iphone-6s-64gb-silver-8\/"},"author":{"name":"","@id":""},"headline":"iPhone 6s, 64GB Silver","datePublished":"2017-12-25T15:20:11+00:00","mainEntityOfPage":{"@id":"https:\/\/www.letemsvetemapplem.eu\/bazar\/iphone-6s-64gb-silver-8\/"},"wordCount":93,"commentCount":0,"image":{"@id":"https:\/\/www.letemsvetemapplem.eu\/bazar\/iphone-6s-64gb-silver-8\/#primaryimage"},"thumbnailUrl":"https:\/\/www.letemsvetemapplem.eu\/bazar\/wp-content\/uploads\/2017\/12\/2050F13F-1FCE-449C-A189-287C166A04FD.jpeg","articleSection":["iPhone 6S\/6S Plus"],"inLanguage":"cs","potentialAction":[{"@type":"CommentAction","name":"Comment","target":["https:\/\/www.letemsvetemapplem.eu\/bazar\/iphone-6s-64gb-silver-8\/#respond"]}]},{"@type":"WebPage","@id":"https:\/\/www.letemsvetemapplem.eu\/bazar\/iphone-6s-64gb-silver-8\/","url":"https:\/\/www.letemsvetemapplem.eu\/bazar\/iphone-6s-64gb-silver-8\/","name":"iPhone 6s, 64GB Silver - Apple bazar","isPartOf":{"@id":"https:\/\/www.letemsvetemapplem.eu\/bazar\/#website"},"primaryImageOfPage":{"@id":"https:\/\/www.letemsvetemapplem.eu\/bazar\/iphone-6s-64gb-silver-8\/#primaryimage"},"image":{"@id":"https:\/\/www.letemsvetemapplem.eu\/bazar\/iphone-6s-64gb-silver-8\/#primaryimage"},"thumbnailUrl":"https:\/\/www.letemsvetemapplem.eu\/bazar\/wp-content\/uploads\/2017\/12\/2050F13F-1FCE-449C-A189-287C166A04FD.jpeg","datePublished":"2017-12-25T15:20:11+00:00","author":{"@id":""},"breadcrumb":{"@id":"https:\/\/www.letemsvetemapplem.eu\/bazar\/iphone-6s-64gb-silver-8\/#breadcrumb"},"inLanguage":"cs","potentialAction":[{"@type":"ReadAction","target":["https:\/\/www.letemsvetemapplem.eu\/bazar\/iphone-6s-64gb-silver-8\/"]}]},{"@type":"ImageObject","inLanguage":"cs","@id":"https:\/\/www.letemsvetemapplem.eu\/bazar\/iphone-6s-64gb-silver-8\/#primaryimage","url":"https:\/\/www.letemsvetemapplem.eu\/bazar\/wp-content\/uploads\/2017\/12\/2050F13F-1FCE-449C-A189-287C166A04FD.jpeg","contentUrl":"https:\/\/www.letemsvetemapplem.eu\/bazar\/wp-content\/uploads\/2017\/12\/2050F13F-1FCE-449C-A189-287C166A04FD.jpeg","width":4032,"height":3024},{"@type":"BreadcrumbList","@id":"https:\/\/www.letemsvetemapplem.eu\/bazar\/iphone-6s-64gb-silver-8\/#breadcrumb","itemListElement":[{"@type":"ListItem","position":1,"name":"Apple Bazar","item":"https:\/\/www.letemsvetemapplem.eu\/bazar\/"},{"@type":"ListItem","position":2,"name":"iPhone 6s, 64GB Silver"}]},{"@type":"WebSite","@id":"https:\/\/www.letemsvetemapplem.eu\/bazar\/#website","url":"https:\/\/www.letemsvetemapplem.eu\/bazar\/","name":"Apple bazar","description":"Oou\u017eit\u00e9 Apple produkty za skv\u011bl\u00e9 ceny","potentialAction":[{"@type":"SearchAction","target":{"@type":"EntryPoint","urlTemplate":"https:\/\/www.letemsvetemapplem.eu\/bazar\/?s={search_term_string}"},"query-input":{"@type":"PropertyValueSpecification","valueRequired":true,"valueName":"search_term_string"}}],"inLanguage":"cs"}]}},"_links":{"self":[{"href":"https:\/\/www.letemsvetemapplem.eu\/bazar\/wp-json\/wp\/v2\/posts\/62959","targetHints":{"allow":["GET"]}}],"collection":[{"href":"https:\/\/www.letemsvetemapplem.eu\/bazar\/wp-json\/wp\/v2\/posts"}],"about":[{"href":"https:\/\/www.letemsvetemapplem.eu\/bazar\/wp-json\/wp\/v2\/types\/post"}],"replies":[{"embeddable":true,"href":"https:\/\/www.letemsvetemapplem.eu\/bazar\/wp-json\/wp\/v2\/comments?post=62959"}],"version-history":[{"count":0,"href":"https:\/\/www.letemsvetemapplem.eu\/bazar\/wp-json\/wp\/v2\/posts\/62959\/revisions"}],"wp:featuredmedia":[{"embeddable":true,"href":"https:\/\/www.letemsvetemapplem.eu\/bazar\/wp-json\/wp\/v2\/media\/62960"}],"wp:attachment":[{"href":"https:\/\/www.letemsvetemapplem.eu\/bazar\/wp-json\/wp\/v2\/media?parent=62959"}],"wp:term":[{"taxonomy":"category","embeddable":true,"href":"https:\/\/www.letemsvetemapplem.eu\/bazar\/wp-json\/wp\/v2\/categories?post=62959"},{"taxonomy":"post_tag","embeddable":true,"href":"https:\/\/www.letemsvetemapplem.eu\/bazar\/wp-json\/wp\/v2\/tags?post=62959"}],"curies":[{"name":"wp","href":"https:\/\/api.w.org\/{rel}","templated":true}]}}