{"id":60222,"date":"2017-12-10T19:43:56","date_gmt":"2017-12-10T18:43:56","guid":{"rendered":"https:\/\/www.letemsvetemapplem.eu\/bazar\/?p=60222"},"modified":"2017-12-10T19:44:56","modified_gmt":"2017-12-10T18:44:56","slug":"ipad-mini-4-64-nebo-128gb-cellular","status":"publish","type":"post","link":"https:\/\/www.letemsvetemapplem.eu\/bazar\/ipad-mini-4-64-nebo-128gb-cellular\/","title":{"rendered":"iPad mini 4, 64 nebo 128GB Cellular"},"content":{"rendered":"<p>Koup\u00edm iPad mini 4 cellular \u2013 64 nebo 128GB&lt;br \/&gt;<br \/>\nPokud mo\u017eno v z\u00e1ruce, preferuji SILVER \ud83d\ude09<br \/>\nMo\u017en\u00e1 i v\u00fdm\u011bna za iPad 2017 32GB WiFi + doplatek<br \/>\nCenu nab\u00eddn\u011bte<\/p>\n","protected":false},"excerpt":{"rendered":"<p>Koup\u00edm iPad mini 4 cellular \u2013 64 nebo 128GB&lt;br \/&gt; Pokud mo\u017eno v z\u00e1ruce, preferuji SILVER \ud83d\ude09 Mo\u017en\u00e1 i v\u00fdm\u011bna za iPad 2017 32GB WiFi + doplatek Cenu nab\u00eddn\u011bte<\/p>\n","protected":false},"author":0,"featured_media":60223,"comment_status":"open","ping_status":"open","sticky":false,"template":"","format":"standard","meta":{"footnotes":""},"categories":[38],"tags":[82],"class_list":["post-60222","post","type-post","status-publish","format-standard","has-post-thumbnail","hentry","category-ipad-mini","tag-ipad-mini"],"yoast_head":"<!-- This site is optimized with the Yoast SEO plugin v27.5 - https:\/\/yoast.com\/product\/yoast-seo-wordpress\/ -->\n<title>iPad mini 4, 64 nebo 128GB Cellular - Apple bazar<\/title>\n<meta name=\"robots\" content=\"index, follow, max-snippet:-1, max-image-preview:large, max-video-preview:-1\" \/>\n<link rel=\"canonical\" href=\"https:\/\/www.letemsvetemapplem.eu\/bazar\/ipad-mini-4-64-nebo-128gb-cellular\/\" \/>\n<meta property=\"og:locale\" content=\"cs_CZ\" \/>\n<meta property=\"og:type\" content=\"article\" \/>\n<meta property=\"og:title\" content=\"iPad mini 4, 64 nebo 128GB Cellular - Apple bazar\" \/>\n<meta property=\"og:description\" content=\"Koup\u00edm iPad mini 4 cellular \u2013 64 nebo 128GB&lt;br \/&gt; Pokud mo\u017eno v z\u00e1ruce, preferuji SILVER \ud83d\ude09 Mo\u017en\u00e1 i v\u00fdm\u011bna za iPad 2017 32GB WiFi + doplatek Cenu nab\u00eddn\u011bte\" \/>\n<meta property=\"og:url\" content=\"https:\/\/www.letemsvetemapplem.eu\/bazar\/ipad-mini-4-64-nebo-128gb-cellular\/\" \/>\n<meta property=\"og:site_name\" content=\"Apple bazar\" \/>\n<meta property=\"article:published_time\" content=\"2017-12-10T18:43:56+00:00\" \/>\n<meta property=\"article:modified_time\" content=\"2017-12-10T18:44:56+00:00\" \/>\n<meta property=\"og:image\" content=\"https:\/\/www.letemsvetemapplem.eu\/bazar\/wp-content\/uploads\/2017\/12\/ipad-mini.jpg\" \/>\n\t<meta property=\"og:image:width\" content=\"300\" \/>\n\t<meta property=\"og:image:height\" content=\"300\" \/>\n\t<meta property=\"og:image:type\" content=\"image\/jpeg\" \/>\n<meta name=\"twitter:card\" content=\"summary_large_image\" \/>\n<script type=\"application\/ld+json\" class=\"yoast-schema-graph\">{\"@context\":\"https:\\\/\\\/schema.org\",\"@graph\":[{\"@type\":\"Article\",\"@id\":\"https:\\\/\\\/www.letemsvetemapplem.eu\\\/bazar\\\/ipad-mini-4-64-nebo-128gb-cellular\\\/#article\",\"isPartOf\":{\"@id\":\"https:\\\/\\\/www.letemsvetemapplem.eu\\\/bazar\\\/ipad-mini-4-64-nebo-128gb-cellular\\\/\"},\"author\":{\"name\":\"\",\"@id\":\"\"},\"headline\":\"iPad mini 4, 64 nebo 128GB Cellular\",\"datePublished\":\"2017-12-10T18:43:56+00:00\",\"dateModified\":\"2017-12-10T18:44:56+00:00\",\"mainEntityOfPage\":{\"@id\":\"https:\\\/\\\/www.letemsvetemapplem.eu\\\/bazar\\\/ipad-mini-4-64-nebo-128gb-cellular\\\/\"},\"wordCount\":39,\"commentCount\":0,\"image\":{\"@id\":\"https:\\\/\\\/www.letemsvetemapplem.eu\\\/bazar\\\/ipad-mini-4-64-nebo-128gb-cellular\\\/#primaryimage\"},\"thumbnailUrl\":\"https:\\\/\\\/www.letemsvetemapplem.eu\\\/bazar\\\/wp-content\\\/uploads\\\/2017\\\/12\\\/ipad-mini.jpg\",\"keywords\":[\"iPad mini\"],\"articleSection\":[\"iPad mini\"],\"inLanguage\":\"cs\",\"potentialAction\":[{\"@type\":\"CommentAction\",\"name\":\"Comment\",\"target\":[\"https:\\\/\\\/www.letemsvetemapplem.eu\\\/bazar\\\/ipad-mini-4-64-nebo-128gb-cellular\\\/#respond\"]}]},{\"@type\":\"WebPage\",\"@id\":\"https:\\\/\\\/www.letemsvetemapplem.eu\\\/bazar\\\/ipad-mini-4-64-nebo-128gb-cellular\\\/\",\"url\":\"https:\\\/\\\/www.letemsvetemapplem.eu\\\/bazar\\\/ipad-mini-4-64-nebo-128gb-cellular\\\/\",\"name\":\"iPad mini 4, 64 nebo 128GB Cellular - Apple bazar\",\"isPartOf\":{\"@id\":\"https:\\\/\\\/www.letemsvetemapplem.eu\\\/bazar\\\/#website\"},\"primaryImageOfPage\":{\"@id\":\"https:\\\/\\\/www.letemsvetemapplem.eu\\\/bazar\\\/ipad-mini-4-64-nebo-128gb-cellular\\\/#primaryimage\"},\"image\":{\"@id\":\"https:\\\/\\\/www.letemsvetemapplem.eu\\\/bazar\\\/ipad-mini-4-64-nebo-128gb-cellular\\\/#primaryimage\"},\"thumbnailUrl\":\"https:\\\/\\\/www.letemsvetemapplem.eu\\\/bazar\\\/wp-content\\\/uploads\\\/2017\\\/12\\\/ipad-mini.jpg\",\"datePublished\":\"2017-12-10T18:43:56+00:00\",\"dateModified\":\"2017-12-10T18:44:56+00:00\",\"author\":{\"@id\":\"\"},\"breadcrumb\":{\"@id\":\"https:\\\/\\\/www.letemsvetemapplem.eu\\\/bazar\\\/ipad-mini-4-64-nebo-128gb-cellular\\\/#breadcrumb\"},\"inLanguage\":\"cs\",\"potentialAction\":[{\"@type\":\"ReadAction\",\"target\":[\"https:\\\/\\\/www.letemsvetemapplem.eu\\\/bazar\\\/ipad-mini-4-64-nebo-128gb-cellular\\\/\"]}]},{\"@type\":\"ImageObject\",\"inLanguage\":\"cs\",\"@id\":\"https:\\\/\\\/www.letemsvetemapplem.eu\\\/bazar\\\/ipad-mini-4-64-nebo-128gb-cellular\\\/#primaryimage\",\"url\":\"https:\\\/\\\/www.letemsvetemapplem.eu\\\/bazar\\\/wp-content\\\/uploads\\\/2017\\\/12\\\/ipad-mini.jpg\",\"contentUrl\":\"https:\\\/\\\/www.letemsvetemapplem.eu\\\/bazar\\\/wp-content\\\/uploads\\\/2017\\\/12\\\/ipad-mini.jpg\",\"width\":300,\"height\":300},{\"@type\":\"BreadcrumbList\",\"@id\":\"https:\\\/\\\/www.letemsvetemapplem.eu\\\/bazar\\\/ipad-mini-4-64-nebo-128gb-cellular\\\/#breadcrumb\",\"itemListElement\":[{\"@type\":\"ListItem\",\"position\":1,\"name\":\"Apple Bazar\",\"item\":\"https:\\\/\\\/www.letemsvetemapplem.eu\\\/bazar\\\/\"},{\"@type\":\"ListItem\",\"position\":2,\"name\":\"iPad mini 4, 64 nebo 128GB Cellular\"}]},{\"@type\":\"WebSite\",\"@id\":\"https:\\\/\\\/www.letemsvetemapplem.eu\\\/bazar\\\/#website\",\"url\":\"https:\\\/\\\/www.letemsvetemapplem.eu\\\/bazar\\\/\",\"name\":\"Apple bazar\",\"description\":\"Oou\u017eit\u00e9 Apple produkty za skv\u011bl\u00e9 ceny\",\"potentialAction\":[{\"@type\":\"SearchAction\",\"target\":{\"@type\":\"EntryPoint\",\"urlTemplate\":\"https:\\\/\\\/www.letemsvetemapplem.eu\\\/bazar\\\/?s={search_term_string}\"},\"query-input\":{\"@type\":\"PropertyValueSpecification\",\"valueRequired\":true,\"valueName\":\"search_term_string\"}}],\"inLanguage\":\"cs\"}]}<\/script>\n<!-- \/ Yoast SEO plugin. -->","yoast_head_json":{"title":"iPad mini 4, 64 nebo 128GB Cellular - Apple bazar","robots":{"index":"index","follow":"follow","max-snippet":"max-snippet:-1","max-image-preview":"max-image-preview:large","max-video-preview":"max-video-preview:-1"},"canonical":"https:\/\/www.letemsvetemapplem.eu\/bazar\/ipad-mini-4-64-nebo-128gb-cellular\/","og_locale":"cs_CZ","og_type":"article","og_title":"iPad mini 4, 64 nebo 128GB Cellular - Apple bazar","og_description":"Koup\u00edm iPad mini 4 cellular \u2013 64 nebo 128GB&lt;br \/&gt; Pokud mo\u017eno v z\u00e1ruce, preferuji SILVER \ud83d\ude09 Mo\u017en\u00e1 i v\u00fdm\u011bna za iPad 2017 32GB WiFi + doplatek Cenu nab\u00eddn\u011bte","og_url":"https:\/\/www.letemsvetemapplem.eu\/bazar\/ipad-mini-4-64-nebo-128gb-cellular\/","og_site_name":"Apple bazar","article_published_time":"2017-12-10T18:43:56+00:00","article_modified_time":"2017-12-10T18:44:56+00:00","og_image":[{"width":300,"height":300,"url":"https:\/\/www.letemsvetemapplem.eu\/bazar\/wp-content\/uploads\/2017\/12\/ipad-mini.jpg","type":"image\/jpeg"}],"twitter_card":"summary_large_image","schema":{"@context":"https:\/\/schema.org","@graph":[{"@type":"Article","@id":"https:\/\/www.letemsvetemapplem.eu\/bazar\/ipad-mini-4-64-nebo-128gb-cellular\/#article","isPartOf":{"@id":"https:\/\/www.letemsvetemapplem.eu\/bazar\/ipad-mini-4-64-nebo-128gb-cellular\/"},"author":{"name":"","@id":""},"headline":"iPad mini 4, 64 nebo 128GB Cellular","datePublished":"2017-12-10T18:43:56+00:00","dateModified":"2017-12-10T18:44:56+00:00","mainEntityOfPage":{"@id":"https:\/\/www.letemsvetemapplem.eu\/bazar\/ipad-mini-4-64-nebo-128gb-cellular\/"},"wordCount":39,"commentCount":0,"image":{"@id":"https:\/\/www.letemsvetemapplem.eu\/bazar\/ipad-mini-4-64-nebo-128gb-cellular\/#primaryimage"},"thumbnailUrl":"https:\/\/www.letemsvetemapplem.eu\/bazar\/wp-content\/uploads\/2017\/12\/ipad-mini.jpg","keywords":["iPad mini"],"articleSection":["iPad mini"],"inLanguage":"cs","potentialAction":[{"@type":"CommentAction","name":"Comment","target":["https:\/\/www.letemsvetemapplem.eu\/bazar\/ipad-mini-4-64-nebo-128gb-cellular\/#respond"]}]},{"@type":"WebPage","@id":"https:\/\/www.letemsvetemapplem.eu\/bazar\/ipad-mini-4-64-nebo-128gb-cellular\/","url":"https:\/\/www.letemsvetemapplem.eu\/bazar\/ipad-mini-4-64-nebo-128gb-cellular\/","name":"iPad mini 4, 64 nebo 128GB Cellular - Apple bazar","isPartOf":{"@id":"https:\/\/www.letemsvetemapplem.eu\/bazar\/#website"},"primaryImageOfPage":{"@id":"https:\/\/www.letemsvetemapplem.eu\/bazar\/ipad-mini-4-64-nebo-128gb-cellular\/#primaryimage"},"image":{"@id":"https:\/\/www.letemsvetemapplem.eu\/bazar\/ipad-mini-4-64-nebo-128gb-cellular\/#primaryimage"},"thumbnailUrl":"https:\/\/www.letemsvetemapplem.eu\/bazar\/wp-content\/uploads\/2017\/12\/ipad-mini.jpg","datePublished":"2017-12-10T18:43:56+00:00","dateModified":"2017-12-10T18:44:56+00:00","author":{"@id":""},"breadcrumb":{"@id":"https:\/\/www.letemsvetemapplem.eu\/bazar\/ipad-mini-4-64-nebo-128gb-cellular\/#breadcrumb"},"inLanguage":"cs","potentialAction":[{"@type":"ReadAction","target":["https:\/\/www.letemsvetemapplem.eu\/bazar\/ipad-mini-4-64-nebo-128gb-cellular\/"]}]},{"@type":"ImageObject","inLanguage":"cs","@id":"https:\/\/www.letemsvetemapplem.eu\/bazar\/ipad-mini-4-64-nebo-128gb-cellular\/#primaryimage","url":"https:\/\/www.letemsvetemapplem.eu\/bazar\/wp-content\/uploads\/2017\/12\/ipad-mini.jpg","contentUrl":"https:\/\/www.letemsvetemapplem.eu\/bazar\/wp-content\/uploads\/2017\/12\/ipad-mini.jpg","width":300,"height":300},{"@type":"BreadcrumbList","@id":"https:\/\/www.letemsvetemapplem.eu\/bazar\/ipad-mini-4-64-nebo-128gb-cellular\/#breadcrumb","itemListElement":[{"@type":"ListItem","position":1,"name":"Apple Bazar","item":"https:\/\/www.letemsvetemapplem.eu\/bazar\/"},{"@type":"ListItem","position":2,"name":"iPad mini 4, 64 nebo 128GB Cellular"}]},{"@type":"WebSite","@id":"https:\/\/www.letemsvetemapplem.eu\/bazar\/#website","url":"https:\/\/www.letemsvetemapplem.eu\/bazar\/","name":"Apple bazar","description":"Oou\u017eit\u00e9 Apple produkty za skv\u011bl\u00e9 ceny","potentialAction":[{"@type":"SearchAction","target":{"@type":"EntryPoint","urlTemplate":"https:\/\/www.letemsvetemapplem.eu\/bazar\/?s={search_term_string}"},"query-input":{"@type":"PropertyValueSpecification","valueRequired":true,"valueName":"search_term_string"}}],"inLanguage":"cs"}]}},"_links":{"self":[{"href":"https:\/\/www.letemsvetemapplem.eu\/bazar\/wp-json\/wp\/v2\/posts\/60222","targetHints":{"allow":["GET"]}}],"collection":[{"href":"https:\/\/www.letemsvetemapplem.eu\/bazar\/wp-json\/wp\/v2\/posts"}],"about":[{"href":"https:\/\/www.letemsvetemapplem.eu\/bazar\/wp-json\/wp\/v2\/types\/post"}],"replies":[{"embeddable":true,"href":"https:\/\/www.letemsvetemapplem.eu\/bazar\/wp-json\/wp\/v2\/comments?post=60222"}],"version-history":[{"count":0,"href":"https:\/\/www.letemsvetemapplem.eu\/bazar\/wp-json\/wp\/v2\/posts\/60222\/revisions"}],"wp:featuredmedia":[{"embeddable":true,"href":"https:\/\/www.letemsvetemapplem.eu\/bazar\/wp-json\/wp\/v2\/media\/60223"}],"wp:attachment":[{"href":"https:\/\/www.letemsvetemapplem.eu\/bazar\/wp-json\/wp\/v2\/media?parent=60222"}],"wp:term":[{"taxonomy":"category","embeddable":true,"href":"https:\/\/www.letemsvetemapplem.eu\/bazar\/wp-json\/wp\/v2\/categories?post=60222"},{"taxonomy":"post_tag","embeddable":true,"href":"https:\/\/www.letemsvetemapplem.eu\/bazar\/wp-json\/wp\/v2\/tags?post=60222"}],"curies":[{"name":"wp","href":"https:\/\/api.w.org\/{rel}","templated":true}]}}