{"id":59961,"date":"2017-12-09T10:58:29","date_gmt":"2017-12-09T09:58:29","guid":{"rendered":"https:\/\/www.letemsvetemapplem.eu\/bazar\/?p=59961"},"modified":"2017-12-09T10:58:29","modified_gmt":"2017-12-09T09:58:29","slug":"powermac-g4-21-lcd-v-top-stavu","status":"publish","type":"post","link":"https:\/\/www.letemsvetemapplem.eu\/bazar\/powermac-g4-21-lcd-v-top-stavu\/","title":{"rendered":"Powermac G4 + 21 LCD v TOP STAVU!!!"},"content":{"rendered":"<p>Dobr\u00fd den,<br \/>\nprod\u00e1m PowerMac G4 MDD, v\u010detn\u011b LCD monitoru s rozli\u0161en\u00edm 1900&#215;1600, kl\u00e1vesnice a my\u0161i. V\u0161e original Apple v TOP stavu, jako vyta\u017een\u00e9 z krabice. Nikde \u017e\u00e1dn\u00e9 po\u0161kozen\u00ed ani od\u011brky, v\u0161e pln\u011b funk\u010dn\u00ed. Powermac G4 procesor, 1,5GB RAM, 300Gb HDD, OS X Leopard + iWork, iLife, Mozilla, VLC&#8230; V dne\u0161n\u00ed dob\u011b bez probl\u00e9m\u016f zvl\u00e1d\u00e1 pr\u00e1ci a je to neskute\u010dn\u00fd designov\u00fd kousek, na v\u00fdstavu, do sb\u00edrky atd, nezbytnost pro fanou\u0161ka Apple. Made in Ireland- \u017e\u00e1dn\u00e1 \u010d\u00edna. <\/p>\n","protected":false},"excerpt":{"rendered":"<p>Dobr\u00fd den, prod\u00e1m PowerMac G4 MDD, v\u010detn\u011b LCD monitoru s rozli\u0161en\u00edm 1900&#215;1600, kl\u00e1vesnice a my\u0161i. V\u0161e original Apple v TOP stavu, jako vyta\u017een\u00e9 z krabice. Nikde \u017e\u00e1dn\u00e9 po\u0161kozen\u00ed ani od\u011brky, v\u0161e pln\u011b funk\u010dn\u00ed. Powermac G4 procesor, 1,5GB RAM, 300Gb HDD, OS X Leopard + iWork, iLife, Mozilla, VLC&#8230; V dne\u0161n\u00ed dob\u011b bez probl\u00e9m\u016f zvl\u00e1d\u00e1 pr\u00e1ci&#8230;<\/p>\n","protected":false},"author":0,"featured_media":59962,"comment_status":"open","ping_status":"open","sticky":false,"template":"","format":"standard","meta":{"footnotes":""},"categories":[41],"tags":[77],"class_list":["post-59961","post","type-post","status-publish","format-standard","has-post-thumbnail","hentry","category-imac","tag-imac"],"yoast_head":"<!-- This site is optimized with the Yoast SEO plugin v27.2 - https:\/\/yoast.com\/product\/yoast-seo-wordpress\/ -->\n<title>Powermac G4 + 21 LCD v TOP STAVU!!! - Apple bazar<\/title>\n<meta name=\"robots\" content=\"index, follow, max-snippet:-1, max-image-preview:large, max-video-preview:-1\" \/>\n<link rel=\"canonical\" href=\"https:\/\/www.letemsvetemapplem.eu\/bazar\/powermac-g4-21-lcd-v-top-stavu\/\" \/>\n<meta property=\"og:locale\" content=\"cs_CZ\" \/>\n<meta property=\"og:type\" content=\"article\" \/>\n<meta property=\"og:title\" content=\"Powermac G4 + 21 LCD v TOP STAVU!!! - Apple bazar\" \/>\n<meta property=\"og:description\" content=\"Dobr\u00fd den, prod\u00e1m PowerMac G4 MDD, v\u010detn\u011b LCD monitoru s rozli\u0161en\u00edm 1900&#215;1600, kl\u00e1vesnice a my\u0161i. V\u0161e original Apple v TOP stavu, jako vyta\u017een\u00e9 z krabice. Nikde \u017e\u00e1dn\u00e9 po\u0161kozen\u00ed ani od\u011brky, v\u0161e pln\u011b funk\u010dn\u00ed. Powermac G4 procesor, 1,5GB RAM, 300Gb HDD, OS X Leopard + iWork, iLife, Mozilla, VLC&#8230; V dne\u0161n\u00ed dob\u011b bez probl\u00e9m\u016f zvl\u00e1d\u00e1 pr\u00e1ci...\" \/>\n<meta property=\"og:url\" content=\"https:\/\/www.letemsvetemapplem.eu\/bazar\/powermac-g4-21-lcd-v-top-stavu\/\" \/>\n<meta property=\"og:site_name\" content=\"Apple bazar\" \/>\n<meta property=\"article:published_time\" content=\"2017-12-09T09:58:29+00:00\" \/>\n<meta property=\"og:image\" content=\"https:\/\/www.letemsvetemapplem.eu\/bazar\/wp-content\/uploads\/2017\/12\/P1020396.jpg\" \/>\n\t<meta property=\"og:image:width\" content=\"2466\" \/>\n\t<meta property=\"og:image:height\" content=\"1387\" \/>\n\t<meta property=\"og:image:type\" content=\"image\/jpeg\" \/>\n<meta name=\"twitter:card\" content=\"summary_large_image\" \/>\n<script type=\"application\/ld+json\" class=\"yoast-schema-graph\">{\"@context\":\"https:\/\/schema.org\",\"@graph\":[{\"@type\":\"Article\",\"@id\":\"https:\/\/www.letemsvetemapplem.eu\/bazar\/powermac-g4-21-lcd-v-top-stavu\/#article\",\"isPartOf\":{\"@id\":\"https:\/\/www.letemsvetemapplem.eu\/bazar\/powermac-g4-21-lcd-v-top-stavu\/\"},\"author\":{\"name\":\"\",\"@id\":\"\"},\"headline\":\"Powermac G4 + 21 LCD v TOP STAVU!!!\",\"datePublished\":\"2017-12-09T09:58:29+00:00\",\"mainEntityOfPage\":{\"@id\":\"https:\/\/www.letemsvetemapplem.eu\/bazar\/powermac-g4-21-lcd-v-top-stavu\/\"},\"wordCount\":100,\"commentCount\":0,\"image\":{\"@id\":\"https:\/\/www.letemsvetemapplem.eu\/bazar\/powermac-g4-21-lcd-v-top-stavu\/#primaryimage\"},\"thumbnailUrl\":\"https:\/\/www.letemsvetemapplem.eu\/bazar\/wp-content\/uploads\/2017\/12\/P1020396.jpg\",\"keywords\":[\"iMac\"],\"articleSection\":[\"iMac\"],\"inLanguage\":\"cs\",\"potentialAction\":[{\"@type\":\"CommentAction\",\"name\":\"Comment\",\"target\":[\"https:\/\/www.letemsvetemapplem.eu\/bazar\/powermac-g4-21-lcd-v-top-stavu\/#respond\"]}]},{\"@type\":\"WebPage\",\"@id\":\"https:\/\/www.letemsvetemapplem.eu\/bazar\/powermac-g4-21-lcd-v-top-stavu\/\",\"url\":\"https:\/\/www.letemsvetemapplem.eu\/bazar\/powermac-g4-21-lcd-v-top-stavu\/\",\"name\":\"Powermac G4 + 21 LCD v TOP STAVU!!! - Apple bazar\",\"isPartOf\":{\"@id\":\"https:\/\/www.letemsvetemapplem.eu\/bazar\/#website\"},\"primaryImageOfPage\":{\"@id\":\"https:\/\/www.letemsvetemapplem.eu\/bazar\/powermac-g4-21-lcd-v-top-stavu\/#primaryimage\"},\"image\":{\"@id\":\"https:\/\/www.letemsvetemapplem.eu\/bazar\/powermac-g4-21-lcd-v-top-stavu\/#primaryimage\"},\"thumbnailUrl\":\"https:\/\/www.letemsvetemapplem.eu\/bazar\/wp-content\/uploads\/2017\/12\/P1020396.jpg\",\"datePublished\":\"2017-12-09T09:58:29+00:00\",\"author\":{\"@id\":\"\"},\"breadcrumb\":{\"@id\":\"https:\/\/www.letemsvetemapplem.eu\/bazar\/powermac-g4-21-lcd-v-top-stavu\/#breadcrumb\"},\"inLanguage\":\"cs\",\"potentialAction\":[{\"@type\":\"ReadAction\",\"target\":[\"https:\/\/www.letemsvetemapplem.eu\/bazar\/powermac-g4-21-lcd-v-top-stavu\/\"]}]},{\"@type\":\"ImageObject\",\"inLanguage\":\"cs\",\"@id\":\"https:\/\/www.letemsvetemapplem.eu\/bazar\/powermac-g4-21-lcd-v-top-stavu\/#primaryimage\",\"url\":\"https:\/\/www.letemsvetemapplem.eu\/bazar\/wp-content\/uploads\/2017\/12\/P1020396.jpg\",\"contentUrl\":\"https:\/\/www.letemsvetemapplem.eu\/bazar\/wp-content\/uploads\/2017\/12\/P1020396.jpg\",\"width\":2466,\"height\":1387},{\"@type\":\"BreadcrumbList\",\"@id\":\"https:\/\/www.letemsvetemapplem.eu\/bazar\/powermac-g4-21-lcd-v-top-stavu\/#breadcrumb\",\"itemListElement\":[{\"@type\":\"ListItem\",\"position\":1,\"name\":\"Apple Bazar\",\"item\":\"https:\/\/www.letemsvetemapplem.eu\/bazar\/\"},{\"@type\":\"ListItem\",\"position\":2,\"name\":\"Powermac G4 + 21 LCD v TOP STAVU!!!\"}]},{\"@type\":\"WebSite\",\"@id\":\"https:\/\/www.letemsvetemapplem.eu\/bazar\/#website\",\"url\":\"https:\/\/www.letemsvetemapplem.eu\/bazar\/\",\"name\":\"Apple bazar\",\"description\":\"Oou\u017eit\u00e9 Apple produkty za skv\u011bl\u00e9 ceny\",\"potentialAction\":[{\"@type\":\"SearchAction\",\"target\":{\"@type\":\"EntryPoint\",\"urlTemplate\":\"https:\/\/www.letemsvetemapplem.eu\/bazar\/?s={search_term_string}\"},\"query-input\":{\"@type\":\"PropertyValueSpecification\",\"valueRequired\":true,\"valueName\":\"search_term_string\"}}],\"inLanguage\":\"cs\"}]}<\/script>\n<!-- \/ Yoast SEO plugin. -->","yoast_head_json":{"title":"Powermac G4 + 21 LCD v TOP STAVU!!! - Apple bazar","robots":{"index":"index","follow":"follow","max-snippet":"max-snippet:-1","max-image-preview":"max-image-preview:large","max-video-preview":"max-video-preview:-1"},"canonical":"https:\/\/www.letemsvetemapplem.eu\/bazar\/powermac-g4-21-lcd-v-top-stavu\/","og_locale":"cs_CZ","og_type":"article","og_title":"Powermac G4 + 21 LCD v TOP STAVU!!! - Apple bazar","og_description":"Dobr\u00fd den, prod\u00e1m PowerMac G4 MDD, v\u010detn\u011b LCD monitoru s rozli\u0161en\u00edm 1900&#215;1600, kl\u00e1vesnice a my\u0161i. V\u0161e original Apple v TOP stavu, jako vyta\u017een\u00e9 z krabice. Nikde \u017e\u00e1dn\u00e9 po\u0161kozen\u00ed ani od\u011brky, v\u0161e pln\u011b funk\u010dn\u00ed. Powermac G4 procesor, 1,5GB RAM, 300Gb HDD, OS X Leopard + iWork, iLife, Mozilla, VLC&#8230; V dne\u0161n\u00ed dob\u011b bez probl\u00e9m\u016f zvl\u00e1d\u00e1 pr\u00e1ci...","og_url":"https:\/\/www.letemsvetemapplem.eu\/bazar\/powermac-g4-21-lcd-v-top-stavu\/","og_site_name":"Apple bazar","article_published_time":"2017-12-09T09:58:29+00:00","og_image":[{"width":2466,"height":1387,"url":"https:\/\/www.letemsvetemapplem.eu\/bazar\/wp-content\/uploads\/2017\/12\/P1020396.jpg","type":"image\/jpeg"}],"twitter_card":"summary_large_image","schema":{"@context":"https:\/\/schema.org","@graph":[{"@type":"Article","@id":"https:\/\/www.letemsvetemapplem.eu\/bazar\/powermac-g4-21-lcd-v-top-stavu\/#article","isPartOf":{"@id":"https:\/\/www.letemsvetemapplem.eu\/bazar\/powermac-g4-21-lcd-v-top-stavu\/"},"author":{"name":"","@id":""},"headline":"Powermac G4 + 21 LCD v TOP STAVU!!!","datePublished":"2017-12-09T09:58:29+00:00","mainEntityOfPage":{"@id":"https:\/\/www.letemsvetemapplem.eu\/bazar\/powermac-g4-21-lcd-v-top-stavu\/"},"wordCount":100,"commentCount":0,"image":{"@id":"https:\/\/www.letemsvetemapplem.eu\/bazar\/powermac-g4-21-lcd-v-top-stavu\/#primaryimage"},"thumbnailUrl":"https:\/\/www.letemsvetemapplem.eu\/bazar\/wp-content\/uploads\/2017\/12\/P1020396.jpg","keywords":["iMac"],"articleSection":["iMac"],"inLanguage":"cs","potentialAction":[{"@type":"CommentAction","name":"Comment","target":["https:\/\/www.letemsvetemapplem.eu\/bazar\/powermac-g4-21-lcd-v-top-stavu\/#respond"]}]},{"@type":"WebPage","@id":"https:\/\/www.letemsvetemapplem.eu\/bazar\/powermac-g4-21-lcd-v-top-stavu\/","url":"https:\/\/www.letemsvetemapplem.eu\/bazar\/powermac-g4-21-lcd-v-top-stavu\/","name":"Powermac G4 + 21 LCD v TOP STAVU!!! - Apple bazar","isPartOf":{"@id":"https:\/\/www.letemsvetemapplem.eu\/bazar\/#website"},"primaryImageOfPage":{"@id":"https:\/\/www.letemsvetemapplem.eu\/bazar\/powermac-g4-21-lcd-v-top-stavu\/#primaryimage"},"image":{"@id":"https:\/\/www.letemsvetemapplem.eu\/bazar\/powermac-g4-21-lcd-v-top-stavu\/#primaryimage"},"thumbnailUrl":"https:\/\/www.letemsvetemapplem.eu\/bazar\/wp-content\/uploads\/2017\/12\/P1020396.jpg","datePublished":"2017-12-09T09:58:29+00:00","author":{"@id":""},"breadcrumb":{"@id":"https:\/\/www.letemsvetemapplem.eu\/bazar\/powermac-g4-21-lcd-v-top-stavu\/#breadcrumb"},"inLanguage":"cs","potentialAction":[{"@type":"ReadAction","target":["https:\/\/www.letemsvetemapplem.eu\/bazar\/powermac-g4-21-lcd-v-top-stavu\/"]}]},{"@type":"ImageObject","inLanguage":"cs","@id":"https:\/\/www.letemsvetemapplem.eu\/bazar\/powermac-g4-21-lcd-v-top-stavu\/#primaryimage","url":"https:\/\/www.letemsvetemapplem.eu\/bazar\/wp-content\/uploads\/2017\/12\/P1020396.jpg","contentUrl":"https:\/\/www.letemsvetemapplem.eu\/bazar\/wp-content\/uploads\/2017\/12\/P1020396.jpg","width":2466,"height":1387},{"@type":"BreadcrumbList","@id":"https:\/\/www.letemsvetemapplem.eu\/bazar\/powermac-g4-21-lcd-v-top-stavu\/#breadcrumb","itemListElement":[{"@type":"ListItem","position":1,"name":"Apple Bazar","item":"https:\/\/www.letemsvetemapplem.eu\/bazar\/"},{"@type":"ListItem","position":2,"name":"Powermac G4 + 21 LCD v TOP STAVU!!!"}]},{"@type":"WebSite","@id":"https:\/\/www.letemsvetemapplem.eu\/bazar\/#website","url":"https:\/\/www.letemsvetemapplem.eu\/bazar\/","name":"Apple bazar","description":"Oou\u017eit\u00e9 Apple produkty za skv\u011bl\u00e9 ceny","potentialAction":[{"@type":"SearchAction","target":{"@type":"EntryPoint","urlTemplate":"https:\/\/www.letemsvetemapplem.eu\/bazar\/?s={search_term_string}"},"query-input":{"@type":"PropertyValueSpecification","valueRequired":true,"valueName":"search_term_string"}}],"inLanguage":"cs"}]}},"_links":{"self":[{"href":"https:\/\/www.letemsvetemapplem.eu\/bazar\/wp-json\/wp\/v2\/posts\/59961","targetHints":{"allow":["GET"]}}],"collection":[{"href":"https:\/\/www.letemsvetemapplem.eu\/bazar\/wp-json\/wp\/v2\/posts"}],"about":[{"href":"https:\/\/www.letemsvetemapplem.eu\/bazar\/wp-json\/wp\/v2\/types\/post"}],"replies":[{"embeddable":true,"href":"https:\/\/www.letemsvetemapplem.eu\/bazar\/wp-json\/wp\/v2\/comments?post=59961"}],"version-history":[{"count":0,"href":"https:\/\/www.letemsvetemapplem.eu\/bazar\/wp-json\/wp\/v2\/posts\/59961\/revisions"}],"wp:featuredmedia":[{"embeddable":true,"href":"https:\/\/www.letemsvetemapplem.eu\/bazar\/wp-json\/wp\/v2\/media\/59962"}],"wp:attachment":[{"href":"https:\/\/www.letemsvetemapplem.eu\/bazar\/wp-json\/wp\/v2\/media?parent=59961"}],"wp:term":[{"taxonomy":"category","embeddable":true,"href":"https:\/\/www.letemsvetemapplem.eu\/bazar\/wp-json\/wp\/v2\/categories?post=59961"},{"taxonomy":"post_tag","embeddable":true,"href":"https:\/\/www.letemsvetemapplem.eu\/bazar\/wp-json\/wp\/v2\/tags?post=59961"}],"curies":[{"name":"wp","href":"https:\/\/api.w.org\/{rel}","templated":true}]}}