{"id":58851,"date":"2017-12-01T21:28:58","date_gmt":"2017-12-01T20:28:58","guid":{"rendered":"https:\/\/www.letemsvetemapplem.eu\/bazar\/?p=58851"},"modified":"2017-12-09T20:58:49","modified_gmt":"2017-12-09T19:58:49","slug":"imac-27-38-ghz-top-specifikace","status":"publish","type":"post","link":"https:\/\/www.letemsvetemapplem.eu\/bazar\/imac-27-38-ghz-top-specifikace\/","title":{"rendered":"iMac 27 3,8 Ghz top specifikace"},"content":{"rendered":"<p>\u2013 iMac 27 s technologi\u00ed panelu IPS, \u010dty\u0159j\u00e1drov\u00fd procesor i5 3,4 Ghz, TurboBoost 3,8 Ghz, 6 MB L2 cache, roz\u0161\u00ed\u0159en\u00e1 RAM 24 GB, nadstandardn\u00ed grafick\u00e1 karta NVIDIA GeForce GTX 775M 2 GB, p\u016fvodn\u00ed rychl\u00fd disk 1 TB (7200 ot\u00e1\u010dek), model late 2013.<br \/>\n\u2013 p\u016fvodn\u00ed cena v roce 2013 54 000 K\u010d + 6000 K\u010d RAM + extra kl\u00e1vesnice 2500 K\u010d = 62 500 K\u010d, origin\u00e1ln\u00ed \u010desk\u00e1 distribuce, koupeno u Apple prodejce&lt;br \/&gt;<br \/>\n\u2013 v cen\u011b origin\u00e1ln\u00ed balen\u00ed, krabice, obal, po\u010d\u00edta\u010d, kabel\u00e1\u017e, p\u0159\u00edplatkov\u00e1 numerick\u00e1 kl\u00e1vesnice, bezdr\u00e1tov\u00e1 my\u0161 Magic Mouse&lt;br \/&gt;<br \/>\n\u2013 d\u016fvod prodeje: kupuji nov\u00fd top model iMacu<br \/>\n\u2013 naprosto jako nov\u00fd, pou\u017e\u00edv\u00e1n doma k p\u0159\u00edle\u017eitostn\u00e9 pr\u00e1ci po ve\u010derech, \u017e\u00e1dn\u00e1 opot\u0159ebovan\u00e1 ma\u0161ina po grafikovi, nikdy v servisu&lt;br \/&gt;<br \/>\n\u2013 aktu\u00e1ln\u00ed stav diagnostiky viz sn\u00edmky, bezprobl\u00e9mov\u00fd chod&lt;br \/&gt;<br \/>\n\u2013 velmi zachoval\u00fd, intern\u00ed disk pou\u017e\u00edv\u00e1n jen minim\u00e1ln\u011b jako z\u00e1lohovac\u00ed (syst\u00e9m, aplikaci a soubory jsem m\u011bl na rychl\u00e9m extern\u00edm SSD p\u0159ipojen\u00e9m p\u0159es Thunderbolt, vnit\u0159n\u00ed disk jako rychlou z\u00e1lohu Time Machine, mohu doporu\u010dit)&lt;br \/&gt;<br \/>\n\u2013 \u017e\u00e1dn\u00fd mrtv\u00fd pixel, skv\u011bl\u00fd displej: barvy, ostrost, pozorovac\u00ed \u00fahly&lt;br \/&gt;<br \/>\n\u2013 \u0161pi\u010dkov\u00fd v\u00fdkonn\u00fd stroj i pro n\u00e1ro\u010dn\u011bj\u0161\u00ed zpracov\u00e1n\u00ed fotografi\u00ed, hern\u00ed grafick\u00e1 karta GTX 775 s 2 GB (srovnateln\u011b v\u00fdkonn\u00e1 s nejnov\u011bj\u0161\u00edm Radeonem pou\u017e\u00edvan\u00fdm v iMacu 21)&lt;br \/&gt;<br \/>\n\u2013 u m\u011b ale le\u017eela ladem, hry hraju v\u00fdjime\u010dn\u011b, sp\u00ed\u0161e pomohla u Lightroomu&lt;br \/&gt;<br \/>\n\u2013 jsem nad\u0161enec do Apple techniky, garantuji prvot\u0159\u00eddn\u00ed stav<br \/>\n\u2013 pln\u011b kompatibiln\u00ed s nejnov\u011bj\u0161\u00edm syst\u00e9mem High Sierra&lt;br \/&gt;<br \/>\n\u2013 aktu\u00e1ln\u00ed standard bezdr\u00e1tov\u00e9ho spojen\u00ed (802.11ac a Bluetooth 4.0) pro spojen\u00ed s Apple Watch&lt;br \/&gt;<br \/>\n\u2013 grafick\u00e1 karta GTX 775 podporuje nejnov\u011bj\u0161\u00ed grafick\u00e9 rozhran\u00ed Metal2 (nezam\u011b\u0148ovat s v\u00fdrazn\u011b pomalej\u0161\u00ed 755!)<br \/>\n\u2013 ve sv\u00e9 dob\u011b druh\u00fd nejv\u00fdkonn\u011bj\u0161\u00ed iMac (a t\u0159et\u00ed stoln\u00ed Mac po Macu Pro)&lt;br \/&gt;<br \/>\n\u2013 \u0161pi\u010dkov\u00e1 \u00faspornost i tepeln\u00fd management: po\u010d\u00edta\u010d je d\u00edky tomu tich\u00fd i p\u0159i pln\u00e9m v\u00fdkonu, v\u011btr\u00e1k jede st\u00e1le ti\u0161e na nejni\u017e\u0161\u00ed ot\u00e1\u010dky (1100-1200\/min)&lt;br \/&gt;<br \/>\n\u2013 v\u00fdhoda nejen pro \u00fasporu provozu nebo tich\u00fd chod, ale i z hlediska \u017eivotnosti komponent&lt;br \/&gt;<br \/>\n\u2013 st\u00e1le pln\u011b aktu\u00e1ln\u00ed rozhran\u00ed, \u010dte\u010dka karet SDXC, Gigabitov\u00fd Ethernet, \u010dty\u0159i porty USB 3, dva porty Thunderbolt (10 Gb\/s), dva mikrofony, stereo reproduktory, Face Time HD kamera pro Skype atd.<br \/>\n\u2013 po\u010d\u00edta\u010d pou\u017e\u00edv\u00e1n v\u00fdhradn\u011b v dom\u00e1c\u00edm, neku\u0159\u00e1ck\u00e9m prost\u0159ed\u00ed&lt;br \/&gt;<br \/>\n\u2013 \u017e\u00e1dn\u00e1 dom\u00e1c\u00ed zv\u00ed\u0159ata&lt;br \/&gt;<br \/>\n\u2013 p\u0159i ne\u010dinnosti denn\u011b pod krytem a ventila\u010dn\u00ed otvory pravideln\u011b vys\u00e1v\u00e1ny, vnit\u0159ek i obrazovka zcela bez prachu&lt;br \/&gt;<br \/>\n\u2013 jen osobn\u00ed p\u0159ed\u00e1n\u00ed Praha a okol\u00ed, vhodn\u00e9 pro znalce, kte\u0159\u00ed ocen\u00ed top specifikaci a top stav, nebo i jako d\u00e1rek k V\u00e1noc\u016fm<\/p>\n","protected":false},"excerpt":{"rendered":"<p>\u2013 iMac 27 s technologi\u00ed panelu IPS, \u010dty\u0159j\u00e1drov\u00fd procesor i5 3,4 Ghz, TurboBoost 3,8 Ghz, 6 MB L2 cache, roz\u0161\u00ed\u0159en\u00e1 RAM 24 GB, nadstandardn\u00ed grafick\u00e1 karta NVIDIA GeForce GTX 775M 2 GB, p\u016fvodn\u00ed rychl\u00fd disk 1 TB (7200 ot\u00e1\u010dek), model late 2013. \u2013 p\u016fvodn\u00ed cena v roce 2013 54 000 K\u010d + 6000 K\u010d RAM&#8230;<\/p>\n","protected":false},"author":0,"featured_media":58852,"comment_status":"open","ping_status":"open","sticky":false,"template":"","format":"standard","meta":{"footnotes":""},"categories":[41],"tags":[77],"class_list":["post-58851","post","type-post","status-publish","format-standard","has-post-thumbnail","hentry","category-imac","tag-imac"],"yoast_head":"<!-- This site is optimized with the Yoast SEO plugin v27.2 - https:\/\/yoast.com\/product\/yoast-seo-wordpress\/ -->\n<title>iMac 27 3,8 Ghz top specifikace - Apple bazar<\/title>\n<meta name=\"robots\" content=\"index, follow, max-snippet:-1, max-image-preview:large, max-video-preview:-1\" \/>\n<link rel=\"canonical\" href=\"https:\/\/www.letemsvetemapplem.eu\/bazar\/imac-27-38-ghz-top-specifikace\/\" \/>\n<meta property=\"og:locale\" content=\"cs_CZ\" \/>\n<meta property=\"og:type\" content=\"article\" \/>\n<meta property=\"og:title\" content=\"iMac 27 3,8 Ghz top specifikace - Apple bazar\" \/>\n<meta property=\"og:description\" content=\"\u2013 iMac 27 s technologi\u00ed panelu IPS, \u010dty\u0159j\u00e1drov\u00fd procesor i5 3,4 Ghz, TurboBoost 3,8 Ghz, 6 MB L2 cache, roz\u0161\u00ed\u0159en\u00e1 RAM 24 GB, nadstandardn\u00ed grafick\u00e1 karta NVIDIA GeForce GTX 775M 2 GB, p\u016fvodn\u00ed rychl\u00fd disk 1 TB (7200 ot\u00e1\u010dek), model late 2013. \u2013 p\u016fvodn\u00ed cena v roce 2013 54 000 K\u010d + 6000 K\u010d RAM...\" \/>\n<meta property=\"og:url\" content=\"https:\/\/www.letemsvetemapplem.eu\/bazar\/imac-27-38-ghz-top-specifikace\/\" \/>\n<meta property=\"og:site_name\" content=\"Apple bazar\" \/>\n<meta property=\"article:published_time\" content=\"2017-12-01T20:28:58+00:00\" \/>\n<meta property=\"article:modified_time\" content=\"2017-12-09T19:58:49+00:00\" \/>\n<meta property=\"og:image\" content=\"https:\/\/www.letemsvetemapplem.eu\/bazar\/wp-content\/uploads\/2017\/12\/iMac_lr_03.jpg\" \/>\n\t<meta property=\"og:image:width\" content=\"1600\" \/>\n\t<meta property=\"og:image:height\" content=\"1068\" \/>\n\t<meta property=\"og:image:type\" content=\"image\/jpeg\" \/>\n<meta name=\"twitter:card\" content=\"summary_large_image\" \/>\n<script type=\"application\/ld+json\" class=\"yoast-schema-graph\">{\"@context\":\"https:\/\/schema.org\",\"@graph\":[{\"@type\":\"Article\",\"@id\":\"https:\/\/www.letemsvetemapplem.eu\/bazar\/imac-27-38-ghz-top-specifikace\/#article\",\"isPartOf\":{\"@id\":\"https:\/\/www.letemsvetemapplem.eu\/bazar\/imac-27-38-ghz-top-specifikace\/\"},\"author\":{\"name\":\"\",\"@id\":\"\"},\"headline\":\"iMac 27 3,8 Ghz top specifikace\",\"datePublished\":\"2017-12-01T20:28:58+00:00\",\"dateModified\":\"2017-12-09T19:58:49+00:00\",\"mainEntityOfPage\":{\"@id\":\"https:\/\/www.letemsvetemapplem.eu\/bazar\/imac-27-38-ghz-top-specifikace\/\"},\"wordCount\":495,\"commentCount\":0,\"image\":{\"@id\":\"https:\/\/www.letemsvetemapplem.eu\/bazar\/imac-27-38-ghz-top-specifikace\/#primaryimage\"},\"thumbnailUrl\":\"https:\/\/www.letemsvetemapplem.eu\/bazar\/wp-content\/uploads\/2017\/12\/iMac_lr_03.jpg\",\"keywords\":[\"iMac\"],\"articleSection\":[\"iMac\"],\"inLanguage\":\"cs\",\"potentialAction\":[{\"@type\":\"CommentAction\",\"name\":\"Comment\",\"target\":[\"https:\/\/www.letemsvetemapplem.eu\/bazar\/imac-27-38-ghz-top-specifikace\/#respond\"]}]},{\"@type\":\"WebPage\",\"@id\":\"https:\/\/www.letemsvetemapplem.eu\/bazar\/imac-27-38-ghz-top-specifikace\/\",\"url\":\"https:\/\/www.letemsvetemapplem.eu\/bazar\/imac-27-38-ghz-top-specifikace\/\",\"name\":\"iMac 27 3,8 Ghz top specifikace - Apple bazar\",\"isPartOf\":{\"@id\":\"https:\/\/www.letemsvetemapplem.eu\/bazar\/#website\"},\"primaryImageOfPage\":{\"@id\":\"https:\/\/www.letemsvetemapplem.eu\/bazar\/imac-27-38-ghz-top-specifikace\/#primaryimage\"},\"image\":{\"@id\":\"https:\/\/www.letemsvetemapplem.eu\/bazar\/imac-27-38-ghz-top-specifikace\/#primaryimage\"},\"thumbnailUrl\":\"https:\/\/www.letemsvetemapplem.eu\/bazar\/wp-content\/uploads\/2017\/12\/iMac_lr_03.jpg\",\"datePublished\":\"2017-12-01T20:28:58+00:00\",\"dateModified\":\"2017-12-09T19:58:49+00:00\",\"author\":{\"@id\":\"\"},\"breadcrumb\":{\"@id\":\"https:\/\/www.letemsvetemapplem.eu\/bazar\/imac-27-38-ghz-top-specifikace\/#breadcrumb\"},\"inLanguage\":\"cs\",\"potentialAction\":[{\"@type\":\"ReadAction\",\"target\":[\"https:\/\/www.letemsvetemapplem.eu\/bazar\/imac-27-38-ghz-top-specifikace\/\"]}]},{\"@type\":\"ImageObject\",\"inLanguage\":\"cs\",\"@id\":\"https:\/\/www.letemsvetemapplem.eu\/bazar\/imac-27-38-ghz-top-specifikace\/#primaryimage\",\"url\":\"https:\/\/www.letemsvetemapplem.eu\/bazar\/wp-content\/uploads\/2017\/12\/iMac_lr_03.jpg\",\"contentUrl\":\"https:\/\/www.letemsvetemapplem.eu\/bazar\/wp-content\/uploads\/2017\/12\/iMac_lr_03.jpg\",\"width\":1600,\"height\":1068},{\"@type\":\"BreadcrumbList\",\"@id\":\"https:\/\/www.letemsvetemapplem.eu\/bazar\/imac-27-38-ghz-top-specifikace\/#breadcrumb\",\"itemListElement\":[{\"@type\":\"ListItem\",\"position\":1,\"name\":\"Apple Bazar\",\"item\":\"https:\/\/www.letemsvetemapplem.eu\/bazar\/\"},{\"@type\":\"ListItem\",\"position\":2,\"name\":\"iMac 27 3,8 Ghz top specifikace\"}]},{\"@type\":\"WebSite\",\"@id\":\"https:\/\/www.letemsvetemapplem.eu\/bazar\/#website\",\"url\":\"https:\/\/www.letemsvetemapplem.eu\/bazar\/\",\"name\":\"Apple bazar\",\"description\":\"Oou\u017eit\u00e9 Apple produkty za skv\u011bl\u00e9 ceny\",\"potentialAction\":[{\"@type\":\"SearchAction\",\"target\":{\"@type\":\"EntryPoint\",\"urlTemplate\":\"https:\/\/www.letemsvetemapplem.eu\/bazar\/?s={search_term_string}\"},\"query-input\":{\"@type\":\"PropertyValueSpecification\",\"valueRequired\":true,\"valueName\":\"search_term_string\"}}],\"inLanguage\":\"cs\"}]}<\/script>\n<!-- \/ Yoast SEO plugin. -->","yoast_head_json":{"title":"iMac 27 3,8 Ghz top specifikace - Apple bazar","robots":{"index":"index","follow":"follow","max-snippet":"max-snippet:-1","max-image-preview":"max-image-preview:large","max-video-preview":"max-video-preview:-1"},"canonical":"https:\/\/www.letemsvetemapplem.eu\/bazar\/imac-27-38-ghz-top-specifikace\/","og_locale":"cs_CZ","og_type":"article","og_title":"iMac 27 3,8 Ghz top specifikace - Apple bazar","og_description":"\u2013 iMac 27 s technologi\u00ed panelu IPS, \u010dty\u0159j\u00e1drov\u00fd procesor i5 3,4 Ghz, TurboBoost 3,8 Ghz, 6 MB L2 cache, roz\u0161\u00ed\u0159en\u00e1 RAM 24 GB, nadstandardn\u00ed grafick\u00e1 karta NVIDIA GeForce GTX 775M 2 GB, p\u016fvodn\u00ed rychl\u00fd disk 1 TB (7200 ot\u00e1\u010dek), model late 2013. \u2013 p\u016fvodn\u00ed cena v roce 2013 54 000 K\u010d + 6000 K\u010d RAM...","og_url":"https:\/\/www.letemsvetemapplem.eu\/bazar\/imac-27-38-ghz-top-specifikace\/","og_site_name":"Apple bazar","article_published_time":"2017-12-01T20:28:58+00:00","article_modified_time":"2017-12-09T19:58:49+00:00","og_image":[{"width":1600,"height":1068,"url":"https:\/\/www.letemsvetemapplem.eu\/bazar\/wp-content\/uploads\/2017\/12\/iMac_lr_03.jpg","type":"image\/jpeg"}],"twitter_card":"summary_large_image","schema":{"@context":"https:\/\/schema.org","@graph":[{"@type":"Article","@id":"https:\/\/www.letemsvetemapplem.eu\/bazar\/imac-27-38-ghz-top-specifikace\/#article","isPartOf":{"@id":"https:\/\/www.letemsvetemapplem.eu\/bazar\/imac-27-38-ghz-top-specifikace\/"},"author":{"name":"","@id":""},"headline":"iMac 27 3,8 Ghz top specifikace","datePublished":"2017-12-01T20:28:58+00:00","dateModified":"2017-12-09T19:58:49+00:00","mainEntityOfPage":{"@id":"https:\/\/www.letemsvetemapplem.eu\/bazar\/imac-27-38-ghz-top-specifikace\/"},"wordCount":495,"commentCount":0,"image":{"@id":"https:\/\/www.letemsvetemapplem.eu\/bazar\/imac-27-38-ghz-top-specifikace\/#primaryimage"},"thumbnailUrl":"https:\/\/www.letemsvetemapplem.eu\/bazar\/wp-content\/uploads\/2017\/12\/iMac_lr_03.jpg","keywords":["iMac"],"articleSection":["iMac"],"inLanguage":"cs","potentialAction":[{"@type":"CommentAction","name":"Comment","target":["https:\/\/www.letemsvetemapplem.eu\/bazar\/imac-27-38-ghz-top-specifikace\/#respond"]}]},{"@type":"WebPage","@id":"https:\/\/www.letemsvetemapplem.eu\/bazar\/imac-27-38-ghz-top-specifikace\/","url":"https:\/\/www.letemsvetemapplem.eu\/bazar\/imac-27-38-ghz-top-specifikace\/","name":"iMac 27 3,8 Ghz top specifikace - Apple bazar","isPartOf":{"@id":"https:\/\/www.letemsvetemapplem.eu\/bazar\/#website"},"primaryImageOfPage":{"@id":"https:\/\/www.letemsvetemapplem.eu\/bazar\/imac-27-38-ghz-top-specifikace\/#primaryimage"},"image":{"@id":"https:\/\/www.letemsvetemapplem.eu\/bazar\/imac-27-38-ghz-top-specifikace\/#primaryimage"},"thumbnailUrl":"https:\/\/www.letemsvetemapplem.eu\/bazar\/wp-content\/uploads\/2017\/12\/iMac_lr_03.jpg","datePublished":"2017-12-01T20:28:58+00:00","dateModified":"2017-12-09T19:58:49+00:00","author":{"@id":""},"breadcrumb":{"@id":"https:\/\/www.letemsvetemapplem.eu\/bazar\/imac-27-38-ghz-top-specifikace\/#breadcrumb"},"inLanguage":"cs","potentialAction":[{"@type":"ReadAction","target":["https:\/\/www.letemsvetemapplem.eu\/bazar\/imac-27-38-ghz-top-specifikace\/"]}]},{"@type":"ImageObject","inLanguage":"cs","@id":"https:\/\/www.letemsvetemapplem.eu\/bazar\/imac-27-38-ghz-top-specifikace\/#primaryimage","url":"https:\/\/www.letemsvetemapplem.eu\/bazar\/wp-content\/uploads\/2017\/12\/iMac_lr_03.jpg","contentUrl":"https:\/\/www.letemsvetemapplem.eu\/bazar\/wp-content\/uploads\/2017\/12\/iMac_lr_03.jpg","width":1600,"height":1068},{"@type":"BreadcrumbList","@id":"https:\/\/www.letemsvetemapplem.eu\/bazar\/imac-27-38-ghz-top-specifikace\/#breadcrumb","itemListElement":[{"@type":"ListItem","position":1,"name":"Apple Bazar","item":"https:\/\/www.letemsvetemapplem.eu\/bazar\/"},{"@type":"ListItem","position":2,"name":"iMac 27 3,8 Ghz top specifikace"}]},{"@type":"WebSite","@id":"https:\/\/www.letemsvetemapplem.eu\/bazar\/#website","url":"https:\/\/www.letemsvetemapplem.eu\/bazar\/","name":"Apple bazar","description":"Oou\u017eit\u00e9 Apple produkty za skv\u011bl\u00e9 ceny","potentialAction":[{"@type":"SearchAction","target":{"@type":"EntryPoint","urlTemplate":"https:\/\/www.letemsvetemapplem.eu\/bazar\/?s={search_term_string}"},"query-input":{"@type":"PropertyValueSpecification","valueRequired":true,"valueName":"search_term_string"}}],"inLanguage":"cs"}]}},"_links":{"self":[{"href":"https:\/\/www.letemsvetemapplem.eu\/bazar\/wp-json\/wp\/v2\/posts\/58851","targetHints":{"allow":["GET"]}}],"collection":[{"href":"https:\/\/www.letemsvetemapplem.eu\/bazar\/wp-json\/wp\/v2\/posts"}],"about":[{"href":"https:\/\/www.letemsvetemapplem.eu\/bazar\/wp-json\/wp\/v2\/types\/post"}],"replies":[{"embeddable":true,"href":"https:\/\/www.letemsvetemapplem.eu\/bazar\/wp-json\/wp\/v2\/comments?post=58851"}],"version-history":[{"count":0,"href":"https:\/\/www.letemsvetemapplem.eu\/bazar\/wp-json\/wp\/v2\/posts\/58851\/revisions"}],"wp:featuredmedia":[{"embeddable":true,"href":"https:\/\/www.letemsvetemapplem.eu\/bazar\/wp-json\/wp\/v2\/media\/58852"}],"wp:attachment":[{"href":"https:\/\/www.letemsvetemapplem.eu\/bazar\/wp-json\/wp\/v2\/media?parent=58851"}],"wp:term":[{"taxonomy":"category","embeddable":true,"href":"https:\/\/www.letemsvetemapplem.eu\/bazar\/wp-json\/wp\/v2\/categories?post=58851"},{"taxonomy":"post_tag","embeddable":true,"href":"https:\/\/www.letemsvetemapplem.eu\/bazar\/wp-json\/wp\/v2\/tags?post=58851"}],"curies":[{"name":"wp","href":"https:\/\/api.w.org\/{rel}","templated":true}]}}