{"id":58257,"date":"2017-11-29T16:11:22","date_gmt":"2017-11-29T15:11:22","guid":{"rendered":"https:\/\/www.letemsvetemapplem.eu\/bazar\/?p=58257"},"modified":"2017-11-29T16:11:22","modified_gmt":"2017-11-29T15:11:22","slug":"mac-mini-2011-dedikovana-grafika-radeo","status":"publish","type":"post","link":"https:\/\/www.letemsvetemapplem.eu\/bazar\/mac-mini-2011-dedikovana-grafika-radeo\/","title":{"rendered":"Mac mini 2011 &#8211; dedikovana grafika Radeo"},"content":{"rendered":"<p>Prodam bezvadne funkcni Mac mini late 2011 &#8211; obsahuje dedikovanou grafickou kartu AMD Radeon HD 6630M 256MB, coz umoznuje hrat spoustu her (macbook pro 2015 casto problem, na tomhle minim v pohode) &#8211; neni to samo herni pocitac, ale aspon neco \ud83d\ude42 Misto pomaleho disku SSD 128MB a 8GB RAM. Prodavam z duvodu nahrazeni macbookem. PS: Ty cary na fotkach jsou tim, ze jsem fotil monitor, ne ze by to byla porucha \ud83d\ude42<\/p>\n","protected":false},"excerpt":{"rendered":"<p>Prodam bezvadne funkcni Mac mini late 2011 &#8211; obsahuje dedikovanou grafickou kartu AMD Radeon HD 6630M 256MB, coz umoznuje hrat spoustu her (macbook pro 2015 casto problem, na tomhle minim v pohode) &#8211; neni to samo herni pocitac, ale aspon neco \ud83d\ude42 Misto pomaleho disku SSD 128MB a 8GB RAM. Prodavam z duvodu nahrazeni macbookem&#8230;.<\/p>\n","protected":false},"author":0,"featured_media":58258,"comment_status":"open","ping_status":"open","sticky":false,"template":"","format":"standard","meta":{"footnotes":""},"categories":[44],"tags":[78],"class_list":["post-58257","post","type-post","status-publish","format-standard","has-post-thumbnail","hentry","category-mac-mini","tag-mac-mini"],"yoast_head":"<!-- This site is optimized with the Yoast SEO plugin v27.2 - https:\/\/yoast.com\/product\/yoast-seo-wordpress\/ -->\n<title>Mac mini 2011 - dedikovana grafika Radeo - Apple bazar<\/title>\n<meta name=\"robots\" content=\"index, follow, max-snippet:-1, max-image-preview:large, max-video-preview:-1\" \/>\n<link rel=\"canonical\" href=\"https:\/\/www.letemsvetemapplem.eu\/bazar\/mac-mini-2011-dedikovana-grafika-radeo\/\" \/>\n<meta property=\"og:locale\" content=\"cs_CZ\" \/>\n<meta property=\"og:type\" content=\"article\" \/>\n<meta property=\"og:title\" content=\"Mac mini 2011 - dedikovana grafika Radeo - Apple bazar\" \/>\n<meta property=\"og:description\" content=\"Prodam bezvadne funkcni Mac mini late 2011 &#8211; obsahuje dedikovanou grafickou kartu AMD Radeon HD 6630M 256MB, coz umoznuje hrat spoustu her (macbook pro 2015 casto problem, na tomhle minim v pohode) &#8211; neni to samo herni pocitac, ale aspon neco \ud83d\ude42 Misto pomaleho disku SSD 128MB a 8GB RAM. Prodavam z duvodu nahrazeni macbookem....\" \/>\n<meta property=\"og:url\" content=\"https:\/\/www.letemsvetemapplem.eu\/bazar\/mac-mini-2011-dedikovana-grafika-radeo\/\" \/>\n<meta property=\"og:site_name\" content=\"Apple bazar\" \/>\n<meta property=\"article:published_time\" content=\"2017-11-29T15:11:22+00:00\" \/>\n<meta property=\"og:image\" content=\"https:\/\/www.letemsvetemapplem.eu\/bazar\/wp-content\/uploads\/2017\/11\/Mac-Mini-2011.jpg\" \/>\n\t<meta property=\"og:image:width\" content=\"1000\" \/>\n\t<meta property=\"og:image:height\" content=\"667\" \/>\n\t<meta property=\"og:image:type\" content=\"image\/jpeg\" \/>\n<meta name=\"twitter:card\" content=\"summary_large_image\" \/>\n<script type=\"application\/ld+json\" class=\"yoast-schema-graph\">{\"@context\":\"https:\/\/schema.org\",\"@graph\":[{\"@type\":\"Article\",\"@id\":\"https:\/\/www.letemsvetemapplem.eu\/bazar\/mac-mini-2011-dedikovana-grafika-radeo\/#article\",\"isPartOf\":{\"@id\":\"https:\/\/www.letemsvetemapplem.eu\/bazar\/mac-mini-2011-dedikovana-grafika-radeo\/\"},\"author\":{\"name\":\"\",\"@id\":\"\"},\"headline\":\"Mac mini 2011 &#8211; dedikovana grafika Radeo\",\"datePublished\":\"2017-11-29T15:11:22+00:00\",\"mainEntityOfPage\":{\"@id\":\"https:\/\/www.letemsvetemapplem.eu\/bazar\/mac-mini-2011-dedikovana-grafika-radeo\/\"},\"wordCount\":75,\"commentCount\":0,\"image\":{\"@id\":\"https:\/\/www.letemsvetemapplem.eu\/bazar\/mac-mini-2011-dedikovana-grafika-radeo\/#primaryimage\"},\"thumbnailUrl\":\"https:\/\/www.letemsvetemapplem.eu\/bazar\/wp-content\/uploads\/2017\/11\/Mac-Mini-2011.jpg\",\"keywords\":[\"Mac mini\"],\"articleSection\":[\"Mac mini\"],\"inLanguage\":\"cs\",\"potentialAction\":[{\"@type\":\"CommentAction\",\"name\":\"Comment\",\"target\":[\"https:\/\/www.letemsvetemapplem.eu\/bazar\/mac-mini-2011-dedikovana-grafika-radeo\/#respond\"]}]},{\"@type\":\"WebPage\",\"@id\":\"https:\/\/www.letemsvetemapplem.eu\/bazar\/mac-mini-2011-dedikovana-grafika-radeo\/\",\"url\":\"https:\/\/www.letemsvetemapplem.eu\/bazar\/mac-mini-2011-dedikovana-grafika-radeo\/\",\"name\":\"Mac mini 2011 - dedikovana grafika Radeo - Apple bazar\",\"isPartOf\":{\"@id\":\"https:\/\/www.letemsvetemapplem.eu\/bazar\/#website\"},\"primaryImageOfPage\":{\"@id\":\"https:\/\/www.letemsvetemapplem.eu\/bazar\/mac-mini-2011-dedikovana-grafika-radeo\/#primaryimage\"},\"image\":{\"@id\":\"https:\/\/www.letemsvetemapplem.eu\/bazar\/mac-mini-2011-dedikovana-grafika-radeo\/#primaryimage\"},\"thumbnailUrl\":\"https:\/\/www.letemsvetemapplem.eu\/bazar\/wp-content\/uploads\/2017\/11\/Mac-Mini-2011.jpg\",\"datePublished\":\"2017-11-29T15:11:22+00:00\",\"author\":{\"@id\":\"\"},\"breadcrumb\":{\"@id\":\"https:\/\/www.letemsvetemapplem.eu\/bazar\/mac-mini-2011-dedikovana-grafika-radeo\/#breadcrumb\"},\"inLanguage\":\"cs\",\"potentialAction\":[{\"@type\":\"ReadAction\",\"target\":[\"https:\/\/www.letemsvetemapplem.eu\/bazar\/mac-mini-2011-dedikovana-grafika-radeo\/\"]}]},{\"@type\":\"ImageObject\",\"inLanguage\":\"cs\",\"@id\":\"https:\/\/www.letemsvetemapplem.eu\/bazar\/mac-mini-2011-dedikovana-grafika-radeo\/#primaryimage\",\"url\":\"https:\/\/www.letemsvetemapplem.eu\/bazar\/wp-content\/uploads\/2017\/11\/Mac-Mini-2011.jpg\",\"contentUrl\":\"https:\/\/www.letemsvetemapplem.eu\/bazar\/wp-content\/uploads\/2017\/11\/Mac-Mini-2011.jpg\",\"width\":1000,\"height\":667},{\"@type\":\"BreadcrumbList\",\"@id\":\"https:\/\/www.letemsvetemapplem.eu\/bazar\/mac-mini-2011-dedikovana-grafika-radeo\/#breadcrumb\",\"itemListElement\":[{\"@type\":\"ListItem\",\"position\":1,\"name\":\"Apple Bazar\",\"item\":\"https:\/\/www.letemsvetemapplem.eu\/bazar\/\"},{\"@type\":\"ListItem\",\"position\":2,\"name\":\"Mac mini 2011 &#8211; dedikovana grafika Radeo\"}]},{\"@type\":\"WebSite\",\"@id\":\"https:\/\/www.letemsvetemapplem.eu\/bazar\/#website\",\"url\":\"https:\/\/www.letemsvetemapplem.eu\/bazar\/\",\"name\":\"Apple bazar\",\"description\":\"Oou\u017eit\u00e9 Apple produkty za skv\u011bl\u00e9 ceny\",\"potentialAction\":[{\"@type\":\"SearchAction\",\"target\":{\"@type\":\"EntryPoint\",\"urlTemplate\":\"https:\/\/www.letemsvetemapplem.eu\/bazar\/?s={search_term_string}\"},\"query-input\":{\"@type\":\"PropertyValueSpecification\",\"valueRequired\":true,\"valueName\":\"search_term_string\"}}],\"inLanguage\":\"cs\"}]}<\/script>\n<!-- \/ Yoast SEO plugin. -->","yoast_head_json":{"title":"Mac mini 2011 - dedikovana grafika Radeo - Apple bazar","robots":{"index":"index","follow":"follow","max-snippet":"max-snippet:-1","max-image-preview":"max-image-preview:large","max-video-preview":"max-video-preview:-1"},"canonical":"https:\/\/www.letemsvetemapplem.eu\/bazar\/mac-mini-2011-dedikovana-grafika-radeo\/","og_locale":"cs_CZ","og_type":"article","og_title":"Mac mini 2011 - dedikovana grafika Radeo - Apple bazar","og_description":"Prodam bezvadne funkcni Mac mini late 2011 &#8211; obsahuje dedikovanou grafickou kartu AMD Radeon HD 6630M 256MB, coz umoznuje hrat spoustu her (macbook pro 2015 casto problem, na tomhle minim v pohode) &#8211; neni to samo herni pocitac, ale aspon neco \ud83d\ude42 Misto pomaleho disku SSD 128MB a 8GB RAM. Prodavam z duvodu nahrazeni macbookem....","og_url":"https:\/\/www.letemsvetemapplem.eu\/bazar\/mac-mini-2011-dedikovana-grafika-radeo\/","og_site_name":"Apple bazar","article_published_time":"2017-11-29T15:11:22+00:00","og_image":[{"width":1000,"height":667,"url":"https:\/\/www.letemsvetemapplem.eu\/bazar\/wp-content\/uploads\/2017\/11\/Mac-Mini-2011.jpg","type":"image\/jpeg"}],"twitter_card":"summary_large_image","schema":{"@context":"https:\/\/schema.org","@graph":[{"@type":"Article","@id":"https:\/\/www.letemsvetemapplem.eu\/bazar\/mac-mini-2011-dedikovana-grafika-radeo\/#article","isPartOf":{"@id":"https:\/\/www.letemsvetemapplem.eu\/bazar\/mac-mini-2011-dedikovana-grafika-radeo\/"},"author":{"name":"","@id":""},"headline":"Mac mini 2011 &#8211; dedikovana grafika Radeo","datePublished":"2017-11-29T15:11:22+00:00","mainEntityOfPage":{"@id":"https:\/\/www.letemsvetemapplem.eu\/bazar\/mac-mini-2011-dedikovana-grafika-radeo\/"},"wordCount":75,"commentCount":0,"image":{"@id":"https:\/\/www.letemsvetemapplem.eu\/bazar\/mac-mini-2011-dedikovana-grafika-radeo\/#primaryimage"},"thumbnailUrl":"https:\/\/www.letemsvetemapplem.eu\/bazar\/wp-content\/uploads\/2017\/11\/Mac-Mini-2011.jpg","keywords":["Mac mini"],"articleSection":["Mac mini"],"inLanguage":"cs","potentialAction":[{"@type":"CommentAction","name":"Comment","target":["https:\/\/www.letemsvetemapplem.eu\/bazar\/mac-mini-2011-dedikovana-grafika-radeo\/#respond"]}]},{"@type":"WebPage","@id":"https:\/\/www.letemsvetemapplem.eu\/bazar\/mac-mini-2011-dedikovana-grafika-radeo\/","url":"https:\/\/www.letemsvetemapplem.eu\/bazar\/mac-mini-2011-dedikovana-grafika-radeo\/","name":"Mac mini 2011 - dedikovana grafika Radeo - Apple bazar","isPartOf":{"@id":"https:\/\/www.letemsvetemapplem.eu\/bazar\/#website"},"primaryImageOfPage":{"@id":"https:\/\/www.letemsvetemapplem.eu\/bazar\/mac-mini-2011-dedikovana-grafika-radeo\/#primaryimage"},"image":{"@id":"https:\/\/www.letemsvetemapplem.eu\/bazar\/mac-mini-2011-dedikovana-grafika-radeo\/#primaryimage"},"thumbnailUrl":"https:\/\/www.letemsvetemapplem.eu\/bazar\/wp-content\/uploads\/2017\/11\/Mac-Mini-2011.jpg","datePublished":"2017-11-29T15:11:22+00:00","author":{"@id":""},"breadcrumb":{"@id":"https:\/\/www.letemsvetemapplem.eu\/bazar\/mac-mini-2011-dedikovana-grafika-radeo\/#breadcrumb"},"inLanguage":"cs","potentialAction":[{"@type":"ReadAction","target":["https:\/\/www.letemsvetemapplem.eu\/bazar\/mac-mini-2011-dedikovana-grafika-radeo\/"]}]},{"@type":"ImageObject","inLanguage":"cs","@id":"https:\/\/www.letemsvetemapplem.eu\/bazar\/mac-mini-2011-dedikovana-grafika-radeo\/#primaryimage","url":"https:\/\/www.letemsvetemapplem.eu\/bazar\/wp-content\/uploads\/2017\/11\/Mac-Mini-2011.jpg","contentUrl":"https:\/\/www.letemsvetemapplem.eu\/bazar\/wp-content\/uploads\/2017\/11\/Mac-Mini-2011.jpg","width":1000,"height":667},{"@type":"BreadcrumbList","@id":"https:\/\/www.letemsvetemapplem.eu\/bazar\/mac-mini-2011-dedikovana-grafika-radeo\/#breadcrumb","itemListElement":[{"@type":"ListItem","position":1,"name":"Apple Bazar","item":"https:\/\/www.letemsvetemapplem.eu\/bazar\/"},{"@type":"ListItem","position":2,"name":"Mac mini 2011 &#8211; dedikovana grafika Radeo"}]},{"@type":"WebSite","@id":"https:\/\/www.letemsvetemapplem.eu\/bazar\/#website","url":"https:\/\/www.letemsvetemapplem.eu\/bazar\/","name":"Apple bazar","description":"Oou\u017eit\u00e9 Apple produkty za skv\u011bl\u00e9 ceny","potentialAction":[{"@type":"SearchAction","target":{"@type":"EntryPoint","urlTemplate":"https:\/\/www.letemsvetemapplem.eu\/bazar\/?s={search_term_string}"},"query-input":{"@type":"PropertyValueSpecification","valueRequired":true,"valueName":"search_term_string"}}],"inLanguage":"cs"}]}},"_links":{"self":[{"href":"https:\/\/www.letemsvetemapplem.eu\/bazar\/wp-json\/wp\/v2\/posts\/58257","targetHints":{"allow":["GET"]}}],"collection":[{"href":"https:\/\/www.letemsvetemapplem.eu\/bazar\/wp-json\/wp\/v2\/posts"}],"about":[{"href":"https:\/\/www.letemsvetemapplem.eu\/bazar\/wp-json\/wp\/v2\/types\/post"}],"replies":[{"embeddable":true,"href":"https:\/\/www.letemsvetemapplem.eu\/bazar\/wp-json\/wp\/v2\/comments?post=58257"}],"version-history":[{"count":0,"href":"https:\/\/www.letemsvetemapplem.eu\/bazar\/wp-json\/wp\/v2\/posts\/58257\/revisions"}],"wp:featuredmedia":[{"embeddable":true,"href":"https:\/\/www.letemsvetemapplem.eu\/bazar\/wp-json\/wp\/v2\/media\/58258"}],"wp:attachment":[{"href":"https:\/\/www.letemsvetemapplem.eu\/bazar\/wp-json\/wp\/v2\/media?parent=58257"}],"wp:term":[{"taxonomy":"category","embeddable":true,"href":"https:\/\/www.letemsvetemapplem.eu\/bazar\/wp-json\/wp\/v2\/categories?post=58257"},{"taxonomy":"post_tag","embeddable":true,"href":"https:\/\/www.letemsvetemapplem.eu\/bazar\/wp-json\/wp\/v2\/tags?post=58257"}],"curies":[{"name":"wp","href":"https:\/\/api.w.org\/{rel}","templated":true}]}}