{"id":56581,"date":"2017-11-25T10:33:11","date_gmt":"2017-11-25T09:33:11","guid":{"rendered":"https:\/\/www.letemsvetemapplem.eu\/bazar\/?p=56581"},"modified":"2018-10-14T20:24:47","modified_gmt":"2018-10-14T19:24:47","slug":"mac-mini-late-2009","status":"publish","type":"post","link":"https:\/\/www.letemsvetemapplem.eu\/bazar\/mac-mini-late-2009\/","title":{"rendered":"Mac mini late 2009"},"content":{"rendered":"<p>Pordam Mac mini (Late 2009) v pln\u011b funk\u010dn\u00edm stavu. Klavesnici, my\u0161, redukci DVI, extern\u00ed disk 320 GB (lze pou\u017e\u00edt jako Time Machine). Mini je m\u00edrn\u011b upraven\u00fd \u2013 v\u00fdjmut\u00e1 CD a nahrazena SSD diskem, SSD disk ADATA SP550 120 GB \/ Western Digital Scorpio Black WD5000BEKT 500 GB \u2013 disk je ud\u011blan\u00fd jako FusionDrive 620 GB. Nov\u011b je namontovan\u00e9 v\u011btr\u00e1n\u00ed \u2013 chlazen\u00ed (origin\u00e1ln\u00ed). V\u0161e pln\u011b funk\u010dn\u00ed. Mo\u017enost p\u0159edstaven\u00ed, osobn\u00ed p\u0159edan\u00ed nebo zasl\u00e1n\u00ed.<\/p>\n<p>Instalace os mojave je mozna podle tohoto navodu: http:\/\/dosdude1.com\/mojave\/<\/p>\n","protected":false},"excerpt":{"rendered":"<p>Pordam Mac mini (Late 2009) v pln\u011b funk\u010dn\u00edm stavu. Klavesnici, my\u0161, redukci DVI, extern\u00ed disk 320 GB (lze pou\u017e\u00edt jako Time Machine). Mini je m\u00edrn\u011b upraven\u00fd \u2013 v\u00fdjmut\u00e1 CD a nahrazena SSD diskem, SSD disk ADATA SP550 120 GB \/ Western Digital Scorpio Black WD5000BEKT 500 GB \u2013 disk je ud\u011blan\u00fd jako FusionDrive 620 GB&#8230;.<\/p>\n","protected":false},"author":0,"featured_media":56582,"comment_status":"open","ping_status":"open","sticky":false,"template":"","format":"standard","meta":{"footnotes":""},"categories":[44],"tags":[78],"class_list":["post-56581","post","type-post","status-publish","format-standard","has-post-thumbnail","hentry","category-mac-mini","tag-mac-mini"],"yoast_head":"<!-- This site is optimized with the Yoast SEO plugin v27.2 - https:\/\/yoast.com\/product\/yoast-seo-wordpress\/ -->\n<title>Mac mini late 2009 - Apple bazar<\/title>\n<meta name=\"robots\" content=\"index, follow, max-snippet:-1, max-image-preview:large, max-video-preview:-1\" \/>\n<link rel=\"canonical\" href=\"https:\/\/www.letemsvetemapplem.eu\/bazar\/mac-mini-late-2009\/\" \/>\n<meta property=\"og:locale\" content=\"cs_CZ\" \/>\n<meta property=\"og:type\" content=\"article\" \/>\n<meta property=\"og:title\" content=\"Mac mini late 2009 - Apple bazar\" \/>\n<meta property=\"og:description\" content=\"Pordam Mac mini (Late 2009) v pln\u011b funk\u010dn\u00edm stavu. Klavesnici, my\u0161, redukci DVI, extern\u00ed disk 320 GB (lze pou\u017e\u00edt jako Time Machine). Mini je m\u00edrn\u011b upraven\u00fd \u2013 v\u00fdjmut\u00e1 CD a nahrazena SSD diskem, SSD disk ADATA SP550 120 GB \/ Western Digital Scorpio Black WD5000BEKT 500 GB \u2013 disk je ud\u011blan\u00fd jako FusionDrive 620 GB....\" \/>\n<meta property=\"og:url\" content=\"https:\/\/www.letemsvetemapplem.eu\/bazar\/mac-mini-late-2009\/\" \/>\n<meta property=\"og:site_name\" content=\"Apple bazar\" \/>\n<meta property=\"article:published_time\" content=\"2017-11-25T09:33:11+00:00\" \/>\n<meta property=\"article:modified_time\" content=\"2018-10-14T19:24:47+00:00\" \/>\n<meta property=\"og:image\" content=\"https:\/\/www.letemsvetemapplem.eu\/bazar\/wp-content\/uploads\/2017\/11\/mini-01.jpg\" \/>\n\t<meta property=\"og:image:width\" content=\"4032\" \/>\n\t<meta property=\"og:image:height\" content=\"3024\" \/>\n\t<meta property=\"og:image:type\" content=\"image\/jpeg\" \/>\n<meta name=\"twitter:card\" content=\"summary_large_image\" \/>\n<script type=\"application\/ld+json\" class=\"yoast-schema-graph\">{\"@context\":\"https:\/\/schema.org\",\"@graph\":[{\"@type\":\"Article\",\"@id\":\"https:\/\/www.letemsvetemapplem.eu\/bazar\/mac-mini-late-2009\/#article\",\"isPartOf\":{\"@id\":\"https:\/\/www.letemsvetemapplem.eu\/bazar\/mac-mini-late-2009\/\"},\"author\":{\"name\":\"\",\"@id\":\"\"},\"headline\":\"Mac mini late 2009\",\"datePublished\":\"2017-11-25T09:33:11+00:00\",\"dateModified\":\"2018-10-14T19:24:47+00:00\",\"mainEntityOfPage\":{\"@id\":\"https:\/\/www.letemsvetemapplem.eu\/bazar\/mac-mini-late-2009\/\"},\"wordCount\":93,\"commentCount\":0,\"image\":{\"@id\":\"https:\/\/www.letemsvetemapplem.eu\/bazar\/mac-mini-late-2009\/#primaryimage\"},\"thumbnailUrl\":\"https:\/\/www.letemsvetemapplem.eu\/bazar\/wp-content\/uploads\/2017\/11\/mini-01.jpg\",\"keywords\":[\"Mac mini\"],\"articleSection\":[\"Mac mini\"],\"inLanguage\":\"cs\",\"potentialAction\":[{\"@type\":\"CommentAction\",\"name\":\"Comment\",\"target\":[\"https:\/\/www.letemsvetemapplem.eu\/bazar\/mac-mini-late-2009\/#respond\"]}]},{\"@type\":\"WebPage\",\"@id\":\"https:\/\/www.letemsvetemapplem.eu\/bazar\/mac-mini-late-2009\/\",\"url\":\"https:\/\/www.letemsvetemapplem.eu\/bazar\/mac-mini-late-2009\/\",\"name\":\"Mac mini late 2009 - Apple bazar\",\"isPartOf\":{\"@id\":\"https:\/\/www.letemsvetemapplem.eu\/bazar\/#website\"},\"primaryImageOfPage\":{\"@id\":\"https:\/\/www.letemsvetemapplem.eu\/bazar\/mac-mini-late-2009\/#primaryimage\"},\"image\":{\"@id\":\"https:\/\/www.letemsvetemapplem.eu\/bazar\/mac-mini-late-2009\/#primaryimage\"},\"thumbnailUrl\":\"https:\/\/www.letemsvetemapplem.eu\/bazar\/wp-content\/uploads\/2017\/11\/mini-01.jpg\",\"datePublished\":\"2017-11-25T09:33:11+00:00\",\"dateModified\":\"2018-10-14T19:24:47+00:00\",\"author\":{\"@id\":\"\"},\"breadcrumb\":{\"@id\":\"https:\/\/www.letemsvetemapplem.eu\/bazar\/mac-mini-late-2009\/#breadcrumb\"},\"inLanguage\":\"cs\",\"potentialAction\":[{\"@type\":\"ReadAction\",\"target\":[\"https:\/\/www.letemsvetemapplem.eu\/bazar\/mac-mini-late-2009\/\"]}]},{\"@type\":\"ImageObject\",\"inLanguage\":\"cs\",\"@id\":\"https:\/\/www.letemsvetemapplem.eu\/bazar\/mac-mini-late-2009\/#primaryimage\",\"url\":\"https:\/\/www.letemsvetemapplem.eu\/bazar\/wp-content\/uploads\/2017\/11\/mini-01.jpg\",\"contentUrl\":\"https:\/\/www.letemsvetemapplem.eu\/bazar\/wp-content\/uploads\/2017\/11\/mini-01.jpg\",\"width\":4032,\"height\":3024},{\"@type\":\"BreadcrumbList\",\"@id\":\"https:\/\/www.letemsvetemapplem.eu\/bazar\/mac-mini-late-2009\/#breadcrumb\",\"itemListElement\":[{\"@type\":\"ListItem\",\"position\":1,\"name\":\"Apple Bazar\",\"item\":\"https:\/\/www.letemsvetemapplem.eu\/bazar\/\"},{\"@type\":\"ListItem\",\"position\":2,\"name\":\"Mac mini late 2009\"}]},{\"@type\":\"WebSite\",\"@id\":\"https:\/\/www.letemsvetemapplem.eu\/bazar\/#website\",\"url\":\"https:\/\/www.letemsvetemapplem.eu\/bazar\/\",\"name\":\"Apple bazar\",\"description\":\"Oou\u017eit\u00e9 Apple produkty za skv\u011bl\u00e9 ceny\",\"potentialAction\":[{\"@type\":\"SearchAction\",\"target\":{\"@type\":\"EntryPoint\",\"urlTemplate\":\"https:\/\/www.letemsvetemapplem.eu\/bazar\/?s={search_term_string}\"},\"query-input\":{\"@type\":\"PropertyValueSpecification\",\"valueRequired\":true,\"valueName\":\"search_term_string\"}}],\"inLanguage\":\"cs\"}]}<\/script>\n<!-- \/ Yoast SEO plugin. -->","yoast_head_json":{"title":"Mac mini late 2009 - Apple bazar","robots":{"index":"index","follow":"follow","max-snippet":"max-snippet:-1","max-image-preview":"max-image-preview:large","max-video-preview":"max-video-preview:-1"},"canonical":"https:\/\/www.letemsvetemapplem.eu\/bazar\/mac-mini-late-2009\/","og_locale":"cs_CZ","og_type":"article","og_title":"Mac mini late 2009 - Apple bazar","og_description":"Pordam Mac mini (Late 2009) v pln\u011b funk\u010dn\u00edm stavu. Klavesnici, my\u0161, redukci DVI, extern\u00ed disk 320 GB (lze pou\u017e\u00edt jako Time Machine). Mini je m\u00edrn\u011b upraven\u00fd \u2013 v\u00fdjmut\u00e1 CD a nahrazena SSD diskem, SSD disk ADATA SP550 120 GB \/ Western Digital Scorpio Black WD5000BEKT 500 GB \u2013 disk je ud\u011blan\u00fd jako FusionDrive 620 GB....","og_url":"https:\/\/www.letemsvetemapplem.eu\/bazar\/mac-mini-late-2009\/","og_site_name":"Apple bazar","article_published_time":"2017-11-25T09:33:11+00:00","article_modified_time":"2018-10-14T19:24:47+00:00","og_image":[{"width":4032,"height":3024,"url":"https:\/\/www.letemsvetemapplem.eu\/bazar\/wp-content\/uploads\/2017\/11\/mini-01.jpg","type":"image\/jpeg"}],"twitter_card":"summary_large_image","schema":{"@context":"https:\/\/schema.org","@graph":[{"@type":"Article","@id":"https:\/\/www.letemsvetemapplem.eu\/bazar\/mac-mini-late-2009\/#article","isPartOf":{"@id":"https:\/\/www.letemsvetemapplem.eu\/bazar\/mac-mini-late-2009\/"},"author":{"name":"","@id":""},"headline":"Mac mini late 2009","datePublished":"2017-11-25T09:33:11+00:00","dateModified":"2018-10-14T19:24:47+00:00","mainEntityOfPage":{"@id":"https:\/\/www.letemsvetemapplem.eu\/bazar\/mac-mini-late-2009\/"},"wordCount":93,"commentCount":0,"image":{"@id":"https:\/\/www.letemsvetemapplem.eu\/bazar\/mac-mini-late-2009\/#primaryimage"},"thumbnailUrl":"https:\/\/www.letemsvetemapplem.eu\/bazar\/wp-content\/uploads\/2017\/11\/mini-01.jpg","keywords":["Mac mini"],"articleSection":["Mac mini"],"inLanguage":"cs","potentialAction":[{"@type":"CommentAction","name":"Comment","target":["https:\/\/www.letemsvetemapplem.eu\/bazar\/mac-mini-late-2009\/#respond"]}]},{"@type":"WebPage","@id":"https:\/\/www.letemsvetemapplem.eu\/bazar\/mac-mini-late-2009\/","url":"https:\/\/www.letemsvetemapplem.eu\/bazar\/mac-mini-late-2009\/","name":"Mac mini late 2009 - Apple bazar","isPartOf":{"@id":"https:\/\/www.letemsvetemapplem.eu\/bazar\/#website"},"primaryImageOfPage":{"@id":"https:\/\/www.letemsvetemapplem.eu\/bazar\/mac-mini-late-2009\/#primaryimage"},"image":{"@id":"https:\/\/www.letemsvetemapplem.eu\/bazar\/mac-mini-late-2009\/#primaryimage"},"thumbnailUrl":"https:\/\/www.letemsvetemapplem.eu\/bazar\/wp-content\/uploads\/2017\/11\/mini-01.jpg","datePublished":"2017-11-25T09:33:11+00:00","dateModified":"2018-10-14T19:24:47+00:00","author":{"@id":""},"breadcrumb":{"@id":"https:\/\/www.letemsvetemapplem.eu\/bazar\/mac-mini-late-2009\/#breadcrumb"},"inLanguage":"cs","potentialAction":[{"@type":"ReadAction","target":["https:\/\/www.letemsvetemapplem.eu\/bazar\/mac-mini-late-2009\/"]}]},{"@type":"ImageObject","inLanguage":"cs","@id":"https:\/\/www.letemsvetemapplem.eu\/bazar\/mac-mini-late-2009\/#primaryimage","url":"https:\/\/www.letemsvetemapplem.eu\/bazar\/wp-content\/uploads\/2017\/11\/mini-01.jpg","contentUrl":"https:\/\/www.letemsvetemapplem.eu\/bazar\/wp-content\/uploads\/2017\/11\/mini-01.jpg","width":4032,"height":3024},{"@type":"BreadcrumbList","@id":"https:\/\/www.letemsvetemapplem.eu\/bazar\/mac-mini-late-2009\/#breadcrumb","itemListElement":[{"@type":"ListItem","position":1,"name":"Apple Bazar","item":"https:\/\/www.letemsvetemapplem.eu\/bazar\/"},{"@type":"ListItem","position":2,"name":"Mac mini late 2009"}]},{"@type":"WebSite","@id":"https:\/\/www.letemsvetemapplem.eu\/bazar\/#website","url":"https:\/\/www.letemsvetemapplem.eu\/bazar\/","name":"Apple bazar","description":"Oou\u017eit\u00e9 Apple produkty za skv\u011bl\u00e9 ceny","potentialAction":[{"@type":"SearchAction","target":{"@type":"EntryPoint","urlTemplate":"https:\/\/www.letemsvetemapplem.eu\/bazar\/?s={search_term_string}"},"query-input":{"@type":"PropertyValueSpecification","valueRequired":true,"valueName":"search_term_string"}}],"inLanguage":"cs"}]}},"_links":{"self":[{"href":"https:\/\/www.letemsvetemapplem.eu\/bazar\/wp-json\/wp\/v2\/posts\/56581","targetHints":{"allow":["GET"]}}],"collection":[{"href":"https:\/\/www.letemsvetemapplem.eu\/bazar\/wp-json\/wp\/v2\/posts"}],"about":[{"href":"https:\/\/www.letemsvetemapplem.eu\/bazar\/wp-json\/wp\/v2\/types\/post"}],"replies":[{"embeddable":true,"href":"https:\/\/www.letemsvetemapplem.eu\/bazar\/wp-json\/wp\/v2\/comments?post=56581"}],"version-history":[{"count":0,"href":"https:\/\/www.letemsvetemapplem.eu\/bazar\/wp-json\/wp\/v2\/posts\/56581\/revisions"}],"wp:featuredmedia":[{"embeddable":true,"href":"https:\/\/www.letemsvetemapplem.eu\/bazar\/wp-json\/wp\/v2\/media\/56582"}],"wp:attachment":[{"href":"https:\/\/www.letemsvetemapplem.eu\/bazar\/wp-json\/wp\/v2\/media?parent=56581"}],"wp:term":[{"taxonomy":"category","embeddable":true,"href":"https:\/\/www.letemsvetemapplem.eu\/bazar\/wp-json\/wp\/v2\/categories?post=56581"},{"taxonomy":"post_tag","embeddable":true,"href":"https:\/\/www.letemsvetemapplem.eu\/bazar\/wp-json\/wp\/v2\/tags?post=56581"}],"curies":[{"name":"wp","href":"https:\/\/api.w.org\/{rel}","templated":true}]}}