{"id":56244,"date":"2017-11-23T10:17:14","date_gmt":"2017-11-23T09:17:14","guid":{"rendered":"https:\/\/www.letemsvetemapplem.eu\/bazar\/?p=56244"},"modified":"2017-11-23T10:17:14","modified_gmt":"2017-11-23T09:17:14","slug":"apple-iphone-x-256gb-brno-faktura","status":"publish","type":"post","link":"https:\/\/www.letemsvetemapplem.eu\/bazar\/apple-iphone-x-256gb-brno-faktura\/","title":{"rendered":"Apple iPhone X 256GB &#8211; BRNO, faktura"},"content":{"rendered":"<p>Zdrav\u00edm v\u0161echny,<\/p>\n<p>Apple iPhone X 256GB Space Gray<br \/>\n\u010dern\u00fd<br \/>\nnerozbalen\u00e1 krabi\u010dka<br \/>\nofici\u00e1ln\u00ed \u010cR distrubuce (zn\u00e1m\u00fd velk\u00fd \u010desk\u00fd obchod)<br \/>\npln\u00e1 z\u00e1ruka<br \/>\nmo\u017enost koupit na firmu a ode\u010d\u00edst DPH<\/p>\n<p>31000 bez DPH<br \/>\n37500 s DPH<\/p>\n<p>k vyzvednut\u00ed v Brn\u011b<br \/>\nlze i zaslat &#8211; dob\u00edrka, ale pouze se z\u00e1lohou p\u0159edem<\/p>\n<p>nejlep\u0161\u00ed je osobn\u00ed p\u0159ed\u00e1n\u00ed + platba z Fio \u00fa\u010dtu<br \/>\ndal\u0161\u00ed fota dod\u00e1m na po\u017e\u00e1d\u00e1n\u00ed<\/p>\n","protected":false},"excerpt":{"rendered":"<p>Zdrav\u00edm v\u0161echny, Apple iPhone X 256GB Space Gray \u010dern\u00fd nerozbalen\u00e1 krabi\u010dka ofici\u00e1ln\u00ed \u010cR distrubuce (zn\u00e1m\u00fd velk\u00fd \u010desk\u00fd obchod) pln\u00e1 z\u00e1ruka mo\u017enost koupit na firmu a ode\u010d\u00edst DPH 31000 bez DPH 37500 s DPH k vyzvednut\u00ed v Brn\u011b lze i zaslat &#8211; dob\u00edrka, ale pouze se z\u00e1lohou p\u0159edem nejlep\u0161\u00ed je osobn\u00ed p\u0159ed\u00e1n\u00ed + platba z Fio&#8230;<\/p>\n","protected":false},"author":0,"featured_media":56245,"comment_status":"open","ping_status":"open","sticky":false,"template":"","format":"standard","meta":{"footnotes":""},"categories":[61],"tags":[73],"class_list":["post-56244","post","type-post","status-publish","format-standard","has-post-thumbnail","hentry","category-iphone-x","tag-iphone-x"],"yoast_head":"<!-- This site is optimized with the Yoast SEO plugin v27.5 - https:\/\/yoast.com\/product\/yoast-seo-wordpress\/ -->\n<title>Apple iPhone X 256GB - BRNO, faktura - Apple bazar<\/title>\n<meta name=\"robots\" content=\"index, follow, max-snippet:-1, max-image-preview:large, max-video-preview:-1\" \/>\n<link rel=\"canonical\" href=\"https:\/\/www.letemsvetemapplem.eu\/bazar\/apple-iphone-x-256gb-brno-faktura\/\" \/>\n<meta property=\"og:locale\" content=\"cs_CZ\" \/>\n<meta property=\"og:type\" content=\"article\" \/>\n<meta property=\"og:title\" content=\"Apple iPhone X 256GB - BRNO, faktura - Apple bazar\" \/>\n<meta property=\"og:description\" content=\"Zdrav\u00edm v\u0161echny, Apple iPhone X 256GB Space Gray \u010dern\u00fd nerozbalen\u00e1 krabi\u010dka ofici\u00e1ln\u00ed \u010cR distrubuce (zn\u00e1m\u00fd velk\u00fd \u010desk\u00fd obchod) pln\u00e1 z\u00e1ruka mo\u017enost koupit na firmu a ode\u010d\u00edst DPH 31000 bez DPH 37500 s DPH k vyzvednut\u00ed v Brn\u011b lze i zaslat &#8211; dob\u00edrka, ale pouze se z\u00e1lohou p\u0159edem nejlep\u0161\u00ed je osobn\u00ed p\u0159ed\u00e1n\u00ed + platba z Fio...\" \/>\n<meta property=\"og:url\" content=\"https:\/\/www.letemsvetemapplem.eu\/bazar\/apple-iphone-x-256gb-brno-faktura\/\" \/>\n<meta property=\"og:site_name\" content=\"Apple bazar\" \/>\n<meta property=\"article:published_time\" content=\"2017-11-23T09:17:14+00:00\" \/>\n<meta property=\"og:image\" content=\"https:\/\/www.letemsvetemapplem.eu\/bazar\/wp-content\/uploads\/2017\/11\/IMG_5005.jpg\" \/>\n\t<meta property=\"og:image:width\" content=\"4032\" \/>\n\t<meta property=\"og:image:height\" content=\"3024\" \/>\n\t<meta property=\"og:image:type\" content=\"image\/jpeg\" \/>\n<meta name=\"twitter:card\" content=\"summary_large_image\" \/>\n<script type=\"application\/ld+json\" class=\"yoast-schema-graph\">{\"@context\":\"https:\\\/\\\/schema.org\",\"@graph\":[{\"@type\":\"Article\",\"@id\":\"https:\\\/\\\/www.letemsvetemapplem.eu\\\/bazar\\\/apple-iphone-x-256gb-brno-faktura\\\/#article\",\"isPartOf\":{\"@id\":\"https:\\\/\\\/www.letemsvetemapplem.eu\\\/bazar\\\/apple-iphone-x-256gb-brno-faktura\\\/\"},\"author\":{\"name\":\"\",\"@id\":\"\"},\"headline\":\"Apple iPhone X 256GB &#8211; BRNO, faktura\",\"datePublished\":\"2017-11-23T09:17:14+00:00\",\"mainEntityOfPage\":{\"@id\":\"https:\\\/\\\/www.letemsvetemapplem.eu\\\/bazar\\\/apple-iphone-x-256gb-brno-faktura\\\/\"},\"wordCount\":81,\"commentCount\":0,\"image\":{\"@id\":\"https:\\\/\\\/www.letemsvetemapplem.eu\\\/bazar\\\/apple-iphone-x-256gb-brno-faktura\\\/#primaryimage\"},\"thumbnailUrl\":\"https:\\\/\\\/www.letemsvetemapplem.eu\\\/bazar\\\/wp-content\\\/uploads\\\/2017\\\/11\\\/IMG_5005.jpg\",\"keywords\":[\"iPhone X\"],\"articleSection\":[\"iPhone X\"],\"inLanguage\":\"cs\",\"potentialAction\":[{\"@type\":\"CommentAction\",\"name\":\"Comment\",\"target\":[\"https:\\\/\\\/www.letemsvetemapplem.eu\\\/bazar\\\/apple-iphone-x-256gb-brno-faktura\\\/#respond\"]}]},{\"@type\":\"WebPage\",\"@id\":\"https:\\\/\\\/www.letemsvetemapplem.eu\\\/bazar\\\/apple-iphone-x-256gb-brno-faktura\\\/\",\"url\":\"https:\\\/\\\/www.letemsvetemapplem.eu\\\/bazar\\\/apple-iphone-x-256gb-brno-faktura\\\/\",\"name\":\"Apple iPhone X 256GB - BRNO, faktura - Apple bazar\",\"isPartOf\":{\"@id\":\"https:\\\/\\\/www.letemsvetemapplem.eu\\\/bazar\\\/#website\"},\"primaryImageOfPage\":{\"@id\":\"https:\\\/\\\/www.letemsvetemapplem.eu\\\/bazar\\\/apple-iphone-x-256gb-brno-faktura\\\/#primaryimage\"},\"image\":{\"@id\":\"https:\\\/\\\/www.letemsvetemapplem.eu\\\/bazar\\\/apple-iphone-x-256gb-brno-faktura\\\/#primaryimage\"},\"thumbnailUrl\":\"https:\\\/\\\/www.letemsvetemapplem.eu\\\/bazar\\\/wp-content\\\/uploads\\\/2017\\\/11\\\/IMG_5005.jpg\",\"datePublished\":\"2017-11-23T09:17:14+00:00\",\"author\":{\"@id\":\"\"},\"breadcrumb\":{\"@id\":\"https:\\\/\\\/www.letemsvetemapplem.eu\\\/bazar\\\/apple-iphone-x-256gb-brno-faktura\\\/#breadcrumb\"},\"inLanguage\":\"cs\",\"potentialAction\":[{\"@type\":\"ReadAction\",\"target\":[\"https:\\\/\\\/www.letemsvetemapplem.eu\\\/bazar\\\/apple-iphone-x-256gb-brno-faktura\\\/\"]}]},{\"@type\":\"ImageObject\",\"inLanguage\":\"cs\",\"@id\":\"https:\\\/\\\/www.letemsvetemapplem.eu\\\/bazar\\\/apple-iphone-x-256gb-brno-faktura\\\/#primaryimage\",\"url\":\"https:\\\/\\\/www.letemsvetemapplem.eu\\\/bazar\\\/wp-content\\\/uploads\\\/2017\\\/11\\\/IMG_5005.jpg\",\"contentUrl\":\"https:\\\/\\\/www.letemsvetemapplem.eu\\\/bazar\\\/wp-content\\\/uploads\\\/2017\\\/11\\\/IMG_5005.jpg\",\"width\":4032,\"height\":3024},{\"@type\":\"BreadcrumbList\",\"@id\":\"https:\\\/\\\/www.letemsvetemapplem.eu\\\/bazar\\\/apple-iphone-x-256gb-brno-faktura\\\/#breadcrumb\",\"itemListElement\":[{\"@type\":\"ListItem\",\"position\":1,\"name\":\"Apple Bazar\",\"item\":\"https:\\\/\\\/www.letemsvetemapplem.eu\\\/bazar\\\/\"},{\"@type\":\"ListItem\",\"position\":2,\"name\":\"Apple iPhone X 256GB &#8211; BRNO, faktura\"}]},{\"@type\":\"WebSite\",\"@id\":\"https:\\\/\\\/www.letemsvetemapplem.eu\\\/bazar\\\/#website\",\"url\":\"https:\\\/\\\/www.letemsvetemapplem.eu\\\/bazar\\\/\",\"name\":\"Apple bazar\",\"description\":\"Oou\u017eit\u00e9 Apple produkty za skv\u011bl\u00e9 ceny\",\"potentialAction\":[{\"@type\":\"SearchAction\",\"target\":{\"@type\":\"EntryPoint\",\"urlTemplate\":\"https:\\\/\\\/www.letemsvetemapplem.eu\\\/bazar\\\/?s={search_term_string}\"},\"query-input\":{\"@type\":\"PropertyValueSpecification\",\"valueRequired\":true,\"valueName\":\"search_term_string\"}}],\"inLanguage\":\"cs\"}]}<\/script>\n<!-- \/ Yoast SEO plugin. -->","yoast_head_json":{"title":"Apple iPhone X 256GB - BRNO, faktura - Apple bazar","robots":{"index":"index","follow":"follow","max-snippet":"max-snippet:-1","max-image-preview":"max-image-preview:large","max-video-preview":"max-video-preview:-1"},"canonical":"https:\/\/www.letemsvetemapplem.eu\/bazar\/apple-iphone-x-256gb-brno-faktura\/","og_locale":"cs_CZ","og_type":"article","og_title":"Apple iPhone X 256GB - BRNO, faktura - Apple bazar","og_description":"Zdrav\u00edm v\u0161echny, Apple iPhone X 256GB Space Gray \u010dern\u00fd nerozbalen\u00e1 krabi\u010dka ofici\u00e1ln\u00ed \u010cR distrubuce (zn\u00e1m\u00fd velk\u00fd \u010desk\u00fd obchod) pln\u00e1 z\u00e1ruka mo\u017enost koupit na firmu a ode\u010d\u00edst DPH 31000 bez DPH 37500 s DPH k vyzvednut\u00ed v Brn\u011b lze i zaslat &#8211; dob\u00edrka, ale pouze se z\u00e1lohou p\u0159edem nejlep\u0161\u00ed je osobn\u00ed p\u0159ed\u00e1n\u00ed + platba z Fio...","og_url":"https:\/\/www.letemsvetemapplem.eu\/bazar\/apple-iphone-x-256gb-brno-faktura\/","og_site_name":"Apple bazar","article_published_time":"2017-11-23T09:17:14+00:00","og_image":[{"width":4032,"height":3024,"url":"https:\/\/www.letemsvetemapplem.eu\/bazar\/wp-content\/uploads\/2017\/11\/IMG_5005.jpg","type":"image\/jpeg"}],"twitter_card":"summary_large_image","schema":{"@context":"https:\/\/schema.org","@graph":[{"@type":"Article","@id":"https:\/\/www.letemsvetemapplem.eu\/bazar\/apple-iphone-x-256gb-brno-faktura\/#article","isPartOf":{"@id":"https:\/\/www.letemsvetemapplem.eu\/bazar\/apple-iphone-x-256gb-brno-faktura\/"},"author":{"name":"","@id":""},"headline":"Apple iPhone X 256GB &#8211; BRNO, faktura","datePublished":"2017-11-23T09:17:14+00:00","mainEntityOfPage":{"@id":"https:\/\/www.letemsvetemapplem.eu\/bazar\/apple-iphone-x-256gb-brno-faktura\/"},"wordCount":81,"commentCount":0,"image":{"@id":"https:\/\/www.letemsvetemapplem.eu\/bazar\/apple-iphone-x-256gb-brno-faktura\/#primaryimage"},"thumbnailUrl":"https:\/\/www.letemsvetemapplem.eu\/bazar\/wp-content\/uploads\/2017\/11\/IMG_5005.jpg","keywords":["iPhone X"],"articleSection":["iPhone X"],"inLanguage":"cs","potentialAction":[{"@type":"CommentAction","name":"Comment","target":["https:\/\/www.letemsvetemapplem.eu\/bazar\/apple-iphone-x-256gb-brno-faktura\/#respond"]}]},{"@type":"WebPage","@id":"https:\/\/www.letemsvetemapplem.eu\/bazar\/apple-iphone-x-256gb-brno-faktura\/","url":"https:\/\/www.letemsvetemapplem.eu\/bazar\/apple-iphone-x-256gb-brno-faktura\/","name":"Apple iPhone X 256GB - BRNO, faktura - Apple bazar","isPartOf":{"@id":"https:\/\/www.letemsvetemapplem.eu\/bazar\/#website"},"primaryImageOfPage":{"@id":"https:\/\/www.letemsvetemapplem.eu\/bazar\/apple-iphone-x-256gb-brno-faktura\/#primaryimage"},"image":{"@id":"https:\/\/www.letemsvetemapplem.eu\/bazar\/apple-iphone-x-256gb-brno-faktura\/#primaryimage"},"thumbnailUrl":"https:\/\/www.letemsvetemapplem.eu\/bazar\/wp-content\/uploads\/2017\/11\/IMG_5005.jpg","datePublished":"2017-11-23T09:17:14+00:00","author":{"@id":""},"breadcrumb":{"@id":"https:\/\/www.letemsvetemapplem.eu\/bazar\/apple-iphone-x-256gb-brno-faktura\/#breadcrumb"},"inLanguage":"cs","potentialAction":[{"@type":"ReadAction","target":["https:\/\/www.letemsvetemapplem.eu\/bazar\/apple-iphone-x-256gb-brno-faktura\/"]}]},{"@type":"ImageObject","inLanguage":"cs","@id":"https:\/\/www.letemsvetemapplem.eu\/bazar\/apple-iphone-x-256gb-brno-faktura\/#primaryimage","url":"https:\/\/www.letemsvetemapplem.eu\/bazar\/wp-content\/uploads\/2017\/11\/IMG_5005.jpg","contentUrl":"https:\/\/www.letemsvetemapplem.eu\/bazar\/wp-content\/uploads\/2017\/11\/IMG_5005.jpg","width":4032,"height":3024},{"@type":"BreadcrumbList","@id":"https:\/\/www.letemsvetemapplem.eu\/bazar\/apple-iphone-x-256gb-brno-faktura\/#breadcrumb","itemListElement":[{"@type":"ListItem","position":1,"name":"Apple Bazar","item":"https:\/\/www.letemsvetemapplem.eu\/bazar\/"},{"@type":"ListItem","position":2,"name":"Apple iPhone X 256GB &#8211; BRNO, faktura"}]},{"@type":"WebSite","@id":"https:\/\/www.letemsvetemapplem.eu\/bazar\/#website","url":"https:\/\/www.letemsvetemapplem.eu\/bazar\/","name":"Apple bazar","description":"Oou\u017eit\u00e9 Apple produkty za skv\u011bl\u00e9 ceny","potentialAction":[{"@type":"SearchAction","target":{"@type":"EntryPoint","urlTemplate":"https:\/\/www.letemsvetemapplem.eu\/bazar\/?s={search_term_string}"},"query-input":{"@type":"PropertyValueSpecification","valueRequired":true,"valueName":"search_term_string"}}],"inLanguage":"cs"}]}},"_links":{"self":[{"href":"https:\/\/www.letemsvetemapplem.eu\/bazar\/wp-json\/wp\/v2\/posts\/56244","targetHints":{"allow":["GET"]}}],"collection":[{"href":"https:\/\/www.letemsvetemapplem.eu\/bazar\/wp-json\/wp\/v2\/posts"}],"about":[{"href":"https:\/\/www.letemsvetemapplem.eu\/bazar\/wp-json\/wp\/v2\/types\/post"}],"replies":[{"embeddable":true,"href":"https:\/\/www.letemsvetemapplem.eu\/bazar\/wp-json\/wp\/v2\/comments?post=56244"}],"version-history":[{"count":0,"href":"https:\/\/www.letemsvetemapplem.eu\/bazar\/wp-json\/wp\/v2\/posts\/56244\/revisions"}],"wp:featuredmedia":[{"embeddable":true,"href":"https:\/\/www.letemsvetemapplem.eu\/bazar\/wp-json\/wp\/v2\/media\/56245"}],"wp:attachment":[{"href":"https:\/\/www.letemsvetemapplem.eu\/bazar\/wp-json\/wp\/v2\/media?parent=56244"}],"wp:term":[{"taxonomy":"category","embeddable":true,"href":"https:\/\/www.letemsvetemapplem.eu\/bazar\/wp-json\/wp\/v2\/categories?post=56244"},{"taxonomy":"post_tag","embeddable":true,"href":"https:\/\/www.letemsvetemapplem.eu\/bazar\/wp-json\/wp\/v2\/tags?post=56244"}],"curies":[{"name":"wp","href":"https:\/\/api.w.org\/{rel}","templated":true}]}}