{"id":55516,"date":"2017-11-20T15:31:32","date_gmt":"2017-11-20T14:31:32","guid":{"rendered":"https:\/\/www.letemsvetemapplem.eu\/bazar\/?p=55516"},"modified":"2017-11-20T15:31:32","modified_gmt":"2017-11-20T14:31:32","slug":"mac-mini-mid2011-ssd","status":"publish","type":"post","link":"https:\/\/www.letemsvetemapplem.eu\/bazar\/mac-mini-mid2011-ssd\/","title":{"rendered":"Mac mini mid2011 (SSD)"},"content":{"rendered":"<p>Mac Mini, slou\u017eil dob\u0159e, ale u\u017e mus\u00ed do sv\u011bta. Chci n\u011bco p\u0159enosn\u00fdho. <\/p>\n<p>V modelu je SSD disk Crucial, kter\u00fd z toho d\u011bl\u00e1 fakt svi\u017en\u00fd za\u0159\u00edzen\u00ed. Po zad\u00e1n\u00ed n\u011bjak\u00fdho k\u00f3du do p\u0159\u00edkazov\u00fd \u0159\u00e1dky jde pr\u00fd z toho vytvo\u0159it Fusion drive. J\u00e1 to neud\u011blal a je to ok &#8211; ve\u0161ker\u00fd programy jsem m\u011bl nahran\u00fd na SSD, videa pro st\u0159ih, k \u010demu\u017e hlavn\u011b slou\u017eil, na druh\u00fdm disku a \u0161lapalo to skv\u011ble.<\/p>\n<p>Dokoupil jsem taky 8 Gb RAM, jde to pr\u00fd roz\u0161\u00ed\u0159it a\u017e na 16, p\u00ed\u0161ou na internetech.<\/p>\n<p>V cen\u011b je i bezdr\u00e1tov\u00e1 kl\u00e1vesnice Apple. <\/p>\n","protected":false},"excerpt":{"rendered":"<p>Mac Mini, slou\u017eil dob\u0159e, ale u\u017e mus\u00ed do sv\u011bta. Chci n\u011bco p\u0159enosn\u00fdho. V modelu je SSD disk Crucial, kter\u00fd z toho d\u011bl\u00e1 fakt svi\u017en\u00fd za\u0159\u00edzen\u00ed. Po zad\u00e1n\u00ed n\u011bjak\u00fdho k\u00f3du do p\u0159\u00edkazov\u00fd \u0159\u00e1dky jde pr\u00fd z toho vytvo\u0159it Fusion drive. J\u00e1 to neud\u011blal a je to ok &#8211; ve\u0161ker\u00fd programy jsem m\u011bl nahran\u00fd na SSD, videa&#8230;<\/p>\n","protected":false},"author":0,"featured_media":55517,"comment_status":"open","ping_status":"open","sticky":false,"template":"","format":"standard","meta":{"footnotes":""},"categories":[44],"tags":[78],"class_list":["post-55516","post","type-post","status-publish","format-standard","has-post-thumbnail","hentry","category-mac-mini","tag-mac-mini"],"yoast_head":"<!-- This site is optimized with the Yoast SEO plugin v27.2 - https:\/\/yoast.com\/product\/yoast-seo-wordpress\/ -->\n<title>Mac mini mid2011 (SSD) - Apple bazar<\/title>\n<meta name=\"robots\" content=\"index, follow, max-snippet:-1, max-image-preview:large, max-video-preview:-1\" \/>\n<link rel=\"canonical\" href=\"https:\/\/www.letemsvetemapplem.eu\/bazar\/mac-mini-mid2011-ssd\/\" \/>\n<meta property=\"og:locale\" content=\"cs_CZ\" \/>\n<meta property=\"og:type\" content=\"article\" \/>\n<meta property=\"og:title\" content=\"Mac mini mid2011 (SSD) - Apple bazar\" \/>\n<meta property=\"og:description\" content=\"Mac Mini, slou\u017eil dob\u0159e, ale u\u017e mus\u00ed do sv\u011bta. Chci n\u011bco p\u0159enosn\u00fdho. V modelu je SSD disk Crucial, kter\u00fd z toho d\u011bl\u00e1 fakt svi\u017en\u00fd za\u0159\u00edzen\u00ed. Po zad\u00e1n\u00ed n\u011bjak\u00fdho k\u00f3du do p\u0159\u00edkazov\u00fd \u0159\u00e1dky jde pr\u00fd z toho vytvo\u0159it Fusion drive. J\u00e1 to neud\u011blal a je to ok &#8211; ve\u0161ker\u00fd programy jsem m\u011bl nahran\u00fd na SSD, videa...\" \/>\n<meta property=\"og:url\" content=\"https:\/\/www.letemsvetemapplem.eu\/bazar\/mac-mini-mid2011-ssd\/\" \/>\n<meta property=\"og:site_name\" content=\"Apple bazar\" \/>\n<meta property=\"article:published_time\" content=\"2017-11-20T14:31:32+00:00\" \/>\n<meta property=\"og:image\" content=\"https:\/\/www.letemsvetemapplem.eu\/bazar\/wp-content\/uploads\/2017\/11\/mac_mini.jpg\" \/>\n\t<meta property=\"og:image:width\" content=\"3264\" \/>\n\t<meta property=\"og:image:height\" content=\"2092\" \/>\n\t<meta property=\"og:image:type\" content=\"image\/jpeg\" \/>\n<meta name=\"twitter:card\" content=\"summary_large_image\" \/>\n<script type=\"application\/ld+json\" class=\"yoast-schema-graph\">{\"@context\":\"https:\/\/schema.org\",\"@graph\":[{\"@type\":\"Article\",\"@id\":\"https:\/\/www.letemsvetemapplem.eu\/bazar\/mac-mini-mid2011-ssd\/#article\",\"isPartOf\":{\"@id\":\"https:\/\/www.letemsvetemapplem.eu\/bazar\/mac-mini-mid2011-ssd\/\"},\"author\":{\"name\":\"\",\"@id\":\"\"},\"headline\":\"Mac mini mid2011 (SSD)\",\"datePublished\":\"2017-11-20T14:31:32+00:00\",\"mainEntityOfPage\":{\"@id\":\"https:\/\/www.letemsvetemapplem.eu\/bazar\/mac-mini-mid2011-ssd\/\"},\"wordCount\":119,\"commentCount\":0,\"image\":{\"@id\":\"https:\/\/www.letemsvetemapplem.eu\/bazar\/mac-mini-mid2011-ssd\/#primaryimage\"},\"thumbnailUrl\":\"https:\/\/www.letemsvetemapplem.eu\/bazar\/wp-content\/uploads\/2017\/11\/mac_mini.jpg\",\"keywords\":[\"Mac mini\"],\"articleSection\":[\"Mac mini\"],\"inLanguage\":\"cs\",\"potentialAction\":[{\"@type\":\"CommentAction\",\"name\":\"Comment\",\"target\":[\"https:\/\/www.letemsvetemapplem.eu\/bazar\/mac-mini-mid2011-ssd\/#respond\"]}]},{\"@type\":\"WebPage\",\"@id\":\"https:\/\/www.letemsvetemapplem.eu\/bazar\/mac-mini-mid2011-ssd\/\",\"url\":\"https:\/\/www.letemsvetemapplem.eu\/bazar\/mac-mini-mid2011-ssd\/\",\"name\":\"Mac mini mid2011 (SSD) - Apple bazar\",\"isPartOf\":{\"@id\":\"https:\/\/www.letemsvetemapplem.eu\/bazar\/#website\"},\"primaryImageOfPage\":{\"@id\":\"https:\/\/www.letemsvetemapplem.eu\/bazar\/mac-mini-mid2011-ssd\/#primaryimage\"},\"image\":{\"@id\":\"https:\/\/www.letemsvetemapplem.eu\/bazar\/mac-mini-mid2011-ssd\/#primaryimage\"},\"thumbnailUrl\":\"https:\/\/www.letemsvetemapplem.eu\/bazar\/wp-content\/uploads\/2017\/11\/mac_mini.jpg\",\"datePublished\":\"2017-11-20T14:31:32+00:00\",\"author\":{\"@id\":\"\"},\"breadcrumb\":{\"@id\":\"https:\/\/www.letemsvetemapplem.eu\/bazar\/mac-mini-mid2011-ssd\/#breadcrumb\"},\"inLanguage\":\"cs\",\"potentialAction\":[{\"@type\":\"ReadAction\",\"target\":[\"https:\/\/www.letemsvetemapplem.eu\/bazar\/mac-mini-mid2011-ssd\/\"]}]},{\"@type\":\"ImageObject\",\"inLanguage\":\"cs\",\"@id\":\"https:\/\/www.letemsvetemapplem.eu\/bazar\/mac-mini-mid2011-ssd\/#primaryimage\",\"url\":\"https:\/\/www.letemsvetemapplem.eu\/bazar\/wp-content\/uploads\/2017\/11\/mac_mini.jpg\",\"contentUrl\":\"https:\/\/www.letemsvetemapplem.eu\/bazar\/wp-content\/uploads\/2017\/11\/mac_mini.jpg\",\"width\":3264,\"height\":2092},{\"@type\":\"BreadcrumbList\",\"@id\":\"https:\/\/www.letemsvetemapplem.eu\/bazar\/mac-mini-mid2011-ssd\/#breadcrumb\",\"itemListElement\":[{\"@type\":\"ListItem\",\"position\":1,\"name\":\"Apple Bazar\",\"item\":\"https:\/\/www.letemsvetemapplem.eu\/bazar\/\"},{\"@type\":\"ListItem\",\"position\":2,\"name\":\"Mac mini mid2011 (SSD)\"}]},{\"@type\":\"WebSite\",\"@id\":\"https:\/\/www.letemsvetemapplem.eu\/bazar\/#website\",\"url\":\"https:\/\/www.letemsvetemapplem.eu\/bazar\/\",\"name\":\"Apple bazar\",\"description\":\"Oou\u017eit\u00e9 Apple produkty za skv\u011bl\u00e9 ceny\",\"potentialAction\":[{\"@type\":\"SearchAction\",\"target\":{\"@type\":\"EntryPoint\",\"urlTemplate\":\"https:\/\/www.letemsvetemapplem.eu\/bazar\/?s={search_term_string}\"},\"query-input\":{\"@type\":\"PropertyValueSpecification\",\"valueRequired\":true,\"valueName\":\"search_term_string\"}}],\"inLanguage\":\"cs\"}]}<\/script>\n<!-- \/ Yoast SEO plugin. -->","yoast_head_json":{"title":"Mac mini mid2011 (SSD) - Apple bazar","robots":{"index":"index","follow":"follow","max-snippet":"max-snippet:-1","max-image-preview":"max-image-preview:large","max-video-preview":"max-video-preview:-1"},"canonical":"https:\/\/www.letemsvetemapplem.eu\/bazar\/mac-mini-mid2011-ssd\/","og_locale":"cs_CZ","og_type":"article","og_title":"Mac mini mid2011 (SSD) - Apple bazar","og_description":"Mac Mini, slou\u017eil dob\u0159e, ale u\u017e mus\u00ed do sv\u011bta. Chci n\u011bco p\u0159enosn\u00fdho. V modelu je SSD disk Crucial, kter\u00fd z toho d\u011bl\u00e1 fakt svi\u017en\u00fd za\u0159\u00edzen\u00ed. Po zad\u00e1n\u00ed n\u011bjak\u00fdho k\u00f3du do p\u0159\u00edkazov\u00fd \u0159\u00e1dky jde pr\u00fd z toho vytvo\u0159it Fusion drive. J\u00e1 to neud\u011blal a je to ok &#8211; ve\u0161ker\u00fd programy jsem m\u011bl nahran\u00fd na SSD, videa...","og_url":"https:\/\/www.letemsvetemapplem.eu\/bazar\/mac-mini-mid2011-ssd\/","og_site_name":"Apple bazar","article_published_time":"2017-11-20T14:31:32+00:00","og_image":[{"width":3264,"height":2092,"url":"https:\/\/www.letemsvetemapplem.eu\/bazar\/wp-content\/uploads\/2017\/11\/mac_mini.jpg","type":"image\/jpeg"}],"twitter_card":"summary_large_image","schema":{"@context":"https:\/\/schema.org","@graph":[{"@type":"Article","@id":"https:\/\/www.letemsvetemapplem.eu\/bazar\/mac-mini-mid2011-ssd\/#article","isPartOf":{"@id":"https:\/\/www.letemsvetemapplem.eu\/bazar\/mac-mini-mid2011-ssd\/"},"author":{"name":"","@id":""},"headline":"Mac mini mid2011 (SSD)","datePublished":"2017-11-20T14:31:32+00:00","mainEntityOfPage":{"@id":"https:\/\/www.letemsvetemapplem.eu\/bazar\/mac-mini-mid2011-ssd\/"},"wordCount":119,"commentCount":0,"image":{"@id":"https:\/\/www.letemsvetemapplem.eu\/bazar\/mac-mini-mid2011-ssd\/#primaryimage"},"thumbnailUrl":"https:\/\/www.letemsvetemapplem.eu\/bazar\/wp-content\/uploads\/2017\/11\/mac_mini.jpg","keywords":["Mac mini"],"articleSection":["Mac mini"],"inLanguage":"cs","potentialAction":[{"@type":"CommentAction","name":"Comment","target":["https:\/\/www.letemsvetemapplem.eu\/bazar\/mac-mini-mid2011-ssd\/#respond"]}]},{"@type":"WebPage","@id":"https:\/\/www.letemsvetemapplem.eu\/bazar\/mac-mini-mid2011-ssd\/","url":"https:\/\/www.letemsvetemapplem.eu\/bazar\/mac-mini-mid2011-ssd\/","name":"Mac mini mid2011 (SSD) - Apple bazar","isPartOf":{"@id":"https:\/\/www.letemsvetemapplem.eu\/bazar\/#website"},"primaryImageOfPage":{"@id":"https:\/\/www.letemsvetemapplem.eu\/bazar\/mac-mini-mid2011-ssd\/#primaryimage"},"image":{"@id":"https:\/\/www.letemsvetemapplem.eu\/bazar\/mac-mini-mid2011-ssd\/#primaryimage"},"thumbnailUrl":"https:\/\/www.letemsvetemapplem.eu\/bazar\/wp-content\/uploads\/2017\/11\/mac_mini.jpg","datePublished":"2017-11-20T14:31:32+00:00","author":{"@id":""},"breadcrumb":{"@id":"https:\/\/www.letemsvetemapplem.eu\/bazar\/mac-mini-mid2011-ssd\/#breadcrumb"},"inLanguage":"cs","potentialAction":[{"@type":"ReadAction","target":["https:\/\/www.letemsvetemapplem.eu\/bazar\/mac-mini-mid2011-ssd\/"]}]},{"@type":"ImageObject","inLanguage":"cs","@id":"https:\/\/www.letemsvetemapplem.eu\/bazar\/mac-mini-mid2011-ssd\/#primaryimage","url":"https:\/\/www.letemsvetemapplem.eu\/bazar\/wp-content\/uploads\/2017\/11\/mac_mini.jpg","contentUrl":"https:\/\/www.letemsvetemapplem.eu\/bazar\/wp-content\/uploads\/2017\/11\/mac_mini.jpg","width":3264,"height":2092},{"@type":"BreadcrumbList","@id":"https:\/\/www.letemsvetemapplem.eu\/bazar\/mac-mini-mid2011-ssd\/#breadcrumb","itemListElement":[{"@type":"ListItem","position":1,"name":"Apple Bazar","item":"https:\/\/www.letemsvetemapplem.eu\/bazar\/"},{"@type":"ListItem","position":2,"name":"Mac mini mid2011 (SSD)"}]},{"@type":"WebSite","@id":"https:\/\/www.letemsvetemapplem.eu\/bazar\/#website","url":"https:\/\/www.letemsvetemapplem.eu\/bazar\/","name":"Apple bazar","description":"Oou\u017eit\u00e9 Apple produkty za skv\u011bl\u00e9 ceny","potentialAction":[{"@type":"SearchAction","target":{"@type":"EntryPoint","urlTemplate":"https:\/\/www.letemsvetemapplem.eu\/bazar\/?s={search_term_string}"},"query-input":{"@type":"PropertyValueSpecification","valueRequired":true,"valueName":"search_term_string"}}],"inLanguage":"cs"}]}},"_links":{"self":[{"href":"https:\/\/www.letemsvetemapplem.eu\/bazar\/wp-json\/wp\/v2\/posts\/55516","targetHints":{"allow":["GET"]}}],"collection":[{"href":"https:\/\/www.letemsvetemapplem.eu\/bazar\/wp-json\/wp\/v2\/posts"}],"about":[{"href":"https:\/\/www.letemsvetemapplem.eu\/bazar\/wp-json\/wp\/v2\/types\/post"}],"replies":[{"embeddable":true,"href":"https:\/\/www.letemsvetemapplem.eu\/bazar\/wp-json\/wp\/v2\/comments?post=55516"}],"version-history":[{"count":0,"href":"https:\/\/www.letemsvetemapplem.eu\/bazar\/wp-json\/wp\/v2\/posts\/55516\/revisions"}],"wp:featuredmedia":[{"embeddable":true,"href":"https:\/\/www.letemsvetemapplem.eu\/bazar\/wp-json\/wp\/v2\/media\/55517"}],"wp:attachment":[{"href":"https:\/\/www.letemsvetemapplem.eu\/bazar\/wp-json\/wp\/v2\/media?parent=55516"}],"wp:term":[{"taxonomy":"category","embeddable":true,"href":"https:\/\/www.letemsvetemapplem.eu\/bazar\/wp-json\/wp\/v2\/categories?post=55516"},{"taxonomy":"post_tag","embeddable":true,"href":"https:\/\/www.letemsvetemapplem.eu\/bazar\/wp-json\/wp\/v2\/tags?post=55516"}],"curies":[{"name":"wp","href":"https:\/\/api.w.org\/{rel}","templated":true}]}}