{"id":53053,"date":"2017-11-07T08:52:42","date_gmt":"2017-11-07T07:52:42","guid":{"rendered":"https:\/\/www.letemsvetemapplem.eu\/bazar\/?p=53053"},"modified":"2017-11-07T08:52:42","modified_gmt":"2017-11-07T07:52:42","slug":"iphone-x-256gb-silver-2","status":"publish","type":"post","link":"https:\/\/www.letemsvetemapplem.eu\/bazar\/iphone-x-256gb-silver-2\/","title":{"rendered":"iPhone X 256GB Silver"},"content":{"rendered":"<p>Koup\u00edm iPhone X 256 GB ve st\u0159\u00edbrn\u00e9 variant\u011b.<br \/>\nNov\u00fd, nerozbalen\u00fd, cenu nab\u00eddn\u011bte &#8211; nejl\u00e9pe osobn\u00ed p\u0159ed\u00e1n\u00ed (Ostrava-Zl\u00edn-Olomouc).<br \/>\nCh\u00e1pu, \u017ee je to te\u010f nedostatkov\u00e9 zbo\u017e\u00ed, tak\u017ee rozum\u00edm nav\u00fd\u0161en\u00e9 cen\u011b, ale pokud za n\u011bj chcete 50 a v\u00edce tis\u00edc, tak to se pros\u00edm neoz\u00fdvejte.. \ud83d\ude42<\/p>\n","protected":false},"excerpt":{"rendered":"<p>Koup\u00edm iPhone X 256 GB ve st\u0159\u00edbrn\u00e9 variant\u011b. Nov\u00fd, nerozbalen\u00fd, cenu nab\u00eddn\u011bte &#8211; nejl\u00e9pe osobn\u00ed p\u0159ed\u00e1n\u00ed (Ostrava-Zl\u00edn-Olomouc). Ch\u00e1pu, \u017ee je to te\u010f nedostatkov\u00e9 zbo\u017e\u00ed, tak\u017ee rozum\u00edm nav\u00fd\u0161en\u00e9 cen\u011b, ale pokud za n\u011bj chcete 50 a v\u00edce tis\u00edc, tak to se pros\u00edm neoz\u00fdvejte.. \ud83d\ude42<\/p>\n","protected":false},"author":0,"featured_media":53054,"comment_status":"open","ping_status":"open","sticky":false,"template":"","format":"standard","meta":{"footnotes":""},"categories":[61],"tags":[73],"class_list":["post-53053","post","type-post","status-publish","format-standard","has-post-thumbnail","hentry","category-iphone-x","tag-iphone-x"],"yoast_head":"<!-- This site is optimized with the Yoast SEO plugin v27.5 - https:\/\/yoast.com\/product\/yoast-seo-wordpress\/ -->\n<title>iPhone X 256GB Silver - Apple bazar<\/title>\n<meta name=\"robots\" content=\"index, follow, max-snippet:-1, max-image-preview:large, max-video-preview:-1\" \/>\n<link rel=\"canonical\" href=\"https:\/\/www.letemsvetemapplem.eu\/bazar\/iphone-x-256gb-silver-2\/\" \/>\n<meta property=\"og:locale\" content=\"cs_CZ\" \/>\n<meta property=\"og:type\" content=\"article\" \/>\n<meta property=\"og:title\" content=\"iPhone X 256GB Silver - Apple bazar\" \/>\n<meta property=\"og:description\" content=\"Koup\u00edm iPhone X 256 GB ve st\u0159\u00edbrn\u00e9 variant\u011b. Nov\u00fd, nerozbalen\u00fd, cenu nab\u00eddn\u011bte &#8211; nejl\u00e9pe osobn\u00ed p\u0159ed\u00e1n\u00ed (Ostrava-Zl\u00edn-Olomouc). Ch\u00e1pu, \u017ee je to te\u010f nedostatkov\u00e9 zbo\u017e\u00ed, tak\u017ee rozum\u00edm nav\u00fd\u0161en\u00e9 cen\u011b, ale pokud za n\u011bj chcete 50 a v\u00edce tis\u00edc, tak to se pros\u00edm neoz\u00fdvejte.. \ud83d\ude42\" \/>\n<meta property=\"og:url\" content=\"https:\/\/www.letemsvetemapplem.eu\/bazar\/iphone-x-256gb-silver-2\/\" \/>\n<meta property=\"og:site_name\" content=\"Apple bazar\" \/>\n<meta property=\"article:published_time\" content=\"2017-11-07T07:52:42+00:00\" \/>\n<meta property=\"og:image\" content=\"https:\/\/www.letemsvetemapplem.eu\/bazar\/wp-content\/uploads\/2017\/11\/913201720152AM_635_iphone_x.jpeg\" \/>\n\t<meta property=\"og:image:width\" content=\"635\" \/>\n\t<meta property=\"og:image:height\" content=\"476\" \/>\n\t<meta property=\"og:image:type\" content=\"image\/jpeg\" \/>\n<meta name=\"twitter:card\" content=\"summary_large_image\" \/>\n<script type=\"application\/ld+json\" class=\"yoast-schema-graph\">{\"@context\":\"https:\\\/\\\/schema.org\",\"@graph\":[{\"@type\":\"Article\",\"@id\":\"https:\\\/\\\/www.letemsvetemapplem.eu\\\/bazar\\\/iphone-x-256gb-silver-2\\\/#article\",\"isPartOf\":{\"@id\":\"https:\\\/\\\/www.letemsvetemapplem.eu\\\/bazar\\\/iphone-x-256gb-silver-2\\\/\"},\"author\":{\"name\":\"\",\"@id\":\"\"},\"headline\":\"iPhone X 256GB Silver\",\"datePublished\":\"2017-11-07T07:52:42+00:00\",\"mainEntityOfPage\":{\"@id\":\"https:\\\/\\\/www.letemsvetemapplem.eu\\\/bazar\\\/iphone-x-256gb-silver-2\\\/\"},\"wordCount\":61,\"commentCount\":0,\"image\":{\"@id\":\"https:\\\/\\\/www.letemsvetemapplem.eu\\\/bazar\\\/iphone-x-256gb-silver-2\\\/#primaryimage\"},\"thumbnailUrl\":\"https:\\\/\\\/www.letemsvetemapplem.eu\\\/bazar\\\/wp-content\\\/uploads\\\/2017\\\/11\\\/913201720152AM_635_iphone_x.jpeg\",\"keywords\":[\"iPhone X\"],\"articleSection\":[\"iPhone X\"],\"inLanguage\":\"cs\",\"potentialAction\":[{\"@type\":\"CommentAction\",\"name\":\"Comment\",\"target\":[\"https:\\\/\\\/www.letemsvetemapplem.eu\\\/bazar\\\/iphone-x-256gb-silver-2\\\/#respond\"]}]},{\"@type\":\"WebPage\",\"@id\":\"https:\\\/\\\/www.letemsvetemapplem.eu\\\/bazar\\\/iphone-x-256gb-silver-2\\\/\",\"url\":\"https:\\\/\\\/www.letemsvetemapplem.eu\\\/bazar\\\/iphone-x-256gb-silver-2\\\/\",\"name\":\"iPhone X 256GB Silver - Apple bazar\",\"isPartOf\":{\"@id\":\"https:\\\/\\\/www.letemsvetemapplem.eu\\\/bazar\\\/#website\"},\"primaryImageOfPage\":{\"@id\":\"https:\\\/\\\/www.letemsvetemapplem.eu\\\/bazar\\\/iphone-x-256gb-silver-2\\\/#primaryimage\"},\"image\":{\"@id\":\"https:\\\/\\\/www.letemsvetemapplem.eu\\\/bazar\\\/iphone-x-256gb-silver-2\\\/#primaryimage\"},\"thumbnailUrl\":\"https:\\\/\\\/www.letemsvetemapplem.eu\\\/bazar\\\/wp-content\\\/uploads\\\/2017\\\/11\\\/913201720152AM_635_iphone_x.jpeg\",\"datePublished\":\"2017-11-07T07:52:42+00:00\",\"author\":{\"@id\":\"\"},\"breadcrumb\":{\"@id\":\"https:\\\/\\\/www.letemsvetemapplem.eu\\\/bazar\\\/iphone-x-256gb-silver-2\\\/#breadcrumb\"},\"inLanguage\":\"cs\",\"potentialAction\":[{\"@type\":\"ReadAction\",\"target\":[\"https:\\\/\\\/www.letemsvetemapplem.eu\\\/bazar\\\/iphone-x-256gb-silver-2\\\/\"]}]},{\"@type\":\"ImageObject\",\"inLanguage\":\"cs\",\"@id\":\"https:\\\/\\\/www.letemsvetemapplem.eu\\\/bazar\\\/iphone-x-256gb-silver-2\\\/#primaryimage\",\"url\":\"https:\\\/\\\/www.letemsvetemapplem.eu\\\/bazar\\\/wp-content\\\/uploads\\\/2017\\\/11\\\/913201720152AM_635_iphone_x.jpeg\",\"contentUrl\":\"https:\\\/\\\/www.letemsvetemapplem.eu\\\/bazar\\\/wp-content\\\/uploads\\\/2017\\\/11\\\/913201720152AM_635_iphone_x.jpeg\",\"width\":635,\"height\":476},{\"@type\":\"BreadcrumbList\",\"@id\":\"https:\\\/\\\/www.letemsvetemapplem.eu\\\/bazar\\\/iphone-x-256gb-silver-2\\\/#breadcrumb\",\"itemListElement\":[{\"@type\":\"ListItem\",\"position\":1,\"name\":\"Apple Bazar\",\"item\":\"https:\\\/\\\/www.letemsvetemapplem.eu\\\/bazar\\\/\"},{\"@type\":\"ListItem\",\"position\":2,\"name\":\"iPhone X 256GB Silver\"}]},{\"@type\":\"WebSite\",\"@id\":\"https:\\\/\\\/www.letemsvetemapplem.eu\\\/bazar\\\/#website\",\"url\":\"https:\\\/\\\/www.letemsvetemapplem.eu\\\/bazar\\\/\",\"name\":\"Apple bazar\",\"description\":\"Oou\u017eit\u00e9 Apple produkty za skv\u011bl\u00e9 ceny\",\"potentialAction\":[{\"@type\":\"SearchAction\",\"target\":{\"@type\":\"EntryPoint\",\"urlTemplate\":\"https:\\\/\\\/www.letemsvetemapplem.eu\\\/bazar\\\/?s={search_term_string}\"},\"query-input\":{\"@type\":\"PropertyValueSpecification\",\"valueRequired\":true,\"valueName\":\"search_term_string\"}}],\"inLanguage\":\"cs\"}]}<\/script>\n<!-- \/ Yoast SEO plugin. -->","yoast_head_json":{"title":"iPhone X 256GB Silver - Apple bazar","robots":{"index":"index","follow":"follow","max-snippet":"max-snippet:-1","max-image-preview":"max-image-preview:large","max-video-preview":"max-video-preview:-1"},"canonical":"https:\/\/www.letemsvetemapplem.eu\/bazar\/iphone-x-256gb-silver-2\/","og_locale":"cs_CZ","og_type":"article","og_title":"iPhone X 256GB Silver - Apple bazar","og_description":"Koup\u00edm iPhone X 256 GB ve st\u0159\u00edbrn\u00e9 variant\u011b. Nov\u00fd, nerozbalen\u00fd, cenu nab\u00eddn\u011bte &#8211; nejl\u00e9pe osobn\u00ed p\u0159ed\u00e1n\u00ed (Ostrava-Zl\u00edn-Olomouc). Ch\u00e1pu, \u017ee je to te\u010f nedostatkov\u00e9 zbo\u017e\u00ed, tak\u017ee rozum\u00edm nav\u00fd\u0161en\u00e9 cen\u011b, ale pokud za n\u011bj chcete 50 a v\u00edce tis\u00edc, tak to se pros\u00edm neoz\u00fdvejte.. \ud83d\ude42","og_url":"https:\/\/www.letemsvetemapplem.eu\/bazar\/iphone-x-256gb-silver-2\/","og_site_name":"Apple bazar","article_published_time":"2017-11-07T07:52:42+00:00","og_image":[{"width":635,"height":476,"url":"https:\/\/www.letemsvetemapplem.eu\/bazar\/wp-content\/uploads\/2017\/11\/913201720152AM_635_iphone_x.jpeg","type":"image\/jpeg"}],"twitter_card":"summary_large_image","schema":{"@context":"https:\/\/schema.org","@graph":[{"@type":"Article","@id":"https:\/\/www.letemsvetemapplem.eu\/bazar\/iphone-x-256gb-silver-2\/#article","isPartOf":{"@id":"https:\/\/www.letemsvetemapplem.eu\/bazar\/iphone-x-256gb-silver-2\/"},"author":{"name":"","@id":""},"headline":"iPhone X 256GB Silver","datePublished":"2017-11-07T07:52:42+00:00","mainEntityOfPage":{"@id":"https:\/\/www.letemsvetemapplem.eu\/bazar\/iphone-x-256gb-silver-2\/"},"wordCount":61,"commentCount":0,"image":{"@id":"https:\/\/www.letemsvetemapplem.eu\/bazar\/iphone-x-256gb-silver-2\/#primaryimage"},"thumbnailUrl":"https:\/\/www.letemsvetemapplem.eu\/bazar\/wp-content\/uploads\/2017\/11\/913201720152AM_635_iphone_x.jpeg","keywords":["iPhone X"],"articleSection":["iPhone X"],"inLanguage":"cs","potentialAction":[{"@type":"CommentAction","name":"Comment","target":["https:\/\/www.letemsvetemapplem.eu\/bazar\/iphone-x-256gb-silver-2\/#respond"]}]},{"@type":"WebPage","@id":"https:\/\/www.letemsvetemapplem.eu\/bazar\/iphone-x-256gb-silver-2\/","url":"https:\/\/www.letemsvetemapplem.eu\/bazar\/iphone-x-256gb-silver-2\/","name":"iPhone X 256GB Silver - Apple bazar","isPartOf":{"@id":"https:\/\/www.letemsvetemapplem.eu\/bazar\/#website"},"primaryImageOfPage":{"@id":"https:\/\/www.letemsvetemapplem.eu\/bazar\/iphone-x-256gb-silver-2\/#primaryimage"},"image":{"@id":"https:\/\/www.letemsvetemapplem.eu\/bazar\/iphone-x-256gb-silver-2\/#primaryimage"},"thumbnailUrl":"https:\/\/www.letemsvetemapplem.eu\/bazar\/wp-content\/uploads\/2017\/11\/913201720152AM_635_iphone_x.jpeg","datePublished":"2017-11-07T07:52:42+00:00","author":{"@id":""},"breadcrumb":{"@id":"https:\/\/www.letemsvetemapplem.eu\/bazar\/iphone-x-256gb-silver-2\/#breadcrumb"},"inLanguage":"cs","potentialAction":[{"@type":"ReadAction","target":["https:\/\/www.letemsvetemapplem.eu\/bazar\/iphone-x-256gb-silver-2\/"]}]},{"@type":"ImageObject","inLanguage":"cs","@id":"https:\/\/www.letemsvetemapplem.eu\/bazar\/iphone-x-256gb-silver-2\/#primaryimage","url":"https:\/\/www.letemsvetemapplem.eu\/bazar\/wp-content\/uploads\/2017\/11\/913201720152AM_635_iphone_x.jpeg","contentUrl":"https:\/\/www.letemsvetemapplem.eu\/bazar\/wp-content\/uploads\/2017\/11\/913201720152AM_635_iphone_x.jpeg","width":635,"height":476},{"@type":"BreadcrumbList","@id":"https:\/\/www.letemsvetemapplem.eu\/bazar\/iphone-x-256gb-silver-2\/#breadcrumb","itemListElement":[{"@type":"ListItem","position":1,"name":"Apple Bazar","item":"https:\/\/www.letemsvetemapplem.eu\/bazar\/"},{"@type":"ListItem","position":2,"name":"iPhone X 256GB Silver"}]},{"@type":"WebSite","@id":"https:\/\/www.letemsvetemapplem.eu\/bazar\/#website","url":"https:\/\/www.letemsvetemapplem.eu\/bazar\/","name":"Apple bazar","description":"Oou\u017eit\u00e9 Apple produkty za skv\u011bl\u00e9 ceny","potentialAction":[{"@type":"SearchAction","target":{"@type":"EntryPoint","urlTemplate":"https:\/\/www.letemsvetemapplem.eu\/bazar\/?s={search_term_string}"},"query-input":{"@type":"PropertyValueSpecification","valueRequired":true,"valueName":"search_term_string"}}],"inLanguage":"cs"}]}},"_links":{"self":[{"href":"https:\/\/www.letemsvetemapplem.eu\/bazar\/wp-json\/wp\/v2\/posts\/53053","targetHints":{"allow":["GET"]}}],"collection":[{"href":"https:\/\/www.letemsvetemapplem.eu\/bazar\/wp-json\/wp\/v2\/posts"}],"about":[{"href":"https:\/\/www.letemsvetemapplem.eu\/bazar\/wp-json\/wp\/v2\/types\/post"}],"replies":[{"embeddable":true,"href":"https:\/\/www.letemsvetemapplem.eu\/bazar\/wp-json\/wp\/v2\/comments?post=53053"}],"version-history":[{"count":0,"href":"https:\/\/www.letemsvetemapplem.eu\/bazar\/wp-json\/wp\/v2\/posts\/53053\/revisions"}],"wp:featuredmedia":[{"embeddable":true,"href":"https:\/\/www.letemsvetemapplem.eu\/bazar\/wp-json\/wp\/v2\/media\/53054"}],"wp:attachment":[{"href":"https:\/\/www.letemsvetemapplem.eu\/bazar\/wp-json\/wp\/v2\/media?parent=53053"}],"wp:term":[{"taxonomy":"category","embeddable":true,"href":"https:\/\/www.letemsvetemapplem.eu\/bazar\/wp-json\/wp\/v2\/categories?post=53053"},{"taxonomy":"post_tag","embeddable":true,"href":"https:\/\/www.letemsvetemapplem.eu\/bazar\/wp-json\/wp\/v2\/tags?post=53053"}],"curies":[{"name":"wp","href":"https:\/\/api.w.org\/{rel}","templated":true}]}}