{"id":52949,"date":"2017-11-06T17:48:20","date_gmt":"2017-11-06T16:48:20","guid":{"rendered":"https:\/\/www.letemsvetemapplem.eu\/bazar\/?p=52949"},"modified":"2017-11-06T17:48:20","modified_gmt":"2017-11-06T16:48:20","slug":"predam-iphone-7-plus-128gb-black","status":"publish","type":"post","link":"https:\/\/www.letemsvetemapplem.eu\/bazar\/predam-iphone-7-plus-128gb-black\/","title":{"rendered":"Pred\u00e1m iPhone 7 Plus 128GB Black"},"content":{"rendered":"<p>Pred\u00e1m iPhone 7 Plus 128GB Black, ako nov\u00fd, neblokovan\u00fd, k\u00fapen\u00fd 19.01.2017 v iStores Ko\u0161ice.<br \/>\nTelef\u00f3n je bez \u0161krabancov v 100% stave s ochrann\u00fdm sklom, ochrann\u00fdm origin\u00e1lnym krytom APPLE, nab\u00edja\u010dkou, k\u00e1blom, sl\u00fachadlami, redukciou pre audio jack.<br \/>\nTelef\u00f3n je v z\u00e1ruke &#8211; doklad o zak\u00fapen\u00ed.<br \/>\nD\u00f4vod predaja: k\u00fapil som iPhone X<\/p>\n","protected":false},"excerpt":{"rendered":"<p>Pred\u00e1m iPhone 7 Plus 128GB Black, ako nov\u00fd, neblokovan\u00fd, k\u00fapen\u00fd 19.01.2017 v iStores Ko\u0161ice. Telef\u00f3n je bez \u0161krabancov v 100% stave s ochrann\u00fdm sklom, ochrann\u00fdm origin\u00e1lnym krytom APPLE, nab\u00edja\u010dkou, k\u00e1blom, sl\u00fachadlami, redukciou pre audio jack. Telef\u00f3n je v z\u00e1ruke &#8211; doklad o zak\u00fapen\u00ed. D\u00f4vod predaja: k\u00fapil som iPhone X<\/p>\n","protected":false},"author":0,"featured_media":52950,"comment_status":"open","ping_status":"open","sticky":false,"template":"","format":"standard","meta":{"footnotes":""},"categories":[51],"tags":[74],"class_list":["post-52949","post","type-post","status-publish","format-standard","has-post-thumbnail","hentry","category-iphone-7-iphone-7-plus","tag-iphone-77-plus"],"yoast_head":"<!-- This site is optimized with the Yoast SEO plugin v27.5 - https:\/\/yoast.com\/product\/yoast-seo-wordpress\/ -->\n<title>Pred\u00e1m iPhone 7 Plus 128GB Black - Apple bazar<\/title>\n<meta name=\"robots\" content=\"index, follow, max-snippet:-1, max-image-preview:large, max-video-preview:-1\" \/>\n<link rel=\"canonical\" href=\"https:\/\/www.letemsvetemapplem.eu\/bazar\/predam-iphone-7-plus-128gb-black\/\" \/>\n<meta property=\"og:locale\" content=\"cs_CZ\" \/>\n<meta property=\"og:type\" content=\"article\" \/>\n<meta property=\"og:title\" content=\"Pred\u00e1m iPhone 7 Plus 128GB Black - Apple bazar\" \/>\n<meta property=\"og:description\" content=\"Pred\u00e1m iPhone 7 Plus 128GB Black, ako nov\u00fd, neblokovan\u00fd, k\u00fapen\u00fd 19.01.2017 v iStores Ko\u0161ice. Telef\u00f3n je bez \u0161krabancov v 100% stave s ochrann\u00fdm sklom, ochrann\u00fdm origin\u00e1lnym krytom APPLE, nab\u00edja\u010dkou, k\u00e1blom, sl\u00fachadlami, redukciou pre audio jack. Telef\u00f3n je v z\u00e1ruke &#8211; doklad o zak\u00fapen\u00ed. D\u00f4vod predaja: k\u00fapil som iPhone X\" \/>\n<meta property=\"og:url\" content=\"https:\/\/www.letemsvetemapplem.eu\/bazar\/predam-iphone-7-plus-128gb-black\/\" \/>\n<meta property=\"og:site_name\" content=\"Apple bazar\" \/>\n<meta property=\"article:published_time\" content=\"2017-11-06T16:48:20+00:00\" \/>\n<meta property=\"og:image\" content=\"https:\/\/www.letemsvetemapplem.eu\/bazar\/wp-content\/uploads\/2017\/11\/iphone-1.jpg\" \/>\n\t<meta property=\"og:image:width\" content=\"1280\" \/>\n\t<meta property=\"og:image:height\" content=\"1002\" \/>\n\t<meta property=\"og:image:type\" content=\"image\/jpeg\" \/>\n<meta name=\"twitter:card\" content=\"summary_large_image\" \/>\n<script type=\"application\/ld+json\" class=\"yoast-schema-graph\">{\"@context\":\"https:\\\/\\\/schema.org\",\"@graph\":[{\"@type\":\"Article\",\"@id\":\"https:\\\/\\\/www.letemsvetemapplem.eu\\\/bazar\\\/predam-iphone-7-plus-128gb-black\\\/#article\",\"isPartOf\":{\"@id\":\"https:\\\/\\\/www.letemsvetemapplem.eu\\\/bazar\\\/predam-iphone-7-plus-128gb-black\\\/\"},\"author\":{\"name\":\"\",\"@id\":\"\"},\"headline\":\"Pred\u00e1m iPhone 7 Plus 128GB Black\",\"datePublished\":\"2017-11-06T16:48:20+00:00\",\"mainEntityOfPage\":{\"@id\":\"https:\\\/\\\/www.letemsvetemapplem.eu\\\/bazar\\\/predam-iphone-7-plus-128gb-black\\\/\"},\"wordCount\":68,\"commentCount\":0,\"image\":{\"@id\":\"https:\\\/\\\/www.letemsvetemapplem.eu\\\/bazar\\\/predam-iphone-7-plus-128gb-black\\\/#primaryimage\"},\"thumbnailUrl\":\"https:\\\/\\\/www.letemsvetemapplem.eu\\\/bazar\\\/wp-content\\\/uploads\\\/2017\\\/11\\\/iphone-1.jpg\",\"keywords\":[\"iPhone 7\\\/7 Plus\"],\"articleSection\":[\"iPhone 7\\\/7 Plus\"],\"inLanguage\":\"cs\",\"potentialAction\":[{\"@type\":\"CommentAction\",\"name\":\"Comment\",\"target\":[\"https:\\\/\\\/www.letemsvetemapplem.eu\\\/bazar\\\/predam-iphone-7-plus-128gb-black\\\/#respond\"]}]},{\"@type\":\"WebPage\",\"@id\":\"https:\\\/\\\/www.letemsvetemapplem.eu\\\/bazar\\\/predam-iphone-7-plus-128gb-black\\\/\",\"url\":\"https:\\\/\\\/www.letemsvetemapplem.eu\\\/bazar\\\/predam-iphone-7-plus-128gb-black\\\/\",\"name\":\"Pred\u00e1m iPhone 7 Plus 128GB Black - Apple bazar\",\"isPartOf\":{\"@id\":\"https:\\\/\\\/www.letemsvetemapplem.eu\\\/bazar\\\/#website\"},\"primaryImageOfPage\":{\"@id\":\"https:\\\/\\\/www.letemsvetemapplem.eu\\\/bazar\\\/predam-iphone-7-plus-128gb-black\\\/#primaryimage\"},\"image\":{\"@id\":\"https:\\\/\\\/www.letemsvetemapplem.eu\\\/bazar\\\/predam-iphone-7-plus-128gb-black\\\/#primaryimage\"},\"thumbnailUrl\":\"https:\\\/\\\/www.letemsvetemapplem.eu\\\/bazar\\\/wp-content\\\/uploads\\\/2017\\\/11\\\/iphone-1.jpg\",\"datePublished\":\"2017-11-06T16:48:20+00:00\",\"author\":{\"@id\":\"\"},\"breadcrumb\":{\"@id\":\"https:\\\/\\\/www.letemsvetemapplem.eu\\\/bazar\\\/predam-iphone-7-plus-128gb-black\\\/#breadcrumb\"},\"inLanguage\":\"cs\",\"potentialAction\":[{\"@type\":\"ReadAction\",\"target\":[\"https:\\\/\\\/www.letemsvetemapplem.eu\\\/bazar\\\/predam-iphone-7-plus-128gb-black\\\/\"]}]},{\"@type\":\"ImageObject\",\"inLanguage\":\"cs\",\"@id\":\"https:\\\/\\\/www.letemsvetemapplem.eu\\\/bazar\\\/predam-iphone-7-plus-128gb-black\\\/#primaryimage\",\"url\":\"https:\\\/\\\/www.letemsvetemapplem.eu\\\/bazar\\\/wp-content\\\/uploads\\\/2017\\\/11\\\/iphone-1.jpg\",\"contentUrl\":\"https:\\\/\\\/www.letemsvetemapplem.eu\\\/bazar\\\/wp-content\\\/uploads\\\/2017\\\/11\\\/iphone-1.jpg\",\"width\":1280,\"height\":1002},{\"@type\":\"BreadcrumbList\",\"@id\":\"https:\\\/\\\/www.letemsvetemapplem.eu\\\/bazar\\\/predam-iphone-7-plus-128gb-black\\\/#breadcrumb\",\"itemListElement\":[{\"@type\":\"ListItem\",\"position\":1,\"name\":\"Apple Bazar\",\"item\":\"https:\\\/\\\/www.letemsvetemapplem.eu\\\/bazar\\\/\"},{\"@type\":\"ListItem\",\"position\":2,\"name\":\"Pred\u00e1m iPhone 7 Plus 128GB Black\"}]},{\"@type\":\"WebSite\",\"@id\":\"https:\\\/\\\/www.letemsvetemapplem.eu\\\/bazar\\\/#website\",\"url\":\"https:\\\/\\\/www.letemsvetemapplem.eu\\\/bazar\\\/\",\"name\":\"Apple bazar\",\"description\":\"Oou\u017eit\u00e9 Apple produkty za skv\u011bl\u00e9 ceny\",\"potentialAction\":[{\"@type\":\"SearchAction\",\"target\":{\"@type\":\"EntryPoint\",\"urlTemplate\":\"https:\\\/\\\/www.letemsvetemapplem.eu\\\/bazar\\\/?s={search_term_string}\"},\"query-input\":{\"@type\":\"PropertyValueSpecification\",\"valueRequired\":true,\"valueName\":\"search_term_string\"}}],\"inLanguage\":\"cs\"}]}<\/script>\n<!-- \/ Yoast SEO plugin. -->","yoast_head_json":{"title":"Pred\u00e1m iPhone 7 Plus 128GB Black - Apple bazar","robots":{"index":"index","follow":"follow","max-snippet":"max-snippet:-1","max-image-preview":"max-image-preview:large","max-video-preview":"max-video-preview:-1"},"canonical":"https:\/\/www.letemsvetemapplem.eu\/bazar\/predam-iphone-7-plus-128gb-black\/","og_locale":"cs_CZ","og_type":"article","og_title":"Pred\u00e1m iPhone 7 Plus 128GB Black - Apple bazar","og_description":"Pred\u00e1m iPhone 7 Plus 128GB Black, ako nov\u00fd, neblokovan\u00fd, k\u00fapen\u00fd 19.01.2017 v iStores Ko\u0161ice. Telef\u00f3n je bez \u0161krabancov v 100% stave s ochrann\u00fdm sklom, ochrann\u00fdm origin\u00e1lnym krytom APPLE, nab\u00edja\u010dkou, k\u00e1blom, sl\u00fachadlami, redukciou pre audio jack. Telef\u00f3n je v z\u00e1ruke &#8211; doklad o zak\u00fapen\u00ed. D\u00f4vod predaja: k\u00fapil som iPhone X","og_url":"https:\/\/www.letemsvetemapplem.eu\/bazar\/predam-iphone-7-plus-128gb-black\/","og_site_name":"Apple bazar","article_published_time":"2017-11-06T16:48:20+00:00","og_image":[{"width":1280,"height":1002,"url":"https:\/\/www.letemsvetemapplem.eu\/bazar\/wp-content\/uploads\/2017\/11\/iphone-1.jpg","type":"image\/jpeg"}],"twitter_card":"summary_large_image","schema":{"@context":"https:\/\/schema.org","@graph":[{"@type":"Article","@id":"https:\/\/www.letemsvetemapplem.eu\/bazar\/predam-iphone-7-plus-128gb-black\/#article","isPartOf":{"@id":"https:\/\/www.letemsvetemapplem.eu\/bazar\/predam-iphone-7-plus-128gb-black\/"},"author":{"name":"","@id":""},"headline":"Pred\u00e1m iPhone 7 Plus 128GB Black","datePublished":"2017-11-06T16:48:20+00:00","mainEntityOfPage":{"@id":"https:\/\/www.letemsvetemapplem.eu\/bazar\/predam-iphone-7-plus-128gb-black\/"},"wordCount":68,"commentCount":0,"image":{"@id":"https:\/\/www.letemsvetemapplem.eu\/bazar\/predam-iphone-7-plus-128gb-black\/#primaryimage"},"thumbnailUrl":"https:\/\/www.letemsvetemapplem.eu\/bazar\/wp-content\/uploads\/2017\/11\/iphone-1.jpg","keywords":["iPhone 7\/7 Plus"],"articleSection":["iPhone 7\/7 Plus"],"inLanguage":"cs","potentialAction":[{"@type":"CommentAction","name":"Comment","target":["https:\/\/www.letemsvetemapplem.eu\/bazar\/predam-iphone-7-plus-128gb-black\/#respond"]}]},{"@type":"WebPage","@id":"https:\/\/www.letemsvetemapplem.eu\/bazar\/predam-iphone-7-plus-128gb-black\/","url":"https:\/\/www.letemsvetemapplem.eu\/bazar\/predam-iphone-7-plus-128gb-black\/","name":"Pred\u00e1m iPhone 7 Plus 128GB Black - Apple bazar","isPartOf":{"@id":"https:\/\/www.letemsvetemapplem.eu\/bazar\/#website"},"primaryImageOfPage":{"@id":"https:\/\/www.letemsvetemapplem.eu\/bazar\/predam-iphone-7-plus-128gb-black\/#primaryimage"},"image":{"@id":"https:\/\/www.letemsvetemapplem.eu\/bazar\/predam-iphone-7-plus-128gb-black\/#primaryimage"},"thumbnailUrl":"https:\/\/www.letemsvetemapplem.eu\/bazar\/wp-content\/uploads\/2017\/11\/iphone-1.jpg","datePublished":"2017-11-06T16:48:20+00:00","author":{"@id":""},"breadcrumb":{"@id":"https:\/\/www.letemsvetemapplem.eu\/bazar\/predam-iphone-7-plus-128gb-black\/#breadcrumb"},"inLanguage":"cs","potentialAction":[{"@type":"ReadAction","target":["https:\/\/www.letemsvetemapplem.eu\/bazar\/predam-iphone-7-plus-128gb-black\/"]}]},{"@type":"ImageObject","inLanguage":"cs","@id":"https:\/\/www.letemsvetemapplem.eu\/bazar\/predam-iphone-7-plus-128gb-black\/#primaryimage","url":"https:\/\/www.letemsvetemapplem.eu\/bazar\/wp-content\/uploads\/2017\/11\/iphone-1.jpg","contentUrl":"https:\/\/www.letemsvetemapplem.eu\/bazar\/wp-content\/uploads\/2017\/11\/iphone-1.jpg","width":1280,"height":1002},{"@type":"BreadcrumbList","@id":"https:\/\/www.letemsvetemapplem.eu\/bazar\/predam-iphone-7-plus-128gb-black\/#breadcrumb","itemListElement":[{"@type":"ListItem","position":1,"name":"Apple Bazar","item":"https:\/\/www.letemsvetemapplem.eu\/bazar\/"},{"@type":"ListItem","position":2,"name":"Pred\u00e1m iPhone 7 Plus 128GB Black"}]},{"@type":"WebSite","@id":"https:\/\/www.letemsvetemapplem.eu\/bazar\/#website","url":"https:\/\/www.letemsvetemapplem.eu\/bazar\/","name":"Apple bazar","description":"Oou\u017eit\u00e9 Apple produkty za skv\u011bl\u00e9 ceny","potentialAction":[{"@type":"SearchAction","target":{"@type":"EntryPoint","urlTemplate":"https:\/\/www.letemsvetemapplem.eu\/bazar\/?s={search_term_string}"},"query-input":{"@type":"PropertyValueSpecification","valueRequired":true,"valueName":"search_term_string"}}],"inLanguage":"cs"}]}},"_links":{"self":[{"href":"https:\/\/www.letemsvetemapplem.eu\/bazar\/wp-json\/wp\/v2\/posts\/52949","targetHints":{"allow":["GET"]}}],"collection":[{"href":"https:\/\/www.letemsvetemapplem.eu\/bazar\/wp-json\/wp\/v2\/posts"}],"about":[{"href":"https:\/\/www.letemsvetemapplem.eu\/bazar\/wp-json\/wp\/v2\/types\/post"}],"replies":[{"embeddable":true,"href":"https:\/\/www.letemsvetemapplem.eu\/bazar\/wp-json\/wp\/v2\/comments?post=52949"}],"version-history":[{"count":0,"href":"https:\/\/www.letemsvetemapplem.eu\/bazar\/wp-json\/wp\/v2\/posts\/52949\/revisions"}],"wp:featuredmedia":[{"embeddable":true,"href":"https:\/\/www.letemsvetemapplem.eu\/bazar\/wp-json\/wp\/v2\/media\/52950"}],"wp:attachment":[{"href":"https:\/\/www.letemsvetemapplem.eu\/bazar\/wp-json\/wp\/v2\/media?parent=52949"}],"wp:term":[{"taxonomy":"category","embeddable":true,"href":"https:\/\/www.letemsvetemapplem.eu\/bazar\/wp-json\/wp\/v2\/categories?post=52949"},{"taxonomy":"post_tag","embeddable":true,"href":"https:\/\/www.letemsvetemapplem.eu\/bazar\/wp-json\/wp\/v2\/tags?post=52949"}],"curies":[{"name":"wp","href":"https:\/\/api.w.org\/{rel}","templated":true}]}}