{"id":50122,"date":"2017-10-24T17:42:26","date_gmt":"2017-10-24T16:42:26","guid":{"rendered":"https:\/\/www.letemsvetemapplem.eu\/bazar\/?p=50122"},"modified":"2017-10-24T17:42:26","modified_gmt":"2017-10-24T16:42:26","slug":"imac-27-5k-late-2015-i5-8gb-m395","status":"publish","type":"post","link":"https:\/\/www.letemsvetemapplem.eu\/bazar\/imac-27-5k-late-2015-i5-8gb-m395\/","title":{"rendered":"iMac 27&quot; 5K, late 2015 &#8211; i5, 8GB, M395"},"content":{"rendered":"<p>Prod\u00e1v\u00e1m Apple iMac, kter\u00fd byl pou\u017e\u00edv\u00e1n v dom\u00e1cnosti jako multimedi\u00e1ln\u00ed pc. Nen\u00ed nijak po\u0161kr\u00e1ban\u00fd\/poni\u010den\u00fd, je jako nov\u00fd.<br \/>\nV z\u00e1ruce je\u0161t\u011b do 10.11.2017.<br \/>\nAktu\u00e1ln\u011b je nainstalov\u00e1n se syst\u00e9mem El Capitan, p\u0159i prodeji bude p\u0159einstalov\u00e1n na nejnov\u011bj\u0161\u00ed syst\u00e9m &#8211; High Sierra.<br \/>\nDod\u00e1v\u00e1m v origin\u00e1ln\u00ed krabici a p\u0159\u00edslu\u0161enstv\u00edm:<br \/>\niMac s Retina 5K displejem<br \/>\nMagic Keyboard<br \/>\nMagic Mouse 2<br \/>\nNap\u00e1jec\u00ed \u0161\u0148\u016fra<br \/>\nUSB kabel s konektorem Lightning<\/p>\n<p>P\u016fvodn\u00ed cena 69 990 K\u010d<\/p>\n<p>Pouze osobn\u00ed p\u0159evzet\u00ed v Praze (vzhledem k velikosti a v\u00e1ze) po platb\u011b p\u0159edem.<\/p>\n<p>Pro v\u00edce informac\u00ed\/fotek nev\u00e1hejte kontaktovat, p\u0159\u00edpadn\u011b v\u00edce info naleznete na aukru, kde iMac prim\u00e1rn\u011b prod\u00e1v\u00e1m: https:\/\/aukro.cz\/apple-imac-27-5k-late-2015-i5-8gb-amd-m395-6916089901 <\/p>\n","protected":false},"excerpt":{"rendered":"<p>Prod\u00e1v\u00e1m Apple iMac, kter\u00fd byl pou\u017e\u00edv\u00e1n v dom\u00e1cnosti jako multimedi\u00e1ln\u00ed pc. Nen\u00ed nijak po\u0161kr\u00e1ban\u00fd\/poni\u010den\u00fd, je jako nov\u00fd. V z\u00e1ruce je\u0161t\u011b do 10.11.2017. Aktu\u00e1ln\u011b je nainstalov\u00e1n se syst\u00e9mem El Capitan, p\u0159i prodeji bude p\u0159einstalov\u00e1n na nejnov\u011bj\u0161\u00ed syst\u00e9m &#8211; High Sierra. Dod\u00e1v\u00e1m v origin\u00e1ln\u00ed krabici a p\u0159\u00edslu\u0161enstv\u00edm: iMac s Retina 5K displejem Magic Keyboard Magic Mouse 2&#8230;<\/p>\n","protected":false},"author":0,"featured_media":50123,"comment_status":"open","ping_status":"open","sticky":false,"template":"","format":"standard","meta":{"footnotes":""},"categories":[41],"tags":[77],"class_list":["post-50122","post","type-post","status-publish","format-standard","has-post-thumbnail","hentry","category-imac","tag-imac"],"yoast_head":"<!-- This site is optimized with the Yoast SEO plugin v27.2 - https:\/\/yoast.com\/product\/yoast-seo-wordpress\/ -->\n<title>iMac 27&quot; 5K, late 2015 - i5, 8GB, M395 - Apple bazar<\/title>\n<meta name=\"robots\" content=\"index, follow, max-snippet:-1, max-image-preview:large, max-video-preview:-1\" \/>\n<link rel=\"canonical\" href=\"https:\/\/www.letemsvetemapplem.eu\/bazar\/imac-27-5k-late-2015-i5-8gb-m395\/\" \/>\n<meta property=\"og:locale\" content=\"cs_CZ\" \/>\n<meta property=\"og:type\" content=\"article\" \/>\n<meta property=\"og:title\" content=\"iMac 27&quot; 5K, late 2015 - i5, 8GB, M395 - Apple bazar\" \/>\n<meta property=\"og:description\" content=\"Prod\u00e1v\u00e1m Apple iMac, kter\u00fd byl pou\u017e\u00edv\u00e1n v dom\u00e1cnosti jako multimedi\u00e1ln\u00ed pc. Nen\u00ed nijak po\u0161kr\u00e1ban\u00fd\/poni\u010den\u00fd, je jako nov\u00fd. V z\u00e1ruce je\u0161t\u011b do 10.11.2017. Aktu\u00e1ln\u011b je nainstalov\u00e1n se syst\u00e9mem El Capitan, p\u0159i prodeji bude p\u0159einstalov\u00e1n na nejnov\u011bj\u0161\u00ed syst\u00e9m &#8211; High Sierra. Dod\u00e1v\u00e1m v origin\u00e1ln\u00ed krabici a p\u0159\u00edslu\u0161enstv\u00edm: iMac s Retina 5K displejem Magic Keyboard Magic Mouse 2...\" \/>\n<meta property=\"og:url\" content=\"https:\/\/www.letemsvetemapplem.eu\/bazar\/imac-27-5k-late-2015-i5-8gb-m395\/\" \/>\n<meta property=\"og:site_name\" content=\"Apple bazar\" \/>\n<meta property=\"article:published_time\" content=\"2017-10-24T16:42:26+00:00\" \/>\n<meta property=\"og:image\" content=\"https:\/\/www.letemsvetemapplem.eu\/bazar\/wp-content\/uploads\/2017\/10\/IMG_1456.jpg\" \/>\n\t<meta property=\"og:image:width\" content=\"4032\" \/>\n\t<meta property=\"og:image:height\" content=\"3024\" \/>\n\t<meta property=\"og:image:type\" content=\"image\/jpeg\" \/>\n<meta name=\"twitter:card\" content=\"summary_large_image\" \/>\n<script type=\"application\/ld+json\" class=\"yoast-schema-graph\">{\"@context\":\"https:\/\/schema.org\",\"@graph\":[{\"@type\":\"Article\",\"@id\":\"https:\/\/www.letemsvetemapplem.eu\/bazar\/imac-27-5k-late-2015-i5-8gb-m395\/#article\",\"isPartOf\":{\"@id\":\"https:\/\/www.letemsvetemapplem.eu\/bazar\/imac-27-5k-late-2015-i5-8gb-m395\/\"},\"author\":{\"name\":\"\",\"@id\":\"\"},\"headline\":\"iMac 27&quot; 5K, late 2015 &#8211; i5, 8GB, M395\",\"datePublished\":\"2017-10-24T16:42:26+00:00\",\"mainEntityOfPage\":{\"@id\":\"https:\/\/www.letemsvetemapplem.eu\/bazar\/imac-27-5k-late-2015-i5-8gb-m395\/\"},\"wordCount\":148,\"commentCount\":0,\"image\":{\"@id\":\"https:\/\/www.letemsvetemapplem.eu\/bazar\/imac-27-5k-late-2015-i5-8gb-m395\/#primaryimage\"},\"thumbnailUrl\":\"https:\/\/www.letemsvetemapplem.eu\/bazar\/wp-content\/uploads\/2017\/10\/IMG_1456.jpg\",\"keywords\":[\"iMac\"],\"articleSection\":[\"iMac\"],\"inLanguage\":\"cs\",\"potentialAction\":[{\"@type\":\"CommentAction\",\"name\":\"Comment\",\"target\":[\"https:\/\/www.letemsvetemapplem.eu\/bazar\/imac-27-5k-late-2015-i5-8gb-m395\/#respond\"]}]},{\"@type\":\"WebPage\",\"@id\":\"https:\/\/www.letemsvetemapplem.eu\/bazar\/imac-27-5k-late-2015-i5-8gb-m395\/\",\"url\":\"https:\/\/www.letemsvetemapplem.eu\/bazar\/imac-27-5k-late-2015-i5-8gb-m395\/\",\"name\":\"iMac 27&quot; 5K, late 2015 - i5, 8GB, M395 - Apple bazar\",\"isPartOf\":{\"@id\":\"https:\/\/www.letemsvetemapplem.eu\/bazar\/#website\"},\"primaryImageOfPage\":{\"@id\":\"https:\/\/www.letemsvetemapplem.eu\/bazar\/imac-27-5k-late-2015-i5-8gb-m395\/#primaryimage\"},\"image\":{\"@id\":\"https:\/\/www.letemsvetemapplem.eu\/bazar\/imac-27-5k-late-2015-i5-8gb-m395\/#primaryimage\"},\"thumbnailUrl\":\"https:\/\/www.letemsvetemapplem.eu\/bazar\/wp-content\/uploads\/2017\/10\/IMG_1456.jpg\",\"datePublished\":\"2017-10-24T16:42:26+00:00\",\"author\":{\"@id\":\"\"},\"breadcrumb\":{\"@id\":\"https:\/\/www.letemsvetemapplem.eu\/bazar\/imac-27-5k-late-2015-i5-8gb-m395\/#breadcrumb\"},\"inLanguage\":\"cs\",\"potentialAction\":[{\"@type\":\"ReadAction\",\"target\":[\"https:\/\/www.letemsvetemapplem.eu\/bazar\/imac-27-5k-late-2015-i5-8gb-m395\/\"]}]},{\"@type\":\"ImageObject\",\"inLanguage\":\"cs\",\"@id\":\"https:\/\/www.letemsvetemapplem.eu\/bazar\/imac-27-5k-late-2015-i5-8gb-m395\/#primaryimage\",\"url\":\"https:\/\/www.letemsvetemapplem.eu\/bazar\/wp-content\/uploads\/2017\/10\/IMG_1456.jpg\",\"contentUrl\":\"https:\/\/www.letemsvetemapplem.eu\/bazar\/wp-content\/uploads\/2017\/10\/IMG_1456.jpg\",\"width\":4032,\"height\":3024},{\"@type\":\"BreadcrumbList\",\"@id\":\"https:\/\/www.letemsvetemapplem.eu\/bazar\/imac-27-5k-late-2015-i5-8gb-m395\/#breadcrumb\",\"itemListElement\":[{\"@type\":\"ListItem\",\"position\":1,\"name\":\"Apple Bazar\",\"item\":\"https:\/\/www.letemsvetemapplem.eu\/bazar\/\"},{\"@type\":\"ListItem\",\"position\":2,\"name\":\"iMac 27&quot; 5K, late 2015 &#8211; i5, 8GB, M395\"}]},{\"@type\":\"WebSite\",\"@id\":\"https:\/\/www.letemsvetemapplem.eu\/bazar\/#website\",\"url\":\"https:\/\/www.letemsvetemapplem.eu\/bazar\/\",\"name\":\"Apple bazar\",\"description\":\"Oou\u017eit\u00e9 Apple produkty za skv\u011bl\u00e9 ceny\",\"potentialAction\":[{\"@type\":\"SearchAction\",\"target\":{\"@type\":\"EntryPoint\",\"urlTemplate\":\"https:\/\/www.letemsvetemapplem.eu\/bazar\/?s={search_term_string}\"},\"query-input\":{\"@type\":\"PropertyValueSpecification\",\"valueRequired\":true,\"valueName\":\"search_term_string\"}}],\"inLanguage\":\"cs\"}]}<\/script>\n<!-- \/ Yoast SEO plugin. -->","yoast_head_json":{"title":"iMac 27&quot; 5K, late 2015 - i5, 8GB, M395 - Apple bazar","robots":{"index":"index","follow":"follow","max-snippet":"max-snippet:-1","max-image-preview":"max-image-preview:large","max-video-preview":"max-video-preview:-1"},"canonical":"https:\/\/www.letemsvetemapplem.eu\/bazar\/imac-27-5k-late-2015-i5-8gb-m395\/","og_locale":"cs_CZ","og_type":"article","og_title":"iMac 27&quot; 5K, late 2015 - i5, 8GB, M395 - Apple bazar","og_description":"Prod\u00e1v\u00e1m Apple iMac, kter\u00fd byl pou\u017e\u00edv\u00e1n v dom\u00e1cnosti jako multimedi\u00e1ln\u00ed pc. Nen\u00ed nijak po\u0161kr\u00e1ban\u00fd\/poni\u010den\u00fd, je jako nov\u00fd. V z\u00e1ruce je\u0161t\u011b do 10.11.2017. Aktu\u00e1ln\u011b je nainstalov\u00e1n se syst\u00e9mem El Capitan, p\u0159i prodeji bude p\u0159einstalov\u00e1n na nejnov\u011bj\u0161\u00ed syst\u00e9m &#8211; High Sierra. Dod\u00e1v\u00e1m v origin\u00e1ln\u00ed krabici a p\u0159\u00edslu\u0161enstv\u00edm: iMac s Retina 5K displejem Magic Keyboard Magic Mouse 2...","og_url":"https:\/\/www.letemsvetemapplem.eu\/bazar\/imac-27-5k-late-2015-i5-8gb-m395\/","og_site_name":"Apple bazar","article_published_time":"2017-10-24T16:42:26+00:00","og_image":[{"width":4032,"height":3024,"url":"https:\/\/www.letemsvetemapplem.eu\/bazar\/wp-content\/uploads\/2017\/10\/IMG_1456.jpg","type":"image\/jpeg"}],"twitter_card":"summary_large_image","schema":{"@context":"https:\/\/schema.org","@graph":[{"@type":"Article","@id":"https:\/\/www.letemsvetemapplem.eu\/bazar\/imac-27-5k-late-2015-i5-8gb-m395\/#article","isPartOf":{"@id":"https:\/\/www.letemsvetemapplem.eu\/bazar\/imac-27-5k-late-2015-i5-8gb-m395\/"},"author":{"name":"","@id":""},"headline":"iMac 27&quot; 5K, late 2015 &#8211; i5, 8GB, M395","datePublished":"2017-10-24T16:42:26+00:00","mainEntityOfPage":{"@id":"https:\/\/www.letemsvetemapplem.eu\/bazar\/imac-27-5k-late-2015-i5-8gb-m395\/"},"wordCount":148,"commentCount":0,"image":{"@id":"https:\/\/www.letemsvetemapplem.eu\/bazar\/imac-27-5k-late-2015-i5-8gb-m395\/#primaryimage"},"thumbnailUrl":"https:\/\/www.letemsvetemapplem.eu\/bazar\/wp-content\/uploads\/2017\/10\/IMG_1456.jpg","keywords":["iMac"],"articleSection":["iMac"],"inLanguage":"cs","potentialAction":[{"@type":"CommentAction","name":"Comment","target":["https:\/\/www.letemsvetemapplem.eu\/bazar\/imac-27-5k-late-2015-i5-8gb-m395\/#respond"]}]},{"@type":"WebPage","@id":"https:\/\/www.letemsvetemapplem.eu\/bazar\/imac-27-5k-late-2015-i5-8gb-m395\/","url":"https:\/\/www.letemsvetemapplem.eu\/bazar\/imac-27-5k-late-2015-i5-8gb-m395\/","name":"iMac 27&quot; 5K, late 2015 - i5, 8GB, M395 - Apple bazar","isPartOf":{"@id":"https:\/\/www.letemsvetemapplem.eu\/bazar\/#website"},"primaryImageOfPage":{"@id":"https:\/\/www.letemsvetemapplem.eu\/bazar\/imac-27-5k-late-2015-i5-8gb-m395\/#primaryimage"},"image":{"@id":"https:\/\/www.letemsvetemapplem.eu\/bazar\/imac-27-5k-late-2015-i5-8gb-m395\/#primaryimage"},"thumbnailUrl":"https:\/\/www.letemsvetemapplem.eu\/bazar\/wp-content\/uploads\/2017\/10\/IMG_1456.jpg","datePublished":"2017-10-24T16:42:26+00:00","author":{"@id":""},"breadcrumb":{"@id":"https:\/\/www.letemsvetemapplem.eu\/bazar\/imac-27-5k-late-2015-i5-8gb-m395\/#breadcrumb"},"inLanguage":"cs","potentialAction":[{"@type":"ReadAction","target":["https:\/\/www.letemsvetemapplem.eu\/bazar\/imac-27-5k-late-2015-i5-8gb-m395\/"]}]},{"@type":"ImageObject","inLanguage":"cs","@id":"https:\/\/www.letemsvetemapplem.eu\/bazar\/imac-27-5k-late-2015-i5-8gb-m395\/#primaryimage","url":"https:\/\/www.letemsvetemapplem.eu\/bazar\/wp-content\/uploads\/2017\/10\/IMG_1456.jpg","contentUrl":"https:\/\/www.letemsvetemapplem.eu\/bazar\/wp-content\/uploads\/2017\/10\/IMG_1456.jpg","width":4032,"height":3024},{"@type":"BreadcrumbList","@id":"https:\/\/www.letemsvetemapplem.eu\/bazar\/imac-27-5k-late-2015-i5-8gb-m395\/#breadcrumb","itemListElement":[{"@type":"ListItem","position":1,"name":"Apple Bazar","item":"https:\/\/www.letemsvetemapplem.eu\/bazar\/"},{"@type":"ListItem","position":2,"name":"iMac 27&quot; 5K, late 2015 &#8211; i5, 8GB, M395"}]},{"@type":"WebSite","@id":"https:\/\/www.letemsvetemapplem.eu\/bazar\/#website","url":"https:\/\/www.letemsvetemapplem.eu\/bazar\/","name":"Apple bazar","description":"Oou\u017eit\u00e9 Apple produkty za skv\u011bl\u00e9 ceny","potentialAction":[{"@type":"SearchAction","target":{"@type":"EntryPoint","urlTemplate":"https:\/\/www.letemsvetemapplem.eu\/bazar\/?s={search_term_string}"},"query-input":{"@type":"PropertyValueSpecification","valueRequired":true,"valueName":"search_term_string"}}],"inLanguage":"cs"}]}},"_links":{"self":[{"href":"https:\/\/www.letemsvetemapplem.eu\/bazar\/wp-json\/wp\/v2\/posts\/50122","targetHints":{"allow":["GET"]}}],"collection":[{"href":"https:\/\/www.letemsvetemapplem.eu\/bazar\/wp-json\/wp\/v2\/posts"}],"about":[{"href":"https:\/\/www.letemsvetemapplem.eu\/bazar\/wp-json\/wp\/v2\/types\/post"}],"replies":[{"embeddable":true,"href":"https:\/\/www.letemsvetemapplem.eu\/bazar\/wp-json\/wp\/v2\/comments?post=50122"}],"version-history":[{"count":0,"href":"https:\/\/www.letemsvetemapplem.eu\/bazar\/wp-json\/wp\/v2\/posts\/50122\/revisions"}],"wp:featuredmedia":[{"embeddable":true,"href":"https:\/\/www.letemsvetemapplem.eu\/bazar\/wp-json\/wp\/v2\/media\/50123"}],"wp:attachment":[{"href":"https:\/\/www.letemsvetemapplem.eu\/bazar\/wp-json\/wp\/v2\/media?parent=50122"}],"wp:term":[{"taxonomy":"category","embeddable":true,"href":"https:\/\/www.letemsvetemapplem.eu\/bazar\/wp-json\/wp\/v2\/categories?post=50122"},{"taxonomy":"post_tag","embeddable":true,"href":"https:\/\/www.letemsvetemapplem.eu\/bazar\/wp-json\/wp\/v2\/tags?post=50122"}],"curies":[{"name":"wp","href":"https:\/\/api.w.org\/{rel}","templated":true}]}}