{"id":43566,"date":"2017-09-24T14:20:38","date_gmt":"2017-09-24T13:20:38","guid":{"rendered":"https:\/\/www.letemsvetemapplem.eu\/bazar\/?p=43566"},"modified":"2017-09-24T14:20:38","modified_gmt":"2017-09-24T13:20:38","slug":"imac-215-konec-roku-2015","status":"publish","type":"post","link":"https:\/\/www.letemsvetemapplem.eu\/bazar\/imac-215-konec-roku-2015\/","title":{"rendered":"iMac 21,5 (konec roku 2015)"},"content":{"rendered":"<p>Dobr\u00fd den, nab\u00edz\u00edm k prodeji sv\u016fj iMac (konec roku 2015).<br \/>\nPo\u010d\u00edta\u010d byl koupen\u00fd 27.2.2016 v Praze v iWantu.<br \/>\nZa\u0159\u00edzen\u00ed je ve v\u00fdborn\u00e9m stavu. tzn.: pou\u017e\u00edvan\u00fd minim\u00e1ln\u011b, bez vad a \u0161kr\u00e1banc\u016f, st\u00e1l na psac\u00edm stole v kancel\u00e1\u0159i.<br \/>\nSou\u010d\u00e1st\u00ed ceny je: origin\u00e1ln\u00ed krabice, Apple Magic Keyboard, Apple Magic Mouse 2, Apple Wired Keyboard s numerickou kl\u00e1vesnic\u00ed a Apple USB SuperDrive.<br \/>\nObrazovka m\u00e1 21,5 palc\u016f s rozli\u0161en\u00edm full HD.<br \/>\nGrafika: Intel HD Graphics 6000<br \/>\nProcesor: Intel Dual Core i5 1.6GHz Broadwell (boost a\u017e 2,7 GHz)<br \/>\nRAM: 8 GB DDR3 s frekvenc\u00ed 1600 MHz<br \/>\n\u00dalo\u017ei\u0161t\u011b: 1 TB HDD<\/p>\n<p>V p\u0159\u00edpad\u011b z\u00e1jmu m\u011b nev\u00e1hejte kontaktovat.<\/p>\n","protected":false},"excerpt":{"rendered":"<p>Dobr\u00fd den, nab\u00edz\u00edm k prodeji sv\u016fj iMac (konec roku 2015). Po\u010d\u00edta\u010d byl koupen\u00fd 27.2.2016 v Praze v iWantu. Za\u0159\u00edzen\u00ed je ve v\u00fdborn\u00e9m stavu. tzn.: pou\u017e\u00edvan\u00fd minim\u00e1ln\u011b, bez vad a \u0161kr\u00e1banc\u016f, st\u00e1l na psac\u00edm stole v kancel\u00e1\u0159i. Sou\u010d\u00e1st\u00ed ceny je: origin\u00e1ln\u00ed krabice, Apple Magic Keyboard, Apple Magic Mouse 2, Apple Wired Keyboard s numerickou kl\u00e1vesnic\u00ed a&#8230;<\/p>\n","protected":false},"author":0,"featured_media":43567,"comment_status":"open","ping_status":"open","sticky":false,"template":"","format":"standard","meta":{"footnotes":""},"categories":[41],"tags":[77],"class_list":["post-43566","post","type-post","status-publish","format-standard","has-post-thumbnail","hentry","category-imac","tag-imac"],"yoast_head":"<!-- This site is optimized with the Yoast SEO plugin v27.2 - https:\/\/yoast.com\/product\/yoast-seo-wordpress\/ -->\n<title>iMac 21,5 (konec roku 2015) - Apple bazar<\/title>\n<meta name=\"robots\" content=\"index, follow, max-snippet:-1, max-image-preview:large, max-video-preview:-1\" \/>\n<link rel=\"canonical\" href=\"https:\/\/www.letemsvetemapplem.eu\/bazar\/imac-215-konec-roku-2015\/\" \/>\n<meta property=\"og:locale\" content=\"cs_CZ\" \/>\n<meta property=\"og:type\" content=\"article\" \/>\n<meta property=\"og:title\" content=\"iMac 21,5 (konec roku 2015) - Apple bazar\" \/>\n<meta property=\"og:description\" content=\"Dobr\u00fd den, nab\u00edz\u00edm k prodeji sv\u016fj iMac (konec roku 2015). Po\u010d\u00edta\u010d byl koupen\u00fd 27.2.2016 v Praze v iWantu. Za\u0159\u00edzen\u00ed je ve v\u00fdborn\u00e9m stavu. tzn.: pou\u017e\u00edvan\u00fd minim\u00e1ln\u011b, bez vad a \u0161kr\u00e1banc\u016f, st\u00e1l na psac\u00edm stole v kancel\u00e1\u0159i. Sou\u010d\u00e1st\u00ed ceny je: origin\u00e1ln\u00ed krabice, Apple Magic Keyboard, Apple Magic Mouse 2, Apple Wired Keyboard s numerickou kl\u00e1vesnic\u00ed a...\" \/>\n<meta property=\"og:url\" content=\"https:\/\/www.letemsvetemapplem.eu\/bazar\/imac-215-konec-roku-2015\/\" \/>\n<meta property=\"og:site_name\" content=\"Apple bazar\" \/>\n<meta property=\"article:published_time\" content=\"2017-09-24T13:20:38+00:00\" \/>\n<meta property=\"og:image\" content=\"https:\/\/www.letemsvetemapplem.eu\/bazar\/wp-content\/uploads\/2017\/09\/IMG_0758-1.jpg\" \/>\n\t<meta property=\"og:image:width\" content=\"4032\" \/>\n\t<meta property=\"og:image:height\" content=\"3024\" \/>\n\t<meta property=\"og:image:type\" content=\"image\/jpeg\" \/>\n<meta name=\"twitter:card\" content=\"summary_large_image\" \/>\n<script type=\"application\/ld+json\" class=\"yoast-schema-graph\">{\"@context\":\"https:\/\/schema.org\",\"@graph\":[{\"@type\":\"Article\",\"@id\":\"https:\/\/www.letemsvetemapplem.eu\/bazar\/imac-215-konec-roku-2015\/#article\",\"isPartOf\":{\"@id\":\"https:\/\/www.letemsvetemapplem.eu\/bazar\/imac-215-konec-roku-2015\/\"},\"author\":{\"name\":\"\",\"@id\":\"\"},\"headline\":\"iMac 21,5 (konec roku 2015)\",\"datePublished\":\"2017-09-24T13:20:38+00:00\",\"mainEntityOfPage\":{\"@id\":\"https:\/\/www.letemsvetemapplem.eu\/bazar\/imac-215-konec-roku-2015\/\"},\"wordCount\":117,\"commentCount\":0,\"image\":{\"@id\":\"https:\/\/www.letemsvetemapplem.eu\/bazar\/imac-215-konec-roku-2015\/#primaryimage\"},\"thumbnailUrl\":\"https:\/\/www.letemsvetemapplem.eu\/bazar\/wp-content\/uploads\/2017\/09\/IMG_0758-1.jpg\",\"keywords\":[\"iMac\"],\"articleSection\":[\"iMac\"],\"inLanguage\":\"cs\",\"potentialAction\":[{\"@type\":\"CommentAction\",\"name\":\"Comment\",\"target\":[\"https:\/\/www.letemsvetemapplem.eu\/bazar\/imac-215-konec-roku-2015\/#respond\"]}]},{\"@type\":\"WebPage\",\"@id\":\"https:\/\/www.letemsvetemapplem.eu\/bazar\/imac-215-konec-roku-2015\/\",\"url\":\"https:\/\/www.letemsvetemapplem.eu\/bazar\/imac-215-konec-roku-2015\/\",\"name\":\"iMac 21,5 (konec roku 2015) - Apple bazar\",\"isPartOf\":{\"@id\":\"https:\/\/www.letemsvetemapplem.eu\/bazar\/#website\"},\"primaryImageOfPage\":{\"@id\":\"https:\/\/www.letemsvetemapplem.eu\/bazar\/imac-215-konec-roku-2015\/#primaryimage\"},\"image\":{\"@id\":\"https:\/\/www.letemsvetemapplem.eu\/bazar\/imac-215-konec-roku-2015\/#primaryimage\"},\"thumbnailUrl\":\"https:\/\/www.letemsvetemapplem.eu\/bazar\/wp-content\/uploads\/2017\/09\/IMG_0758-1.jpg\",\"datePublished\":\"2017-09-24T13:20:38+00:00\",\"author\":{\"@id\":\"\"},\"breadcrumb\":{\"@id\":\"https:\/\/www.letemsvetemapplem.eu\/bazar\/imac-215-konec-roku-2015\/#breadcrumb\"},\"inLanguage\":\"cs\",\"potentialAction\":[{\"@type\":\"ReadAction\",\"target\":[\"https:\/\/www.letemsvetemapplem.eu\/bazar\/imac-215-konec-roku-2015\/\"]}]},{\"@type\":\"ImageObject\",\"inLanguage\":\"cs\",\"@id\":\"https:\/\/www.letemsvetemapplem.eu\/bazar\/imac-215-konec-roku-2015\/#primaryimage\",\"url\":\"https:\/\/www.letemsvetemapplem.eu\/bazar\/wp-content\/uploads\/2017\/09\/IMG_0758-1.jpg\",\"contentUrl\":\"https:\/\/www.letemsvetemapplem.eu\/bazar\/wp-content\/uploads\/2017\/09\/IMG_0758-1.jpg\",\"width\":4032,\"height\":3024},{\"@type\":\"BreadcrumbList\",\"@id\":\"https:\/\/www.letemsvetemapplem.eu\/bazar\/imac-215-konec-roku-2015\/#breadcrumb\",\"itemListElement\":[{\"@type\":\"ListItem\",\"position\":1,\"name\":\"Apple Bazar\",\"item\":\"https:\/\/www.letemsvetemapplem.eu\/bazar\/\"},{\"@type\":\"ListItem\",\"position\":2,\"name\":\"iMac 21,5 (konec roku 2015)\"}]},{\"@type\":\"WebSite\",\"@id\":\"https:\/\/www.letemsvetemapplem.eu\/bazar\/#website\",\"url\":\"https:\/\/www.letemsvetemapplem.eu\/bazar\/\",\"name\":\"Apple bazar\",\"description\":\"Oou\u017eit\u00e9 Apple produkty za skv\u011bl\u00e9 ceny\",\"potentialAction\":[{\"@type\":\"SearchAction\",\"target\":{\"@type\":\"EntryPoint\",\"urlTemplate\":\"https:\/\/www.letemsvetemapplem.eu\/bazar\/?s={search_term_string}\"},\"query-input\":{\"@type\":\"PropertyValueSpecification\",\"valueRequired\":true,\"valueName\":\"search_term_string\"}}],\"inLanguage\":\"cs\"}]}<\/script>\n<!-- \/ Yoast SEO plugin. -->","yoast_head_json":{"title":"iMac 21,5 (konec roku 2015) - Apple bazar","robots":{"index":"index","follow":"follow","max-snippet":"max-snippet:-1","max-image-preview":"max-image-preview:large","max-video-preview":"max-video-preview:-1"},"canonical":"https:\/\/www.letemsvetemapplem.eu\/bazar\/imac-215-konec-roku-2015\/","og_locale":"cs_CZ","og_type":"article","og_title":"iMac 21,5 (konec roku 2015) - Apple bazar","og_description":"Dobr\u00fd den, nab\u00edz\u00edm k prodeji sv\u016fj iMac (konec roku 2015). Po\u010d\u00edta\u010d byl koupen\u00fd 27.2.2016 v Praze v iWantu. Za\u0159\u00edzen\u00ed je ve v\u00fdborn\u00e9m stavu. tzn.: pou\u017e\u00edvan\u00fd minim\u00e1ln\u011b, bez vad a \u0161kr\u00e1banc\u016f, st\u00e1l na psac\u00edm stole v kancel\u00e1\u0159i. Sou\u010d\u00e1st\u00ed ceny je: origin\u00e1ln\u00ed krabice, Apple Magic Keyboard, Apple Magic Mouse 2, Apple Wired Keyboard s numerickou kl\u00e1vesnic\u00ed a...","og_url":"https:\/\/www.letemsvetemapplem.eu\/bazar\/imac-215-konec-roku-2015\/","og_site_name":"Apple bazar","article_published_time":"2017-09-24T13:20:38+00:00","og_image":[{"width":4032,"height":3024,"url":"https:\/\/www.letemsvetemapplem.eu\/bazar\/wp-content\/uploads\/2017\/09\/IMG_0758-1.jpg","type":"image\/jpeg"}],"twitter_card":"summary_large_image","schema":{"@context":"https:\/\/schema.org","@graph":[{"@type":"Article","@id":"https:\/\/www.letemsvetemapplem.eu\/bazar\/imac-215-konec-roku-2015\/#article","isPartOf":{"@id":"https:\/\/www.letemsvetemapplem.eu\/bazar\/imac-215-konec-roku-2015\/"},"author":{"name":"","@id":""},"headline":"iMac 21,5 (konec roku 2015)","datePublished":"2017-09-24T13:20:38+00:00","mainEntityOfPage":{"@id":"https:\/\/www.letemsvetemapplem.eu\/bazar\/imac-215-konec-roku-2015\/"},"wordCount":117,"commentCount":0,"image":{"@id":"https:\/\/www.letemsvetemapplem.eu\/bazar\/imac-215-konec-roku-2015\/#primaryimage"},"thumbnailUrl":"https:\/\/www.letemsvetemapplem.eu\/bazar\/wp-content\/uploads\/2017\/09\/IMG_0758-1.jpg","keywords":["iMac"],"articleSection":["iMac"],"inLanguage":"cs","potentialAction":[{"@type":"CommentAction","name":"Comment","target":["https:\/\/www.letemsvetemapplem.eu\/bazar\/imac-215-konec-roku-2015\/#respond"]}]},{"@type":"WebPage","@id":"https:\/\/www.letemsvetemapplem.eu\/bazar\/imac-215-konec-roku-2015\/","url":"https:\/\/www.letemsvetemapplem.eu\/bazar\/imac-215-konec-roku-2015\/","name":"iMac 21,5 (konec roku 2015) - Apple bazar","isPartOf":{"@id":"https:\/\/www.letemsvetemapplem.eu\/bazar\/#website"},"primaryImageOfPage":{"@id":"https:\/\/www.letemsvetemapplem.eu\/bazar\/imac-215-konec-roku-2015\/#primaryimage"},"image":{"@id":"https:\/\/www.letemsvetemapplem.eu\/bazar\/imac-215-konec-roku-2015\/#primaryimage"},"thumbnailUrl":"https:\/\/www.letemsvetemapplem.eu\/bazar\/wp-content\/uploads\/2017\/09\/IMG_0758-1.jpg","datePublished":"2017-09-24T13:20:38+00:00","author":{"@id":""},"breadcrumb":{"@id":"https:\/\/www.letemsvetemapplem.eu\/bazar\/imac-215-konec-roku-2015\/#breadcrumb"},"inLanguage":"cs","potentialAction":[{"@type":"ReadAction","target":["https:\/\/www.letemsvetemapplem.eu\/bazar\/imac-215-konec-roku-2015\/"]}]},{"@type":"ImageObject","inLanguage":"cs","@id":"https:\/\/www.letemsvetemapplem.eu\/bazar\/imac-215-konec-roku-2015\/#primaryimage","url":"https:\/\/www.letemsvetemapplem.eu\/bazar\/wp-content\/uploads\/2017\/09\/IMG_0758-1.jpg","contentUrl":"https:\/\/www.letemsvetemapplem.eu\/bazar\/wp-content\/uploads\/2017\/09\/IMG_0758-1.jpg","width":4032,"height":3024},{"@type":"BreadcrumbList","@id":"https:\/\/www.letemsvetemapplem.eu\/bazar\/imac-215-konec-roku-2015\/#breadcrumb","itemListElement":[{"@type":"ListItem","position":1,"name":"Apple Bazar","item":"https:\/\/www.letemsvetemapplem.eu\/bazar\/"},{"@type":"ListItem","position":2,"name":"iMac 21,5 (konec roku 2015)"}]},{"@type":"WebSite","@id":"https:\/\/www.letemsvetemapplem.eu\/bazar\/#website","url":"https:\/\/www.letemsvetemapplem.eu\/bazar\/","name":"Apple bazar","description":"Oou\u017eit\u00e9 Apple produkty za skv\u011bl\u00e9 ceny","potentialAction":[{"@type":"SearchAction","target":{"@type":"EntryPoint","urlTemplate":"https:\/\/www.letemsvetemapplem.eu\/bazar\/?s={search_term_string}"},"query-input":{"@type":"PropertyValueSpecification","valueRequired":true,"valueName":"search_term_string"}}],"inLanguage":"cs"}]}},"_links":{"self":[{"href":"https:\/\/www.letemsvetemapplem.eu\/bazar\/wp-json\/wp\/v2\/posts\/43566","targetHints":{"allow":["GET"]}}],"collection":[{"href":"https:\/\/www.letemsvetemapplem.eu\/bazar\/wp-json\/wp\/v2\/posts"}],"about":[{"href":"https:\/\/www.letemsvetemapplem.eu\/bazar\/wp-json\/wp\/v2\/types\/post"}],"replies":[{"embeddable":true,"href":"https:\/\/www.letemsvetemapplem.eu\/bazar\/wp-json\/wp\/v2\/comments?post=43566"}],"version-history":[{"count":0,"href":"https:\/\/www.letemsvetemapplem.eu\/bazar\/wp-json\/wp\/v2\/posts\/43566\/revisions"}],"wp:featuredmedia":[{"embeddable":true,"href":"https:\/\/www.letemsvetemapplem.eu\/bazar\/wp-json\/wp\/v2\/media\/43567"}],"wp:attachment":[{"href":"https:\/\/www.letemsvetemapplem.eu\/bazar\/wp-json\/wp\/v2\/media?parent=43566"}],"wp:term":[{"taxonomy":"category","embeddable":true,"href":"https:\/\/www.letemsvetemapplem.eu\/bazar\/wp-json\/wp\/v2\/categories?post=43566"},{"taxonomy":"post_tag","embeddable":true,"href":"https:\/\/www.letemsvetemapplem.eu\/bazar\/wp-json\/wp\/v2\/tags?post=43566"}],"curies":[{"name":"wp","href":"https:\/\/api.w.org\/{rel}","templated":true}]}}