{"id":41315,"date":"2017-09-10T22:32:38","date_gmt":"2017-09-10T21:32:38","guid":{"rendered":"https:\/\/www.letemsvetemapplem.eu\/bazar\/?p=41315"},"modified":"2017-09-10T22:32:38","modified_gmt":"2017-09-10T21:32:38","slug":"predam-macbook-pro-15-inch-mid-2014-2","status":"publish","type":"post","link":"https:\/\/www.letemsvetemapplem.eu\/bazar\/predam-macbook-pro-15-inch-mid-2014-2\/","title":{"rendered":"Pred\u00e1m Macbook Pro 15-inch Mid 2014"},"content":{"rendered":"<p>Pred\u00e1m Macbook Pro 15-inch Mid 2014<br \/>\nTip top stav, \u00faplne ako nov\u00fd. Ve\u013emi m\u00e1lo vyu\u017e\u00edvan\u00fd o \u010dom sved\u010dia i cykle bat\u00e9rie.<br \/>\n&#8211; s pr\u00edslu\u0161enstvom: krabica a nab\u00edja\u010dka (bez predl\u017eovacieho k\u00e1blu)<\/p>\n<p>PARAMETRE:<br \/>\nBat\u00e9ria: 37 cyklov<br \/>\n256 GB SSD disk<br \/>\nProcesor. 2,2 GHz Intel Core i7<br \/>\nRAM: 16 GB MHz DDR3<br \/>\nGrafika: Intel Iris Pro 1536 MB<\/p>\n<p>V pr\u00edpade z\u00e1ujmu, alebo viac inform\u00e1cii p\u00ed\u0161te pros\u00edm na mail.\u00a0<br \/>\nPreferujem iba osobn\u00fd odber v BA alebo v BB, kv\u00f4li osobn\u00e9mu obzretiu a vysk\u00fa\u0161aniu.<br \/>\nNEVYMIE\u0147AM!\u00a0<\/p>\n<p>Inzer\u00e1t je platn\u00fd do zmazania<\/p>\n","protected":false},"excerpt":{"rendered":"<p>Pred\u00e1m Macbook Pro 15-inch Mid 2014 Tip top stav, \u00faplne ako nov\u00fd. Ve\u013emi m\u00e1lo vyu\u017e\u00edvan\u00fd o \u010dom sved\u010dia i cykle bat\u00e9rie. &#8211; s pr\u00edslu\u0161enstvom: krabica a nab\u00edja\u010dka (bez predl\u017eovacieho k\u00e1blu) PARAMETRE: Bat\u00e9ria: 37 cyklov 256 GB SSD disk Procesor. 2,2 GHz Intel Core i7 RAM: 16 GB MHz DDR3 Grafika: Intel Iris Pro 1536 MB&#8230;<\/p>\n","protected":false},"author":0,"featured_media":41316,"comment_status":"open","ping_status":"open","sticky":false,"template":"","format":"standard","meta":{"footnotes":""},"categories":[48],"tags":[65],"class_list":["post-41315","post","type-post","status-publish","format-standard","has-post-thumbnail","hentry","category-macbook-pro","tag-macbook-pro"],"yoast_head":"<!-- This site is optimized with the Yoast SEO plugin v27.2 - https:\/\/yoast.com\/product\/yoast-seo-wordpress\/ -->\n<title>Pred\u00e1m Macbook Pro 15-inch Mid 2014 - Apple bazar<\/title>\n<meta name=\"robots\" content=\"index, follow, max-snippet:-1, max-image-preview:large, max-video-preview:-1\" \/>\n<link rel=\"canonical\" href=\"https:\/\/www.letemsvetemapplem.eu\/bazar\/predam-macbook-pro-15-inch-mid-2014-2\/\" \/>\n<meta property=\"og:locale\" content=\"cs_CZ\" \/>\n<meta property=\"og:type\" content=\"article\" \/>\n<meta property=\"og:title\" content=\"Pred\u00e1m Macbook Pro 15-inch Mid 2014 - Apple bazar\" \/>\n<meta property=\"og:description\" content=\"Pred\u00e1m Macbook Pro 15-inch Mid 2014 Tip top stav, \u00faplne ako nov\u00fd. Ve\u013emi m\u00e1lo vyu\u017e\u00edvan\u00fd o \u010dom sved\u010dia i cykle bat\u00e9rie. &#8211; s pr\u00edslu\u0161enstvom: krabica a nab\u00edja\u010dka (bez predl\u017eovacieho k\u00e1blu) PARAMETRE: Bat\u00e9ria: 37 cyklov 256 GB SSD disk Procesor. 2,2 GHz Intel Core i7 RAM: 16 GB MHz DDR3 Grafika: Intel Iris Pro 1536 MB...\" \/>\n<meta property=\"og:url\" content=\"https:\/\/www.letemsvetemapplem.eu\/bazar\/predam-macbook-pro-15-inch-mid-2014-2\/\" \/>\n<meta property=\"og:site_name\" content=\"Apple bazar\" \/>\n<meta property=\"article:published_time\" content=\"2017-09-10T21:32:38+00:00\" \/>\n<meta property=\"og:image\" content=\"https:\/\/www.letemsvetemapplem.eu\/bazar\/wp-content\/uploads\/2017\/09\/IMG_1610.jpg\" \/>\n\t<meta property=\"og:image:width\" content=\"4032\" \/>\n\t<meta property=\"og:image:height\" content=\"3024\" \/>\n\t<meta property=\"og:image:type\" content=\"image\/jpeg\" \/>\n<meta name=\"twitter:card\" content=\"summary_large_image\" \/>\n<script type=\"application\/ld+json\" class=\"yoast-schema-graph\">{\"@context\":\"https:\/\/schema.org\",\"@graph\":[{\"@type\":\"Article\",\"@id\":\"https:\/\/www.letemsvetemapplem.eu\/bazar\/predam-macbook-pro-15-inch-mid-2014-2\/#article\",\"isPartOf\":{\"@id\":\"https:\/\/www.letemsvetemapplem.eu\/bazar\/predam-macbook-pro-15-inch-mid-2014-2\/\"},\"author\":{\"name\":\"\",\"@id\":\"\"},\"headline\":\"Pred\u00e1m Macbook Pro 15-inch Mid 2014\",\"datePublished\":\"2017-09-10T21:32:38+00:00\",\"mainEntityOfPage\":{\"@id\":\"https:\/\/www.letemsvetemapplem.eu\/bazar\/predam-macbook-pro-15-inch-mid-2014-2\/\"},\"wordCount\":108,\"commentCount\":0,\"image\":{\"@id\":\"https:\/\/www.letemsvetemapplem.eu\/bazar\/predam-macbook-pro-15-inch-mid-2014-2\/#primaryimage\"},\"thumbnailUrl\":\"https:\/\/www.letemsvetemapplem.eu\/bazar\/wp-content\/uploads\/2017\/09\/IMG_1610.jpg\",\"keywords\":[\"MacBook Pro\"],\"articleSection\":[\"MacBook Pro\"],\"inLanguage\":\"cs\",\"potentialAction\":[{\"@type\":\"CommentAction\",\"name\":\"Comment\",\"target\":[\"https:\/\/www.letemsvetemapplem.eu\/bazar\/predam-macbook-pro-15-inch-mid-2014-2\/#respond\"]}]},{\"@type\":\"WebPage\",\"@id\":\"https:\/\/www.letemsvetemapplem.eu\/bazar\/predam-macbook-pro-15-inch-mid-2014-2\/\",\"url\":\"https:\/\/www.letemsvetemapplem.eu\/bazar\/predam-macbook-pro-15-inch-mid-2014-2\/\",\"name\":\"Pred\u00e1m Macbook Pro 15-inch Mid 2014 - Apple bazar\",\"isPartOf\":{\"@id\":\"https:\/\/www.letemsvetemapplem.eu\/bazar\/#website\"},\"primaryImageOfPage\":{\"@id\":\"https:\/\/www.letemsvetemapplem.eu\/bazar\/predam-macbook-pro-15-inch-mid-2014-2\/#primaryimage\"},\"image\":{\"@id\":\"https:\/\/www.letemsvetemapplem.eu\/bazar\/predam-macbook-pro-15-inch-mid-2014-2\/#primaryimage\"},\"thumbnailUrl\":\"https:\/\/www.letemsvetemapplem.eu\/bazar\/wp-content\/uploads\/2017\/09\/IMG_1610.jpg\",\"datePublished\":\"2017-09-10T21:32:38+00:00\",\"author\":{\"@id\":\"\"},\"breadcrumb\":{\"@id\":\"https:\/\/www.letemsvetemapplem.eu\/bazar\/predam-macbook-pro-15-inch-mid-2014-2\/#breadcrumb\"},\"inLanguage\":\"cs\",\"potentialAction\":[{\"@type\":\"ReadAction\",\"target\":[\"https:\/\/www.letemsvetemapplem.eu\/bazar\/predam-macbook-pro-15-inch-mid-2014-2\/\"]}]},{\"@type\":\"ImageObject\",\"inLanguage\":\"cs\",\"@id\":\"https:\/\/www.letemsvetemapplem.eu\/bazar\/predam-macbook-pro-15-inch-mid-2014-2\/#primaryimage\",\"url\":\"https:\/\/www.letemsvetemapplem.eu\/bazar\/wp-content\/uploads\/2017\/09\/IMG_1610.jpg\",\"contentUrl\":\"https:\/\/www.letemsvetemapplem.eu\/bazar\/wp-content\/uploads\/2017\/09\/IMG_1610.jpg\",\"width\":4032,\"height\":3024},{\"@type\":\"BreadcrumbList\",\"@id\":\"https:\/\/www.letemsvetemapplem.eu\/bazar\/predam-macbook-pro-15-inch-mid-2014-2\/#breadcrumb\",\"itemListElement\":[{\"@type\":\"ListItem\",\"position\":1,\"name\":\"Apple Bazar\",\"item\":\"https:\/\/www.letemsvetemapplem.eu\/bazar\/\"},{\"@type\":\"ListItem\",\"position\":2,\"name\":\"Pred\u00e1m Macbook Pro 15-inch Mid 2014\"}]},{\"@type\":\"WebSite\",\"@id\":\"https:\/\/www.letemsvetemapplem.eu\/bazar\/#website\",\"url\":\"https:\/\/www.letemsvetemapplem.eu\/bazar\/\",\"name\":\"Apple bazar\",\"description\":\"Oou\u017eit\u00e9 Apple produkty za skv\u011bl\u00e9 ceny\",\"potentialAction\":[{\"@type\":\"SearchAction\",\"target\":{\"@type\":\"EntryPoint\",\"urlTemplate\":\"https:\/\/www.letemsvetemapplem.eu\/bazar\/?s={search_term_string}\"},\"query-input\":{\"@type\":\"PropertyValueSpecification\",\"valueRequired\":true,\"valueName\":\"search_term_string\"}}],\"inLanguage\":\"cs\"}]}<\/script>\n<!-- \/ Yoast SEO plugin. -->","yoast_head_json":{"title":"Pred\u00e1m Macbook Pro 15-inch Mid 2014 - Apple bazar","robots":{"index":"index","follow":"follow","max-snippet":"max-snippet:-1","max-image-preview":"max-image-preview:large","max-video-preview":"max-video-preview:-1"},"canonical":"https:\/\/www.letemsvetemapplem.eu\/bazar\/predam-macbook-pro-15-inch-mid-2014-2\/","og_locale":"cs_CZ","og_type":"article","og_title":"Pred\u00e1m Macbook Pro 15-inch Mid 2014 - Apple bazar","og_description":"Pred\u00e1m Macbook Pro 15-inch Mid 2014 Tip top stav, \u00faplne ako nov\u00fd. Ve\u013emi m\u00e1lo vyu\u017e\u00edvan\u00fd o \u010dom sved\u010dia i cykle bat\u00e9rie. &#8211; s pr\u00edslu\u0161enstvom: krabica a nab\u00edja\u010dka (bez predl\u017eovacieho k\u00e1blu) PARAMETRE: Bat\u00e9ria: 37 cyklov 256 GB SSD disk Procesor. 2,2 GHz Intel Core i7 RAM: 16 GB MHz DDR3 Grafika: Intel Iris Pro 1536 MB...","og_url":"https:\/\/www.letemsvetemapplem.eu\/bazar\/predam-macbook-pro-15-inch-mid-2014-2\/","og_site_name":"Apple bazar","article_published_time":"2017-09-10T21:32:38+00:00","og_image":[{"width":4032,"height":3024,"url":"https:\/\/www.letemsvetemapplem.eu\/bazar\/wp-content\/uploads\/2017\/09\/IMG_1610.jpg","type":"image\/jpeg"}],"twitter_card":"summary_large_image","schema":{"@context":"https:\/\/schema.org","@graph":[{"@type":"Article","@id":"https:\/\/www.letemsvetemapplem.eu\/bazar\/predam-macbook-pro-15-inch-mid-2014-2\/#article","isPartOf":{"@id":"https:\/\/www.letemsvetemapplem.eu\/bazar\/predam-macbook-pro-15-inch-mid-2014-2\/"},"author":{"name":"","@id":""},"headline":"Pred\u00e1m Macbook Pro 15-inch Mid 2014","datePublished":"2017-09-10T21:32:38+00:00","mainEntityOfPage":{"@id":"https:\/\/www.letemsvetemapplem.eu\/bazar\/predam-macbook-pro-15-inch-mid-2014-2\/"},"wordCount":108,"commentCount":0,"image":{"@id":"https:\/\/www.letemsvetemapplem.eu\/bazar\/predam-macbook-pro-15-inch-mid-2014-2\/#primaryimage"},"thumbnailUrl":"https:\/\/www.letemsvetemapplem.eu\/bazar\/wp-content\/uploads\/2017\/09\/IMG_1610.jpg","keywords":["MacBook Pro"],"articleSection":["MacBook Pro"],"inLanguage":"cs","potentialAction":[{"@type":"CommentAction","name":"Comment","target":["https:\/\/www.letemsvetemapplem.eu\/bazar\/predam-macbook-pro-15-inch-mid-2014-2\/#respond"]}]},{"@type":"WebPage","@id":"https:\/\/www.letemsvetemapplem.eu\/bazar\/predam-macbook-pro-15-inch-mid-2014-2\/","url":"https:\/\/www.letemsvetemapplem.eu\/bazar\/predam-macbook-pro-15-inch-mid-2014-2\/","name":"Pred\u00e1m Macbook Pro 15-inch Mid 2014 - Apple bazar","isPartOf":{"@id":"https:\/\/www.letemsvetemapplem.eu\/bazar\/#website"},"primaryImageOfPage":{"@id":"https:\/\/www.letemsvetemapplem.eu\/bazar\/predam-macbook-pro-15-inch-mid-2014-2\/#primaryimage"},"image":{"@id":"https:\/\/www.letemsvetemapplem.eu\/bazar\/predam-macbook-pro-15-inch-mid-2014-2\/#primaryimage"},"thumbnailUrl":"https:\/\/www.letemsvetemapplem.eu\/bazar\/wp-content\/uploads\/2017\/09\/IMG_1610.jpg","datePublished":"2017-09-10T21:32:38+00:00","author":{"@id":""},"breadcrumb":{"@id":"https:\/\/www.letemsvetemapplem.eu\/bazar\/predam-macbook-pro-15-inch-mid-2014-2\/#breadcrumb"},"inLanguage":"cs","potentialAction":[{"@type":"ReadAction","target":["https:\/\/www.letemsvetemapplem.eu\/bazar\/predam-macbook-pro-15-inch-mid-2014-2\/"]}]},{"@type":"ImageObject","inLanguage":"cs","@id":"https:\/\/www.letemsvetemapplem.eu\/bazar\/predam-macbook-pro-15-inch-mid-2014-2\/#primaryimage","url":"https:\/\/www.letemsvetemapplem.eu\/bazar\/wp-content\/uploads\/2017\/09\/IMG_1610.jpg","contentUrl":"https:\/\/www.letemsvetemapplem.eu\/bazar\/wp-content\/uploads\/2017\/09\/IMG_1610.jpg","width":4032,"height":3024},{"@type":"BreadcrumbList","@id":"https:\/\/www.letemsvetemapplem.eu\/bazar\/predam-macbook-pro-15-inch-mid-2014-2\/#breadcrumb","itemListElement":[{"@type":"ListItem","position":1,"name":"Apple Bazar","item":"https:\/\/www.letemsvetemapplem.eu\/bazar\/"},{"@type":"ListItem","position":2,"name":"Pred\u00e1m Macbook Pro 15-inch Mid 2014"}]},{"@type":"WebSite","@id":"https:\/\/www.letemsvetemapplem.eu\/bazar\/#website","url":"https:\/\/www.letemsvetemapplem.eu\/bazar\/","name":"Apple bazar","description":"Oou\u017eit\u00e9 Apple produkty za skv\u011bl\u00e9 ceny","potentialAction":[{"@type":"SearchAction","target":{"@type":"EntryPoint","urlTemplate":"https:\/\/www.letemsvetemapplem.eu\/bazar\/?s={search_term_string}"},"query-input":{"@type":"PropertyValueSpecification","valueRequired":true,"valueName":"search_term_string"}}],"inLanguage":"cs"}]}},"_links":{"self":[{"href":"https:\/\/www.letemsvetemapplem.eu\/bazar\/wp-json\/wp\/v2\/posts\/41315","targetHints":{"allow":["GET"]}}],"collection":[{"href":"https:\/\/www.letemsvetemapplem.eu\/bazar\/wp-json\/wp\/v2\/posts"}],"about":[{"href":"https:\/\/www.letemsvetemapplem.eu\/bazar\/wp-json\/wp\/v2\/types\/post"}],"replies":[{"embeddable":true,"href":"https:\/\/www.letemsvetemapplem.eu\/bazar\/wp-json\/wp\/v2\/comments?post=41315"}],"version-history":[{"count":0,"href":"https:\/\/www.letemsvetemapplem.eu\/bazar\/wp-json\/wp\/v2\/posts\/41315\/revisions"}],"wp:featuredmedia":[{"embeddable":true,"href":"https:\/\/www.letemsvetemapplem.eu\/bazar\/wp-json\/wp\/v2\/media\/41316"}],"wp:attachment":[{"href":"https:\/\/www.letemsvetemapplem.eu\/bazar\/wp-json\/wp\/v2\/media?parent=41315"}],"wp:term":[{"taxonomy":"category","embeddable":true,"href":"https:\/\/www.letemsvetemapplem.eu\/bazar\/wp-json\/wp\/v2\/categories?post=41315"},{"taxonomy":"post_tag","embeddable":true,"href":"https:\/\/www.letemsvetemapplem.eu\/bazar\/wp-json\/wp\/v2\/tags?post=41315"}],"curies":[{"name":"wp","href":"https:\/\/api.w.org\/{rel}","templated":true}]}}