{"id":40496,"date":"2017-09-06T09:08:09","date_gmt":"2017-09-06T08:08:09","guid":{"rendered":"https:\/\/www.letemsvetemapplem.eu\/bazar\/?p=40496"},"modified":"2017-09-06T09:08:09","modified_gmt":"2017-09-06T08:08:09","slug":"imac-27-inch-late-2012-i5-16gb-ram","status":"publish","type":"post","link":"https:\/\/www.letemsvetemapplem.eu\/bazar\/imac-27-inch-late-2012-i5-16gb-ram\/","title":{"rendered":"iMac (27-inch, Late 2012), i5, 16GB RAM"},"content":{"rendered":"<p>Nab\u00edz\u00edm pou\u017e\u00edvan\u00fd (na b\u011b\u017en\u00fd kancel\u00e1\u0159sk\u00fd provoz) iMac (27-inch, Late 2012), p\u0159esn\u011bji v konfiguraci:<\/p>\n<p>All in one po\u010d\u00edta\u010d s IPS displejem velikosti 27&quot;, rozli\u0161en\u00ed 2560 x 1440 bod\u016f, LED podsv\u00edcen\u00ed, \u010dty\u0159j\u00e1drov\u00fd procesor Intel Core i5 (6M Cache, 3.2GHz, 3.6 GHz Turbo), 16 GB opera\u010dn\u00ed pam\u011bti DDR3 (maximum 32GB), grafick\u00e1 karta NVIDIA GeForce GTX 675MX (1024MB GDDR5), pevn\u00fd disk s kapacitou 1 TB, WiFi, GLAN, Bluetooth 4.0, FaceTime HD webkamera, reproduktory, 2x Thunderbolt, 4x USB 3.0, Apple Mac OS X 10.9.5 (lze instalovat nejnov\u011bj\u0161\u00ed OSX)<\/p>\n<p>Po\u010d\u00edta\u010d je ve 100% technick\u00e9m i optick\u00e9m stavu, pracuje bez probl\u00e9m\u016f, display je bez vad.<\/p>\n<p>Dovezu po Praze, zapoj\u00edm, p\u0159\u00edpadn\u011b vysv\u011btl\u00edm ovl\u00e1d\u00e1n\u00ed Mac OS. Pouze Praha a bl\u00edzk\u00e9 okol\u00ed, nepos\u00edl\u00e1m po\u0161tou atd.<\/p>\n<p>P\u0159i rychl\u00e9m a solidn\u00edm jedn\u00e1n\u00ed sleva.<\/p>\n","protected":false},"excerpt":{"rendered":"<p>Nab\u00edz\u00edm pou\u017e\u00edvan\u00fd (na b\u011b\u017en\u00fd kancel\u00e1\u0159sk\u00fd provoz) iMac (27-inch, Late 2012), p\u0159esn\u011bji v konfiguraci: All in one po\u010d\u00edta\u010d s IPS displejem velikosti 27&quot;, rozli\u0161en\u00ed 2560 x 1440 bod\u016f, LED podsv\u00edcen\u00ed, \u010dty\u0159j\u00e1drov\u00fd procesor Intel Core i5 (6M Cache, 3.2GHz, 3.6 GHz Turbo), 16 GB opera\u010dn\u00ed pam\u011bti DDR3 (maximum 32GB), grafick\u00e1 karta NVIDIA GeForce GTX 675MX (1024MB GDDR5),&#8230;<\/p>\n","protected":false},"author":0,"featured_media":40497,"comment_status":"open","ping_status":"open","sticky":false,"template":"","format":"standard","meta":{"footnotes":""},"categories":[41],"tags":[77],"class_list":["post-40496","post","type-post","status-publish","format-standard","has-post-thumbnail","hentry","category-imac","tag-imac"],"yoast_head":"<!-- This site is optimized with the Yoast SEO plugin v27.2 - https:\/\/yoast.com\/product\/yoast-seo-wordpress\/ -->\n<title>iMac (27-inch, Late 2012), i5, 16GB RAM - Apple bazar<\/title>\n<meta name=\"robots\" content=\"index, follow, max-snippet:-1, max-image-preview:large, max-video-preview:-1\" \/>\n<link rel=\"canonical\" href=\"https:\/\/www.letemsvetemapplem.eu\/bazar\/imac-27-inch-late-2012-i5-16gb-ram\/\" \/>\n<meta property=\"og:locale\" content=\"cs_CZ\" \/>\n<meta property=\"og:type\" content=\"article\" \/>\n<meta property=\"og:title\" content=\"iMac (27-inch, Late 2012), i5, 16GB RAM - Apple bazar\" \/>\n<meta property=\"og:description\" content=\"Nab\u00edz\u00edm pou\u017e\u00edvan\u00fd (na b\u011b\u017en\u00fd kancel\u00e1\u0159sk\u00fd provoz) iMac (27-inch, Late 2012), p\u0159esn\u011bji v konfiguraci: All in one po\u010d\u00edta\u010d s IPS displejem velikosti 27&quot;, rozli\u0161en\u00ed 2560 x 1440 bod\u016f, LED podsv\u00edcen\u00ed, \u010dty\u0159j\u00e1drov\u00fd procesor Intel Core i5 (6M Cache, 3.2GHz, 3.6 GHz Turbo), 16 GB opera\u010dn\u00ed pam\u011bti DDR3 (maximum 32GB), grafick\u00e1 karta NVIDIA GeForce GTX 675MX (1024MB GDDR5),...\" \/>\n<meta property=\"og:url\" content=\"https:\/\/www.letemsvetemapplem.eu\/bazar\/imac-27-inch-late-2012-i5-16gb-ram\/\" \/>\n<meta property=\"og:site_name\" content=\"Apple bazar\" \/>\n<meta property=\"article:published_time\" content=\"2017-09-06T08:08:09+00:00\" \/>\n<meta property=\"og:image\" content=\"https:\/\/www.letemsvetemapplem.eu\/bazar\/wp-content\/uploads\/2017\/09\/IMG_6324.jpg\" \/>\n\t<meta property=\"og:image:width\" content=\"2016\" \/>\n\t<meta property=\"og:image:height\" content=\"1512\" \/>\n\t<meta property=\"og:image:type\" content=\"image\/jpeg\" \/>\n<meta name=\"twitter:card\" content=\"summary_large_image\" \/>\n<script type=\"application\/ld+json\" class=\"yoast-schema-graph\">{\"@context\":\"https:\/\/schema.org\",\"@graph\":[{\"@type\":\"Article\",\"@id\":\"https:\/\/www.letemsvetemapplem.eu\/bazar\/imac-27-inch-late-2012-i5-16gb-ram\/#article\",\"isPartOf\":{\"@id\":\"https:\/\/www.letemsvetemapplem.eu\/bazar\/imac-27-inch-late-2012-i5-16gb-ram\/\"},\"author\":{\"name\":\"\",\"@id\":\"\"},\"headline\":\"iMac (27-inch, Late 2012), i5, 16GB RAM\",\"datePublished\":\"2017-09-06T08:08:09+00:00\",\"mainEntityOfPage\":{\"@id\":\"https:\/\/www.letemsvetemapplem.eu\/bazar\/imac-27-inch-late-2012-i5-16gb-ram\/\"},\"wordCount\":150,\"commentCount\":0,\"image\":{\"@id\":\"https:\/\/www.letemsvetemapplem.eu\/bazar\/imac-27-inch-late-2012-i5-16gb-ram\/#primaryimage\"},\"thumbnailUrl\":\"https:\/\/www.letemsvetemapplem.eu\/bazar\/wp-content\/uploads\/2017\/09\/IMG_6324.jpg\",\"keywords\":[\"iMac\"],\"articleSection\":[\"iMac\"],\"inLanguage\":\"cs\",\"potentialAction\":[{\"@type\":\"CommentAction\",\"name\":\"Comment\",\"target\":[\"https:\/\/www.letemsvetemapplem.eu\/bazar\/imac-27-inch-late-2012-i5-16gb-ram\/#respond\"]}]},{\"@type\":\"WebPage\",\"@id\":\"https:\/\/www.letemsvetemapplem.eu\/bazar\/imac-27-inch-late-2012-i5-16gb-ram\/\",\"url\":\"https:\/\/www.letemsvetemapplem.eu\/bazar\/imac-27-inch-late-2012-i5-16gb-ram\/\",\"name\":\"iMac (27-inch, Late 2012), i5, 16GB RAM - Apple bazar\",\"isPartOf\":{\"@id\":\"https:\/\/www.letemsvetemapplem.eu\/bazar\/#website\"},\"primaryImageOfPage\":{\"@id\":\"https:\/\/www.letemsvetemapplem.eu\/bazar\/imac-27-inch-late-2012-i5-16gb-ram\/#primaryimage\"},\"image\":{\"@id\":\"https:\/\/www.letemsvetemapplem.eu\/bazar\/imac-27-inch-late-2012-i5-16gb-ram\/#primaryimage\"},\"thumbnailUrl\":\"https:\/\/www.letemsvetemapplem.eu\/bazar\/wp-content\/uploads\/2017\/09\/IMG_6324.jpg\",\"datePublished\":\"2017-09-06T08:08:09+00:00\",\"author\":{\"@id\":\"\"},\"breadcrumb\":{\"@id\":\"https:\/\/www.letemsvetemapplem.eu\/bazar\/imac-27-inch-late-2012-i5-16gb-ram\/#breadcrumb\"},\"inLanguage\":\"cs\",\"potentialAction\":[{\"@type\":\"ReadAction\",\"target\":[\"https:\/\/www.letemsvetemapplem.eu\/bazar\/imac-27-inch-late-2012-i5-16gb-ram\/\"]}]},{\"@type\":\"ImageObject\",\"inLanguage\":\"cs\",\"@id\":\"https:\/\/www.letemsvetemapplem.eu\/bazar\/imac-27-inch-late-2012-i5-16gb-ram\/#primaryimage\",\"url\":\"https:\/\/www.letemsvetemapplem.eu\/bazar\/wp-content\/uploads\/2017\/09\/IMG_6324.jpg\",\"contentUrl\":\"https:\/\/www.letemsvetemapplem.eu\/bazar\/wp-content\/uploads\/2017\/09\/IMG_6324.jpg\",\"width\":2016,\"height\":1512},{\"@type\":\"BreadcrumbList\",\"@id\":\"https:\/\/www.letemsvetemapplem.eu\/bazar\/imac-27-inch-late-2012-i5-16gb-ram\/#breadcrumb\",\"itemListElement\":[{\"@type\":\"ListItem\",\"position\":1,\"name\":\"Apple Bazar\",\"item\":\"https:\/\/www.letemsvetemapplem.eu\/bazar\/\"},{\"@type\":\"ListItem\",\"position\":2,\"name\":\"iMac (27-inch, Late 2012), i5, 16GB RAM\"}]},{\"@type\":\"WebSite\",\"@id\":\"https:\/\/www.letemsvetemapplem.eu\/bazar\/#website\",\"url\":\"https:\/\/www.letemsvetemapplem.eu\/bazar\/\",\"name\":\"Apple bazar\",\"description\":\"Oou\u017eit\u00e9 Apple produkty za skv\u011bl\u00e9 ceny\",\"potentialAction\":[{\"@type\":\"SearchAction\",\"target\":{\"@type\":\"EntryPoint\",\"urlTemplate\":\"https:\/\/www.letemsvetemapplem.eu\/bazar\/?s={search_term_string}\"},\"query-input\":{\"@type\":\"PropertyValueSpecification\",\"valueRequired\":true,\"valueName\":\"search_term_string\"}}],\"inLanguage\":\"cs\"}]}<\/script>\n<!-- \/ Yoast SEO plugin. -->","yoast_head_json":{"title":"iMac (27-inch, Late 2012), i5, 16GB RAM - Apple bazar","robots":{"index":"index","follow":"follow","max-snippet":"max-snippet:-1","max-image-preview":"max-image-preview:large","max-video-preview":"max-video-preview:-1"},"canonical":"https:\/\/www.letemsvetemapplem.eu\/bazar\/imac-27-inch-late-2012-i5-16gb-ram\/","og_locale":"cs_CZ","og_type":"article","og_title":"iMac (27-inch, Late 2012), i5, 16GB RAM - Apple bazar","og_description":"Nab\u00edz\u00edm pou\u017e\u00edvan\u00fd (na b\u011b\u017en\u00fd kancel\u00e1\u0159sk\u00fd provoz) iMac (27-inch, Late 2012), p\u0159esn\u011bji v konfiguraci: All in one po\u010d\u00edta\u010d s IPS displejem velikosti 27&quot;, rozli\u0161en\u00ed 2560 x 1440 bod\u016f, LED podsv\u00edcen\u00ed, \u010dty\u0159j\u00e1drov\u00fd procesor Intel Core i5 (6M Cache, 3.2GHz, 3.6 GHz Turbo), 16 GB opera\u010dn\u00ed pam\u011bti DDR3 (maximum 32GB), grafick\u00e1 karta NVIDIA GeForce GTX 675MX (1024MB GDDR5),...","og_url":"https:\/\/www.letemsvetemapplem.eu\/bazar\/imac-27-inch-late-2012-i5-16gb-ram\/","og_site_name":"Apple bazar","article_published_time":"2017-09-06T08:08:09+00:00","og_image":[{"width":2016,"height":1512,"url":"https:\/\/www.letemsvetemapplem.eu\/bazar\/wp-content\/uploads\/2017\/09\/IMG_6324.jpg","type":"image\/jpeg"}],"twitter_card":"summary_large_image","schema":{"@context":"https:\/\/schema.org","@graph":[{"@type":"Article","@id":"https:\/\/www.letemsvetemapplem.eu\/bazar\/imac-27-inch-late-2012-i5-16gb-ram\/#article","isPartOf":{"@id":"https:\/\/www.letemsvetemapplem.eu\/bazar\/imac-27-inch-late-2012-i5-16gb-ram\/"},"author":{"name":"","@id":""},"headline":"iMac (27-inch, Late 2012), i5, 16GB RAM","datePublished":"2017-09-06T08:08:09+00:00","mainEntityOfPage":{"@id":"https:\/\/www.letemsvetemapplem.eu\/bazar\/imac-27-inch-late-2012-i5-16gb-ram\/"},"wordCount":150,"commentCount":0,"image":{"@id":"https:\/\/www.letemsvetemapplem.eu\/bazar\/imac-27-inch-late-2012-i5-16gb-ram\/#primaryimage"},"thumbnailUrl":"https:\/\/www.letemsvetemapplem.eu\/bazar\/wp-content\/uploads\/2017\/09\/IMG_6324.jpg","keywords":["iMac"],"articleSection":["iMac"],"inLanguage":"cs","potentialAction":[{"@type":"CommentAction","name":"Comment","target":["https:\/\/www.letemsvetemapplem.eu\/bazar\/imac-27-inch-late-2012-i5-16gb-ram\/#respond"]}]},{"@type":"WebPage","@id":"https:\/\/www.letemsvetemapplem.eu\/bazar\/imac-27-inch-late-2012-i5-16gb-ram\/","url":"https:\/\/www.letemsvetemapplem.eu\/bazar\/imac-27-inch-late-2012-i5-16gb-ram\/","name":"iMac (27-inch, Late 2012), i5, 16GB RAM - Apple bazar","isPartOf":{"@id":"https:\/\/www.letemsvetemapplem.eu\/bazar\/#website"},"primaryImageOfPage":{"@id":"https:\/\/www.letemsvetemapplem.eu\/bazar\/imac-27-inch-late-2012-i5-16gb-ram\/#primaryimage"},"image":{"@id":"https:\/\/www.letemsvetemapplem.eu\/bazar\/imac-27-inch-late-2012-i5-16gb-ram\/#primaryimage"},"thumbnailUrl":"https:\/\/www.letemsvetemapplem.eu\/bazar\/wp-content\/uploads\/2017\/09\/IMG_6324.jpg","datePublished":"2017-09-06T08:08:09+00:00","author":{"@id":""},"breadcrumb":{"@id":"https:\/\/www.letemsvetemapplem.eu\/bazar\/imac-27-inch-late-2012-i5-16gb-ram\/#breadcrumb"},"inLanguage":"cs","potentialAction":[{"@type":"ReadAction","target":["https:\/\/www.letemsvetemapplem.eu\/bazar\/imac-27-inch-late-2012-i5-16gb-ram\/"]}]},{"@type":"ImageObject","inLanguage":"cs","@id":"https:\/\/www.letemsvetemapplem.eu\/bazar\/imac-27-inch-late-2012-i5-16gb-ram\/#primaryimage","url":"https:\/\/www.letemsvetemapplem.eu\/bazar\/wp-content\/uploads\/2017\/09\/IMG_6324.jpg","contentUrl":"https:\/\/www.letemsvetemapplem.eu\/bazar\/wp-content\/uploads\/2017\/09\/IMG_6324.jpg","width":2016,"height":1512},{"@type":"BreadcrumbList","@id":"https:\/\/www.letemsvetemapplem.eu\/bazar\/imac-27-inch-late-2012-i5-16gb-ram\/#breadcrumb","itemListElement":[{"@type":"ListItem","position":1,"name":"Apple Bazar","item":"https:\/\/www.letemsvetemapplem.eu\/bazar\/"},{"@type":"ListItem","position":2,"name":"iMac (27-inch, Late 2012), i5, 16GB RAM"}]},{"@type":"WebSite","@id":"https:\/\/www.letemsvetemapplem.eu\/bazar\/#website","url":"https:\/\/www.letemsvetemapplem.eu\/bazar\/","name":"Apple bazar","description":"Oou\u017eit\u00e9 Apple produkty za skv\u011bl\u00e9 ceny","potentialAction":[{"@type":"SearchAction","target":{"@type":"EntryPoint","urlTemplate":"https:\/\/www.letemsvetemapplem.eu\/bazar\/?s={search_term_string}"},"query-input":{"@type":"PropertyValueSpecification","valueRequired":true,"valueName":"search_term_string"}}],"inLanguage":"cs"}]}},"_links":{"self":[{"href":"https:\/\/www.letemsvetemapplem.eu\/bazar\/wp-json\/wp\/v2\/posts\/40496","targetHints":{"allow":["GET"]}}],"collection":[{"href":"https:\/\/www.letemsvetemapplem.eu\/bazar\/wp-json\/wp\/v2\/posts"}],"about":[{"href":"https:\/\/www.letemsvetemapplem.eu\/bazar\/wp-json\/wp\/v2\/types\/post"}],"replies":[{"embeddable":true,"href":"https:\/\/www.letemsvetemapplem.eu\/bazar\/wp-json\/wp\/v2\/comments?post=40496"}],"version-history":[{"count":0,"href":"https:\/\/www.letemsvetemapplem.eu\/bazar\/wp-json\/wp\/v2\/posts\/40496\/revisions"}],"wp:featuredmedia":[{"embeddable":true,"href":"https:\/\/www.letemsvetemapplem.eu\/bazar\/wp-json\/wp\/v2\/media\/40497"}],"wp:attachment":[{"href":"https:\/\/www.letemsvetemapplem.eu\/bazar\/wp-json\/wp\/v2\/media?parent=40496"}],"wp:term":[{"taxonomy":"category","embeddable":true,"href":"https:\/\/www.letemsvetemapplem.eu\/bazar\/wp-json\/wp\/v2\/categories?post=40496"},{"taxonomy":"post_tag","embeddable":true,"href":"https:\/\/www.letemsvetemapplem.eu\/bazar\/wp-json\/wp\/v2\/tags?post=40496"}],"curies":[{"name":"wp","href":"https:\/\/api.w.org\/{rel}","templated":true}]}}