{"id":40225,"date":"2017-09-04T18:20:12","date_gmt":"2017-09-04T17:20:12","guid":{"rendered":"https:\/\/www.letemsvetemapplem.eu\/bazar\/?p=40225"},"modified":"2017-09-06T07:11:56","modified_gmt":"2017-09-06T06:11:56","slug":"imac-27-late-2012-rozsirena-konfigurace-2","status":"publish","type":"post","link":"https:\/\/www.letemsvetemapplem.eu\/bazar\/imac-27-late-2012-rozsirena-konfigurace-2\/","title":{"rendered":"iMac 27&quot; Late 2012 roz\u0161\u00ed\u0159en\u00e1 konfigurace"},"content":{"rendered":"<p>Dobr\u00fd den, Z d\u016fvodu nevyu\u017eit\u00ed prod\u00e1m sv\u016fj Apple iMac 27&quot; Late 2012. Jedn\u00e1 se o roz\u0161\u00ed\u0159enou konfiguraci, tak\u017ee obsahuje procesor Intel Core i7 3,4 GHz, grafickou kartu Geforce GTX 680MX 2048 MB, disk je klasick\u00fd 1TB 5800ot., p\u0159id\u00e1val jsem RAM na maxim\u00e1ln\u00ed po\u010det slot\u016f, tak\u017ee te\u010f je pam\u011b\u0165 24GB 1600 MHz DDR3, macOS Sierra. Po\u010d\u00edta\u010d \u0161lape bezvadn\u011b, je jako nov\u00fd bez vad. Sou\u010d\u00e1st\u00ed balen\u00ed je origin\u00e1ln\u00ed krabice, kl\u00e1vesnice, my\u0161 a kabel\u00e1\u017e. Pro v\u00edce info mne kontaktujte.<\/p>\n","protected":false},"excerpt":{"rendered":"<p>Dobr\u00fd den, Z d\u016fvodu nevyu\u017eit\u00ed prod\u00e1m sv\u016fj Apple iMac 27&quot; Late 2012. Jedn\u00e1 se o roz\u0161\u00ed\u0159enou konfiguraci, tak\u017ee obsahuje procesor Intel Core i7 3,4 GHz, grafickou kartu Geforce GTX 680MX 2048 MB, disk je klasick\u00fd 1TB 5800ot., p\u0159id\u00e1val jsem RAM na maxim\u00e1ln\u00ed po\u010det slot\u016f, tak\u017ee te\u010f je pam\u011b\u0165 24GB 1600 MHz DDR3, macOS Sierra. Po\u010d\u00edta\u010d&#8230;<\/p>\n","protected":false},"author":0,"featured_media":40226,"comment_status":"open","ping_status":"open","sticky":false,"template":"","format":"standard","meta":{"footnotes":""},"categories":[41],"tags":[77],"class_list":["post-40225","post","type-post","status-publish","format-standard","has-post-thumbnail","hentry","category-imac","tag-imac"],"yoast_head":"<!-- This site is optimized with the Yoast SEO plugin v27.2 - https:\/\/yoast.com\/product\/yoast-seo-wordpress\/ -->\n<title>iMac 27&quot; Late 2012 roz\u0161\u00ed\u0159en\u00e1 konfigurace - Apple bazar<\/title>\n<meta name=\"robots\" content=\"index, follow, max-snippet:-1, max-image-preview:large, max-video-preview:-1\" \/>\n<link rel=\"canonical\" href=\"https:\/\/www.letemsvetemapplem.eu\/bazar\/imac-27-late-2012-rozsirena-konfigurace-2\/\" \/>\n<meta property=\"og:locale\" content=\"cs_CZ\" \/>\n<meta property=\"og:type\" content=\"article\" \/>\n<meta property=\"og:title\" content=\"iMac 27&quot; Late 2012 roz\u0161\u00ed\u0159en\u00e1 konfigurace - Apple bazar\" \/>\n<meta property=\"og:description\" content=\"Dobr\u00fd den, Z d\u016fvodu nevyu\u017eit\u00ed prod\u00e1m sv\u016fj Apple iMac 27&quot; Late 2012. Jedn\u00e1 se o roz\u0161\u00ed\u0159enou konfiguraci, tak\u017ee obsahuje procesor Intel Core i7 3,4 GHz, grafickou kartu Geforce GTX 680MX 2048 MB, disk je klasick\u00fd 1TB 5800ot., p\u0159id\u00e1val jsem RAM na maxim\u00e1ln\u00ed po\u010det slot\u016f, tak\u017ee te\u010f je pam\u011b\u0165 24GB 1600 MHz DDR3, macOS Sierra. Po\u010d\u00edta\u010d...\" \/>\n<meta property=\"og:url\" content=\"https:\/\/www.letemsvetemapplem.eu\/bazar\/imac-27-late-2012-rozsirena-konfigurace-2\/\" \/>\n<meta property=\"og:site_name\" content=\"Apple bazar\" \/>\n<meta property=\"article:published_time\" content=\"2017-09-04T17:20:12+00:00\" \/>\n<meta property=\"article:modified_time\" content=\"2017-09-06T06:11:56+00:00\" \/>\n<meta property=\"og:image\" content=\"https:\/\/www.letemsvetemapplem.eu\/bazar\/wp-content\/uploads\/2017\/09\/IMG_3168.jpg\" \/>\n\t<meta property=\"og:image:width\" content=\"3264\" \/>\n\t<meta property=\"og:image:height\" content=\"2448\" \/>\n\t<meta property=\"og:image:type\" content=\"image\/jpeg\" \/>\n<meta name=\"twitter:card\" content=\"summary_large_image\" \/>\n<script type=\"application\/ld+json\" class=\"yoast-schema-graph\">{\"@context\":\"https:\/\/schema.org\",\"@graph\":[{\"@type\":\"Article\",\"@id\":\"https:\/\/www.letemsvetemapplem.eu\/bazar\/imac-27-late-2012-rozsirena-konfigurace-2\/#article\",\"isPartOf\":{\"@id\":\"https:\/\/www.letemsvetemapplem.eu\/bazar\/imac-27-late-2012-rozsirena-konfigurace-2\/\"},\"author\":{\"name\":\"\",\"@id\":\"\"},\"headline\":\"iMac 27&quot; Late 2012 roz\u0161\u00ed\u0159en\u00e1 konfigurace\",\"datePublished\":\"2017-09-04T17:20:12+00:00\",\"dateModified\":\"2017-09-06T06:11:56+00:00\",\"mainEntityOfPage\":{\"@id\":\"https:\/\/www.letemsvetemapplem.eu\/bazar\/imac-27-late-2012-rozsirena-konfigurace-2\/\"},\"wordCount\":94,\"commentCount\":0,\"image\":{\"@id\":\"https:\/\/www.letemsvetemapplem.eu\/bazar\/imac-27-late-2012-rozsirena-konfigurace-2\/#primaryimage\"},\"thumbnailUrl\":\"https:\/\/www.letemsvetemapplem.eu\/bazar\/wp-content\/uploads\/2017\/09\/IMG_3168.jpg\",\"keywords\":[\"iMac\"],\"articleSection\":[\"iMac\"],\"inLanguage\":\"cs\",\"potentialAction\":[{\"@type\":\"CommentAction\",\"name\":\"Comment\",\"target\":[\"https:\/\/www.letemsvetemapplem.eu\/bazar\/imac-27-late-2012-rozsirena-konfigurace-2\/#respond\"]}]},{\"@type\":\"WebPage\",\"@id\":\"https:\/\/www.letemsvetemapplem.eu\/bazar\/imac-27-late-2012-rozsirena-konfigurace-2\/\",\"url\":\"https:\/\/www.letemsvetemapplem.eu\/bazar\/imac-27-late-2012-rozsirena-konfigurace-2\/\",\"name\":\"iMac 27&quot; Late 2012 roz\u0161\u00ed\u0159en\u00e1 konfigurace - Apple bazar\",\"isPartOf\":{\"@id\":\"https:\/\/www.letemsvetemapplem.eu\/bazar\/#website\"},\"primaryImageOfPage\":{\"@id\":\"https:\/\/www.letemsvetemapplem.eu\/bazar\/imac-27-late-2012-rozsirena-konfigurace-2\/#primaryimage\"},\"image\":{\"@id\":\"https:\/\/www.letemsvetemapplem.eu\/bazar\/imac-27-late-2012-rozsirena-konfigurace-2\/#primaryimage\"},\"thumbnailUrl\":\"https:\/\/www.letemsvetemapplem.eu\/bazar\/wp-content\/uploads\/2017\/09\/IMG_3168.jpg\",\"datePublished\":\"2017-09-04T17:20:12+00:00\",\"dateModified\":\"2017-09-06T06:11:56+00:00\",\"author\":{\"@id\":\"\"},\"breadcrumb\":{\"@id\":\"https:\/\/www.letemsvetemapplem.eu\/bazar\/imac-27-late-2012-rozsirena-konfigurace-2\/#breadcrumb\"},\"inLanguage\":\"cs\",\"potentialAction\":[{\"@type\":\"ReadAction\",\"target\":[\"https:\/\/www.letemsvetemapplem.eu\/bazar\/imac-27-late-2012-rozsirena-konfigurace-2\/\"]}]},{\"@type\":\"ImageObject\",\"inLanguage\":\"cs\",\"@id\":\"https:\/\/www.letemsvetemapplem.eu\/bazar\/imac-27-late-2012-rozsirena-konfigurace-2\/#primaryimage\",\"url\":\"https:\/\/www.letemsvetemapplem.eu\/bazar\/wp-content\/uploads\/2017\/09\/IMG_3168.jpg\",\"contentUrl\":\"https:\/\/www.letemsvetemapplem.eu\/bazar\/wp-content\/uploads\/2017\/09\/IMG_3168.jpg\",\"width\":3264,\"height\":2448},{\"@type\":\"BreadcrumbList\",\"@id\":\"https:\/\/www.letemsvetemapplem.eu\/bazar\/imac-27-late-2012-rozsirena-konfigurace-2\/#breadcrumb\",\"itemListElement\":[{\"@type\":\"ListItem\",\"position\":1,\"name\":\"Apple Bazar\",\"item\":\"https:\/\/www.letemsvetemapplem.eu\/bazar\/\"},{\"@type\":\"ListItem\",\"position\":2,\"name\":\"iMac 27&quot; Late 2012 roz\u0161\u00ed\u0159en\u00e1 konfigurace\"}]},{\"@type\":\"WebSite\",\"@id\":\"https:\/\/www.letemsvetemapplem.eu\/bazar\/#website\",\"url\":\"https:\/\/www.letemsvetemapplem.eu\/bazar\/\",\"name\":\"Apple bazar\",\"description\":\"Oou\u017eit\u00e9 Apple produkty za skv\u011bl\u00e9 ceny\",\"potentialAction\":[{\"@type\":\"SearchAction\",\"target\":{\"@type\":\"EntryPoint\",\"urlTemplate\":\"https:\/\/www.letemsvetemapplem.eu\/bazar\/?s={search_term_string}\"},\"query-input\":{\"@type\":\"PropertyValueSpecification\",\"valueRequired\":true,\"valueName\":\"search_term_string\"}}],\"inLanguage\":\"cs\"}]}<\/script>\n<!-- \/ Yoast SEO plugin. -->","yoast_head_json":{"title":"iMac 27&quot; Late 2012 roz\u0161\u00ed\u0159en\u00e1 konfigurace - Apple bazar","robots":{"index":"index","follow":"follow","max-snippet":"max-snippet:-1","max-image-preview":"max-image-preview:large","max-video-preview":"max-video-preview:-1"},"canonical":"https:\/\/www.letemsvetemapplem.eu\/bazar\/imac-27-late-2012-rozsirena-konfigurace-2\/","og_locale":"cs_CZ","og_type":"article","og_title":"iMac 27&quot; Late 2012 roz\u0161\u00ed\u0159en\u00e1 konfigurace - Apple bazar","og_description":"Dobr\u00fd den, Z d\u016fvodu nevyu\u017eit\u00ed prod\u00e1m sv\u016fj Apple iMac 27&quot; Late 2012. Jedn\u00e1 se o roz\u0161\u00ed\u0159enou konfiguraci, tak\u017ee obsahuje procesor Intel Core i7 3,4 GHz, grafickou kartu Geforce GTX 680MX 2048 MB, disk je klasick\u00fd 1TB 5800ot., p\u0159id\u00e1val jsem RAM na maxim\u00e1ln\u00ed po\u010det slot\u016f, tak\u017ee te\u010f je pam\u011b\u0165 24GB 1600 MHz DDR3, macOS Sierra. Po\u010d\u00edta\u010d...","og_url":"https:\/\/www.letemsvetemapplem.eu\/bazar\/imac-27-late-2012-rozsirena-konfigurace-2\/","og_site_name":"Apple bazar","article_published_time":"2017-09-04T17:20:12+00:00","article_modified_time":"2017-09-06T06:11:56+00:00","og_image":[{"width":3264,"height":2448,"url":"https:\/\/www.letemsvetemapplem.eu\/bazar\/wp-content\/uploads\/2017\/09\/IMG_3168.jpg","type":"image\/jpeg"}],"twitter_card":"summary_large_image","schema":{"@context":"https:\/\/schema.org","@graph":[{"@type":"Article","@id":"https:\/\/www.letemsvetemapplem.eu\/bazar\/imac-27-late-2012-rozsirena-konfigurace-2\/#article","isPartOf":{"@id":"https:\/\/www.letemsvetemapplem.eu\/bazar\/imac-27-late-2012-rozsirena-konfigurace-2\/"},"author":{"name":"","@id":""},"headline":"iMac 27&quot; Late 2012 roz\u0161\u00ed\u0159en\u00e1 konfigurace","datePublished":"2017-09-04T17:20:12+00:00","dateModified":"2017-09-06T06:11:56+00:00","mainEntityOfPage":{"@id":"https:\/\/www.letemsvetemapplem.eu\/bazar\/imac-27-late-2012-rozsirena-konfigurace-2\/"},"wordCount":94,"commentCount":0,"image":{"@id":"https:\/\/www.letemsvetemapplem.eu\/bazar\/imac-27-late-2012-rozsirena-konfigurace-2\/#primaryimage"},"thumbnailUrl":"https:\/\/www.letemsvetemapplem.eu\/bazar\/wp-content\/uploads\/2017\/09\/IMG_3168.jpg","keywords":["iMac"],"articleSection":["iMac"],"inLanguage":"cs","potentialAction":[{"@type":"CommentAction","name":"Comment","target":["https:\/\/www.letemsvetemapplem.eu\/bazar\/imac-27-late-2012-rozsirena-konfigurace-2\/#respond"]}]},{"@type":"WebPage","@id":"https:\/\/www.letemsvetemapplem.eu\/bazar\/imac-27-late-2012-rozsirena-konfigurace-2\/","url":"https:\/\/www.letemsvetemapplem.eu\/bazar\/imac-27-late-2012-rozsirena-konfigurace-2\/","name":"iMac 27&quot; Late 2012 roz\u0161\u00ed\u0159en\u00e1 konfigurace - Apple bazar","isPartOf":{"@id":"https:\/\/www.letemsvetemapplem.eu\/bazar\/#website"},"primaryImageOfPage":{"@id":"https:\/\/www.letemsvetemapplem.eu\/bazar\/imac-27-late-2012-rozsirena-konfigurace-2\/#primaryimage"},"image":{"@id":"https:\/\/www.letemsvetemapplem.eu\/bazar\/imac-27-late-2012-rozsirena-konfigurace-2\/#primaryimage"},"thumbnailUrl":"https:\/\/www.letemsvetemapplem.eu\/bazar\/wp-content\/uploads\/2017\/09\/IMG_3168.jpg","datePublished":"2017-09-04T17:20:12+00:00","dateModified":"2017-09-06T06:11:56+00:00","author":{"@id":""},"breadcrumb":{"@id":"https:\/\/www.letemsvetemapplem.eu\/bazar\/imac-27-late-2012-rozsirena-konfigurace-2\/#breadcrumb"},"inLanguage":"cs","potentialAction":[{"@type":"ReadAction","target":["https:\/\/www.letemsvetemapplem.eu\/bazar\/imac-27-late-2012-rozsirena-konfigurace-2\/"]}]},{"@type":"ImageObject","inLanguage":"cs","@id":"https:\/\/www.letemsvetemapplem.eu\/bazar\/imac-27-late-2012-rozsirena-konfigurace-2\/#primaryimage","url":"https:\/\/www.letemsvetemapplem.eu\/bazar\/wp-content\/uploads\/2017\/09\/IMG_3168.jpg","contentUrl":"https:\/\/www.letemsvetemapplem.eu\/bazar\/wp-content\/uploads\/2017\/09\/IMG_3168.jpg","width":3264,"height":2448},{"@type":"BreadcrumbList","@id":"https:\/\/www.letemsvetemapplem.eu\/bazar\/imac-27-late-2012-rozsirena-konfigurace-2\/#breadcrumb","itemListElement":[{"@type":"ListItem","position":1,"name":"Apple Bazar","item":"https:\/\/www.letemsvetemapplem.eu\/bazar\/"},{"@type":"ListItem","position":2,"name":"iMac 27&quot; Late 2012 roz\u0161\u00ed\u0159en\u00e1 konfigurace"}]},{"@type":"WebSite","@id":"https:\/\/www.letemsvetemapplem.eu\/bazar\/#website","url":"https:\/\/www.letemsvetemapplem.eu\/bazar\/","name":"Apple bazar","description":"Oou\u017eit\u00e9 Apple produkty za skv\u011bl\u00e9 ceny","potentialAction":[{"@type":"SearchAction","target":{"@type":"EntryPoint","urlTemplate":"https:\/\/www.letemsvetemapplem.eu\/bazar\/?s={search_term_string}"},"query-input":{"@type":"PropertyValueSpecification","valueRequired":true,"valueName":"search_term_string"}}],"inLanguage":"cs"}]}},"_links":{"self":[{"href":"https:\/\/www.letemsvetemapplem.eu\/bazar\/wp-json\/wp\/v2\/posts\/40225","targetHints":{"allow":["GET"]}}],"collection":[{"href":"https:\/\/www.letemsvetemapplem.eu\/bazar\/wp-json\/wp\/v2\/posts"}],"about":[{"href":"https:\/\/www.letemsvetemapplem.eu\/bazar\/wp-json\/wp\/v2\/types\/post"}],"replies":[{"embeddable":true,"href":"https:\/\/www.letemsvetemapplem.eu\/bazar\/wp-json\/wp\/v2\/comments?post=40225"}],"version-history":[{"count":0,"href":"https:\/\/www.letemsvetemapplem.eu\/bazar\/wp-json\/wp\/v2\/posts\/40225\/revisions"}],"wp:featuredmedia":[{"embeddable":true,"href":"https:\/\/www.letemsvetemapplem.eu\/bazar\/wp-json\/wp\/v2\/media\/40226"}],"wp:attachment":[{"href":"https:\/\/www.letemsvetemapplem.eu\/bazar\/wp-json\/wp\/v2\/media?parent=40225"}],"wp:term":[{"taxonomy":"category","embeddable":true,"href":"https:\/\/www.letemsvetemapplem.eu\/bazar\/wp-json\/wp\/v2\/categories?post=40225"},{"taxonomy":"post_tag","embeddable":true,"href":"https:\/\/www.letemsvetemapplem.eu\/bazar\/wp-json\/wp\/v2\/tags?post=40225"}],"curies":[{"name":"wp","href":"https:\/\/api.w.org\/{rel}","templated":true}]}}