{"id":37049,"date":"2017-08-05T18:00:29","date_gmt":"2017-08-05T17:00:29","guid":{"rendered":"https:\/\/www.letemsvetemapplem.eu\/bazar\/?p=37049"},"modified":"2017-08-05T18:00:29","modified_gmt":"2017-08-05T17:00:29","slug":"macbook-pro-retina-15-palcu-512-gb-ssd","status":"publish","type":"post","link":"https:\/\/www.letemsvetemapplem.eu\/bazar\/macbook-pro-retina-15-palcu-512-gb-ssd\/","title":{"rendered":"Macbook Pro Retina 15 palc\u016f &#8211; 512 GB SSD"},"content":{"rendered":"<p>Specifika polo\u017eky<br \/>\nStav:<br \/>\nNov\u00fd<br \/>\nZna\u010dka<br \/>\nJablko<br \/>\nOpera\u010dn\u00ed syst\u00e9m: MacOS 10.12, Sierra Rodina produkt\u016f: MacBook Pro<br \/>\nTyp \u00falo\u017ei\u0161t\u011b: SSHD (Solid State Hybrid Drive) Rok vyd\u00e1n\u00ed: 2010<br \/>\nKapacita pevn\u00e9ho disku: 1TB MPN:<br \/>\nMC372LL \/ A MC373LL \/ A<br \/>\nTyp procesoru: Intel Core i7 3. Gen. Velikost obrazovky: 15.4in.<br \/>\nRychlost procesoru: 2,66 GHz<br \/>\n2 roky z\u00e1ruka<\/p>\n","protected":false},"excerpt":{"rendered":"<p>Specifika polo\u017eky Stav: Nov\u00fd Zna\u010dka Jablko Opera\u010dn\u00ed syst\u00e9m: MacOS 10.12, Sierra Rodina produkt\u016f: MacBook Pro Typ \u00falo\u017ei\u0161t\u011b: SSHD (Solid State Hybrid Drive) Rok vyd\u00e1n\u00ed: 2010 Kapacita pevn\u00e9ho disku: 1TB MPN: MC372LL \/ A MC373LL \/ A Typ procesoru: Intel Core i7 3. Gen. Velikost obrazovky: 15.4in. Rychlost procesoru: 2,66 GHz 2 roky z\u00e1ruka<\/p>\n","protected":false},"author":0,"featured_media":37050,"comment_status":"open","ping_status":"open","sticky":false,"template":"","format":"standard","meta":{"footnotes":""},"categories":[48],"tags":[65],"class_list":["post-37049","post","type-post","status-publish","format-standard","has-post-thumbnail","hentry","category-macbook-pro","tag-macbook-pro"],"yoast_head":"<!-- This site is optimized with the Yoast SEO plugin v27.2 - https:\/\/yoast.com\/product\/yoast-seo-wordpress\/ -->\n<title>Macbook Pro Retina 15 palc\u016f - 512 GB SSD - Apple bazar<\/title>\n<meta name=\"robots\" content=\"index, follow, max-snippet:-1, max-image-preview:large, max-video-preview:-1\" \/>\n<link rel=\"canonical\" href=\"https:\/\/www.letemsvetemapplem.eu\/bazar\/macbook-pro-retina-15-palcu-512-gb-ssd\/\" \/>\n<meta property=\"og:locale\" content=\"cs_CZ\" \/>\n<meta property=\"og:type\" content=\"article\" \/>\n<meta property=\"og:title\" content=\"Macbook Pro Retina 15 palc\u016f - 512 GB SSD - Apple bazar\" \/>\n<meta property=\"og:description\" content=\"Specifika polo\u017eky Stav: Nov\u00fd Zna\u010dka Jablko Opera\u010dn\u00ed syst\u00e9m: MacOS 10.12, Sierra Rodina produkt\u016f: MacBook Pro Typ \u00falo\u017ei\u0161t\u011b: SSHD (Solid State Hybrid Drive) Rok vyd\u00e1n\u00ed: 2010 Kapacita pevn\u00e9ho disku: 1TB MPN: MC372LL \/ A MC373LL \/ A Typ procesoru: Intel Core i7 3. Gen. Velikost obrazovky: 15.4in. Rychlost procesoru: 2,66 GHz 2 roky z\u00e1ruka\" \/>\n<meta property=\"og:url\" content=\"https:\/\/www.letemsvetemapplem.eu\/bazar\/macbook-pro-retina-15-palcu-512-gb-ssd\/\" \/>\n<meta property=\"og:site_name\" content=\"Apple bazar\" \/>\n<meta property=\"article:published_time\" content=\"2017-08-05T17:00:29+00:00\" \/>\n<meta property=\"og:image\" content=\"https:\/\/www.letemsvetemapplem.eu\/bazar\/wp-content\/uploads\/2017\/08\/macbook-15-inch.jpg\" \/>\n\t<meta property=\"og:image:width\" content=\"1600\" \/>\n\t<meta property=\"og:image:height\" content=\"1200\" \/>\n\t<meta property=\"og:image:type\" content=\"image\/jpeg\" \/>\n<meta name=\"twitter:card\" content=\"summary_large_image\" \/>\n<script type=\"application\/ld+json\" class=\"yoast-schema-graph\">{\"@context\":\"https:\/\/schema.org\",\"@graph\":[{\"@type\":\"Article\",\"@id\":\"https:\/\/www.letemsvetemapplem.eu\/bazar\/macbook-pro-retina-15-palcu-512-gb-ssd\/#article\",\"isPartOf\":{\"@id\":\"https:\/\/www.letemsvetemapplem.eu\/bazar\/macbook-pro-retina-15-palcu-512-gb-ssd\/\"},\"author\":{\"name\":\"\",\"@id\":\"\"},\"headline\":\"Macbook Pro Retina 15 palc\u016f &#8211; 512 GB SSD\",\"datePublished\":\"2017-08-05T17:00:29+00:00\",\"mainEntityOfPage\":{\"@id\":\"https:\/\/www.letemsvetemapplem.eu\/bazar\/macbook-pro-retina-15-palcu-512-gb-ssd\/\"},\"wordCount\":64,\"commentCount\":0,\"image\":{\"@id\":\"https:\/\/www.letemsvetemapplem.eu\/bazar\/macbook-pro-retina-15-palcu-512-gb-ssd\/#primaryimage\"},\"thumbnailUrl\":\"https:\/\/www.letemsvetemapplem.eu\/bazar\/wp-content\/uploads\/2017\/08\/macbook-15-inch.jpg\",\"keywords\":[\"MacBook Pro\"],\"articleSection\":[\"MacBook Pro\"],\"inLanguage\":\"cs\",\"potentialAction\":[{\"@type\":\"CommentAction\",\"name\":\"Comment\",\"target\":[\"https:\/\/www.letemsvetemapplem.eu\/bazar\/macbook-pro-retina-15-palcu-512-gb-ssd\/#respond\"]}]},{\"@type\":\"WebPage\",\"@id\":\"https:\/\/www.letemsvetemapplem.eu\/bazar\/macbook-pro-retina-15-palcu-512-gb-ssd\/\",\"url\":\"https:\/\/www.letemsvetemapplem.eu\/bazar\/macbook-pro-retina-15-palcu-512-gb-ssd\/\",\"name\":\"Macbook Pro Retina 15 palc\u016f - 512 GB SSD - Apple bazar\",\"isPartOf\":{\"@id\":\"https:\/\/www.letemsvetemapplem.eu\/bazar\/#website\"},\"primaryImageOfPage\":{\"@id\":\"https:\/\/www.letemsvetemapplem.eu\/bazar\/macbook-pro-retina-15-palcu-512-gb-ssd\/#primaryimage\"},\"image\":{\"@id\":\"https:\/\/www.letemsvetemapplem.eu\/bazar\/macbook-pro-retina-15-palcu-512-gb-ssd\/#primaryimage\"},\"thumbnailUrl\":\"https:\/\/www.letemsvetemapplem.eu\/bazar\/wp-content\/uploads\/2017\/08\/macbook-15-inch.jpg\",\"datePublished\":\"2017-08-05T17:00:29+00:00\",\"author\":{\"@id\":\"\"},\"breadcrumb\":{\"@id\":\"https:\/\/www.letemsvetemapplem.eu\/bazar\/macbook-pro-retina-15-palcu-512-gb-ssd\/#breadcrumb\"},\"inLanguage\":\"cs\",\"potentialAction\":[{\"@type\":\"ReadAction\",\"target\":[\"https:\/\/www.letemsvetemapplem.eu\/bazar\/macbook-pro-retina-15-palcu-512-gb-ssd\/\"]}]},{\"@type\":\"ImageObject\",\"inLanguage\":\"cs\",\"@id\":\"https:\/\/www.letemsvetemapplem.eu\/bazar\/macbook-pro-retina-15-palcu-512-gb-ssd\/#primaryimage\",\"url\":\"https:\/\/www.letemsvetemapplem.eu\/bazar\/wp-content\/uploads\/2017\/08\/macbook-15-inch.jpg\",\"contentUrl\":\"https:\/\/www.letemsvetemapplem.eu\/bazar\/wp-content\/uploads\/2017\/08\/macbook-15-inch.jpg\",\"width\":1600,\"height\":1200},{\"@type\":\"BreadcrumbList\",\"@id\":\"https:\/\/www.letemsvetemapplem.eu\/bazar\/macbook-pro-retina-15-palcu-512-gb-ssd\/#breadcrumb\",\"itemListElement\":[{\"@type\":\"ListItem\",\"position\":1,\"name\":\"Apple Bazar\",\"item\":\"https:\/\/www.letemsvetemapplem.eu\/bazar\/\"},{\"@type\":\"ListItem\",\"position\":2,\"name\":\"Macbook Pro Retina 15 palc\u016f &#8211; 512 GB SSD\"}]},{\"@type\":\"WebSite\",\"@id\":\"https:\/\/www.letemsvetemapplem.eu\/bazar\/#website\",\"url\":\"https:\/\/www.letemsvetemapplem.eu\/bazar\/\",\"name\":\"Apple bazar\",\"description\":\"Oou\u017eit\u00e9 Apple produkty za skv\u011bl\u00e9 ceny\",\"potentialAction\":[{\"@type\":\"SearchAction\",\"target\":{\"@type\":\"EntryPoint\",\"urlTemplate\":\"https:\/\/www.letemsvetemapplem.eu\/bazar\/?s={search_term_string}\"},\"query-input\":{\"@type\":\"PropertyValueSpecification\",\"valueRequired\":true,\"valueName\":\"search_term_string\"}}],\"inLanguage\":\"cs\"}]}<\/script>\n<!-- \/ Yoast SEO plugin. -->","yoast_head_json":{"title":"Macbook Pro Retina 15 palc\u016f - 512 GB SSD - Apple bazar","robots":{"index":"index","follow":"follow","max-snippet":"max-snippet:-1","max-image-preview":"max-image-preview:large","max-video-preview":"max-video-preview:-1"},"canonical":"https:\/\/www.letemsvetemapplem.eu\/bazar\/macbook-pro-retina-15-palcu-512-gb-ssd\/","og_locale":"cs_CZ","og_type":"article","og_title":"Macbook Pro Retina 15 palc\u016f - 512 GB SSD - Apple bazar","og_description":"Specifika polo\u017eky Stav: Nov\u00fd Zna\u010dka Jablko Opera\u010dn\u00ed syst\u00e9m: MacOS 10.12, Sierra Rodina produkt\u016f: MacBook Pro Typ \u00falo\u017ei\u0161t\u011b: SSHD (Solid State Hybrid Drive) Rok vyd\u00e1n\u00ed: 2010 Kapacita pevn\u00e9ho disku: 1TB MPN: MC372LL \/ A MC373LL \/ A Typ procesoru: Intel Core i7 3. Gen. Velikost obrazovky: 15.4in. Rychlost procesoru: 2,66 GHz 2 roky z\u00e1ruka","og_url":"https:\/\/www.letemsvetemapplem.eu\/bazar\/macbook-pro-retina-15-palcu-512-gb-ssd\/","og_site_name":"Apple bazar","article_published_time":"2017-08-05T17:00:29+00:00","og_image":[{"width":1600,"height":1200,"url":"https:\/\/www.letemsvetemapplem.eu\/bazar\/wp-content\/uploads\/2017\/08\/macbook-15-inch.jpg","type":"image\/jpeg"}],"twitter_card":"summary_large_image","schema":{"@context":"https:\/\/schema.org","@graph":[{"@type":"Article","@id":"https:\/\/www.letemsvetemapplem.eu\/bazar\/macbook-pro-retina-15-palcu-512-gb-ssd\/#article","isPartOf":{"@id":"https:\/\/www.letemsvetemapplem.eu\/bazar\/macbook-pro-retina-15-palcu-512-gb-ssd\/"},"author":{"name":"","@id":""},"headline":"Macbook Pro Retina 15 palc\u016f &#8211; 512 GB SSD","datePublished":"2017-08-05T17:00:29+00:00","mainEntityOfPage":{"@id":"https:\/\/www.letemsvetemapplem.eu\/bazar\/macbook-pro-retina-15-palcu-512-gb-ssd\/"},"wordCount":64,"commentCount":0,"image":{"@id":"https:\/\/www.letemsvetemapplem.eu\/bazar\/macbook-pro-retina-15-palcu-512-gb-ssd\/#primaryimage"},"thumbnailUrl":"https:\/\/www.letemsvetemapplem.eu\/bazar\/wp-content\/uploads\/2017\/08\/macbook-15-inch.jpg","keywords":["MacBook Pro"],"articleSection":["MacBook Pro"],"inLanguage":"cs","potentialAction":[{"@type":"CommentAction","name":"Comment","target":["https:\/\/www.letemsvetemapplem.eu\/bazar\/macbook-pro-retina-15-palcu-512-gb-ssd\/#respond"]}]},{"@type":"WebPage","@id":"https:\/\/www.letemsvetemapplem.eu\/bazar\/macbook-pro-retina-15-palcu-512-gb-ssd\/","url":"https:\/\/www.letemsvetemapplem.eu\/bazar\/macbook-pro-retina-15-palcu-512-gb-ssd\/","name":"Macbook Pro Retina 15 palc\u016f - 512 GB SSD - Apple bazar","isPartOf":{"@id":"https:\/\/www.letemsvetemapplem.eu\/bazar\/#website"},"primaryImageOfPage":{"@id":"https:\/\/www.letemsvetemapplem.eu\/bazar\/macbook-pro-retina-15-palcu-512-gb-ssd\/#primaryimage"},"image":{"@id":"https:\/\/www.letemsvetemapplem.eu\/bazar\/macbook-pro-retina-15-palcu-512-gb-ssd\/#primaryimage"},"thumbnailUrl":"https:\/\/www.letemsvetemapplem.eu\/bazar\/wp-content\/uploads\/2017\/08\/macbook-15-inch.jpg","datePublished":"2017-08-05T17:00:29+00:00","author":{"@id":""},"breadcrumb":{"@id":"https:\/\/www.letemsvetemapplem.eu\/bazar\/macbook-pro-retina-15-palcu-512-gb-ssd\/#breadcrumb"},"inLanguage":"cs","potentialAction":[{"@type":"ReadAction","target":["https:\/\/www.letemsvetemapplem.eu\/bazar\/macbook-pro-retina-15-palcu-512-gb-ssd\/"]}]},{"@type":"ImageObject","inLanguage":"cs","@id":"https:\/\/www.letemsvetemapplem.eu\/bazar\/macbook-pro-retina-15-palcu-512-gb-ssd\/#primaryimage","url":"https:\/\/www.letemsvetemapplem.eu\/bazar\/wp-content\/uploads\/2017\/08\/macbook-15-inch.jpg","contentUrl":"https:\/\/www.letemsvetemapplem.eu\/bazar\/wp-content\/uploads\/2017\/08\/macbook-15-inch.jpg","width":1600,"height":1200},{"@type":"BreadcrumbList","@id":"https:\/\/www.letemsvetemapplem.eu\/bazar\/macbook-pro-retina-15-palcu-512-gb-ssd\/#breadcrumb","itemListElement":[{"@type":"ListItem","position":1,"name":"Apple Bazar","item":"https:\/\/www.letemsvetemapplem.eu\/bazar\/"},{"@type":"ListItem","position":2,"name":"Macbook Pro Retina 15 palc\u016f &#8211; 512 GB SSD"}]},{"@type":"WebSite","@id":"https:\/\/www.letemsvetemapplem.eu\/bazar\/#website","url":"https:\/\/www.letemsvetemapplem.eu\/bazar\/","name":"Apple bazar","description":"Oou\u017eit\u00e9 Apple produkty za skv\u011bl\u00e9 ceny","potentialAction":[{"@type":"SearchAction","target":{"@type":"EntryPoint","urlTemplate":"https:\/\/www.letemsvetemapplem.eu\/bazar\/?s={search_term_string}"},"query-input":{"@type":"PropertyValueSpecification","valueRequired":true,"valueName":"search_term_string"}}],"inLanguage":"cs"}]}},"_links":{"self":[{"href":"https:\/\/www.letemsvetemapplem.eu\/bazar\/wp-json\/wp\/v2\/posts\/37049","targetHints":{"allow":["GET"]}}],"collection":[{"href":"https:\/\/www.letemsvetemapplem.eu\/bazar\/wp-json\/wp\/v2\/posts"}],"about":[{"href":"https:\/\/www.letemsvetemapplem.eu\/bazar\/wp-json\/wp\/v2\/types\/post"}],"replies":[{"embeddable":true,"href":"https:\/\/www.letemsvetemapplem.eu\/bazar\/wp-json\/wp\/v2\/comments?post=37049"}],"version-history":[{"count":0,"href":"https:\/\/www.letemsvetemapplem.eu\/bazar\/wp-json\/wp\/v2\/posts\/37049\/revisions"}],"wp:featuredmedia":[{"embeddable":true,"href":"https:\/\/www.letemsvetemapplem.eu\/bazar\/wp-json\/wp\/v2\/media\/37050"}],"wp:attachment":[{"href":"https:\/\/www.letemsvetemapplem.eu\/bazar\/wp-json\/wp\/v2\/media?parent=37049"}],"wp:term":[{"taxonomy":"category","embeddable":true,"href":"https:\/\/www.letemsvetemapplem.eu\/bazar\/wp-json\/wp\/v2\/categories?post=37049"},{"taxonomy":"post_tag","embeddable":true,"href":"https:\/\/www.letemsvetemapplem.eu\/bazar\/wp-json\/wp\/v2\/tags?post=37049"}],"curies":[{"name":"wp","href":"https:\/\/api.w.org\/{rel}","templated":true}]}}