{"id":36195,"date":"2017-07-28T17:42:24","date_gmt":"2017-07-28T16:42:24","guid":{"rendered":"https:\/\/www.letemsvetemapplem.eu\/bazar\/?p=36195"},"modified":"2018-06-23T21:03:27","modified_gmt":"2018-06-23T20:03:27","slug":"prosdej-original-obal-na-ipad-air-2","status":"publish","type":"post","link":"https:\/\/www.letemsvetemapplem.eu\/bazar\/prosdej-original-obal-na-ipad-air-2\/","title":{"rendered":"Origin\u00e1ln\u00ed obal na iPad Air 2"},"content":{"rendered":"<p>Dobr\u00fd den,<\/p>\n<p>prod\u00e1m origin\u00e1l Apple ko\u017een\u00fd obal na ipad air 2, barva RED, komplet, kryje zadek i p\u0159edek, p\u0159edek kter\u00fd je magnetick\u00fd, lze pou\u017e\u00edt jako stoj\u00e1nek, s\u00e1m probouz\u00ed a usp\u00e1v\u00e1 ipad. Byl koupen ve zna\u010dkov\u00e9m obchod\u011b SETOS v Praze, doklad mohu p\u0159edlo\u017eit, cena koup\u011b 2390,- K\u010d, prod\u00e1v\u00e1m za 1800,- K\u010d, mo\u017eno cena dohodou. Pou\u017e\u00edv\u00fdn cca 4 m\u011bs\u00edce, o\u0161et\u0159ov\u00e1n pravideln\u011b prost\u0159edky na k\u016f\u017ei. D\u016fvod prodej. Prodej ipadu air a obal je mi ji\u017e nadbyte\u010dn\u00fd. Preferuji osobn\u00ed p\u0159ed\u00e1n\u00ed s prohl\u00eddnut\u00edm, pop\u0159\u00edpad\u011b lze domluvit i jinak, nen\u00ed probl\u00e9m.<\/p>\n","protected":false},"excerpt":{"rendered":"<p>Dobr\u00fd den, prod\u00e1m origin\u00e1l Apple ko\u017een\u00fd obal na ipad air 2, barva RED, komplet, kryje zadek i p\u0159edek, p\u0159edek kter\u00fd je magnetick\u00fd, lze pou\u017e\u00edt jako stoj\u00e1nek, s\u00e1m probouz\u00ed a usp\u00e1v\u00e1 ipad. Byl koupen ve zna\u010dkov\u00e9m obchod\u011b SETOS v Praze, doklad mohu p\u0159edlo\u017eit, cena koup\u011b 2390,- K\u010d, prod\u00e1v\u00e1m za 1800,- K\u010d, mo\u017eno cena dohodou. Pou\u017e\u00edv\u00fdn cca&#8230;<\/p>\n","protected":false},"author":1,"featured_media":36196,"comment_status":"open","ping_status":"open","sticky":false,"template":"","format":"standard","meta":{"footnotes":""},"categories":[40],"tags":[75],"class_list":["post-36195","post","type-post","status-publish","format-standard","has-post-thumbnail","hentry","category-prislusenstvi-ipad","tag-prislusenstvi"],"yoast_head":"<!-- This site is optimized with the Yoast SEO plugin v27.5 - https:\/\/yoast.com\/product\/yoast-seo-wordpress\/ -->\n<title>Origin\u00e1ln\u00ed obal na iPad Air 2 - Apple bazar<\/title>\n<meta name=\"robots\" content=\"index, follow, max-snippet:-1, max-image-preview:large, max-video-preview:-1\" \/>\n<link rel=\"canonical\" href=\"https:\/\/www.letemsvetemapplem.eu\/bazar\/prosdej-original-obal-na-ipad-air-2\/\" \/>\n<meta property=\"og:locale\" content=\"cs_CZ\" \/>\n<meta property=\"og:type\" content=\"article\" \/>\n<meta property=\"og:title\" content=\"Origin\u00e1ln\u00ed obal na iPad Air 2 - Apple bazar\" \/>\n<meta property=\"og:description\" content=\"Dobr\u00fd den, prod\u00e1m origin\u00e1l Apple ko\u017een\u00fd obal na ipad air 2, barva RED, komplet, kryje zadek i p\u0159edek, p\u0159edek kter\u00fd je magnetick\u00fd, lze pou\u017e\u00edt jako stoj\u00e1nek, s\u00e1m probouz\u00ed a usp\u00e1v\u00e1 ipad. Byl koupen ve zna\u010dkov\u00e9m obchod\u011b SETOS v Praze, doklad mohu p\u0159edlo\u017eit, cena koup\u011b 2390,- K\u010d, prod\u00e1v\u00e1m za 1800,- K\u010d, mo\u017eno cena dohodou. Pou\u017e\u00edv\u00fdn cca...\" \/>\n<meta property=\"og:url\" content=\"https:\/\/www.letemsvetemapplem.eu\/bazar\/prosdej-original-obal-na-ipad-air-2\/\" \/>\n<meta property=\"og:site_name\" content=\"Apple bazar\" \/>\n<meta property=\"article:published_time\" content=\"2017-07-28T16:42:24+00:00\" \/>\n<meta property=\"article:modified_time\" content=\"2018-06-23T20:03:27+00:00\" \/>\n<meta property=\"og:image\" content=\"https:\/\/www.letemsvetemapplem.eu\/bazar\/wp-content\/uploads\/2017\/07\/IMG_0005.jpg\" \/>\n\t<meta property=\"og:image:width\" content=\"4032\" \/>\n\t<meta property=\"og:image:height\" content=\"3024\" \/>\n\t<meta property=\"og:image:type\" content=\"image\/jpeg\" \/>\n<meta name=\"author\" content=\"admin\" \/>\n<meta name=\"twitter:card\" content=\"summary_large_image\" \/>\n<script type=\"application\/ld+json\" class=\"yoast-schema-graph\">{\"@context\":\"https:\\\/\\\/schema.org\",\"@graph\":[{\"@type\":\"Article\",\"@id\":\"https:\\\/\\\/www.letemsvetemapplem.eu\\\/bazar\\\/prosdej-original-obal-na-ipad-air-2\\\/#article\",\"isPartOf\":{\"@id\":\"https:\\\/\\\/www.letemsvetemapplem.eu\\\/bazar\\\/prosdej-original-obal-na-ipad-air-2\\\/\"},\"author\":{\"name\":\"admin\",\"@id\":\"https:\\\/\\\/www.letemsvetemapplem.eu\\\/bazar\\\/#\\\/schema\\\/person\\\/473fd8554a31ad3176ad414dac37305d\"},\"headline\":\"Origin\u00e1ln\u00ed obal na iPad Air 2\",\"datePublished\":\"2017-07-28T16:42:24+00:00\",\"dateModified\":\"2018-06-23T20:03:27+00:00\",\"mainEntityOfPage\":{\"@id\":\"https:\\\/\\\/www.letemsvetemapplem.eu\\\/bazar\\\/prosdej-original-obal-na-ipad-air-2\\\/\"},\"wordCount\":122,\"commentCount\":0,\"image\":{\"@id\":\"https:\\\/\\\/www.letemsvetemapplem.eu\\\/bazar\\\/prosdej-original-obal-na-ipad-air-2\\\/#primaryimage\"},\"thumbnailUrl\":\"https:\\\/\\\/www.letemsvetemapplem.eu\\\/bazar\\\/wp-content\\\/uploads\\\/2017\\\/07\\\/IMG_0005.jpg\",\"keywords\":[\"P\u0159\u00edslu\u0161enstv\u00ed\"],\"articleSection\":[\"P\u0159\u00edslu\u0161enstv\u00ed\"],\"inLanguage\":\"cs\",\"potentialAction\":[{\"@type\":\"CommentAction\",\"name\":\"Comment\",\"target\":[\"https:\\\/\\\/www.letemsvetemapplem.eu\\\/bazar\\\/prosdej-original-obal-na-ipad-air-2\\\/#respond\"]}]},{\"@type\":\"WebPage\",\"@id\":\"https:\\\/\\\/www.letemsvetemapplem.eu\\\/bazar\\\/prosdej-original-obal-na-ipad-air-2\\\/\",\"url\":\"https:\\\/\\\/www.letemsvetemapplem.eu\\\/bazar\\\/prosdej-original-obal-na-ipad-air-2\\\/\",\"name\":\"Origin\u00e1ln\u00ed obal na iPad Air 2 - Apple bazar\",\"isPartOf\":{\"@id\":\"https:\\\/\\\/www.letemsvetemapplem.eu\\\/bazar\\\/#website\"},\"primaryImageOfPage\":{\"@id\":\"https:\\\/\\\/www.letemsvetemapplem.eu\\\/bazar\\\/prosdej-original-obal-na-ipad-air-2\\\/#primaryimage\"},\"image\":{\"@id\":\"https:\\\/\\\/www.letemsvetemapplem.eu\\\/bazar\\\/prosdej-original-obal-na-ipad-air-2\\\/#primaryimage\"},\"thumbnailUrl\":\"https:\\\/\\\/www.letemsvetemapplem.eu\\\/bazar\\\/wp-content\\\/uploads\\\/2017\\\/07\\\/IMG_0005.jpg\",\"datePublished\":\"2017-07-28T16:42:24+00:00\",\"dateModified\":\"2018-06-23T20:03:27+00:00\",\"author\":{\"@id\":\"https:\\\/\\\/www.letemsvetemapplem.eu\\\/bazar\\\/#\\\/schema\\\/person\\\/473fd8554a31ad3176ad414dac37305d\"},\"breadcrumb\":{\"@id\":\"https:\\\/\\\/www.letemsvetemapplem.eu\\\/bazar\\\/prosdej-original-obal-na-ipad-air-2\\\/#breadcrumb\"},\"inLanguage\":\"cs\",\"potentialAction\":[{\"@type\":\"ReadAction\",\"target\":[\"https:\\\/\\\/www.letemsvetemapplem.eu\\\/bazar\\\/prosdej-original-obal-na-ipad-air-2\\\/\"]}]},{\"@type\":\"ImageObject\",\"inLanguage\":\"cs\",\"@id\":\"https:\\\/\\\/www.letemsvetemapplem.eu\\\/bazar\\\/prosdej-original-obal-na-ipad-air-2\\\/#primaryimage\",\"url\":\"https:\\\/\\\/www.letemsvetemapplem.eu\\\/bazar\\\/wp-content\\\/uploads\\\/2017\\\/07\\\/IMG_0005.jpg\",\"contentUrl\":\"https:\\\/\\\/www.letemsvetemapplem.eu\\\/bazar\\\/wp-content\\\/uploads\\\/2017\\\/07\\\/IMG_0005.jpg\",\"width\":4032,\"height\":3024},{\"@type\":\"BreadcrumbList\",\"@id\":\"https:\\\/\\\/www.letemsvetemapplem.eu\\\/bazar\\\/prosdej-original-obal-na-ipad-air-2\\\/#breadcrumb\",\"itemListElement\":[{\"@type\":\"ListItem\",\"position\":1,\"name\":\"Apple Bazar\",\"item\":\"https:\\\/\\\/www.letemsvetemapplem.eu\\\/bazar\\\/\"},{\"@type\":\"ListItem\",\"position\":2,\"name\":\"Origin\u00e1ln\u00ed obal na iPad Air 2\"}]},{\"@type\":\"WebSite\",\"@id\":\"https:\\\/\\\/www.letemsvetemapplem.eu\\\/bazar\\\/#website\",\"url\":\"https:\\\/\\\/www.letemsvetemapplem.eu\\\/bazar\\\/\",\"name\":\"Apple bazar\",\"description\":\"Oou\u017eit\u00e9 Apple produkty za skv\u011bl\u00e9 ceny\",\"potentialAction\":[{\"@type\":\"SearchAction\",\"target\":{\"@type\":\"EntryPoint\",\"urlTemplate\":\"https:\\\/\\\/www.letemsvetemapplem.eu\\\/bazar\\\/?s={search_term_string}\"},\"query-input\":{\"@type\":\"PropertyValueSpecification\",\"valueRequired\":true,\"valueName\":\"search_term_string\"}}],\"inLanguage\":\"cs\"},{\"@type\":\"Person\",\"@id\":\"https:\\\/\\\/www.letemsvetemapplem.eu\\\/bazar\\\/#\\\/schema\\\/person\\\/473fd8554a31ad3176ad414dac37305d\",\"name\":\"admin\",\"url\":\"https:\\\/\\\/www.letemsvetemapplem.eu\\\/bazar\\\/author\\\/admin\\\/\"}]}<\/script>\n<!-- \/ Yoast SEO plugin. -->","yoast_head_json":{"title":"Origin\u00e1ln\u00ed obal na iPad Air 2 - Apple bazar","robots":{"index":"index","follow":"follow","max-snippet":"max-snippet:-1","max-image-preview":"max-image-preview:large","max-video-preview":"max-video-preview:-1"},"canonical":"https:\/\/www.letemsvetemapplem.eu\/bazar\/prosdej-original-obal-na-ipad-air-2\/","og_locale":"cs_CZ","og_type":"article","og_title":"Origin\u00e1ln\u00ed obal na iPad Air 2 - Apple bazar","og_description":"Dobr\u00fd den, prod\u00e1m origin\u00e1l Apple ko\u017een\u00fd obal na ipad air 2, barva RED, komplet, kryje zadek i p\u0159edek, p\u0159edek kter\u00fd je magnetick\u00fd, lze pou\u017e\u00edt jako stoj\u00e1nek, s\u00e1m probouz\u00ed a usp\u00e1v\u00e1 ipad. Byl koupen ve zna\u010dkov\u00e9m obchod\u011b SETOS v Praze, doklad mohu p\u0159edlo\u017eit, cena koup\u011b 2390,- K\u010d, prod\u00e1v\u00e1m za 1800,- K\u010d, mo\u017eno cena dohodou. Pou\u017e\u00edv\u00fdn cca...","og_url":"https:\/\/www.letemsvetemapplem.eu\/bazar\/prosdej-original-obal-na-ipad-air-2\/","og_site_name":"Apple bazar","article_published_time":"2017-07-28T16:42:24+00:00","article_modified_time":"2018-06-23T20:03:27+00:00","og_image":[{"width":4032,"height":3024,"url":"https:\/\/www.letemsvetemapplem.eu\/bazar\/wp-content\/uploads\/2017\/07\/IMG_0005.jpg","type":"image\/jpeg"}],"author":"admin","twitter_card":"summary_large_image","schema":{"@context":"https:\/\/schema.org","@graph":[{"@type":"Article","@id":"https:\/\/www.letemsvetemapplem.eu\/bazar\/prosdej-original-obal-na-ipad-air-2\/#article","isPartOf":{"@id":"https:\/\/www.letemsvetemapplem.eu\/bazar\/prosdej-original-obal-na-ipad-air-2\/"},"author":{"name":"admin","@id":"https:\/\/www.letemsvetemapplem.eu\/bazar\/#\/schema\/person\/473fd8554a31ad3176ad414dac37305d"},"headline":"Origin\u00e1ln\u00ed obal na iPad Air 2","datePublished":"2017-07-28T16:42:24+00:00","dateModified":"2018-06-23T20:03:27+00:00","mainEntityOfPage":{"@id":"https:\/\/www.letemsvetemapplem.eu\/bazar\/prosdej-original-obal-na-ipad-air-2\/"},"wordCount":122,"commentCount":0,"image":{"@id":"https:\/\/www.letemsvetemapplem.eu\/bazar\/prosdej-original-obal-na-ipad-air-2\/#primaryimage"},"thumbnailUrl":"https:\/\/www.letemsvetemapplem.eu\/bazar\/wp-content\/uploads\/2017\/07\/IMG_0005.jpg","keywords":["P\u0159\u00edslu\u0161enstv\u00ed"],"articleSection":["P\u0159\u00edslu\u0161enstv\u00ed"],"inLanguage":"cs","potentialAction":[{"@type":"CommentAction","name":"Comment","target":["https:\/\/www.letemsvetemapplem.eu\/bazar\/prosdej-original-obal-na-ipad-air-2\/#respond"]}]},{"@type":"WebPage","@id":"https:\/\/www.letemsvetemapplem.eu\/bazar\/prosdej-original-obal-na-ipad-air-2\/","url":"https:\/\/www.letemsvetemapplem.eu\/bazar\/prosdej-original-obal-na-ipad-air-2\/","name":"Origin\u00e1ln\u00ed obal na iPad Air 2 - Apple bazar","isPartOf":{"@id":"https:\/\/www.letemsvetemapplem.eu\/bazar\/#website"},"primaryImageOfPage":{"@id":"https:\/\/www.letemsvetemapplem.eu\/bazar\/prosdej-original-obal-na-ipad-air-2\/#primaryimage"},"image":{"@id":"https:\/\/www.letemsvetemapplem.eu\/bazar\/prosdej-original-obal-na-ipad-air-2\/#primaryimage"},"thumbnailUrl":"https:\/\/www.letemsvetemapplem.eu\/bazar\/wp-content\/uploads\/2017\/07\/IMG_0005.jpg","datePublished":"2017-07-28T16:42:24+00:00","dateModified":"2018-06-23T20:03:27+00:00","author":{"@id":"https:\/\/www.letemsvetemapplem.eu\/bazar\/#\/schema\/person\/473fd8554a31ad3176ad414dac37305d"},"breadcrumb":{"@id":"https:\/\/www.letemsvetemapplem.eu\/bazar\/prosdej-original-obal-na-ipad-air-2\/#breadcrumb"},"inLanguage":"cs","potentialAction":[{"@type":"ReadAction","target":["https:\/\/www.letemsvetemapplem.eu\/bazar\/prosdej-original-obal-na-ipad-air-2\/"]}]},{"@type":"ImageObject","inLanguage":"cs","@id":"https:\/\/www.letemsvetemapplem.eu\/bazar\/prosdej-original-obal-na-ipad-air-2\/#primaryimage","url":"https:\/\/www.letemsvetemapplem.eu\/bazar\/wp-content\/uploads\/2017\/07\/IMG_0005.jpg","contentUrl":"https:\/\/www.letemsvetemapplem.eu\/bazar\/wp-content\/uploads\/2017\/07\/IMG_0005.jpg","width":4032,"height":3024},{"@type":"BreadcrumbList","@id":"https:\/\/www.letemsvetemapplem.eu\/bazar\/prosdej-original-obal-na-ipad-air-2\/#breadcrumb","itemListElement":[{"@type":"ListItem","position":1,"name":"Apple Bazar","item":"https:\/\/www.letemsvetemapplem.eu\/bazar\/"},{"@type":"ListItem","position":2,"name":"Origin\u00e1ln\u00ed obal na iPad Air 2"}]},{"@type":"WebSite","@id":"https:\/\/www.letemsvetemapplem.eu\/bazar\/#website","url":"https:\/\/www.letemsvetemapplem.eu\/bazar\/","name":"Apple bazar","description":"Oou\u017eit\u00e9 Apple produkty za skv\u011bl\u00e9 ceny","potentialAction":[{"@type":"SearchAction","target":{"@type":"EntryPoint","urlTemplate":"https:\/\/www.letemsvetemapplem.eu\/bazar\/?s={search_term_string}"},"query-input":{"@type":"PropertyValueSpecification","valueRequired":true,"valueName":"search_term_string"}}],"inLanguage":"cs"},{"@type":"Person","@id":"https:\/\/www.letemsvetemapplem.eu\/bazar\/#\/schema\/person\/473fd8554a31ad3176ad414dac37305d","name":"admin","url":"https:\/\/www.letemsvetemapplem.eu\/bazar\/author\/admin\/"}]}},"_links":{"self":[{"href":"https:\/\/www.letemsvetemapplem.eu\/bazar\/wp-json\/wp\/v2\/posts\/36195","targetHints":{"allow":["GET"]}}],"collection":[{"href":"https:\/\/www.letemsvetemapplem.eu\/bazar\/wp-json\/wp\/v2\/posts"}],"about":[{"href":"https:\/\/www.letemsvetemapplem.eu\/bazar\/wp-json\/wp\/v2\/types\/post"}],"author":[{"embeddable":true,"href":"https:\/\/www.letemsvetemapplem.eu\/bazar\/wp-json\/wp\/v2\/users\/1"}],"replies":[{"embeddable":true,"href":"https:\/\/www.letemsvetemapplem.eu\/bazar\/wp-json\/wp\/v2\/comments?post=36195"}],"version-history":[{"count":0,"href":"https:\/\/www.letemsvetemapplem.eu\/bazar\/wp-json\/wp\/v2\/posts\/36195\/revisions"}],"wp:featuredmedia":[{"embeddable":true,"href":"https:\/\/www.letemsvetemapplem.eu\/bazar\/wp-json\/wp\/v2\/media\/36196"}],"wp:attachment":[{"href":"https:\/\/www.letemsvetemapplem.eu\/bazar\/wp-json\/wp\/v2\/media?parent=36195"}],"wp:term":[{"taxonomy":"category","embeddable":true,"href":"https:\/\/www.letemsvetemapplem.eu\/bazar\/wp-json\/wp\/v2\/categories?post=36195"},{"taxonomy":"post_tag","embeddable":true,"href":"https:\/\/www.letemsvetemapplem.eu\/bazar\/wp-json\/wp\/v2\/tags?post=36195"}],"curies":[{"name":"wp","href":"https:\/\/api.w.org\/{rel}","templated":true}]}}