{"id":36176,"date":"2017-07-28T13:52:00","date_gmt":"2017-07-28T12:52:00","guid":{"rendered":"https:\/\/www.letemsvetemapplem.eu\/bazar\/?p=36176"},"modified":"2017-07-28T13:52:00","modified_gmt":"2017-07-28T12:52:00","slug":"macbook-pro-retina-13-palcovy-koniec","status":"publish","type":"post","link":"https:\/\/www.letemsvetemapplem.eu\/bazar\/macbook-pro-retina-13-palcovy-koniec\/","title":{"rendered":"MacBook Pro (Retina, 13-palcov\u00fd, koniec"},"content":{"rendered":"<p>MacBook Pro (Retina, 13-palcov\u00fd, koniec roka 2012)<\/p>\n<p>&#8211; procesor &#8211; Intel Core i5, 2.5 GHz<br \/>\n&#8211; RAM &#8211; 8GB 1600 MHz DDR3<br \/>\n&#8211; displej &#8211; 13.3 palcov\u00fd (2560&#215;1600) Retina<br \/>\n&#8211; grafika &#8211; Intel HD Graphic 400 1536 MB<br \/>\n&#8211; pevn\u00fd disk &#8211; 256 GB SSD<br \/>\n&#8211; opera\u010dn\u00fd syst\u00e9m &#8211; macOS Sierra<br \/>\n&#8211; porty \t&#8211; MagSafe 2 (nap\u00e1janie) &#8211; 1x<br \/>\n\t\t&#8211; Thunderbolt &#8211; 2x<br \/>\n\t\t&#8211; USB 3.0 &#8211; 2x<br \/>\n\t\t&#8211; port pre sl\u00fachadl\u00e1 &#8211; 1x<br \/>\n\t\t&#8211; HDMI &#8211; 1x<br \/>\n\t\t&#8211; slot pre kartu SDXC &#8211; 1x<br \/>\n&#8211; du\u00e1lne mikrof\u00f3ny &#8211; 2x<br \/>\n&#8211; kamera FaceTime HD s rozl\u00ed\u0161en\u00edm 720p &#8211; 1x<br \/>\n&#8211; WiFi<br \/>\n&#8211; Bluetooth<br \/>\n&#8211; stereof\u00f3nne reproduktory<br \/>\n&#8211; podsvieten\u00e1 kl\u00e1vesnica<br \/>\n&#8211; Multi-Touch trackpad<br \/>\n&#8211; nap\u00e1jac\u00ed adapt\u00e9r MagSafe 2, 60W<br \/>\n&#8211; NOV\u00c1 bat\u00e9ria &#8211; v\u00fddr\u017e cca 8 hod.<br \/>\n&#8211; adapt\u00e9r Apple z Thunderbolt na Gigabit Ethernet (LAN RJ45)<br \/>\n&#8211; ochrann\u00e1 f\u00f3lia JCPPL na vrchu a spodku MacBook-u<br \/>\n&#8211; bez po\u0161kodenia, ako nov\u00fd<br \/>\n&#8211; origin\u00e1l krabica<\/p>\n","protected":false},"excerpt":{"rendered":"<p>MacBook Pro (Retina, 13-palcov\u00fd, koniec roka 2012) &#8211; procesor &#8211; Intel Core i5, 2.5 GHz &#8211; RAM &#8211; 8GB 1600 MHz DDR3 &#8211; displej &#8211; 13.3 palcov\u00fd (2560&#215;1600) Retina &#8211; grafika &#8211; Intel HD Graphic 400 1536 MB &#8211; pevn\u00fd disk &#8211; 256 GB SSD &#8211; opera\u010dn\u00fd syst\u00e9m &#8211; macOS Sierra &#8211; porty &#8211; MagSafe&#8230;<\/p>\n","protected":false},"author":0,"featured_media":36177,"comment_status":"open","ping_status":"open","sticky":false,"template":"","format":"standard","meta":{"footnotes":""},"categories":[48],"tags":[65],"class_list":["post-36176","post","type-post","status-publish","format-standard","has-post-thumbnail","hentry","category-macbook-pro","tag-macbook-pro"],"yoast_head":"<!-- This site is optimized with the Yoast SEO plugin v27.2 - https:\/\/yoast.com\/product\/yoast-seo-wordpress\/ -->\n<title>MacBook Pro (Retina, 13-palcov\u00fd, koniec - Apple bazar<\/title>\n<meta name=\"robots\" content=\"index, follow, max-snippet:-1, max-image-preview:large, max-video-preview:-1\" \/>\n<link rel=\"canonical\" href=\"https:\/\/www.letemsvetemapplem.eu\/bazar\/macbook-pro-retina-13-palcovy-koniec\/\" \/>\n<meta property=\"og:locale\" content=\"cs_CZ\" \/>\n<meta property=\"og:type\" content=\"article\" \/>\n<meta property=\"og:title\" content=\"MacBook Pro (Retina, 13-palcov\u00fd, koniec - Apple bazar\" \/>\n<meta property=\"og:description\" content=\"MacBook Pro (Retina, 13-palcov\u00fd, koniec roka 2012) &#8211; procesor &#8211; Intel Core i5, 2.5 GHz &#8211; RAM &#8211; 8GB 1600 MHz DDR3 &#8211; displej &#8211; 13.3 palcov\u00fd (2560&#215;1600) Retina &#8211; grafika &#8211; Intel HD Graphic 400 1536 MB &#8211; pevn\u00fd disk &#8211; 256 GB SSD &#8211; opera\u010dn\u00fd syst\u00e9m &#8211; macOS Sierra &#8211; porty &#8211; MagSafe...\" \/>\n<meta property=\"og:url\" content=\"https:\/\/www.letemsvetemapplem.eu\/bazar\/macbook-pro-retina-13-palcovy-koniec\/\" \/>\n<meta property=\"og:site_name\" content=\"Apple bazar\" \/>\n<meta property=\"article:published_time\" content=\"2017-07-28T12:52:00+00:00\" \/>\n<meta property=\"og:image\" content=\"https:\/\/www.letemsvetemapplem.eu\/bazar\/wp-content\/uploads\/2017\/07\/IMG_2416.jpg\" \/>\n\t<meta property=\"og:image:width\" content=\"770\" \/>\n\t<meta property=\"og:image:height\" content=\"1280\" \/>\n\t<meta property=\"og:image:type\" content=\"image\/jpeg\" \/>\n<meta name=\"twitter:card\" content=\"summary_large_image\" \/>\n<script type=\"application\/ld+json\" class=\"yoast-schema-graph\">{\"@context\":\"https:\/\/schema.org\",\"@graph\":[{\"@type\":\"Article\",\"@id\":\"https:\/\/www.letemsvetemapplem.eu\/bazar\/macbook-pro-retina-13-palcovy-koniec\/#article\",\"isPartOf\":{\"@id\":\"https:\/\/www.letemsvetemapplem.eu\/bazar\/macbook-pro-retina-13-palcovy-koniec\/\"},\"author\":{\"name\":\"\",\"@id\":\"\"},\"headline\":\"MacBook Pro (Retina, 13-palcov\u00fd, koniec\",\"datePublished\":\"2017-07-28T12:52:00+00:00\",\"mainEntityOfPage\":{\"@id\":\"https:\/\/www.letemsvetemapplem.eu\/bazar\/macbook-pro-retina-13-palcovy-koniec\/\"},\"wordCount\":165,\"commentCount\":0,\"image\":{\"@id\":\"https:\/\/www.letemsvetemapplem.eu\/bazar\/macbook-pro-retina-13-palcovy-koniec\/#primaryimage\"},\"thumbnailUrl\":\"https:\/\/www.letemsvetemapplem.eu\/bazar\/wp-content\/uploads\/2017\/07\/IMG_2416.jpg\",\"keywords\":[\"MacBook Pro\"],\"articleSection\":[\"MacBook Pro\"],\"inLanguage\":\"cs\",\"potentialAction\":[{\"@type\":\"CommentAction\",\"name\":\"Comment\",\"target\":[\"https:\/\/www.letemsvetemapplem.eu\/bazar\/macbook-pro-retina-13-palcovy-koniec\/#respond\"]}]},{\"@type\":\"WebPage\",\"@id\":\"https:\/\/www.letemsvetemapplem.eu\/bazar\/macbook-pro-retina-13-palcovy-koniec\/\",\"url\":\"https:\/\/www.letemsvetemapplem.eu\/bazar\/macbook-pro-retina-13-palcovy-koniec\/\",\"name\":\"MacBook Pro (Retina, 13-palcov\u00fd, koniec - Apple bazar\",\"isPartOf\":{\"@id\":\"https:\/\/www.letemsvetemapplem.eu\/bazar\/#website\"},\"primaryImageOfPage\":{\"@id\":\"https:\/\/www.letemsvetemapplem.eu\/bazar\/macbook-pro-retina-13-palcovy-koniec\/#primaryimage\"},\"image\":{\"@id\":\"https:\/\/www.letemsvetemapplem.eu\/bazar\/macbook-pro-retina-13-palcovy-koniec\/#primaryimage\"},\"thumbnailUrl\":\"https:\/\/www.letemsvetemapplem.eu\/bazar\/wp-content\/uploads\/2017\/07\/IMG_2416.jpg\",\"datePublished\":\"2017-07-28T12:52:00+00:00\",\"author\":{\"@id\":\"\"},\"breadcrumb\":{\"@id\":\"https:\/\/www.letemsvetemapplem.eu\/bazar\/macbook-pro-retina-13-palcovy-koniec\/#breadcrumb\"},\"inLanguage\":\"cs\",\"potentialAction\":[{\"@type\":\"ReadAction\",\"target\":[\"https:\/\/www.letemsvetemapplem.eu\/bazar\/macbook-pro-retina-13-palcovy-koniec\/\"]}]},{\"@type\":\"ImageObject\",\"inLanguage\":\"cs\",\"@id\":\"https:\/\/www.letemsvetemapplem.eu\/bazar\/macbook-pro-retina-13-palcovy-koniec\/#primaryimage\",\"url\":\"https:\/\/www.letemsvetemapplem.eu\/bazar\/wp-content\/uploads\/2017\/07\/IMG_2416.jpg\",\"contentUrl\":\"https:\/\/www.letemsvetemapplem.eu\/bazar\/wp-content\/uploads\/2017\/07\/IMG_2416.jpg\",\"width\":770,\"height\":1280},{\"@type\":\"BreadcrumbList\",\"@id\":\"https:\/\/www.letemsvetemapplem.eu\/bazar\/macbook-pro-retina-13-palcovy-koniec\/#breadcrumb\",\"itemListElement\":[{\"@type\":\"ListItem\",\"position\":1,\"name\":\"Apple Bazar\",\"item\":\"https:\/\/www.letemsvetemapplem.eu\/bazar\/\"},{\"@type\":\"ListItem\",\"position\":2,\"name\":\"MacBook Pro (Retina, 13-palcov\u00fd, koniec\"}]},{\"@type\":\"WebSite\",\"@id\":\"https:\/\/www.letemsvetemapplem.eu\/bazar\/#website\",\"url\":\"https:\/\/www.letemsvetemapplem.eu\/bazar\/\",\"name\":\"Apple bazar\",\"description\":\"Oou\u017eit\u00e9 Apple produkty za skv\u011bl\u00e9 ceny\",\"potentialAction\":[{\"@type\":\"SearchAction\",\"target\":{\"@type\":\"EntryPoint\",\"urlTemplate\":\"https:\/\/www.letemsvetemapplem.eu\/bazar\/?s={search_term_string}\"},\"query-input\":{\"@type\":\"PropertyValueSpecification\",\"valueRequired\":true,\"valueName\":\"search_term_string\"}}],\"inLanguage\":\"cs\"}]}<\/script>\n<!-- \/ Yoast SEO plugin. -->","yoast_head_json":{"title":"MacBook Pro (Retina, 13-palcov\u00fd, koniec - Apple bazar","robots":{"index":"index","follow":"follow","max-snippet":"max-snippet:-1","max-image-preview":"max-image-preview:large","max-video-preview":"max-video-preview:-1"},"canonical":"https:\/\/www.letemsvetemapplem.eu\/bazar\/macbook-pro-retina-13-palcovy-koniec\/","og_locale":"cs_CZ","og_type":"article","og_title":"MacBook Pro (Retina, 13-palcov\u00fd, koniec - Apple bazar","og_description":"MacBook Pro (Retina, 13-palcov\u00fd, koniec roka 2012) &#8211; procesor &#8211; Intel Core i5, 2.5 GHz &#8211; RAM &#8211; 8GB 1600 MHz DDR3 &#8211; displej &#8211; 13.3 palcov\u00fd (2560&#215;1600) Retina &#8211; grafika &#8211; Intel HD Graphic 400 1536 MB &#8211; pevn\u00fd disk &#8211; 256 GB SSD &#8211; opera\u010dn\u00fd syst\u00e9m &#8211; macOS Sierra &#8211; porty &#8211; MagSafe...","og_url":"https:\/\/www.letemsvetemapplem.eu\/bazar\/macbook-pro-retina-13-palcovy-koniec\/","og_site_name":"Apple bazar","article_published_time":"2017-07-28T12:52:00+00:00","og_image":[{"width":770,"height":1280,"url":"https:\/\/www.letemsvetemapplem.eu\/bazar\/wp-content\/uploads\/2017\/07\/IMG_2416.jpg","type":"image\/jpeg"}],"twitter_card":"summary_large_image","schema":{"@context":"https:\/\/schema.org","@graph":[{"@type":"Article","@id":"https:\/\/www.letemsvetemapplem.eu\/bazar\/macbook-pro-retina-13-palcovy-koniec\/#article","isPartOf":{"@id":"https:\/\/www.letemsvetemapplem.eu\/bazar\/macbook-pro-retina-13-palcovy-koniec\/"},"author":{"name":"","@id":""},"headline":"MacBook Pro (Retina, 13-palcov\u00fd, koniec","datePublished":"2017-07-28T12:52:00+00:00","mainEntityOfPage":{"@id":"https:\/\/www.letemsvetemapplem.eu\/bazar\/macbook-pro-retina-13-palcovy-koniec\/"},"wordCount":165,"commentCount":0,"image":{"@id":"https:\/\/www.letemsvetemapplem.eu\/bazar\/macbook-pro-retina-13-palcovy-koniec\/#primaryimage"},"thumbnailUrl":"https:\/\/www.letemsvetemapplem.eu\/bazar\/wp-content\/uploads\/2017\/07\/IMG_2416.jpg","keywords":["MacBook Pro"],"articleSection":["MacBook Pro"],"inLanguage":"cs","potentialAction":[{"@type":"CommentAction","name":"Comment","target":["https:\/\/www.letemsvetemapplem.eu\/bazar\/macbook-pro-retina-13-palcovy-koniec\/#respond"]}]},{"@type":"WebPage","@id":"https:\/\/www.letemsvetemapplem.eu\/bazar\/macbook-pro-retina-13-palcovy-koniec\/","url":"https:\/\/www.letemsvetemapplem.eu\/bazar\/macbook-pro-retina-13-palcovy-koniec\/","name":"MacBook Pro (Retina, 13-palcov\u00fd, koniec - Apple bazar","isPartOf":{"@id":"https:\/\/www.letemsvetemapplem.eu\/bazar\/#website"},"primaryImageOfPage":{"@id":"https:\/\/www.letemsvetemapplem.eu\/bazar\/macbook-pro-retina-13-palcovy-koniec\/#primaryimage"},"image":{"@id":"https:\/\/www.letemsvetemapplem.eu\/bazar\/macbook-pro-retina-13-palcovy-koniec\/#primaryimage"},"thumbnailUrl":"https:\/\/www.letemsvetemapplem.eu\/bazar\/wp-content\/uploads\/2017\/07\/IMG_2416.jpg","datePublished":"2017-07-28T12:52:00+00:00","author":{"@id":""},"breadcrumb":{"@id":"https:\/\/www.letemsvetemapplem.eu\/bazar\/macbook-pro-retina-13-palcovy-koniec\/#breadcrumb"},"inLanguage":"cs","potentialAction":[{"@type":"ReadAction","target":["https:\/\/www.letemsvetemapplem.eu\/bazar\/macbook-pro-retina-13-palcovy-koniec\/"]}]},{"@type":"ImageObject","inLanguage":"cs","@id":"https:\/\/www.letemsvetemapplem.eu\/bazar\/macbook-pro-retina-13-palcovy-koniec\/#primaryimage","url":"https:\/\/www.letemsvetemapplem.eu\/bazar\/wp-content\/uploads\/2017\/07\/IMG_2416.jpg","contentUrl":"https:\/\/www.letemsvetemapplem.eu\/bazar\/wp-content\/uploads\/2017\/07\/IMG_2416.jpg","width":770,"height":1280},{"@type":"BreadcrumbList","@id":"https:\/\/www.letemsvetemapplem.eu\/bazar\/macbook-pro-retina-13-palcovy-koniec\/#breadcrumb","itemListElement":[{"@type":"ListItem","position":1,"name":"Apple Bazar","item":"https:\/\/www.letemsvetemapplem.eu\/bazar\/"},{"@type":"ListItem","position":2,"name":"MacBook Pro (Retina, 13-palcov\u00fd, koniec"}]},{"@type":"WebSite","@id":"https:\/\/www.letemsvetemapplem.eu\/bazar\/#website","url":"https:\/\/www.letemsvetemapplem.eu\/bazar\/","name":"Apple bazar","description":"Oou\u017eit\u00e9 Apple produkty za skv\u011bl\u00e9 ceny","potentialAction":[{"@type":"SearchAction","target":{"@type":"EntryPoint","urlTemplate":"https:\/\/www.letemsvetemapplem.eu\/bazar\/?s={search_term_string}"},"query-input":{"@type":"PropertyValueSpecification","valueRequired":true,"valueName":"search_term_string"}}],"inLanguage":"cs"}]}},"_links":{"self":[{"href":"https:\/\/www.letemsvetemapplem.eu\/bazar\/wp-json\/wp\/v2\/posts\/36176","targetHints":{"allow":["GET"]}}],"collection":[{"href":"https:\/\/www.letemsvetemapplem.eu\/bazar\/wp-json\/wp\/v2\/posts"}],"about":[{"href":"https:\/\/www.letemsvetemapplem.eu\/bazar\/wp-json\/wp\/v2\/types\/post"}],"replies":[{"embeddable":true,"href":"https:\/\/www.letemsvetemapplem.eu\/bazar\/wp-json\/wp\/v2\/comments?post=36176"}],"version-history":[{"count":0,"href":"https:\/\/www.letemsvetemapplem.eu\/bazar\/wp-json\/wp\/v2\/posts\/36176\/revisions"}],"wp:featuredmedia":[{"embeddable":true,"href":"https:\/\/www.letemsvetemapplem.eu\/bazar\/wp-json\/wp\/v2\/media\/36177"}],"wp:attachment":[{"href":"https:\/\/www.letemsvetemapplem.eu\/bazar\/wp-json\/wp\/v2\/media?parent=36176"}],"wp:term":[{"taxonomy":"category","embeddable":true,"href":"https:\/\/www.letemsvetemapplem.eu\/bazar\/wp-json\/wp\/v2\/categories?post=36176"},{"taxonomy":"post_tag","embeddable":true,"href":"https:\/\/www.letemsvetemapplem.eu\/bazar\/wp-json\/wp\/v2\/tags?post=36176"}],"curies":[{"name":"wp","href":"https:\/\/api.w.org\/{rel}","templated":true}]}}