{"id":35868,"date":"2017-07-22T18:11:25","date_gmt":"2017-07-22T17:11:25","guid":{"rendered":"https:\/\/www.letemsvetemapplem.eu\/bazar\/?p=35868"},"modified":"2017-07-22T18:11:25","modified_gmt":"2017-07-22T17:11:25","slug":"mac-mini-mgen2csa-late-2014","status":"publish","type":"post","link":"https:\/\/www.letemsvetemapplem.eu\/bazar\/mac-mini-mgen2csa-late-2014\/","title":{"rendered":"Mac Mini (MGEN2CS\/A) Late 2014"},"content":{"rendered":"<p>Mac Mini (MGEN2CS\/A) Late 2014 Info: 2 majitel, stav A+, Sierra, kompletn\u00ed balen\u00ed v\u010detn\u011b samolebek, v p\u0159\u00edpad\u011b rychl\u00e9ho jedn\u00e1n\u00ed p\u0159id\u00e1m Moshi redukci Thunderbolt 2 to HDMI.Pln\u011b funk\u010dn\u00ed dual-boot s Windows 10, pln\u011b funk\u010dn\u00ed dual monitor setup 1080p + 2k, pln\u011b funk\u010dn\u00ed va\u0161e st\u00e1vaj\u00edc\u00ed kl\u00e1vesnice a my\u0161. Konfigurace: Intel Dual Core i5 2.6GHz Haswell, RAM 8GB, Intel Iris Graphics, HDD 1TB 5400 ot\u00e1\u010dek, GLAN, WiFi 802.11ac, Bluetooth 4.0, 4x USB 3.0, HDMI, 2x Thunderbolt port, SDXC \u010dte\u010dka, Mac OS Sierra.Bezprobl\u00e9mov\u00fd stroj, ale j\u00e1 si na Mac OSX asi nezvyknu.Odhl\u00e1\u0161en ze v\u0161ech slu\u017eeb, nainstalov\u00e1na posledn\u00ed verze Sierry bez Apple \u00fa\u010dtu k vyzkou\u0161en\u00ed, nov\u00fd majitel si p\u0159einstaluje na sebe. Stav: A+ Koupeno: www. alza.cz Z\u00e1ruka do: 3.11.17 D\u016fvod prodeje:nadbyte\u010dnost, finan\u010dn\u00ed pot\u0159eba Zp\u016fsob p\u0159ed\u00e1n\u00ed: nejl\u00e9pe osobka a vyzkou\u0161en\u00ed na m\u00edst\u011b, jinak po\u0161ta &#8211; poji\u0161t\u011bn\u00fd bal\u00edk do ruky &#8211; z\u00e1loha na m\u016fj \u00fa\u010det + dob\u00edrka, \u010di po p\u0159evodu cel\u00e9 \u010d\u00e1stky po\u0161ta na mn\u011b. Odkaz: https:\/\/www.alza.cz\/mac-mini?dq=2220783&amp;o=6&amp;layoutAutoChange=1<\/p>\n","protected":false},"excerpt":{"rendered":"<p>Mac Mini (MGEN2CS\/A) Late 2014 Info: 2 majitel, stav A+, Sierra, kompletn\u00ed balen\u00ed v\u010detn\u011b samolebek, v p\u0159\u00edpad\u011b rychl\u00e9ho jedn\u00e1n\u00ed p\u0159id\u00e1m Moshi redukci Thunderbolt 2 to HDMI.Pln\u011b funk\u010dn\u00ed dual-boot s Windows 10, pln\u011b funk\u010dn\u00ed dual monitor setup 1080p + 2k, pln\u011b funk\u010dn\u00ed va\u0161e st\u00e1vaj\u00edc\u00ed kl\u00e1vesnice a my\u0161. Konfigurace: Intel Dual Core i5 2.6GHz Haswell, RAM 8GB,&#8230;<\/p>\n","protected":false},"author":0,"featured_media":35869,"comment_status":"open","ping_status":"open","sticky":false,"template":"","format":"standard","meta":{"footnotes":""},"categories":[44],"tags":[78],"class_list":["post-35868","post","type-post","status-publish","format-standard","has-post-thumbnail","hentry","category-mac-mini","tag-mac-mini"],"yoast_head":"<!-- This site is optimized with the Yoast SEO plugin v27.2 - https:\/\/yoast.com\/product\/yoast-seo-wordpress\/ -->\n<title>Mac Mini (MGEN2CS\/A) Late 2014 - Apple bazar<\/title>\n<meta name=\"robots\" content=\"index, follow, max-snippet:-1, max-image-preview:large, max-video-preview:-1\" \/>\n<link rel=\"canonical\" href=\"https:\/\/www.letemsvetemapplem.eu\/bazar\/mac-mini-mgen2csa-late-2014\/\" \/>\n<meta property=\"og:locale\" content=\"cs_CZ\" \/>\n<meta property=\"og:type\" content=\"article\" \/>\n<meta property=\"og:title\" content=\"Mac Mini (MGEN2CS\/A) Late 2014 - Apple bazar\" \/>\n<meta property=\"og:description\" content=\"Mac Mini (MGEN2CS\/A) Late 2014 Info: 2 majitel, stav A+, Sierra, kompletn\u00ed balen\u00ed v\u010detn\u011b samolebek, v p\u0159\u00edpad\u011b rychl\u00e9ho jedn\u00e1n\u00ed p\u0159id\u00e1m Moshi redukci Thunderbolt 2 to HDMI.Pln\u011b funk\u010dn\u00ed dual-boot s Windows 10, pln\u011b funk\u010dn\u00ed dual monitor setup 1080p + 2k, pln\u011b funk\u010dn\u00ed va\u0161e st\u00e1vaj\u00edc\u00ed kl\u00e1vesnice a my\u0161. Konfigurace: Intel Dual Core i5 2.6GHz Haswell, RAM 8GB,...\" \/>\n<meta property=\"og:url\" content=\"https:\/\/www.letemsvetemapplem.eu\/bazar\/mac-mini-mgen2csa-late-2014\/\" \/>\n<meta property=\"og:site_name\" content=\"Apple bazar\" \/>\n<meta property=\"article:published_time\" content=\"2017-07-22T17:11:25+00:00\" \/>\n<meta property=\"og:image\" content=\"https:\/\/www.letemsvetemapplem.eu\/bazar\/wp-content\/uploads\/2017\/07\/20170721_121956030_iOS.jpg\" \/>\n\t<meta property=\"og:image:width\" content=\"4032\" \/>\n\t<meta property=\"og:image:height\" content=\"3024\" \/>\n\t<meta property=\"og:image:type\" content=\"image\/jpeg\" \/>\n<meta name=\"twitter:card\" content=\"summary_large_image\" \/>\n<script type=\"application\/ld+json\" class=\"yoast-schema-graph\">{\"@context\":\"https:\/\/schema.org\",\"@graph\":[{\"@type\":\"Article\",\"@id\":\"https:\/\/www.letemsvetemapplem.eu\/bazar\/mac-mini-mgen2csa-late-2014\/#article\",\"isPartOf\":{\"@id\":\"https:\/\/www.letemsvetemapplem.eu\/bazar\/mac-mini-mgen2csa-late-2014\/\"},\"author\":{\"name\":\"\",\"@id\":\"\"},\"headline\":\"Mac Mini (MGEN2CS\/A) Late 2014\",\"datePublished\":\"2017-07-22T17:11:25+00:00\",\"mainEntityOfPage\":{\"@id\":\"https:\/\/www.letemsvetemapplem.eu\/bazar\/mac-mini-mgen2csa-late-2014\/\"},\"wordCount\":204,\"commentCount\":0,\"image\":{\"@id\":\"https:\/\/www.letemsvetemapplem.eu\/bazar\/mac-mini-mgen2csa-late-2014\/#primaryimage\"},\"thumbnailUrl\":\"https:\/\/www.letemsvetemapplem.eu\/bazar\/wp-content\/uploads\/2017\/07\/20170721_121956030_iOS.jpg\",\"keywords\":[\"Mac mini\"],\"articleSection\":[\"Mac mini\"],\"inLanguage\":\"cs\",\"potentialAction\":[{\"@type\":\"CommentAction\",\"name\":\"Comment\",\"target\":[\"https:\/\/www.letemsvetemapplem.eu\/bazar\/mac-mini-mgen2csa-late-2014\/#respond\"]}]},{\"@type\":\"WebPage\",\"@id\":\"https:\/\/www.letemsvetemapplem.eu\/bazar\/mac-mini-mgen2csa-late-2014\/\",\"url\":\"https:\/\/www.letemsvetemapplem.eu\/bazar\/mac-mini-mgen2csa-late-2014\/\",\"name\":\"Mac Mini (MGEN2CS\/A) Late 2014 - Apple bazar\",\"isPartOf\":{\"@id\":\"https:\/\/www.letemsvetemapplem.eu\/bazar\/#website\"},\"primaryImageOfPage\":{\"@id\":\"https:\/\/www.letemsvetemapplem.eu\/bazar\/mac-mini-mgen2csa-late-2014\/#primaryimage\"},\"image\":{\"@id\":\"https:\/\/www.letemsvetemapplem.eu\/bazar\/mac-mini-mgen2csa-late-2014\/#primaryimage\"},\"thumbnailUrl\":\"https:\/\/www.letemsvetemapplem.eu\/bazar\/wp-content\/uploads\/2017\/07\/20170721_121956030_iOS.jpg\",\"datePublished\":\"2017-07-22T17:11:25+00:00\",\"author\":{\"@id\":\"\"},\"breadcrumb\":{\"@id\":\"https:\/\/www.letemsvetemapplem.eu\/bazar\/mac-mini-mgen2csa-late-2014\/#breadcrumb\"},\"inLanguage\":\"cs\",\"potentialAction\":[{\"@type\":\"ReadAction\",\"target\":[\"https:\/\/www.letemsvetemapplem.eu\/bazar\/mac-mini-mgen2csa-late-2014\/\"]}]},{\"@type\":\"ImageObject\",\"inLanguage\":\"cs\",\"@id\":\"https:\/\/www.letemsvetemapplem.eu\/bazar\/mac-mini-mgen2csa-late-2014\/#primaryimage\",\"url\":\"https:\/\/www.letemsvetemapplem.eu\/bazar\/wp-content\/uploads\/2017\/07\/20170721_121956030_iOS.jpg\",\"contentUrl\":\"https:\/\/www.letemsvetemapplem.eu\/bazar\/wp-content\/uploads\/2017\/07\/20170721_121956030_iOS.jpg\",\"width\":4032,\"height\":3024},{\"@type\":\"BreadcrumbList\",\"@id\":\"https:\/\/www.letemsvetemapplem.eu\/bazar\/mac-mini-mgen2csa-late-2014\/#breadcrumb\",\"itemListElement\":[{\"@type\":\"ListItem\",\"position\":1,\"name\":\"Apple Bazar\",\"item\":\"https:\/\/www.letemsvetemapplem.eu\/bazar\/\"},{\"@type\":\"ListItem\",\"position\":2,\"name\":\"Mac Mini (MGEN2CS\/A) Late 2014\"}]},{\"@type\":\"WebSite\",\"@id\":\"https:\/\/www.letemsvetemapplem.eu\/bazar\/#website\",\"url\":\"https:\/\/www.letemsvetemapplem.eu\/bazar\/\",\"name\":\"Apple bazar\",\"description\":\"Oou\u017eit\u00e9 Apple produkty za skv\u011bl\u00e9 ceny\",\"potentialAction\":[{\"@type\":\"SearchAction\",\"target\":{\"@type\":\"EntryPoint\",\"urlTemplate\":\"https:\/\/www.letemsvetemapplem.eu\/bazar\/?s={search_term_string}\"},\"query-input\":{\"@type\":\"PropertyValueSpecification\",\"valueRequired\":true,\"valueName\":\"search_term_string\"}}],\"inLanguage\":\"cs\"}]}<\/script>\n<!-- \/ Yoast SEO plugin. -->","yoast_head_json":{"title":"Mac Mini (MGEN2CS\/A) Late 2014 - Apple bazar","robots":{"index":"index","follow":"follow","max-snippet":"max-snippet:-1","max-image-preview":"max-image-preview:large","max-video-preview":"max-video-preview:-1"},"canonical":"https:\/\/www.letemsvetemapplem.eu\/bazar\/mac-mini-mgen2csa-late-2014\/","og_locale":"cs_CZ","og_type":"article","og_title":"Mac Mini (MGEN2CS\/A) Late 2014 - Apple bazar","og_description":"Mac Mini (MGEN2CS\/A) Late 2014 Info: 2 majitel, stav A+, Sierra, kompletn\u00ed balen\u00ed v\u010detn\u011b samolebek, v p\u0159\u00edpad\u011b rychl\u00e9ho jedn\u00e1n\u00ed p\u0159id\u00e1m Moshi redukci Thunderbolt 2 to HDMI.Pln\u011b funk\u010dn\u00ed dual-boot s Windows 10, pln\u011b funk\u010dn\u00ed dual monitor setup 1080p + 2k, pln\u011b funk\u010dn\u00ed va\u0161e st\u00e1vaj\u00edc\u00ed kl\u00e1vesnice a my\u0161. Konfigurace: Intel Dual Core i5 2.6GHz Haswell, RAM 8GB,...","og_url":"https:\/\/www.letemsvetemapplem.eu\/bazar\/mac-mini-mgen2csa-late-2014\/","og_site_name":"Apple bazar","article_published_time":"2017-07-22T17:11:25+00:00","og_image":[{"width":4032,"height":3024,"url":"https:\/\/www.letemsvetemapplem.eu\/bazar\/wp-content\/uploads\/2017\/07\/20170721_121956030_iOS.jpg","type":"image\/jpeg"}],"twitter_card":"summary_large_image","schema":{"@context":"https:\/\/schema.org","@graph":[{"@type":"Article","@id":"https:\/\/www.letemsvetemapplem.eu\/bazar\/mac-mini-mgen2csa-late-2014\/#article","isPartOf":{"@id":"https:\/\/www.letemsvetemapplem.eu\/bazar\/mac-mini-mgen2csa-late-2014\/"},"author":{"name":"","@id":""},"headline":"Mac Mini (MGEN2CS\/A) Late 2014","datePublished":"2017-07-22T17:11:25+00:00","mainEntityOfPage":{"@id":"https:\/\/www.letemsvetemapplem.eu\/bazar\/mac-mini-mgen2csa-late-2014\/"},"wordCount":204,"commentCount":0,"image":{"@id":"https:\/\/www.letemsvetemapplem.eu\/bazar\/mac-mini-mgen2csa-late-2014\/#primaryimage"},"thumbnailUrl":"https:\/\/www.letemsvetemapplem.eu\/bazar\/wp-content\/uploads\/2017\/07\/20170721_121956030_iOS.jpg","keywords":["Mac mini"],"articleSection":["Mac mini"],"inLanguage":"cs","potentialAction":[{"@type":"CommentAction","name":"Comment","target":["https:\/\/www.letemsvetemapplem.eu\/bazar\/mac-mini-mgen2csa-late-2014\/#respond"]}]},{"@type":"WebPage","@id":"https:\/\/www.letemsvetemapplem.eu\/bazar\/mac-mini-mgen2csa-late-2014\/","url":"https:\/\/www.letemsvetemapplem.eu\/bazar\/mac-mini-mgen2csa-late-2014\/","name":"Mac Mini (MGEN2CS\/A) Late 2014 - Apple bazar","isPartOf":{"@id":"https:\/\/www.letemsvetemapplem.eu\/bazar\/#website"},"primaryImageOfPage":{"@id":"https:\/\/www.letemsvetemapplem.eu\/bazar\/mac-mini-mgen2csa-late-2014\/#primaryimage"},"image":{"@id":"https:\/\/www.letemsvetemapplem.eu\/bazar\/mac-mini-mgen2csa-late-2014\/#primaryimage"},"thumbnailUrl":"https:\/\/www.letemsvetemapplem.eu\/bazar\/wp-content\/uploads\/2017\/07\/20170721_121956030_iOS.jpg","datePublished":"2017-07-22T17:11:25+00:00","author":{"@id":""},"breadcrumb":{"@id":"https:\/\/www.letemsvetemapplem.eu\/bazar\/mac-mini-mgen2csa-late-2014\/#breadcrumb"},"inLanguage":"cs","potentialAction":[{"@type":"ReadAction","target":["https:\/\/www.letemsvetemapplem.eu\/bazar\/mac-mini-mgen2csa-late-2014\/"]}]},{"@type":"ImageObject","inLanguage":"cs","@id":"https:\/\/www.letemsvetemapplem.eu\/bazar\/mac-mini-mgen2csa-late-2014\/#primaryimage","url":"https:\/\/www.letemsvetemapplem.eu\/bazar\/wp-content\/uploads\/2017\/07\/20170721_121956030_iOS.jpg","contentUrl":"https:\/\/www.letemsvetemapplem.eu\/bazar\/wp-content\/uploads\/2017\/07\/20170721_121956030_iOS.jpg","width":4032,"height":3024},{"@type":"BreadcrumbList","@id":"https:\/\/www.letemsvetemapplem.eu\/bazar\/mac-mini-mgen2csa-late-2014\/#breadcrumb","itemListElement":[{"@type":"ListItem","position":1,"name":"Apple Bazar","item":"https:\/\/www.letemsvetemapplem.eu\/bazar\/"},{"@type":"ListItem","position":2,"name":"Mac Mini (MGEN2CS\/A) Late 2014"}]},{"@type":"WebSite","@id":"https:\/\/www.letemsvetemapplem.eu\/bazar\/#website","url":"https:\/\/www.letemsvetemapplem.eu\/bazar\/","name":"Apple bazar","description":"Oou\u017eit\u00e9 Apple produkty za skv\u011bl\u00e9 ceny","potentialAction":[{"@type":"SearchAction","target":{"@type":"EntryPoint","urlTemplate":"https:\/\/www.letemsvetemapplem.eu\/bazar\/?s={search_term_string}"},"query-input":{"@type":"PropertyValueSpecification","valueRequired":true,"valueName":"search_term_string"}}],"inLanguage":"cs"}]}},"_links":{"self":[{"href":"https:\/\/www.letemsvetemapplem.eu\/bazar\/wp-json\/wp\/v2\/posts\/35868","targetHints":{"allow":["GET"]}}],"collection":[{"href":"https:\/\/www.letemsvetemapplem.eu\/bazar\/wp-json\/wp\/v2\/posts"}],"about":[{"href":"https:\/\/www.letemsvetemapplem.eu\/bazar\/wp-json\/wp\/v2\/types\/post"}],"replies":[{"embeddable":true,"href":"https:\/\/www.letemsvetemapplem.eu\/bazar\/wp-json\/wp\/v2\/comments?post=35868"}],"version-history":[{"count":0,"href":"https:\/\/www.letemsvetemapplem.eu\/bazar\/wp-json\/wp\/v2\/posts\/35868\/revisions"}],"wp:featuredmedia":[{"embeddable":true,"href":"https:\/\/www.letemsvetemapplem.eu\/bazar\/wp-json\/wp\/v2\/media\/35869"}],"wp:attachment":[{"href":"https:\/\/www.letemsvetemapplem.eu\/bazar\/wp-json\/wp\/v2\/media?parent=35868"}],"wp:term":[{"taxonomy":"category","embeddable":true,"href":"https:\/\/www.letemsvetemapplem.eu\/bazar\/wp-json\/wp\/v2\/categories?post=35868"},{"taxonomy":"post_tag","embeddable":true,"href":"https:\/\/www.letemsvetemapplem.eu\/bazar\/wp-json\/wp\/v2\/tags?post=35868"}],"curies":[{"name":"wp","href":"https:\/\/api.w.org\/{rel}","templated":true}]}}