{"id":33966,"date":"2017-07-03T11:01:48","date_gmt":"2017-07-03T10:01:48","guid":{"rendered":"https:\/\/www.letemsvetemapplem.eu\/bazar\/?p=33966"},"modified":"2017-07-03T11:01:48","modified_gmt":"2017-07-03T10:01:48","slug":"215-28ghz-intel-core-i5-1tb","status":"publish","type":"post","link":"https:\/\/www.letemsvetemapplem.eu\/bazar\/215-28ghz-intel-core-i5-1tb\/","title":{"rendered":"21,5 \u201c 2,8GHz Intel Core i5 1TB"},"content":{"rendered":"<p>Nab\u00edz\u00edm p\u016fl roku star\u00fd iMac ve skv\u011bl\u00e9m stavu bez jak\u00e9hokoliv po\u0161kozen\u00ed. V cen\u011b samoz\u0159ejm\u011b Apple Magic Keyboard a Apple Magic Mouse 2.<\/p>\n","protected":false},"excerpt":{"rendered":"<p>Nab\u00edz\u00edm p\u016fl roku star\u00fd iMac ve skv\u011bl\u00e9m stavu bez jak\u00e9hokoliv po\u0161kozen\u00ed. V cen\u011b samoz\u0159ejm\u011b Apple Magic Keyboard a Apple Magic Mouse 2.<\/p>\n","protected":false},"author":0,"featured_media":33967,"comment_status":"open","ping_status":"open","sticky":false,"template":"","format":"standard","meta":{"footnotes":""},"categories":[41],"tags":[77],"class_list":["post-33966","post","type-post","status-publish","format-standard","has-post-thumbnail","hentry","category-imac","tag-imac"],"yoast_head":"<!-- This site is optimized with the Yoast SEO plugin v27.2 - https:\/\/yoast.com\/product\/yoast-seo-wordpress\/ -->\n<title>21,5 \u201c 2,8GHz Intel Core i5 1TB - Apple bazar<\/title>\n<meta name=\"robots\" content=\"index, follow, max-snippet:-1, max-image-preview:large, max-video-preview:-1\" \/>\n<link rel=\"canonical\" href=\"https:\/\/www.letemsvetemapplem.eu\/bazar\/215-28ghz-intel-core-i5-1tb\/\" \/>\n<meta property=\"og:locale\" content=\"cs_CZ\" \/>\n<meta property=\"og:type\" content=\"article\" \/>\n<meta property=\"og:title\" content=\"21,5 \u201c 2,8GHz Intel Core i5 1TB - Apple bazar\" \/>\n<meta property=\"og:description\" content=\"Nab\u00edz\u00edm p\u016fl roku star\u00fd iMac ve skv\u011bl\u00e9m stavu bez jak\u00e9hokoliv po\u0161kozen\u00ed. V cen\u011b samoz\u0159ejm\u011b Apple Magic Keyboard a Apple Magic Mouse 2.\" \/>\n<meta property=\"og:url\" content=\"https:\/\/www.letemsvetemapplem.eu\/bazar\/215-28ghz-intel-core-i5-1tb\/\" \/>\n<meta property=\"og:site_name\" content=\"Apple bazar\" \/>\n<meta property=\"article:published_time\" content=\"2017-07-03T10:01:48+00:00\" \/>\n<meta property=\"og:image\" content=\"https:\/\/www.letemsvetemapplem.eu\/bazar\/wp-content\/uploads\/2017\/07\/IMG_2732.jpg\" \/>\n\t<meta property=\"og:image:width\" content=\"3264\" \/>\n\t<meta property=\"og:image:height\" content=\"2448\" \/>\n\t<meta property=\"og:image:type\" content=\"image\/jpeg\" \/>\n<meta name=\"twitter:card\" content=\"summary_large_image\" \/>\n<script type=\"application\/ld+json\" class=\"yoast-schema-graph\">{\"@context\":\"https:\/\/schema.org\",\"@graph\":[{\"@type\":\"Article\",\"@id\":\"https:\/\/www.letemsvetemapplem.eu\/bazar\/215-28ghz-intel-core-i5-1tb\/#article\",\"isPartOf\":{\"@id\":\"https:\/\/www.letemsvetemapplem.eu\/bazar\/215-28ghz-intel-core-i5-1tb\/\"},\"author\":{\"name\":\"\",\"@id\":\"\"},\"headline\":\"21,5 \u201c 2,8GHz Intel Core i5 1TB\",\"datePublished\":\"2017-07-03T10:01:48+00:00\",\"mainEntityOfPage\":{\"@id\":\"https:\/\/www.letemsvetemapplem.eu\/bazar\/215-28ghz-intel-core-i5-1tb\/\"},\"wordCount\":34,\"commentCount\":0,\"image\":{\"@id\":\"https:\/\/www.letemsvetemapplem.eu\/bazar\/215-28ghz-intel-core-i5-1tb\/#primaryimage\"},\"thumbnailUrl\":\"https:\/\/www.letemsvetemapplem.eu\/bazar\/wp-content\/uploads\/2017\/07\/IMG_2732.jpg\",\"keywords\":[\"iMac\"],\"articleSection\":[\"iMac\"],\"inLanguage\":\"cs\",\"potentialAction\":[{\"@type\":\"CommentAction\",\"name\":\"Comment\",\"target\":[\"https:\/\/www.letemsvetemapplem.eu\/bazar\/215-28ghz-intel-core-i5-1tb\/#respond\"]}]},{\"@type\":\"WebPage\",\"@id\":\"https:\/\/www.letemsvetemapplem.eu\/bazar\/215-28ghz-intel-core-i5-1tb\/\",\"url\":\"https:\/\/www.letemsvetemapplem.eu\/bazar\/215-28ghz-intel-core-i5-1tb\/\",\"name\":\"21,5 \u201c 2,8GHz Intel Core i5 1TB - Apple bazar\",\"isPartOf\":{\"@id\":\"https:\/\/www.letemsvetemapplem.eu\/bazar\/#website\"},\"primaryImageOfPage\":{\"@id\":\"https:\/\/www.letemsvetemapplem.eu\/bazar\/215-28ghz-intel-core-i5-1tb\/#primaryimage\"},\"image\":{\"@id\":\"https:\/\/www.letemsvetemapplem.eu\/bazar\/215-28ghz-intel-core-i5-1tb\/#primaryimage\"},\"thumbnailUrl\":\"https:\/\/www.letemsvetemapplem.eu\/bazar\/wp-content\/uploads\/2017\/07\/IMG_2732.jpg\",\"datePublished\":\"2017-07-03T10:01:48+00:00\",\"author\":{\"@id\":\"\"},\"breadcrumb\":{\"@id\":\"https:\/\/www.letemsvetemapplem.eu\/bazar\/215-28ghz-intel-core-i5-1tb\/#breadcrumb\"},\"inLanguage\":\"cs\",\"potentialAction\":[{\"@type\":\"ReadAction\",\"target\":[\"https:\/\/www.letemsvetemapplem.eu\/bazar\/215-28ghz-intel-core-i5-1tb\/\"]}]},{\"@type\":\"ImageObject\",\"inLanguage\":\"cs\",\"@id\":\"https:\/\/www.letemsvetemapplem.eu\/bazar\/215-28ghz-intel-core-i5-1tb\/#primaryimage\",\"url\":\"https:\/\/www.letemsvetemapplem.eu\/bazar\/wp-content\/uploads\/2017\/07\/IMG_2732.jpg\",\"contentUrl\":\"https:\/\/www.letemsvetemapplem.eu\/bazar\/wp-content\/uploads\/2017\/07\/IMG_2732.jpg\",\"width\":3264,\"height\":2448},{\"@type\":\"BreadcrumbList\",\"@id\":\"https:\/\/www.letemsvetemapplem.eu\/bazar\/215-28ghz-intel-core-i5-1tb\/#breadcrumb\",\"itemListElement\":[{\"@type\":\"ListItem\",\"position\":1,\"name\":\"Apple Bazar\",\"item\":\"https:\/\/www.letemsvetemapplem.eu\/bazar\/\"},{\"@type\":\"ListItem\",\"position\":2,\"name\":\"21,5 \u201c 2,8GHz Intel Core i5 1TB\"}]},{\"@type\":\"WebSite\",\"@id\":\"https:\/\/www.letemsvetemapplem.eu\/bazar\/#website\",\"url\":\"https:\/\/www.letemsvetemapplem.eu\/bazar\/\",\"name\":\"Apple bazar\",\"description\":\"Oou\u017eit\u00e9 Apple produkty za skv\u011bl\u00e9 ceny\",\"potentialAction\":[{\"@type\":\"SearchAction\",\"target\":{\"@type\":\"EntryPoint\",\"urlTemplate\":\"https:\/\/www.letemsvetemapplem.eu\/bazar\/?s={search_term_string}\"},\"query-input\":{\"@type\":\"PropertyValueSpecification\",\"valueRequired\":true,\"valueName\":\"search_term_string\"}}],\"inLanguage\":\"cs\"}]}<\/script>\n<!-- \/ Yoast SEO plugin. -->","yoast_head_json":{"title":"21,5 \u201c 2,8GHz Intel Core i5 1TB - Apple bazar","robots":{"index":"index","follow":"follow","max-snippet":"max-snippet:-1","max-image-preview":"max-image-preview:large","max-video-preview":"max-video-preview:-1"},"canonical":"https:\/\/www.letemsvetemapplem.eu\/bazar\/215-28ghz-intel-core-i5-1tb\/","og_locale":"cs_CZ","og_type":"article","og_title":"21,5 \u201c 2,8GHz Intel Core i5 1TB - Apple bazar","og_description":"Nab\u00edz\u00edm p\u016fl roku star\u00fd iMac ve skv\u011bl\u00e9m stavu bez jak\u00e9hokoliv po\u0161kozen\u00ed. V cen\u011b samoz\u0159ejm\u011b Apple Magic Keyboard a Apple Magic Mouse 2.","og_url":"https:\/\/www.letemsvetemapplem.eu\/bazar\/215-28ghz-intel-core-i5-1tb\/","og_site_name":"Apple bazar","article_published_time":"2017-07-03T10:01:48+00:00","og_image":[{"width":3264,"height":2448,"url":"https:\/\/www.letemsvetemapplem.eu\/bazar\/wp-content\/uploads\/2017\/07\/IMG_2732.jpg","type":"image\/jpeg"}],"twitter_card":"summary_large_image","schema":{"@context":"https:\/\/schema.org","@graph":[{"@type":"Article","@id":"https:\/\/www.letemsvetemapplem.eu\/bazar\/215-28ghz-intel-core-i5-1tb\/#article","isPartOf":{"@id":"https:\/\/www.letemsvetemapplem.eu\/bazar\/215-28ghz-intel-core-i5-1tb\/"},"author":{"name":"","@id":""},"headline":"21,5 \u201c 2,8GHz Intel Core i5 1TB","datePublished":"2017-07-03T10:01:48+00:00","mainEntityOfPage":{"@id":"https:\/\/www.letemsvetemapplem.eu\/bazar\/215-28ghz-intel-core-i5-1tb\/"},"wordCount":34,"commentCount":0,"image":{"@id":"https:\/\/www.letemsvetemapplem.eu\/bazar\/215-28ghz-intel-core-i5-1tb\/#primaryimage"},"thumbnailUrl":"https:\/\/www.letemsvetemapplem.eu\/bazar\/wp-content\/uploads\/2017\/07\/IMG_2732.jpg","keywords":["iMac"],"articleSection":["iMac"],"inLanguage":"cs","potentialAction":[{"@type":"CommentAction","name":"Comment","target":["https:\/\/www.letemsvetemapplem.eu\/bazar\/215-28ghz-intel-core-i5-1tb\/#respond"]}]},{"@type":"WebPage","@id":"https:\/\/www.letemsvetemapplem.eu\/bazar\/215-28ghz-intel-core-i5-1tb\/","url":"https:\/\/www.letemsvetemapplem.eu\/bazar\/215-28ghz-intel-core-i5-1tb\/","name":"21,5 \u201c 2,8GHz Intel Core i5 1TB - Apple bazar","isPartOf":{"@id":"https:\/\/www.letemsvetemapplem.eu\/bazar\/#website"},"primaryImageOfPage":{"@id":"https:\/\/www.letemsvetemapplem.eu\/bazar\/215-28ghz-intel-core-i5-1tb\/#primaryimage"},"image":{"@id":"https:\/\/www.letemsvetemapplem.eu\/bazar\/215-28ghz-intel-core-i5-1tb\/#primaryimage"},"thumbnailUrl":"https:\/\/www.letemsvetemapplem.eu\/bazar\/wp-content\/uploads\/2017\/07\/IMG_2732.jpg","datePublished":"2017-07-03T10:01:48+00:00","author":{"@id":""},"breadcrumb":{"@id":"https:\/\/www.letemsvetemapplem.eu\/bazar\/215-28ghz-intel-core-i5-1tb\/#breadcrumb"},"inLanguage":"cs","potentialAction":[{"@type":"ReadAction","target":["https:\/\/www.letemsvetemapplem.eu\/bazar\/215-28ghz-intel-core-i5-1tb\/"]}]},{"@type":"ImageObject","inLanguage":"cs","@id":"https:\/\/www.letemsvetemapplem.eu\/bazar\/215-28ghz-intel-core-i5-1tb\/#primaryimage","url":"https:\/\/www.letemsvetemapplem.eu\/bazar\/wp-content\/uploads\/2017\/07\/IMG_2732.jpg","contentUrl":"https:\/\/www.letemsvetemapplem.eu\/bazar\/wp-content\/uploads\/2017\/07\/IMG_2732.jpg","width":3264,"height":2448},{"@type":"BreadcrumbList","@id":"https:\/\/www.letemsvetemapplem.eu\/bazar\/215-28ghz-intel-core-i5-1tb\/#breadcrumb","itemListElement":[{"@type":"ListItem","position":1,"name":"Apple Bazar","item":"https:\/\/www.letemsvetemapplem.eu\/bazar\/"},{"@type":"ListItem","position":2,"name":"21,5 \u201c 2,8GHz Intel Core i5 1TB"}]},{"@type":"WebSite","@id":"https:\/\/www.letemsvetemapplem.eu\/bazar\/#website","url":"https:\/\/www.letemsvetemapplem.eu\/bazar\/","name":"Apple bazar","description":"Oou\u017eit\u00e9 Apple produkty za skv\u011bl\u00e9 ceny","potentialAction":[{"@type":"SearchAction","target":{"@type":"EntryPoint","urlTemplate":"https:\/\/www.letemsvetemapplem.eu\/bazar\/?s={search_term_string}"},"query-input":{"@type":"PropertyValueSpecification","valueRequired":true,"valueName":"search_term_string"}}],"inLanguage":"cs"}]}},"_links":{"self":[{"href":"https:\/\/www.letemsvetemapplem.eu\/bazar\/wp-json\/wp\/v2\/posts\/33966","targetHints":{"allow":["GET"]}}],"collection":[{"href":"https:\/\/www.letemsvetemapplem.eu\/bazar\/wp-json\/wp\/v2\/posts"}],"about":[{"href":"https:\/\/www.letemsvetemapplem.eu\/bazar\/wp-json\/wp\/v2\/types\/post"}],"replies":[{"embeddable":true,"href":"https:\/\/www.letemsvetemapplem.eu\/bazar\/wp-json\/wp\/v2\/comments?post=33966"}],"version-history":[{"count":0,"href":"https:\/\/www.letemsvetemapplem.eu\/bazar\/wp-json\/wp\/v2\/posts\/33966\/revisions"}],"wp:featuredmedia":[{"embeddable":true,"href":"https:\/\/www.letemsvetemapplem.eu\/bazar\/wp-json\/wp\/v2\/media\/33967"}],"wp:attachment":[{"href":"https:\/\/www.letemsvetemapplem.eu\/bazar\/wp-json\/wp\/v2\/media?parent=33966"}],"wp:term":[{"taxonomy":"category","embeddable":true,"href":"https:\/\/www.letemsvetemapplem.eu\/bazar\/wp-json\/wp\/v2\/categories?post=33966"},{"taxonomy":"post_tag","embeddable":true,"href":"https:\/\/www.letemsvetemapplem.eu\/bazar\/wp-json\/wp\/v2\/tags?post=33966"}],"curies":[{"name":"wp","href":"https:\/\/api.w.org\/{rel}","templated":true}]}}