{"id":33078,"date":"2017-06-23T08:34:58","date_gmt":"2017-06-23T07:34:58","guid":{"rendered":"https:\/\/www.letemsvetemapplem.eu\/bazar\/?p=33078"},"modified":"2017-06-23T08:34:58","modified_gmt":"2017-06-23T07:34:58","slug":"mac-mini-late-2014-4","status":"publish","type":"post","link":"https:\/\/www.letemsvetemapplem.eu\/bazar\/mac-mini-late-2014-4\/","title":{"rendered":"Mac Mini late 2014"},"content":{"rendered":"<p>Prod\u00e1m Miniho, je to z\u00e1kladn\u00ed model s i5, 4GB RAM a 500GB diskem. Nov\u00fd te\u010fka stoj\u00ed 15490,\u2013. J\u00e1 ho nech\u00e1m za 8999,\u2013. Je v origin\u00e1ln\u00ed krabici, s nap\u00e1jec\u00edm kabelem. V dobr\u00e9m stavu, kr\u00e1sn\u011b funguje. P\u0159i rychl\u00e9m jedn\u00e1n\u00ed nech\u00e1m za 8499,-.<\/p>\n","protected":false},"excerpt":{"rendered":"<p>Prod\u00e1m Miniho, je to z\u00e1kladn\u00ed model s i5, 4GB RAM a 500GB diskem. Nov\u00fd te\u010fka stoj\u00ed 15490,\u2013. J\u00e1 ho nech\u00e1m za 8999,\u2013. Je v origin\u00e1ln\u00ed krabici, s nap\u00e1jec\u00edm kabelem. V dobr\u00e9m stavu, kr\u00e1sn\u011b funguje. P\u0159i rychl\u00e9m jedn\u00e1n\u00ed nech\u00e1m za 8499,-.<\/p>\n","protected":false},"author":0,"featured_media":33079,"comment_status":"open","ping_status":"open","sticky":false,"template":"","format":"standard","meta":{"footnotes":""},"categories":[44],"tags":[78],"class_list":["post-33078","post","type-post","status-publish","format-standard","has-post-thumbnail","hentry","category-mac-mini","tag-mac-mini"],"yoast_head":"<!-- This site is optimized with the Yoast SEO plugin v27.2 - https:\/\/yoast.com\/product\/yoast-seo-wordpress\/ -->\n<title>Mac Mini late 2014 - Apple bazar<\/title>\n<meta name=\"robots\" content=\"index, follow, max-snippet:-1, max-image-preview:large, max-video-preview:-1\" \/>\n<link rel=\"canonical\" href=\"https:\/\/www.letemsvetemapplem.eu\/bazar\/mac-mini-late-2014-4\/\" \/>\n<meta property=\"og:locale\" content=\"cs_CZ\" \/>\n<meta property=\"og:type\" content=\"article\" \/>\n<meta property=\"og:title\" content=\"Mac Mini late 2014 - Apple bazar\" \/>\n<meta property=\"og:description\" content=\"Prod\u00e1m Miniho, je to z\u00e1kladn\u00ed model s i5, 4GB RAM a 500GB diskem. Nov\u00fd te\u010fka stoj\u00ed 15490,\u2013. J\u00e1 ho nech\u00e1m za 8999,\u2013. Je v origin\u00e1ln\u00ed krabici, s nap\u00e1jec\u00edm kabelem. V dobr\u00e9m stavu, kr\u00e1sn\u011b funguje. P\u0159i rychl\u00e9m jedn\u00e1n\u00ed nech\u00e1m za 8499,-.\" \/>\n<meta property=\"og:url\" content=\"https:\/\/www.letemsvetemapplem.eu\/bazar\/mac-mini-late-2014-4\/\" \/>\n<meta property=\"og:site_name\" content=\"Apple bazar\" \/>\n<meta property=\"article:published_time\" content=\"2017-06-23T07:34:58+00:00\" \/>\n<meta property=\"og:image\" content=\"https:\/\/www.letemsvetemapplem.eu\/bazar\/wp-content\/uploads\/2017\/06\/mac-mini-2014-gallery4_GEO_CZ.jpeg\" \/>\n\t<meta property=\"og:image:width\" content=\"1950\" \/>\n\t<meta property=\"og:image:height\" content=\"1070\" \/>\n\t<meta property=\"og:image:type\" content=\"image\/jpeg\" \/>\n<meta name=\"twitter:card\" content=\"summary_large_image\" \/>\n<script type=\"application\/ld+json\" class=\"yoast-schema-graph\">{\"@context\":\"https:\/\/schema.org\",\"@graph\":[{\"@type\":\"Article\",\"@id\":\"https:\/\/www.letemsvetemapplem.eu\/bazar\/mac-mini-late-2014-4\/#article\",\"isPartOf\":{\"@id\":\"https:\/\/www.letemsvetemapplem.eu\/bazar\/mac-mini-late-2014-4\/\"},\"author\":{\"name\":\"\",\"@id\":\"\"},\"headline\":\"Mac Mini late 2014\",\"datePublished\":\"2017-06-23T07:34:58+00:00\",\"mainEntityOfPage\":{\"@id\":\"https:\/\/www.letemsvetemapplem.eu\/bazar\/mac-mini-late-2014-4\/\"},\"wordCount\":54,\"commentCount\":0,\"image\":{\"@id\":\"https:\/\/www.letemsvetemapplem.eu\/bazar\/mac-mini-late-2014-4\/#primaryimage\"},\"thumbnailUrl\":\"https:\/\/www.letemsvetemapplem.eu\/bazar\/wp-content\/uploads\/2017\/06\/mac-mini-2014-gallery4_GEO_CZ.jpeg\",\"keywords\":[\"Mac mini\"],\"articleSection\":[\"Mac mini\"],\"inLanguage\":\"cs\",\"potentialAction\":[{\"@type\":\"CommentAction\",\"name\":\"Comment\",\"target\":[\"https:\/\/www.letemsvetemapplem.eu\/bazar\/mac-mini-late-2014-4\/#respond\"]}]},{\"@type\":\"WebPage\",\"@id\":\"https:\/\/www.letemsvetemapplem.eu\/bazar\/mac-mini-late-2014-4\/\",\"url\":\"https:\/\/www.letemsvetemapplem.eu\/bazar\/mac-mini-late-2014-4\/\",\"name\":\"Mac Mini late 2014 - Apple bazar\",\"isPartOf\":{\"@id\":\"https:\/\/www.letemsvetemapplem.eu\/bazar\/#website\"},\"primaryImageOfPage\":{\"@id\":\"https:\/\/www.letemsvetemapplem.eu\/bazar\/mac-mini-late-2014-4\/#primaryimage\"},\"image\":{\"@id\":\"https:\/\/www.letemsvetemapplem.eu\/bazar\/mac-mini-late-2014-4\/#primaryimage\"},\"thumbnailUrl\":\"https:\/\/www.letemsvetemapplem.eu\/bazar\/wp-content\/uploads\/2017\/06\/mac-mini-2014-gallery4_GEO_CZ.jpeg\",\"datePublished\":\"2017-06-23T07:34:58+00:00\",\"author\":{\"@id\":\"\"},\"breadcrumb\":{\"@id\":\"https:\/\/www.letemsvetemapplem.eu\/bazar\/mac-mini-late-2014-4\/#breadcrumb\"},\"inLanguage\":\"cs\",\"potentialAction\":[{\"@type\":\"ReadAction\",\"target\":[\"https:\/\/www.letemsvetemapplem.eu\/bazar\/mac-mini-late-2014-4\/\"]}]},{\"@type\":\"ImageObject\",\"inLanguage\":\"cs\",\"@id\":\"https:\/\/www.letemsvetemapplem.eu\/bazar\/mac-mini-late-2014-4\/#primaryimage\",\"url\":\"https:\/\/www.letemsvetemapplem.eu\/bazar\/wp-content\/uploads\/2017\/06\/mac-mini-2014-gallery4_GEO_CZ.jpeg\",\"contentUrl\":\"https:\/\/www.letemsvetemapplem.eu\/bazar\/wp-content\/uploads\/2017\/06\/mac-mini-2014-gallery4_GEO_CZ.jpeg\",\"width\":1950,\"height\":1070},{\"@type\":\"BreadcrumbList\",\"@id\":\"https:\/\/www.letemsvetemapplem.eu\/bazar\/mac-mini-late-2014-4\/#breadcrumb\",\"itemListElement\":[{\"@type\":\"ListItem\",\"position\":1,\"name\":\"Apple Bazar\",\"item\":\"https:\/\/www.letemsvetemapplem.eu\/bazar\/\"},{\"@type\":\"ListItem\",\"position\":2,\"name\":\"Mac Mini late 2014\"}]},{\"@type\":\"WebSite\",\"@id\":\"https:\/\/www.letemsvetemapplem.eu\/bazar\/#website\",\"url\":\"https:\/\/www.letemsvetemapplem.eu\/bazar\/\",\"name\":\"Apple bazar\",\"description\":\"Oou\u017eit\u00e9 Apple produkty za skv\u011bl\u00e9 ceny\",\"potentialAction\":[{\"@type\":\"SearchAction\",\"target\":{\"@type\":\"EntryPoint\",\"urlTemplate\":\"https:\/\/www.letemsvetemapplem.eu\/bazar\/?s={search_term_string}\"},\"query-input\":{\"@type\":\"PropertyValueSpecification\",\"valueRequired\":true,\"valueName\":\"search_term_string\"}}],\"inLanguage\":\"cs\"}]}<\/script>\n<!-- \/ Yoast SEO plugin. -->","yoast_head_json":{"title":"Mac Mini late 2014 - Apple bazar","robots":{"index":"index","follow":"follow","max-snippet":"max-snippet:-1","max-image-preview":"max-image-preview:large","max-video-preview":"max-video-preview:-1"},"canonical":"https:\/\/www.letemsvetemapplem.eu\/bazar\/mac-mini-late-2014-4\/","og_locale":"cs_CZ","og_type":"article","og_title":"Mac Mini late 2014 - Apple bazar","og_description":"Prod\u00e1m Miniho, je to z\u00e1kladn\u00ed model s i5, 4GB RAM a 500GB diskem. Nov\u00fd te\u010fka stoj\u00ed 15490,\u2013. J\u00e1 ho nech\u00e1m za 8999,\u2013. Je v origin\u00e1ln\u00ed krabici, s nap\u00e1jec\u00edm kabelem. V dobr\u00e9m stavu, kr\u00e1sn\u011b funguje. P\u0159i rychl\u00e9m jedn\u00e1n\u00ed nech\u00e1m za 8499,-.","og_url":"https:\/\/www.letemsvetemapplem.eu\/bazar\/mac-mini-late-2014-4\/","og_site_name":"Apple bazar","article_published_time":"2017-06-23T07:34:58+00:00","og_image":[{"width":1950,"height":1070,"url":"https:\/\/www.letemsvetemapplem.eu\/bazar\/wp-content\/uploads\/2017\/06\/mac-mini-2014-gallery4_GEO_CZ.jpeg","type":"image\/jpeg"}],"twitter_card":"summary_large_image","schema":{"@context":"https:\/\/schema.org","@graph":[{"@type":"Article","@id":"https:\/\/www.letemsvetemapplem.eu\/bazar\/mac-mini-late-2014-4\/#article","isPartOf":{"@id":"https:\/\/www.letemsvetemapplem.eu\/bazar\/mac-mini-late-2014-4\/"},"author":{"name":"","@id":""},"headline":"Mac Mini late 2014","datePublished":"2017-06-23T07:34:58+00:00","mainEntityOfPage":{"@id":"https:\/\/www.letemsvetemapplem.eu\/bazar\/mac-mini-late-2014-4\/"},"wordCount":54,"commentCount":0,"image":{"@id":"https:\/\/www.letemsvetemapplem.eu\/bazar\/mac-mini-late-2014-4\/#primaryimage"},"thumbnailUrl":"https:\/\/www.letemsvetemapplem.eu\/bazar\/wp-content\/uploads\/2017\/06\/mac-mini-2014-gallery4_GEO_CZ.jpeg","keywords":["Mac mini"],"articleSection":["Mac mini"],"inLanguage":"cs","potentialAction":[{"@type":"CommentAction","name":"Comment","target":["https:\/\/www.letemsvetemapplem.eu\/bazar\/mac-mini-late-2014-4\/#respond"]}]},{"@type":"WebPage","@id":"https:\/\/www.letemsvetemapplem.eu\/bazar\/mac-mini-late-2014-4\/","url":"https:\/\/www.letemsvetemapplem.eu\/bazar\/mac-mini-late-2014-4\/","name":"Mac Mini late 2014 - Apple bazar","isPartOf":{"@id":"https:\/\/www.letemsvetemapplem.eu\/bazar\/#website"},"primaryImageOfPage":{"@id":"https:\/\/www.letemsvetemapplem.eu\/bazar\/mac-mini-late-2014-4\/#primaryimage"},"image":{"@id":"https:\/\/www.letemsvetemapplem.eu\/bazar\/mac-mini-late-2014-4\/#primaryimage"},"thumbnailUrl":"https:\/\/www.letemsvetemapplem.eu\/bazar\/wp-content\/uploads\/2017\/06\/mac-mini-2014-gallery4_GEO_CZ.jpeg","datePublished":"2017-06-23T07:34:58+00:00","author":{"@id":""},"breadcrumb":{"@id":"https:\/\/www.letemsvetemapplem.eu\/bazar\/mac-mini-late-2014-4\/#breadcrumb"},"inLanguage":"cs","potentialAction":[{"@type":"ReadAction","target":["https:\/\/www.letemsvetemapplem.eu\/bazar\/mac-mini-late-2014-4\/"]}]},{"@type":"ImageObject","inLanguage":"cs","@id":"https:\/\/www.letemsvetemapplem.eu\/bazar\/mac-mini-late-2014-4\/#primaryimage","url":"https:\/\/www.letemsvetemapplem.eu\/bazar\/wp-content\/uploads\/2017\/06\/mac-mini-2014-gallery4_GEO_CZ.jpeg","contentUrl":"https:\/\/www.letemsvetemapplem.eu\/bazar\/wp-content\/uploads\/2017\/06\/mac-mini-2014-gallery4_GEO_CZ.jpeg","width":1950,"height":1070},{"@type":"BreadcrumbList","@id":"https:\/\/www.letemsvetemapplem.eu\/bazar\/mac-mini-late-2014-4\/#breadcrumb","itemListElement":[{"@type":"ListItem","position":1,"name":"Apple Bazar","item":"https:\/\/www.letemsvetemapplem.eu\/bazar\/"},{"@type":"ListItem","position":2,"name":"Mac Mini late 2014"}]},{"@type":"WebSite","@id":"https:\/\/www.letemsvetemapplem.eu\/bazar\/#website","url":"https:\/\/www.letemsvetemapplem.eu\/bazar\/","name":"Apple bazar","description":"Oou\u017eit\u00e9 Apple produkty za skv\u011bl\u00e9 ceny","potentialAction":[{"@type":"SearchAction","target":{"@type":"EntryPoint","urlTemplate":"https:\/\/www.letemsvetemapplem.eu\/bazar\/?s={search_term_string}"},"query-input":{"@type":"PropertyValueSpecification","valueRequired":true,"valueName":"search_term_string"}}],"inLanguage":"cs"}]}},"_links":{"self":[{"href":"https:\/\/www.letemsvetemapplem.eu\/bazar\/wp-json\/wp\/v2\/posts\/33078","targetHints":{"allow":["GET"]}}],"collection":[{"href":"https:\/\/www.letemsvetemapplem.eu\/bazar\/wp-json\/wp\/v2\/posts"}],"about":[{"href":"https:\/\/www.letemsvetemapplem.eu\/bazar\/wp-json\/wp\/v2\/types\/post"}],"replies":[{"embeddable":true,"href":"https:\/\/www.letemsvetemapplem.eu\/bazar\/wp-json\/wp\/v2\/comments?post=33078"}],"version-history":[{"count":0,"href":"https:\/\/www.letemsvetemapplem.eu\/bazar\/wp-json\/wp\/v2\/posts\/33078\/revisions"}],"wp:featuredmedia":[{"embeddable":true,"href":"https:\/\/www.letemsvetemapplem.eu\/bazar\/wp-json\/wp\/v2\/media\/33079"}],"wp:attachment":[{"href":"https:\/\/www.letemsvetemapplem.eu\/bazar\/wp-json\/wp\/v2\/media?parent=33078"}],"wp:term":[{"taxonomy":"category","embeddable":true,"href":"https:\/\/www.letemsvetemapplem.eu\/bazar\/wp-json\/wp\/v2\/categories?post=33078"},{"taxonomy":"post_tag","embeddable":true,"href":"https:\/\/www.letemsvetemapplem.eu\/bazar\/wp-json\/wp\/v2\/tags?post=33078"}],"curies":[{"name":"wp","href":"https:\/\/api.w.org\/{rel}","templated":true}]}}