{"id":32453,"date":"2017-06-19T17:40:57","date_gmt":"2017-06-19T16:40:57","guid":{"rendered":"https:\/\/www.letemsvetemapplem.eu\/bazar\/?p=32453"},"modified":"2017-07-28T16:39:25","modified_gmt":"2017-07-28T15:39:25","slug":"prodam-imac-21-5-late-2012","status":"publish","type":"post","link":"https:\/\/www.letemsvetemapplem.eu\/bazar\/prodam-imac-21-5-late-2012\/","title":{"rendered":"Prod\u00e1m iMac 21.5&#8242; Late 2012"},"content":{"rendered":"<p>Prod\u00e1m iMac 21.5\u2032 Late 2012, Intel Core i5 2.7 GHz, NVIDIA GeForce GT 640 M, roz\u0161\u00ed\u0159en\u00e1 pam\u011b\u0165 RAM 16 GB, extern\u00ed CD Mechanika \u2013 original apple, magic mouse \u2013 BEZ KL\u00c1VESNICE, v cen\u011b nav\u00edc: Microsoft Windows 7 Home premium + bal\u00ed\u010dek offic\u016f pro iMac 2011 Home&amp;Student (Word, Excel, Power point)<\/p>\n","protected":false},"excerpt":{"rendered":"<p>Prod\u00e1m iMac 21.5\u2032 Late 2012, Intel Core i5 2.7 GHz, NVIDIA GeForce GT 640 M, roz\u0161\u00ed\u0159en\u00e1 pam\u011b\u0165 RAM 16 GB, extern\u00ed CD Mechanika \u2013 original apple, magic mouse \u2013 BEZ KL\u00c1VESNICE, v cen\u011b nav\u00edc: Microsoft Windows 7 Home premium + bal\u00ed\u010dek offic\u016f pro iMac 2011 Home&amp;Student (Word, Excel, Power point)<\/p>\n","protected":false},"author":0,"featured_media":32454,"comment_status":"open","ping_status":"open","sticky":false,"template":"","format":"standard","meta":{"footnotes":""},"categories":[41],"tags":[77],"class_list":["post-32453","post","type-post","status-publish","format-standard","has-post-thumbnail","hentry","category-imac","tag-imac"],"yoast_head":"<!-- This site is optimized with the Yoast SEO plugin v27.2 - https:\/\/yoast.com\/product\/yoast-seo-wordpress\/ -->\n<title>Prod\u00e1m iMac 21.5&#039; Late 2012 - Apple bazar<\/title>\n<meta name=\"robots\" content=\"index, follow, max-snippet:-1, max-image-preview:large, max-video-preview:-1\" \/>\n<link rel=\"canonical\" href=\"https:\/\/www.letemsvetemapplem.eu\/bazar\/prodam-imac-21-5-late-2012\/\" \/>\n<meta property=\"og:locale\" content=\"cs_CZ\" \/>\n<meta property=\"og:type\" content=\"article\" \/>\n<meta property=\"og:title\" content=\"Prod\u00e1m iMac 21.5&#039; Late 2012 - Apple bazar\" \/>\n<meta property=\"og:description\" content=\"Prod\u00e1m iMac 21.5\u2032 Late 2012, Intel Core i5 2.7 GHz, NVIDIA GeForce GT 640 M, roz\u0161\u00ed\u0159en\u00e1 pam\u011b\u0165 RAM 16 GB, extern\u00ed CD Mechanika \u2013 original apple, magic mouse \u2013 BEZ KL\u00c1VESNICE, v cen\u011b nav\u00edc: Microsoft Windows 7 Home premium + bal\u00ed\u010dek offic\u016f pro iMac 2011 Home&amp;Student (Word, Excel, Power point)\" \/>\n<meta property=\"og:url\" content=\"https:\/\/www.letemsvetemapplem.eu\/bazar\/prodam-imac-21-5-late-2012\/\" \/>\n<meta property=\"og:site_name\" content=\"Apple bazar\" \/>\n<meta property=\"article:published_time\" content=\"2017-06-19T16:40:57+00:00\" \/>\n<meta property=\"article:modified_time\" content=\"2017-07-28T15:39:25+00:00\" \/>\n<meta property=\"og:image\" content=\"https:\/\/www.letemsvetemapplem.eu\/bazar\/wp-content\/uploads\/2017\/06\/IMG_1485.jpg\" \/>\n\t<meta property=\"og:image:width\" content=\"3264\" \/>\n\t<meta property=\"og:image:height\" content=\"2448\" \/>\n\t<meta property=\"og:image:type\" content=\"image\/jpeg\" \/>\n<meta name=\"twitter:card\" content=\"summary_large_image\" \/>\n<script type=\"application\/ld+json\" class=\"yoast-schema-graph\">{\"@context\":\"https:\/\/schema.org\",\"@graph\":[{\"@type\":\"Article\",\"@id\":\"https:\/\/www.letemsvetemapplem.eu\/bazar\/prodam-imac-21-5-late-2012\/#article\",\"isPartOf\":{\"@id\":\"https:\/\/www.letemsvetemapplem.eu\/bazar\/prodam-imac-21-5-late-2012\/\"},\"author\":{\"name\":\"\",\"@id\":\"\"},\"headline\":\"Prod\u00e1m iMac 21.5&#8242; Late 2012\",\"datePublished\":\"2017-06-19T16:40:57+00:00\",\"dateModified\":\"2017-07-28T15:39:25+00:00\",\"mainEntityOfPage\":{\"@id\":\"https:\/\/www.letemsvetemapplem.eu\/bazar\/prodam-imac-21-5-late-2012\/\"},\"wordCount\":51,\"commentCount\":0,\"image\":{\"@id\":\"https:\/\/www.letemsvetemapplem.eu\/bazar\/prodam-imac-21-5-late-2012\/#primaryimage\"},\"thumbnailUrl\":\"https:\/\/www.letemsvetemapplem.eu\/bazar\/wp-content\/uploads\/2017\/06\/IMG_1485.jpg\",\"keywords\":[\"iMac\"],\"articleSection\":[\"iMac\"],\"inLanguage\":\"cs\",\"potentialAction\":[{\"@type\":\"CommentAction\",\"name\":\"Comment\",\"target\":[\"https:\/\/www.letemsvetemapplem.eu\/bazar\/prodam-imac-21-5-late-2012\/#respond\"]}]},{\"@type\":\"WebPage\",\"@id\":\"https:\/\/www.letemsvetemapplem.eu\/bazar\/prodam-imac-21-5-late-2012\/\",\"url\":\"https:\/\/www.letemsvetemapplem.eu\/bazar\/prodam-imac-21-5-late-2012\/\",\"name\":\"Prod\u00e1m iMac 21.5' Late 2012 - Apple bazar\",\"isPartOf\":{\"@id\":\"https:\/\/www.letemsvetemapplem.eu\/bazar\/#website\"},\"primaryImageOfPage\":{\"@id\":\"https:\/\/www.letemsvetemapplem.eu\/bazar\/prodam-imac-21-5-late-2012\/#primaryimage\"},\"image\":{\"@id\":\"https:\/\/www.letemsvetemapplem.eu\/bazar\/prodam-imac-21-5-late-2012\/#primaryimage\"},\"thumbnailUrl\":\"https:\/\/www.letemsvetemapplem.eu\/bazar\/wp-content\/uploads\/2017\/06\/IMG_1485.jpg\",\"datePublished\":\"2017-06-19T16:40:57+00:00\",\"dateModified\":\"2017-07-28T15:39:25+00:00\",\"author\":{\"@id\":\"\"},\"breadcrumb\":{\"@id\":\"https:\/\/www.letemsvetemapplem.eu\/bazar\/prodam-imac-21-5-late-2012\/#breadcrumb\"},\"inLanguage\":\"cs\",\"potentialAction\":[{\"@type\":\"ReadAction\",\"target\":[\"https:\/\/www.letemsvetemapplem.eu\/bazar\/prodam-imac-21-5-late-2012\/\"]}]},{\"@type\":\"ImageObject\",\"inLanguage\":\"cs\",\"@id\":\"https:\/\/www.letemsvetemapplem.eu\/bazar\/prodam-imac-21-5-late-2012\/#primaryimage\",\"url\":\"https:\/\/www.letemsvetemapplem.eu\/bazar\/wp-content\/uploads\/2017\/06\/IMG_1485.jpg\",\"contentUrl\":\"https:\/\/www.letemsvetemapplem.eu\/bazar\/wp-content\/uploads\/2017\/06\/IMG_1485.jpg\",\"width\":3264,\"height\":2448},{\"@type\":\"BreadcrumbList\",\"@id\":\"https:\/\/www.letemsvetemapplem.eu\/bazar\/prodam-imac-21-5-late-2012\/#breadcrumb\",\"itemListElement\":[{\"@type\":\"ListItem\",\"position\":1,\"name\":\"Apple Bazar\",\"item\":\"https:\/\/www.letemsvetemapplem.eu\/bazar\/\"},{\"@type\":\"ListItem\",\"position\":2,\"name\":\"Prod\u00e1m iMac 21.5&#8242; Late 2012\"}]},{\"@type\":\"WebSite\",\"@id\":\"https:\/\/www.letemsvetemapplem.eu\/bazar\/#website\",\"url\":\"https:\/\/www.letemsvetemapplem.eu\/bazar\/\",\"name\":\"Apple bazar\",\"description\":\"Oou\u017eit\u00e9 Apple produkty za skv\u011bl\u00e9 ceny\",\"potentialAction\":[{\"@type\":\"SearchAction\",\"target\":{\"@type\":\"EntryPoint\",\"urlTemplate\":\"https:\/\/www.letemsvetemapplem.eu\/bazar\/?s={search_term_string}\"},\"query-input\":{\"@type\":\"PropertyValueSpecification\",\"valueRequired\":true,\"valueName\":\"search_term_string\"}}],\"inLanguage\":\"cs\"}]}<\/script>\n<!-- \/ Yoast SEO plugin. -->","yoast_head_json":{"title":"Prod\u00e1m iMac 21.5' Late 2012 - Apple bazar","robots":{"index":"index","follow":"follow","max-snippet":"max-snippet:-1","max-image-preview":"max-image-preview:large","max-video-preview":"max-video-preview:-1"},"canonical":"https:\/\/www.letemsvetemapplem.eu\/bazar\/prodam-imac-21-5-late-2012\/","og_locale":"cs_CZ","og_type":"article","og_title":"Prod\u00e1m iMac 21.5' Late 2012 - Apple bazar","og_description":"Prod\u00e1m iMac 21.5\u2032 Late 2012, Intel Core i5 2.7 GHz, NVIDIA GeForce GT 640 M, roz\u0161\u00ed\u0159en\u00e1 pam\u011b\u0165 RAM 16 GB, extern\u00ed CD Mechanika \u2013 original apple, magic mouse \u2013 BEZ KL\u00c1VESNICE, v cen\u011b nav\u00edc: Microsoft Windows 7 Home premium + bal\u00ed\u010dek offic\u016f pro iMac 2011 Home&amp;Student (Word, Excel, Power point)","og_url":"https:\/\/www.letemsvetemapplem.eu\/bazar\/prodam-imac-21-5-late-2012\/","og_site_name":"Apple bazar","article_published_time":"2017-06-19T16:40:57+00:00","article_modified_time":"2017-07-28T15:39:25+00:00","og_image":[{"width":3264,"height":2448,"url":"https:\/\/www.letemsvetemapplem.eu\/bazar\/wp-content\/uploads\/2017\/06\/IMG_1485.jpg","type":"image\/jpeg"}],"twitter_card":"summary_large_image","schema":{"@context":"https:\/\/schema.org","@graph":[{"@type":"Article","@id":"https:\/\/www.letemsvetemapplem.eu\/bazar\/prodam-imac-21-5-late-2012\/#article","isPartOf":{"@id":"https:\/\/www.letemsvetemapplem.eu\/bazar\/prodam-imac-21-5-late-2012\/"},"author":{"name":"","@id":""},"headline":"Prod\u00e1m iMac 21.5&#8242; Late 2012","datePublished":"2017-06-19T16:40:57+00:00","dateModified":"2017-07-28T15:39:25+00:00","mainEntityOfPage":{"@id":"https:\/\/www.letemsvetemapplem.eu\/bazar\/prodam-imac-21-5-late-2012\/"},"wordCount":51,"commentCount":0,"image":{"@id":"https:\/\/www.letemsvetemapplem.eu\/bazar\/prodam-imac-21-5-late-2012\/#primaryimage"},"thumbnailUrl":"https:\/\/www.letemsvetemapplem.eu\/bazar\/wp-content\/uploads\/2017\/06\/IMG_1485.jpg","keywords":["iMac"],"articleSection":["iMac"],"inLanguage":"cs","potentialAction":[{"@type":"CommentAction","name":"Comment","target":["https:\/\/www.letemsvetemapplem.eu\/bazar\/prodam-imac-21-5-late-2012\/#respond"]}]},{"@type":"WebPage","@id":"https:\/\/www.letemsvetemapplem.eu\/bazar\/prodam-imac-21-5-late-2012\/","url":"https:\/\/www.letemsvetemapplem.eu\/bazar\/prodam-imac-21-5-late-2012\/","name":"Prod\u00e1m iMac 21.5' Late 2012 - Apple bazar","isPartOf":{"@id":"https:\/\/www.letemsvetemapplem.eu\/bazar\/#website"},"primaryImageOfPage":{"@id":"https:\/\/www.letemsvetemapplem.eu\/bazar\/prodam-imac-21-5-late-2012\/#primaryimage"},"image":{"@id":"https:\/\/www.letemsvetemapplem.eu\/bazar\/prodam-imac-21-5-late-2012\/#primaryimage"},"thumbnailUrl":"https:\/\/www.letemsvetemapplem.eu\/bazar\/wp-content\/uploads\/2017\/06\/IMG_1485.jpg","datePublished":"2017-06-19T16:40:57+00:00","dateModified":"2017-07-28T15:39:25+00:00","author":{"@id":""},"breadcrumb":{"@id":"https:\/\/www.letemsvetemapplem.eu\/bazar\/prodam-imac-21-5-late-2012\/#breadcrumb"},"inLanguage":"cs","potentialAction":[{"@type":"ReadAction","target":["https:\/\/www.letemsvetemapplem.eu\/bazar\/prodam-imac-21-5-late-2012\/"]}]},{"@type":"ImageObject","inLanguage":"cs","@id":"https:\/\/www.letemsvetemapplem.eu\/bazar\/prodam-imac-21-5-late-2012\/#primaryimage","url":"https:\/\/www.letemsvetemapplem.eu\/bazar\/wp-content\/uploads\/2017\/06\/IMG_1485.jpg","contentUrl":"https:\/\/www.letemsvetemapplem.eu\/bazar\/wp-content\/uploads\/2017\/06\/IMG_1485.jpg","width":3264,"height":2448},{"@type":"BreadcrumbList","@id":"https:\/\/www.letemsvetemapplem.eu\/bazar\/prodam-imac-21-5-late-2012\/#breadcrumb","itemListElement":[{"@type":"ListItem","position":1,"name":"Apple Bazar","item":"https:\/\/www.letemsvetemapplem.eu\/bazar\/"},{"@type":"ListItem","position":2,"name":"Prod\u00e1m iMac 21.5&#8242; Late 2012"}]},{"@type":"WebSite","@id":"https:\/\/www.letemsvetemapplem.eu\/bazar\/#website","url":"https:\/\/www.letemsvetemapplem.eu\/bazar\/","name":"Apple bazar","description":"Oou\u017eit\u00e9 Apple produkty za skv\u011bl\u00e9 ceny","potentialAction":[{"@type":"SearchAction","target":{"@type":"EntryPoint","urlTemplate":"https:\/\/www.letemsvetemapplem.eu\/bazar\/?s={search_term_string}"},"query-input":{"@type":"PropertyValueSpecification","valueRequired":true,"valueName":"search_term_string"}}],"inLanguage":"cs"}]}},"_links":{"self":[{"href":"https:\/\/www.letemsvetemapplem.eu\/bazar\/wp-json\/wp\/v2\/posts\/32453","targetHints":{"allow":["GET"]}}],"collection":[{"href":"https:\/\/www.letemsvetemapplem.eu\/bazar\/wp-json\/wp\/v2\/posts"}],"about":[{"href":"https:\/\/www.letemsvetemapplem.eu\/bazar\/wp-json\/wp\/v2\/types\/post"}],"replies":[{"embeddable":true,"href":"https:\/\/www.letemsvetemapplem.eu\/bazar\/wp-json\/wp\/v2\/comments?post=32453"}],"version-history":[{"count":0,"href":"https:\/\/www.letemsvetemapplem.eu\/bazar\/wp-json\/wp\/v2\/posts\/32453\/revisions"}],"wp:featuredmedia":[{"embeddable":true,"href":"https:\/\/www.letemsvetemapplem.eu\/bazar\/wp-json\/wp\/v2\/media\/32454"}],"wp:attachment":[{"href":"https:\/\/www.letemsvetemapplem.eu\/bazar\/wp-json\/wp\/v2\/media?parent=32453"}],"wp:term":[{"taxonomy":"category","embeddable":true,"href":"https:\/\/www.letemsvetemapplem.eu\/bazar\/wp-json\/wp\/v2\/categories?post=32453"},{"taxonomy":"post_tag","embeddable":true,"href":"https:\/\/www.letemsvetemapplem.eu\/bazar\/wp-json\/wp\/v2\/tags?post=32453"}],"curies":[{"name":"wp","href":"https:\/\/api.w.org\/{rel}","templated":true}]}}