{"id":32385,"date":"2017-06-18T20:07:11","date_gmt":"2017-06-18T19:07:11","guid":{"rendered":"https:\/\/www.letemsvetemapplem.eu\/bazar\/?p=32385"},"modified":"2017-06-18T20:07:11","modified_gmt":"2017-06-18T19:07:11","slug":"apple-imac-27-late-2013-16gb-1tb-gt","status":"publish","type":"post","link":"https:\/\/www.letemsvetemapplem.eu\/bazar\/apple-imac-27-late-2013-16gb-1tb-gt\/","title":{"rendered":"Apple iMac 27&#8220; late 2013, 16GB, 1TB, GT"},"content":{"rendered":"<p>Prod\u00e1m Apple iMac 27&#8220; late 2013 v TOP stavu, jako nov\u00fd.<\/p>\n<p>KOMPLETN\u00cd BALEN\u00cd: iMac, kabel, nov\u00e1 bezdr\u00e1tov\u00e1 Apple Magic mouse 2 a Apple kl\u00e1vesnice.<\/p>\n<p>Parametry:<br \/>\nProcesor: 4j\u00e1drov\u00fd 3,2GHz Intel Core i5<br \/>\nRAM: 16 GB 1600 MHz DDR3<br \/>\nDisk: 1 TB (7200 RPM)<br \/>\nGrafika: NVIDIA GeForce GTX 775M<\/p>\n<p>Osobn\u00ed p\u0159ed\u00e1n\u00ed mo\u017en\u00e9 v Praze, na ulici Korunn\u00ed dle dohody.<\/p>\n","protected":false},"excerpt":{"rendered":"<p>Prod\u00e1m Apple iMac 27&#8220; late 2013 v TOP stavu, jako nov\u00fd. KOMPLETN\u00cd BALEN\u00cd: iMac, kabel, nov\u00e1 bezdr\u00e1tov\u00e1 Apple Magic mouse 2 a Apple kl\u00e1vesnice. Parametry: Procesor: 4j\u00e1drov\u00fd 3,2GHz Intel Core i5 RAM: 16 GB 1600 MHz DDR3 Disk: 1 TB (7200 RPM) Grafika: NVIDIA GeForce GTX 775M Osobn\u00ed p\u0159ed\u00e1n\u00ed mo\u017en\u00e9 v Praze, na ulici Korunn\u00ed&#8230;<\/p>\n","protected":false},"author":0,"featured_media":32386,"comment_status":"open","ping_status":"open","sticky":false,"template":"","format":"standard","meta":{"footnotes":""},"categories":[41],"tags":[77],"class_list":["post-32385","post","type-post","status-publish","format-standard","has-post-thumbnail","hentry","category-imac","tag-imac"],"yoast_head":"<!-- This site is optimized with the Yoast SEO plugin v27.2 - https:\/\/yoast.com\/product\/yoast-seo-wordpress\/ -->\n<title>Apple iMac 27&#039;&#039; late 2013, 16GB, 1TB, GT - Apple bazar<\/title>\n<meta name=\"robots\" content=\"index, follow, max-snippet:-1, max-image-preview:large, max-video-preview:-1\" \/>\n<link rel=\"canonical\" href=\"https:\/\/www.letemsvetemapplem.eu\/bazar\/apple-imac-27-late-2013-16gb-1tb-gt\/\" \/>\n<meta property=\"og:locale\" content=\"cs_CZ\" \/>\n<meta property=\"og:type\" content=\"article\" \/>\n<meta property=\"og:title\" content=\"Apple iMac 27&#039;&#039; late 2013, 16GB, 1TB, GT - Apple bazar\" \/>\n<meta property=\"og:description\" content=\"Prod\u00e1m Apple iMac 27&#8220; late 2013 v TOP stavu, jako nov\u00fd. KOMPLETN\u00cd BALEN\u00cd: iMac, kabel, nov\u00e1 bezdr\u00e1tov\u00e1 Apple Magic mouse 2 a Apple kl\u00e1vesnice. Parametry: Procesor: 4j\u00e1drov\u00fd 3,2GHz Intel Core i5 RAM: 16 GB 1600 MHz DDR3 Disk: 1 TB (7200 RPM) Grafika: NVIDIA GeForce GTX 775M Osobn\u00ed p\u0159ed\u00e1n\u00ed mo\u017en\u00e9 v Praze, na ulici Korunn\u00ed...\" \/>\n<meta property=\"og:url\" content=\"https:\/\/www.letemsvetemapplem.eu\/bazar\/apple-imac-27-late-2013-16gb-1tb-gt\/\" \/>\n<meta property=\"og:site_name\" content=\"Apple bazar\" \/>\n<meta property=\"article:published_time\" content=\"2017-06-18T19:07:11+00:00\" \/>\n<meta property=\"og:image\" content=\"https:\/\/www.letemsvetemapplem.eu\/bazar\/wp-content\/uploads\/2017\/06\/IMG_2516.jpg\" \/>\n\t<meta property=\"og:image:width\" content=\"4032\" \/>\n\t<meta property=\"og:image:height\" content=\"3024\" \/>\n\t<meta property=\"og:image:type\" content=\"image\/jpeg\" \/>\n<meta name=\"twitter:card\" content=\"summary_large_image\" \/>\n<script type=\"application\/ld+json\" class=\"yoast-schema-graph\">{\"@context\":\"https:\/\/schema.org\",\"@graph\":[{\"@type\":\"Article\",\"@id\":\"https:\/\/www.letemsvetemapplem.eu\/bazar\/apple-imac-27-late-2013-16gb-1tb-gt\/#article\",\"isPartOf\":{\"@id\":\"https:\/\/www.letemsvetemapplem.eu\/bazar\/apple-imac-27-late-2013-16gb-1tb-gt\/\"},\"author\":{\"name\":\"\",\"@id\":\"\"},\"headline\":\"Apple iMac 27&#8220; late 2013, 16GB, 1TB, GT\",\"datePublished\":\"2017-06-18T19:07:11+00:00\",\"mainEntityOfPage\":{\"@id\":\"https:\/\/www.letemsvetemapplem.eu\/bazar\/apple-imac-27-late-2013-16gb-1tb-gt\/\"},\"wordCount\":63,\"commentCount\":0,\"image\":{\"@id\":\"https:\/\/www.letemsvetemapplem.eu\/bazar\/apple-imac-27-late-2013-16gb-1tb-gt\/#primaryimage\"},\"thumbnailUrl\":\"https:\/\/www.letemsvetemapplem.eu\/bazar\/wp-content\/uploads\/2017\/06\/IMG_2516.jpg\",\"keywords\":[\"iMac\"],\"articleSection\":[\"iMac\"],\"inLanguage\":\"cs\",\"potentialAction\":[{\"@type\":\"CommentAction\",\"name\":\"Comment\",\"target\":[\"https:\/\/www.letemsvetemapplem.eu\/bazar\/apple-imac-27-late-2013-16gb-1tb-gt\/#respond\"]}]},{\"@type\":\"WebPage\",\"@id\":\"https:\/\/www.letemsvetemapplem.eu\/bazar\/apple-imac-27-late-2013-16gb-1tb-gt\/\",\"url\":\"https:\/\/www.letemsvetemapplem.eu\/bazar\/apple-imac-27-late-2013-16gb-1tb-gt\/\",\"name\":\"Apple iMac 27'' late 2013, 16GB, 1TB, GT - Apple bazar\",\"isPartOf\":{\"@id\":\"https:\/\/www.letemsvetemapplem.eu\/bazar\/#website\"},\"primaryImageOfPage\":{\"@id\":\"https:\/\/www.letemsvetemapplem.eu\/bazar\/apple-imac-27-late-2013-16gb-1tb-gt\/#primaryimage\"},\"image\":{\"@id\":\"https:\/\/www.letemsvetemapplem.eu\/bazar\/apple-imac-27-late-2013-16gb-1tb-gt\/#primaryimage\"},\"thumbnailUrl\":\"https:\/\/www.letemsvetemapplem.eu\/bazar\/wp-content\/uploads\/2017\/06\/IMG_2516.jpg\",\"datePublished\":\"2017-06-18T19:07:11+00:00\",\"author\":{\"@id\":\"\"},\"breadcrumb\":{\"@id\":\"https:\/\/www.letemsvetemapplem.eu\/bazar\/apple-imac-27-late-2013-16gb-1tb-gt\/#breadcrumb\"},\"inLanguage\":\"cs\",\"potentialAction\":[{\"@type\":\"ReadAction\",\"target\":[\"https:\/\/www.letemsvetemapplem.eu\/bazar\/apple-imac-27-late-2013-16gb-1tb-gt\/\"]}]},{\"@type\":\"ImageObject\",\"inLanguage\":\"cs\",\"@id\":\"https:\/\/www.letemsvetemapplem.eu\/bazar\/apple-imac-27-late-2013-16gb-1tb-gt\/#primaryimage\",\"url\":\"https:\/\/www.letemsvetemapplem.eu\/bazar\/wp-content\/uploads\/2017\/06\/IMG_2516.jpg\",\"contentUrl\":\"https:\/\/www.letemsvetemapplem.eu\/bazar\/wp-content\/uploads\/2017\/06\/IMG_2516.jpg\",\"width\":4032,\"height\":3024},{\"@type\":\"BreadcrumbList\",\"@id\":\"https:\/\/www.letemsvetemapplem.eu\/bazar\/apple-imac-27-late-2013-16gb-1tb-gt\/#breadcrumb\",\"itemListElement\":[{\"@type\":\"ListItem\",\"position\":1,\"name\":\"Apple Bazar\",\"item\":\"https:\/\/www.letemsvetemapplem.eu\/bazar\/\"},{\"@type\":\"ListItem\",\"position\":2,\"name\":\"Apple iMac 27&#8220; late 2013, 16GB, 1TB, GT\"}]},{\"@type\":\"WebSite\",\"@id\":\"https:\/\/www.letemsvetemapplem.eu\/bazar\/#website\",\"url\":\"https:\/\/www.letemsvetemapplem.eu\/bazar\/\",\"name\":\"Apple bazar\",\"description\":\"Oou\u017eit\u00e9 Apple produkty za skv\u011bl\u00e9 ceny\",\"potentialAction\":[{\"@type\":\"SearchAction\",\"target\":{\"@type\":\"EntryPoint\",\"urlTemplate\":\"https:\/\/www.letemsvetemapplem.eu\/bazar\/?s={search_term_string}\"},\"query-input\":{\"@type\":\"PropertyValueSpecification\",\"valueRequired\":true,\"valueName\":\"search_term_string\"}}],\"inLanguage\":\"cs\"}]}<\/script>\n<!-- \/ Yoast SEO plugin. -->","yoast_head_json":{"title":"Apple iMac 27'' late 2013, 16GB, 1TB, GT - Apple bazar","robots":{"index":"index","follow":"follow","max-snippet":"max-snippet:-1","max-image-preview":"max-image-preview:large","max-video-preview":"max-video-preview:-1"},"canonical":"https:\/\/www.letemsvetemapplem.eu\/bazar\/apple-imac-27-late-2013-16gb-1tb-gt\/","og_locale":"cs_CZ","og_type":"article","og_title":"Apple iMac 27'' late 2013, 16GB, 1TB, GT - Apple bazar","og_description":"Prod\u00e1m Apple iMac 27&#8220; late 2013 v TOP stavu, jako nov\u00fd. KOMPLETN\u00cd BALEN\u00cd: iMac, kabel, nov\u00e1 bezdr\u00e1tov\u00e1 Apple Magic mouse 2 a Apple kl\u00e1vesnice. Parametry: Procesor: 4j\u00e1drov\u00fd 3,2GHz Intel Core i5 RAM: 16 GB 1600 MHz DDR3 Disk: 1 TB (7200 RPM) Grafika: NVIDIA GeForce GTX 775M Osobn\u00ed p\u0159ed\u00e1n\u00ed mo\u017en\u00e9 v Praze, na ulici Korunn\u00ed...","og_url":"https:\/\/www.letemsvetemapplem.eu\/bazar\/apple-imac-27-late-2013-16gb-1tb-gt\/","og_site_name":"Apple bazar","article_published_time":"2017-06-18T19:07:11+00:00","og_image":[{"width":4032,"height":3024,"url":"https:\/\/www.letemsvetemapplem.eu\/bazar\/wp-content\/uploads\/2017\/06\/IMG_2516.jpg","type":"image\/jpeg"}],"twitter_card":"summary_large_image","schema":{"@context":"https:\/\/schema.org","@graph":[{"@type":"Article","@id":"https:\/\/www.letemsvetemapplem.eu\/bazar\/apple-imac-27-late-2013-16gb-1tb-gt\/#article","isPartOf":{"@id":"https:\/\/www.letemsvetemapplem.eu\/bazar\/apple-imac-27-late-2013-16gb-1tb-gt\/"},"author":{"name":"","@id":""},"headline":"Apple iMac 27&#8220; late 2013, 16GB, 1TB, GT","datePublished":"2017-06-18T19:07:11+00:00","mainEntityOfPage":{"@id":"https:\/\/www.letemsvetemapplem.eu\/bazar\/apple-imac-27-late-2013-16gb-1tb-gt\/"},"wordCount":63,"commentCount":0,"image":{"@id":"https:\/\/www.letemsvetemapplem.eu\/bazar\/apple-imac-27-late-2013-16gb-1tb-gt\/#primaryimage"},"thumbnailUrl":"https:\/\/www.letemsvetemapplem.eu\/bazar\/wp-content\/uploads\/2017\/06\/IMG_2516.jpg","keywords":["iMac"],"articleSection":["iMac"],"inLanguage":"cs","potentialAction":[{"@type":"CommentAction","name":"Comment","target":["https:\/\/www.letemsvetemapplem.eu\/bazar\/apple-imac-27-late-2013-16gb-1tb-gt\/#respond"]}]},{"@type":"WebPage","@id":"https:\/\/www.letemsvetemapplem.eu\/bazar\/apple-imac-27-late-2013-16gb-1tb-gt\/","url":"https:\/\/www.letemsvetemapplem.eu\/bazar\/apple-imac-27-late-2013-16gb-1tb-gt\/","name":"Apple iMac 27'' late 2013, 16GB, 1TB, GT - Apple bazar","isPartOf":{"@id":"https:\/\/www.letemsvetemapplem.eu\/bazar\/#website"},"primaryImageOfPage":{"@id":"https:\/\/www.letemsvetemapplem.eu\/bazar\/apple-imac-27-late-2013-16gb-1tb-gt\/#primaryimage"},"image":{"@id":"https:\/\/www.letemsvetemapplem.eu\/bazar\/apple-imac-27-late-2013-16gb-1tb-gt\/#primaryimage"},"thumbnailUrl":"https:\/\/www.letemsvetemapplem.eu\/bazar\/wp-content\/uploads\/2017\/06\/IMG_2516.jpg","datePublished":"2017-06-18T19:07:11+00:00","author":{"@id":""},"breadcrumb":{"@id":"https:\/\/www.letemsvetemapplem.eu\/bazar\/apple-imac-27-late-2013-16gb-1tb-gt\/#breadcrumb"},"inLanguage":"cs","potentialAction":[{"@type":"ReadAction","target":["https:\/\/www.letemsvetemapplem.eu\/bazar\/apple-imac-27-late-2013-16gb-1tb-gt\/"]}]},{"@type":"ImageObject","inLanguage":"cs","@id":"https:\/\/www.letemsvetemapplem.eu\/bazar\/apple-imac-27-late-2013-16gb-1tb-gt\/#primaryimage","url":"https:\/\/www.letemsvetemapplem.eu\/bazar\/wp-content\/uploads\/2017\/06\/IMG_2516.jpg","contentUrl":"https:\/\/www.letemsvetemapplem.eu\/bazar\/wp-content\/uploads\/2017\/06\/IMG_2516.jpg","width":4032,"height":3024},{"@type":"BreadcrumbList","@id":"https:\/\/www.letemsvetemapplem.eu\/bazar\/apple-imac-27-late-2013-16gb-1tb-gt\/#breadcrumb","itemListElement":[{"@type":"ListItem","position":1,"name":"Apple Bazar","item":"https:\/\/www.letemsvetemapplem.eu\/bazar\/"},{"@type":"ListItem","position":2,"name":"Apple iMac 27&#8220; late 2013, 16GB, 1TB, GT"}]},{"@type":"WebSite","@id":"https:\/\/www.letemsvetemapplem.eu\/bazar\/#website","url":"https:\/\/www.letemsvetemapplem.eu\/bazar\/","name":"Apple bazar","description":"Oou\u017eit\u00e9 Apple produkty za skv\u011bl\u00e9 ceny","potentialAction":[{"@type":"SearchAction","target":{"@type":"EntryPoint","urlTemplate":"https:\/\/www.letemsvetemapplem.eu\/bazar\/?s={search_term_string}"},"query-input":{"@type":"PropertyValueSpecification","valueRequired":true,"valueName":"search_term_string"}}],"inLanguage":"cs"}]}},"_links":{"self":[{"href":"https:\/\/www.letemsvetemapplem.eu\/bazar\/wp-json\/wp\/v2\/posts\/32385","targetHints":{"allow":["GET"]}}],"collection":[{"href":"https:\/\/www.letemsvetemapplem.eu\/bazar\/wp-json\/wp\/v2\/posts"}],"about":[{"href":"https:\/\/www.letemsvetemapplem.eu\/bazar\/wp-json\/wp\/v2\/types\/post"}],"replies":[{"embeddable":true,"href":"https:\/\/www.letemsvetemapplem.eu\/bazar\/wp-json\/wp\/v2\/comments?post=32385"}],"version-history":[{"count":0,"href":"https:\/\/www.letemsvetemapplem.eu\/bazar\/wp-json\/wp\/v2\/posts\/32385\/revisions"}],"wp:featuredmedia":[{"embeddable":true,"href":"https:\/\/www.letemsvetemapplem.eu\/bazar\/wp-json\/wp\/v2\/media\/32386"}],"wp:attachment":[{"href":"https:\/\/www.letemsvetemapplem.eu\/bazar\/wp-json\/wp\/v2\/media?parent=32385"}],"wp:term":[{"taxonomy":"category","embeddable":true,"href":"https:\/\/www.letemsvetemapplem.eu\/bazar\/wp-json\/wp\/v2\/categories?post=32385"},{"taxonomy":"post_tag","embeddable":true,"href":"https:\/\/www.letemsvetemapplem.eu\/bazar\/wp-json\/wp\/v2\/tags?post=32385"}],"curies":[{"name":"wp","href":"https:\/\/api.w.org\/{rel}","templated":true}]}}