{"id":301840,"date":"2026-09-04T16:35:27","date_gmt":"2026-09-04T15:35:27","guid":{"rendered":"https:\/\/www.letemsvetemapplem.eu\/bazar\/?p=301840"},"modified":"2026-09-04T16:35:27","modified_gmt":"2026-09-04T15:35:27","slug":"apple-imac-24-m1","status":"publish","type":"post","link":"https:\/\/www.letemsvetemapplem.eu\/bazar\/apple-imac-24-m1\/","title":{"rendered":"Apple iMac 24&quot; M1"},"content":{"rendered":"<p>Apple iMac 24&quot; M1 (2021), 16 GB \/ 256 GB, st\u0159\u00edbrn\u00fd \u2014 v\u00fdborn\u00fd stav, pln\u00e9 p\u0159\u00edslu\u0161enstv\u00ed<br \/>\nProd\u00e1m Apple iMac 24&quot; z roku 2021 s \u010dipem Apple M1 ve v\u00fdborn\u00e9m stavu bez jak\u00fdchkoliv defekt\u016f. Displej bez po\u0161kr\u00e1b\u00e1n\u00ed, \u0161asi bez po\u0161kozen\u00ed. Pln\u011b funk\u010dn\u00ed, p\u0159ipraven\u00fd k okam\u017eit\u00e9mu pou\u017eit\u00ed.<br \/>\nKonfigurace:<br \/>\n* Apple M1 chip \u2014 8-j\u00e1drov\u00e9 CPU, 7-j\u00e1drov\u00e9 GPU, 16-j\u00e1drov\u00fd Neural Engine<br \/>\n* 16 GB unified memory<br \/>\n* 256 GB SSD<br \/>\n* 24&quot; Retina 4,5K displej<br \/>\n* 2\u00d7 Thunderbolt \/ USB 4<br \/>\n* Nap\u00e1jec\u00ed adapt\u00e9r s vestav\u011bn\u00fdm Gigabit Ethernetem<br \/>\nSou\u010d\u00e1st\u00ed prodeje origin\u00e1ln\u00ed p\u0159\u00edslu\u0161enstv\u00ed:<br \/>\n* Magic Keyboard s Touch ID a numerickou kl\u00e1vesnic\u00ed (CZ rozlo\u017een\u00ed)<br \/>\n* Magic Mouse<br \/>\nProd\u00e1v\u00e1m z d\u016fvodu p\u0159echodu na jin\u00fd stroj. Mo\u017enost osobn\u00edho vyzkou\u0161en\u00ed v Praze.<\/p>\n","protected":false},"excerpt":{"rendered":"<p>Apple iMac 24&quot; M1 (2021), 16 GB \/ 256 GB, st\u0159\u00edbrn\u00fd \u2014 v\u00fdborn\u00fd stav, pln\u00e9 p\u0159\u00edslu\u0161enstv\u00ed Prod\u00e1m Apple iMac 24&quot; z roku 2021 s \u010dipem Apple M1 ve v\u00fdborn\u00e9m stavu bez jak\u00fdchkoliv defekt\u016f. Displej bez po\u0161kr\u00e1b\u00e1n\u00ed, \u0161asi bez po\u0161kozen\u00ed. Pln\u011b funk\u010dn\u00ed, p\u0159ipraven\u00fd k okam\u017eit\u00e9mu pou\u017eit\u00ed. Konfigurace: * Apple M1 chip \u2014 8-j\u00e1drov\u00e9 CPU, 7-j\u00e1drov\u00e9 GPU,&#8230;<\/p>\n","protected":false},"author":0,"featured_media":301841,"comment_status":"closed","ping_status":"closed","sticky":false,"template":"","format":"standard","meta":{"footnotes":""},"categories":[41],"tags":[],"class_list":["post-301840","post","type-post","status-publish","format-standard","has-post-thumbnail","hentry","category-imac"],"yoast_head":"<!-- This site is optimized with the Yoast SEO plugin v28.3 - https:\/\/yoast.com\/product\/yoast-seo-wordpress\/ -->\n<title>Apple iMac 24&quot; M1 - Apple bazar<\/title>\n<meta name=\"robots\" content=\"index, follow, max-snippet:-1, max-image-preview:large, max-video-preview:-1\" \/>\n<link rel=\"canonical\" href=\"https:\/\/www.letemsvetemapplem.eu\/bazar\/apple-imac-24-m1\/\" \/>\n<meta property=\"og:locale\" content=\"cs_CZ\" \/>\n<meta property=\"og:type\" content=\"article\" \/>\n<meta property=\"og:title\" content=\"Apple iMac 24&quot; M1 - Apple bazar\" \/>\n<meta property=\"og:description\" content=\"Apple iMac 24&quot; M1 (2021), 16 GB \/ 256 GB, st\u0159\u00edbrn\u00fd \u2014 v\u00fdborn\u00fd stav, pln\u00e9 p\u0159\u00edslu\u0161enstv\u00ed Prod\u00e1m Apple iMac 24&quot; z roku 2021 s \u010dipem Apple M1 ve v\u00fdborn\u00e9m stavu bez jak\u00fdchkoliv defekt\u016f. Displej bez po\u0161kr\u00e1b\u00e1n\u00ed, \u0161asi bez po\u0161kozen\u00ed. Pln\u011b funk\u010dn\u00ed, p\u0159ipraven\u00fd k okam\u017eit\u00e9mu pou\u017eit\u00ed. Konfigurace: * Apple M1 chip \u2014 8-j\u00e1drov\u00e9 CPU, 7-j\u00e1drov\u00e9 GPU,...\" \/>\n<meta property=\"og:url\" content=\"https:\/\/www.letemsvetemapplem.eu\/bazar\/apple-imac-24-m1\/\" \/>\n<meta property=\"og:site_name\" content=\"Apple bazar\" \/>\n<meta property=\"article:published_time\" content=\"2026-09-04T15:35:27+00:00\" \/>\n<meta property=\"og:image\" content=\"https:\/\/www.letemsvetemapplem.eu\/bazar\/wp-content\/uploads\/2026\/09\/IMG_5254-1-scaled.jpeg\" \/>\n\t<meta property=\"og:image:width\" content=\"1920\" \/>\n\t<meta property=\"og:image:height\" content=\"2560\" \/>\n\t<meta property=\"og:image:type\" content=\"image\/jpeg\" \/>\n<meta name=\"twitter:card\" content=\"summary_large_image\" \/>\n<!-- \/ Yoast SEO plugin. -->","yoast_head_json":{"title":"Apple iMac 24&quot; M1 - Apple bazar","robots":{"index":"index","follow":"follow","max-snippet":"max-snippet:-1","max-image-preview":"max-image-preview:large","max-video-preview":"max-video-preview:-1"},"canonical":"https:\/\/www.letemsvetemapplem.eu\/bazar\/apple-imac-24-m1\/","og_locale":"cs_CZ","og_type":"article","og_title":"Apple iMac 24&quot; M1 - Apple bazar","og_description":"Apple iMac 24&quot; M1 (2021), 16 GB \/ 256 GB, st\u0159\u00edbrn\u00fd \u2014 v\u00fdborn\u00fd stav, pln\u00e9 p\u0159\u00edslu\u0161enstv\u00ed Prod\u00e1m Apple iMac 24&quot; z roku 2021 s \u010dipem Apple M1 ve v\u00fdborn\u00e9m stavu bez jak\u00fdchkoliv defekt\u016f. Displej bez po\u0161kr\u00e1b\u00e1n\u00ed, \u0161asi bez po\u0161kozen\u00ed. Pln\u011b funk\u010dn\u00ed, p\u0159ipraven\u00fd k okam\u017eit\u00e9mu pou\u017eit\u00ed. Konfigurace: * Apple M1 chip \u2014 8-j\u00e1drov\u00e9 CPU, 7-j\u00e1drov\u00e9 GPU,...","og_url":"https:\/\/www.letemsvetemapplem.eu\/bazar\/apple-imac-24-m1\/","og_site_name":"Apple bazar","article_published_time":"2026-09-04T15:35:27+00:00","og_image":[{"width":1920,"height":2560,"url":"https:\/\/www.letemsvetemapplem.eu\/bazar\/wp-content\/uploads\/2026\/09\/IMG_5254-1-scaled.jpeg","type":"image\/jpeg"}],"twitter_card":"summary_large_image","schema":{"@context":"https:\/\/schema.org","@graph":[{"@type":"Article","@id":"https:\/\/www.letemsvetemapplem.eu\/bazar\/apple-imac-24-m1\/#article","isPartOf":{"@id":"https:\/\/www.letemsvetemapplem.eu\/bazar\/apple-imac-24-m1\/"},"author":{"name":"","@id":""},"headline":"Apple iMac 24&quot; M1","datePublished":"2026-09-04T15:35:27+00:00","mainEntityOfPage":{"@id":"https:\/\/www.letemsvetemapplem.eu\/bazar\/apple-imac-24-m1\/"},"wordCount":136,"image":{"@id":"https:\/\/www.letemsvetemapplem.eu\/bazar\/apple-imac-24-m1\/#primaryimage"},"thumbnailUrl":"https:\/\/www.letemsvetemapplem.eu\/bazar\/wp-content\/uploads\/2026\/09\/IMG_5254-1-scaled.jpeg","articleSection":["iMac"],"inLanguage":"cs"},{"@type":"WebPage","@id":"https:\/\/www.letemsvetemapplem.eu\/bazar\/apple-imac-24-m1\/","url":"https:\/\/www.letemsvetemapplem.eu\/bazar\/apple-imac-24-m1\/","name":"Apple iMac 24&quot; M1 - Apple bazar","isPartOf":{"@id":"https:\/\/www.letemsvetemapplem.eu\/bazar\/#website"},"primaryImageOfPage":{"@id":"https:\/\/www.letemsvetemapplem.eu\/bazar\/apple-imac-24-m1\/#primaryimage"},"image":{"@id":"https:\/\/www.letemsvetemapplem.eu\/bazar\/apple-imac-24-m1\/#primaryimage"},"thumbnailUrl":"https:\/\/www.letemsvetemapplem.eu\/bazar\/wp-content\/uploads\/2026\/09\/IMG_5254-1-scaled.jpeg","datePublished":"2026-09-04T15:35:27+00:00","author":{"@id":""},"breadcrumb":{"@id":"https:\/\/www.letemsvetemapplem.eu\/bazar\/apple-imac-24-m1\/#breadcrumb"},"inLanguage":"cs","potentialAction":[{"@type":"ReadAction","target":["https:\/\/www.letemsvetemapplem.eu\/bazar\/apple-imac-24-m1\/"]}]},{"@type":"ImageObject","inLanguage":"cs","@id":"https:\/\/www.letemsvetemapplem.eu\/bazar\/apple-imac-24-m1\/#primaryimage","url":"https:\/\/www.letemsvetemapplem.eu\/bazar\/wp-content\/uploads\/2026\/09\/IMG_5254-1-scaled.jpeg","contentUrl":"https:\/\/www.letemsvetemapplem.eu\/bazar\/wp-content\/uploads\/2026\/09\/IMG_5254-1-scaled.jpeg","width":1920,"height":2560},{"@type":"BreadcrumbList","@id":"https:\/\/www.letemsvetemapplem.eu\/bazar\/apple-imac-24-m1\/#breadcrumb","itemListElement":[{"@type":"ListItem","position":1,"name":"Apple Bazar","item":"https:\/\/www.letemsvetemapplem.eu\/bazar\/"},{"@type":"ListItem","position":2,"name":"Apple iMac 24&quot; M1"}]},{"@type":"WebSite","@id":"https:\/\/www.letemsvetemapplem.eu\/bazar\/#website","url":"https:\/\/www.letemsvetemapplem.eu\/bazar\/","name":"Apple bazar","description":"Pou\u017eit\u00e9 Apple produkty za skv\u011bl\u00e9 ceny","potentialAction":[{"@type":"SearchAction","target":{"@type":"EntryPoint","urlTemplate":"https:\/\/www.letemsvetemapplem.eu\/bazar\/?s={search_term_string}"},"query-input":{"@type":"PropertyValueSpecification","valueRequired":true,"valueName":"search_term_string"}}],"inLanguage":"cs"}]}},"_links":{"self":[{"href":"https:\/\/www.letemsvetemapplem.eu\/bazar\/wp-json\/wp\/v2\/posts\/301840","targetHints":{"allow":["GET"]}}],"collection":[{"href":"https:\/\/www.letemsvetemapplem.eu\/bazar\/wp-json\/wp\/v2\/posts"}],"about":[{"href":"https:\/\/www.letemsvetemapplem.eu\/bazar\/wp-json\/wp\/v2\/types\/post"}],"replies":[{"embeddable":true,"href":"https:\/\/www.letemsvetemapplem.eu\/bazar\/wp-json\/wp\/v2\/comments?post=301840"}],"version-history":[{"count":1,"href":"https:\/\/www.letemsvetemapplem.eu\/bazar\/wp-json\/wp\/v2\/posts\/301840\/revisions"}],"predecessor-version":[{"id":301851,"href":"https:\/\/www.letemsvetemapplem.eu\/bazar\/wp-json\/wp\/v2\/posts\/301840\/revisions\/301851"}],"wp:featuredmedia":[{"embeddable":true,"href":"https:\/\/www.letemsvetemapplem.eu\/bazar\/wp-json\/wp\/v2\/media\/301841"}],"wp:attachment":[{"href":"https:\/\/www.letemsvetemapplem.eu\/bazar\/wp-json\/wp\/v2\/media?parent=301840"}],"wp:term":[{"taxonomy":"category","embeddable":true,"href":"https:\/\/www.letemsvetemapplem.eu\/bazar\/wp-json\/wp\/v2\/categories?post=301840"},{"taxonomy":"post_tag","embeddable":true,"href":"https:\/\/www.letemsvetemapplem.eu\/bazar\/wp-json\/wp\/v2\/tags?post=301840"}],"curies":[{"name":"wp","href":"https:\/\/api.w.org\/{rel}","templated":true}]}}