{"id":301825,"date":"2026-09-03T18:53:36","date_gmt":"2026-09-03T17:53:36","guid":{"rendered":"https:\/\/www.letemsvetemapplem.eu\/bazar\/?p=301825"},"modified":"2026-09-03T18:53:36","modified_gmt":"2026-09-03T17:53:36","slug":"macbook-pro-16-m1-pro-2021-16-512-2","status":"publish","type":"post","link":"https:\/\/www.letemsvetemapplem.eu\/bazar\/macbook-pro-16-m1-pro-2021-16-512-2\/","title":{"rendered":"MacBook Pro 16&quot;, M1 Pro, 2021, 16\/512"},"content":{"rendered":"<p>Apple MacBook Pro 16&quot; (2021) \u2013 M1 Pro \/ 16 GB RAM \/ 512 GB SSD<br \/>\nMacbook je pln\u011b funk\u010dn\u00ed a ve velmi dobr\u00e9m stavu &#8211; po celou dobu v silikonov\u00e9m obalu. Pou\u017e\u00edv\u00e1n\u00fd jako stoln\u00ed po\u010d\u00edta\u010d. Baterie je ve v\u00fdborn\u00e9 kondici \u2013 96 % maxim\u00e1ln\u00ed kapacity a pouze 113 nab\u00edjec\u00edch cykl\u016f. Parametry: Apple M1 Pro \u2022 16 GB RAM \u2022 512 GB SSD \u2022 16,2&quot; Liquid Retina XDR \u2022 ProMotion 120 Hz \u2022 HDMI \u2022 SDXC \u2022 3\u00d7 Thunderbolt 4 \/ USB-C \u2022 MagSafe 3 \u2022 Touch ID. Original adapt\u00e9r. Origin\u00e1l balen\u00ed.<\/p>\n","protected":false},"excerpt":{"rendered":"<p>Apple MacBook Pro 16&quot; (2021) \u2013 M1 Pro \/ 16 GB RAM \/ 512 GB SSD Macbook je pln\u011b funk\u010dn\u00ed a ve velmi dobr\u00e9m stavu &#8211; po celou dobu v silikonov\u00e9m obalu. Pou\u017e\u00edv\u00e1n\u00fd jako stoln\u00ed po\u010d\u00edta\u010d. Baterie je ve v\u00fdborn\u00e9 kondici \u2013 96 % maxim\u00e1ln\u00ed kapacity a pouze 113 nab\u00edjec\u00edch cykl\u016f. Parametry: Apple M1 Pro&#8230;<\/p>\n","protected":false},"author":0,"featured_media":301826,"comment_status":"closed","ping_status":"closed","sticky":false,"template":"","format":"standard","meta":{"footnotes":""},"categories":[48],"tags":[],"class_list":["post-301825","post","type-post","status-publish","format-standard","has-post-thumbnail","hentry","category-macbook-pro"],"yoast_head":"<!-- This site is optimized with the Yoast SEO plugin v28.3 - https:\/\/yoast.com\/product\/yoast-seo-wordpress\/ -->\n<title>MacBook Pro 16&quot;, M1 Pro, 2021, 16\/512 - Apple bazar<\/title>\n<meta name=\"robots\" content=\"index, follow, max-snippet:-1, max-image-preview:large, max-video-preview:-1\" \/>\n<link rel=\"canonical\" href=\"https:\/\/www.letemsvetemapplem.eu\/bazar\/macbook-pro-16-m1-pro-2021-16-512-2\/\" \/>\n<meta property=\"og:locale\" content=\"cs_CZ\" \/>\n<meta property=\"og:type\" content=\"article\" \/>\n<meta property=\"og:title\" content=\"MacBook Pro 16&quot;, M1 Pro, 2021, 16\/512 - Apple bazar\" \/>\n<meta property=\"og:description\" content=\"Apple MacBook Pro 16&quot; (2021) \u2013 M1 Pro \/ 16 GB RAM \/ 512 GB SSD Macbook je pln\u011b funk\u010dn\u00ed a ve velmi dobr\u00e9m stavu &#8211; po celou dobu v silikonov\u00e9m obalu. Pou\u017e\u00edv\u00e1n\u00fd jako stoln\u00ed po\u010d\u00edta\u010d. Baterie je ve v\u00fdborn\u00e9 kondici \u2013 96 % maxim\u00e1ln\u00ed kapacity a pouze 113 nab\u00edjec\u00edch cykl\u016f. Parametry: Apple M1 Pro...\" \/>\n<meta property=\"og:url\" content=\"https:\/\/www.letemsvetemapplem.eu\/bazar\/macbook-pro-16-m1-pro-2021-16-512-2\/\" \/>\n<meta property=\"og:site_name\" content=\"Apple bazar\" \/>\n<meta property=\"article:published_time\" content=\"2026-09-03T17:53:36+00:00\" \/>\n<meta property=\"og:image\" content=\"https:\/\/www.letemsvetemapplem.eu\/bazar\/wp-content\/uploads\/2026\/09\/IMG_5089-1.jpeg\" \/>\n\t<meta property=\"og:image:width\" content=\"1800\" \/>\n\t<meta property=\"og:image:height\" content=\"2009\" \/>\n\t<meta property=\"og:image:type\" content=\"image\/jpeg\" \/>\n<meta name=\"twitter:card\" content=\"summary_large_image\" \/>\n<!-- \/ Yoast SEO plugin. -->","yoast_head_json":{"title":"MacBook Pro 16&quot;, M1 Pro, 2021, 16\/512 - Apple bazar","robots":{"index":"index","follow":"follow","max-snippet":"max-snippet:-1","max-image-preview":"max-image-preview:large","max-video-preview":"max-video-preview:-1"},"canonical":"https:\/\/www.letemsvetemapplem.eu\/bazar\/macbook-pro-16-m1-pro-2021-16-512-2\/","og_locale":"cs_CZ","og_type":"article","og_title":"MacBook Pro 16&quot;, M1 Pro, 2021, 16\/512 - Apple bazar","og_description":"Apple MacBook Pro 16&quot; (2021) \u2013 M1 Pro \/ 16 GB RAM \/ 512 GB SSD Macbook je pln\u011b funk\u010dn\u00ed a ve velmi dobr\u00e9m stavu &#8211; po celou dobu v silikonov\u00e9m obalu. Pou\u017e\u00edv\u00e1n\u00fd jako stoln\u00ed po\u010d\u00edta\u010d. Baterie je ve v\u00fdborn\u00e9 kondici \u2013 96 % maxim\u00e1ln\u00ed kapacity a pouze 113 nab\u00edjec\u00edch cykl\u016f. Parametry: Apple M1 Pro...","og_url":"https:\/\/www.letemsvetemapplem.eu\/bazar\/macbook-pro-16-m1-pro-2021-16-512-2\/","og_site_name":"Apple bazar","article_published_time":"2026-09-03T17:53:36+00:00","og_image":[{"width":1800,"height":2009,"url":"https:\/\/www.letemsvetemapplem.eu\/bazar\/wp-content\/uploads\/2026\/09\/IMG_5089-1.jpeg","type":"image\/jpeg"}],"twitter_card":"summary_large_image","schema":{"@context":"https:\/\/schema.org","@graph":[{"@type":"Article","@id":"https:\/\/www.letemsvetemapplem.eu\/bazar\/macbook-pro-16-m1-pro-2021-16-512-2\/#article","isPartOf":{"@id":"https:\/\/www.letemsvetemapplem.eu\/bazar\/macbook-pro-16-m1-pro-2021-16-512-2\/"},"author":{"name":"","@id":""},"headline":"MacBook Pro 16&quot;, M1 Pro, 2021, 16\/512","datePublished":"2026-09-03T17:53:36+00:00","mainEntityOfPage":{"@id":"https:\/\/www.letemsvetemapplem.eu\/bazar\/macbook-pro-16-m1-pro-2021-16-512-2\/"},"wordCount":83,"image":{"@id":"https:\/\/www.letemsvetemapplem.eu\/bazar\/macbook-pro-16-m1-pro-2021-16-512-2\/#primaryimage"},"thumbnailUrl":"https:\/\/www.letemsvetemapplem.eu\/bazar\/wp-content\/uploads\/2026\/09\/IMG_5089-1.jpeg","articleSection":["MacBook Pro"],"inLanguage":"cs"},{"@type":"WebPage","@id":"https:\/\/www.letemsvetemapplem.eu\/bazar\/macbook-pro-16-m1-pro-2021-16-512-2\/","url":"https:\/\/www.letemsvetemapplem.eu\/bazar\/macbook-pro-16-m1-pro-2021-16-512-2\/","name":"MacBook Pro 16&quot;, M1 Pro, 2021, 16\/512 - Apple bazar","isPartOf":{"@id":"https:\/\/www.letemsvetemapplem.eu\/bazar\/#website"},"primaryImageOfPage":{"@id":"https:\/\/www.letemsvetemapplem.eu\/bazar\/macbook-pro-16-m1-pro-2021-16-512-2\/#primaryimage"},"image":{"@id":"https:\/\/www.letemsvetemapplem.eu\/bazar\/macbook-pro-16-m1-pro-2021-16-512-2\/#primaryimage"},"thumbnailUrl":"https:\/\/www.letemsvetemapplem.eu\/bazar\/wp-content\/uploads\/2026\/09\/IMG_5089-1.jpeg","datePublished":"2026-09-03T17:53:36+00:00","author":{"@id":""},"breadcrumb":{"@id":"https:\/\/www.letemsvetemapplem.eu\/bazar\/macbook-pro-16-m1-pro-2021-16-512-2\/#breadcrumb"},"inLanguage":"cs","potentialAction":[{"@type":"ReadAction","target":["https:\/\/www.letemsvetemapplem.eu\/bazar\/macbook-pro-16-m1-pro-2021-16-512-2\/"]}]},{"@type":"ImageObject","inLanguage":"cs","@id":"https:\/\/www.letemsvetemapplem.eu\/bazar\/macbook-pro-16-m1-pro-2021-16-512-2\/#primaryimage","url":"https:\/\/www.letemsvetemapplem.eu\/bazar\/wp-content\/uploads\/2026\/09\/IMG_5089-1.jpeg","contentUrl":"https:\/\/www.letemsvetemapplem.eu\/bazar\/wp-content\/uploads\/2026\/09\/IMG_5089-1.jpeg","width":1800,"height":2009},{"@type":"BreadcrumbList","@id":"https:\/\/www.letemsvetemapplem.eu\/bazar\/macbook-pro-16-m1-pro-2021-16-512-2\/#breadcrumb","itemListElement":[{"@type":"ListItem","position":1,"name":"Apple Bazar","item":"https:\/\/www.letemsvetemapplem.eu\/bazar\/"},{"@type":"ListItem","position":2,"name":"MacBook Pro 16&quot;, M1 Pro, 2021, 16\/512"}]},{"@type":"WebSite","@id":"https:\/\/www.letemsvetemapplem.eu\/bazar\/#website","url":"https:\/\/www.letemsvetemapplem.eu\/bazar\/","name":"Apple bazar","description":"Pou\u017eit\u00e9 Apple produkty za skv\u011bl\u00e9 ceny","potentialAction":[{"@type":"SearchAction","target":{"@type":"EntryPoint","urlTemplate":"https:\/\/www.letemsvetemapplem.eu\/bazar\/?s={search_term_string}"},"query-input":{"@type":"PropertyValueSpecification","valueRequired":true,"valueName":"search_term_string"}}],"inLanguage":"cs"}]}},"_links":{"self":[{"href":"https:\/\/www.letemsvetemapplem.eu\/bazar\/wp-json\/wp\/v2\/posts\/301825","targetHints":{"allow":["GET"]}}],"collection":[{"href":"https:\/\/www.letemsvetemapplem.eu\/bazar\/wp-json\/wp\/v2\/posts"}],"about":[{"href":"https:\/\/www.letemsvetemapplem.eu\/bazar\/wp-json\/wp\/v2\/types\/post"}],"replies":[{"embeddable":true,"href":"https:\/\/www.letemsvetemapplem.eu\/bazar\/wp-json\/wp\/v2\/comments?post=301825"}],"version-history":[{"count":1,"href":"https:\/\/www.letemsvetemapplem.eu\/bazar\/wp-json\/wp\/v2\/posts\/301825\/revisions"}],"predecessor-version":[{"id":301831,"href":"https:\/\/www.letemsvetemapplem.eu\/bazar\/wp-json\/wp\/v2\/posts\/301825\/revisions\/301831"}],"wp:featuredmedia":[{"embeddable":true,"href":"https:\/\/www.letemsvetemapplem.eu\/bazar\/wp-json\/wp\/v2\/media\/301826"}],"wp:attachment":[{"href":"https:\/\/www.letemsvetemapplem.eu\/bazar\/wp-json\/wp\/v2\/media?parent=301825"}],"wp:term":[{"taxonomy":"category","embeddable":true,"href":"https:\/\/www.letemsvetemapplem.eu\/bazar\/wp-json\/wp\/v2\/categories?post=301825"},{"taxonomy":"post_tag","embeddable":true,"href":"https:\/\/www.letemsvetemapplem.eu\/bazar\/wp-json\/wp\/v2\/tags?post=301825"}],"curies":[{"name":"wp","href":"https:\/\/api.w.org\/{rel}","templated":true}]}}