{"id":301783,"date":"2026-09-02T20:25:50","date_gmt":"2026-09-02T19:25:50","guid":{"rendered":"https:\/\/www.letemsvetemapplem.eu\/bazar\/?p=301783"},"modified":"2026-09-02T20:25:50","modified_gmt":"2026-09-02T19:25:50","slug":"apple-airpods-3-generace-nerozbalene","status":"publish","type":"post","link":"https:\/\/www.letemsvetemapplem.eu\/bazar\/apple-airpods-3-generace-nerozbalene\/","title":{"rendered":"Apple AirPods 3 generace (nerozbalen\u00e9)"},"content":{"rendered":"<p>Prod\u00e1m \u00fapln\u011b nov\u00e9 Apple AirPods 4.<\/p>\n<p>Sluch\u00e1tka jsou origin\u00e1ln\u011b zabalen\u00e1, nikdy nerozbalen\u00e1, nepou\u017eit\u00e1 a neaktivovan\u00e1. Zakoupena u autorizovan\u00e9ho prodejce iSTYLE.<\/p>\n<p>\u2705 nov\u00e9 a nepou\u017eit\u00e9<br \/>\n\u2705 origin\u00e1ln\u011b zape\u010det\u011bn\u00e9 balen\u00ed<br \/>\n\u2705 doklad o koupi z iSTYLE<br \/>\n\u2705 z\u00e1ruka<br \/>\n\u2705 kompletn\u00ed origin\u00e1ln\u00ed balen\u00ed<br \/>\n\u2705 USB-C nab\u00edjec\u00ed pouzdro<\/p>\n<p>Jedn\u00e1 se o standardn\u00ed AirPods 4 bez aktivn\u00edho potla\u010den\u00ed hluku (ANC).<\/p>\n<p>\ud83d\udccd Mo\u017enost osobn\u00edho vyzvednut\u00ed na Praze 3.<\/p>\n<p>Cena: 2 999<\/p>\n","protected":false},"excerpt":{"rendered":"<p>Prod\u00e1m \u00fapln\u011b nov\u00e9 Apple AirPods 4. Sluch\u00e1tka jsou origin\u00e1ln\u011b zabalen\u00e1, nikdy nerozbalen\u00e1, nepou\u017eit\u00e1 a neaktivovan\u00e1. Zakoupena u autorizovan\u00e9ho prodejce iSTYLE. \u2705 nov\u00e9 a nepou\u017eit\u00e9 \u2705 origin\u00e1ln\u011b zape\u010det\u011bn\u00e9 balen\u00ed \u2705 doklad o koupi z iSTYLE \u2705 z\u00e1ruka \u2705 kompletn\u00ed origin\u00e1ln\u00ed balen\u00ed \u2705 USB-C nab\u00edjec\u00ed pouzdro Jedn\u00e1 se o standardn\u00ed AirPods 4 bez aktivn\u00edho potla\u010den\u00ed hluku (ANC)&#8230;.<\/p>\n","protected":false},"author":0,"featured_media":301784,"comment_status":"closed","ping_status":"closed","sticky":false,"template":"","format":"standard","meta":{"footnotes":""},"categories":[103],"tags":[],"class_list":["post-301783","post","type-post","status-publish","format-standard","has-post-thumbnail","hentry","category-airpods"],"yoast_head":"<!-- This site is optimized with the Yoast SEO plugin v28.3 - https:\/\/yoast.com\/product\/yoast-seo-wordpress\/ -->\n<title>Apple AirPods 3 generace (nerozbalen\u00e9) - Apple bazar<\/title>\n<meta name=\"robots\" content=\"index, follow, max-snippet:-1, max-image-preview:large, max-video-preview:-1\" \/>\n<link rel=\"canonical\" href=\"https:\/\/www.letemsvetemapplem.eu\/bazar\/apple-airpods-3-generace-nerozbalene\/\" \/>\n<meta property=\"og:locale\" content=\"cs_CZ\" \/>\n<meta property=\"og:type\" content=\"article\" \/>\n<meta property=\"og:title\" content=\"Apple AirPods 3 generace (nerozbalen\u00e9) - Apple bazar\" \/>\n<meta property=\"og:description\" content=\"Prod\u00e1m \u00fapln\u011b nov\u00e9 Apple AirPods 4. Sluch\u00e1tka jsou origin\u00e1ln\u011b zabalen\u00e1, nikdy nerozbalen\u00e1, nepou\u017eit\u00e1 a neaktivovan\u00e1. Zakoupena u autorizovan\u00e9ho prodejce iSTYLE. \u2705 nov\u00e9 a nepou\u017eit\u00e9 \u2705 origin\u00e1ln\u011b zape\u010det\u011bn\u00e9 balen\u00ed \u2705 doklad o koupi z iSTYLE \u2705 z\u00e1ruka \u2705 kompletn\u00ed origin\u00e1ln\u00ed balen\u00ed \u2705 USB-C nab\u00edjec\u00ed pouzdro Jedn\u00e1 se o standardn\u00ed AirPods 4 bez aktivn\u00edho potla\u010den\u00ed hluku (ANC)....\" \/>\n<meta property=\"og:url\" content=\"https:\/\/www.letemsvetemapplem.eu\/bazar\/apple-airpods-3-generace-nerozbalene\/\" \/>\n<meta property=\"og:site_name\" content=\"Apple bazar\" \/>\n<meta property=\"article:published_time\" content=\"2026-09-02T19:25:50+00:00\" \/>\n<meta property=\"og:image\" content=\"https:\/\/www.letemsvetemapplem.eu\/bazar\/wp-content\/uploads\/2026\/09\/IMG_6967-scaled.jpeg\" \/>\n\t<meta property=\"og:image:width\" content=\"2560\" \/>\n\t<meta property=\"og:image:height\" content=\"1920\" \/>\n\t<meta property=\"og:image:type\" content=\"image\/jpeg\" \/>\n<meta name=\"twitter:card\" content=\"summary_large_image\" \/>\n<!-- \/ Yoast SEO plugin. -->","yoast_head_json":{"title":"Apple AirPods 3 generace (nerozbalen\u00e9) - Apple bazar","robots":{"index":"index","follow":"follow","max-snippet":"max-snippet:-1","max-image-preview":"max-image-preview:large","max-video-preview":"max-video-preview:-1"},"canonical":"https:\/\/www.letemsvetemapplem.eu\/bazar\/apple-airpods-3-generace-nerozbalene\/","og_locale":"cs_CZ","og_type":"article","og_title":"Apple AirPods 3 generace (nerozbalen\u00e9) - Apple bazar","og_description":"Prod\u00e1m \u00fapln\u011b nov\u00e9 Apple AirPods 4. Sluch\u00e1tka jsou origin\u00e1ln\u011b zabalen\u00e1, nikdy nerozbalen\u00e1, nepou\u017eit\u00e1 a neaktivovan\u00e1. Zakoupena u autorizovan\u00e9ho prodejce iSTYLE. \u2705 nov\u00e9 a nepou\u017eit\u00e9 \u2705 origin\u00e1ln\u011b zape\u010det\u011bn\u00e9 balen\u00ed \u2705 doklad o koupi z iSTYLE \u2705 z\u00e1ruka \u2705 kompletn\u00ed origin\u00e1ln\u00ed balen\u00ed \u2705 USB-C nab\u00edjec\u00ed pouzdro Jedn\u00e1 se o standardn\u00ed AirPods 4 bez aktivn\u00edho potla\u010den\u00ed hluku (ANC)....","og_url":"https:\/\/www.letemsvetemapplem.eu\/bazar\/apple-airpods-3-generace-nerozbalene\/","og_site_name":"Apple bazar","article_published_time":"2026-09-02T19:25:50+00:00","og_image":[{"width":2560,"height":1920,"url":"https:\/\/www.letemsvetemapplem.eu\/bazar\/wp-content\/uploads\/2026\/09\/IMG_6967-scaled.jpeg","type":"image\/jpeg"}],"twitter_card":"summary_large_image","schema":{"@context":"https:\/\/schema.org","@graph":[{"@type":"Article","@id":"https:\/\/www.letemsvetemapplem.eu\/bazar\/apple-airpods-3-generace-nerozbalene\/#article","isPartOf":{"@id":"https:\/\/www.letemsvetemapplem.eu\/bazar\/apple-airpods-3-generace-nerozbalene\/"},"author":{"name":"","@id":""},"headline":"Apple AirPods 3 generace (nerozbalen\u00e9)","datePublished":"2026-09-02T19:25:50+00:00","mainEntityOfPage":{"@id":"https:\/\/www.letemsvetemapplem.eu\/bazar\/apple-airpods-3-generace-nerozbalene\/"},"wordCount":73,"image":{"@id":"https:\/\/www.letemsvetemapplem.eu\/bazar\/apple-airpods-3-generace-nerozbalene\/#primaryimage"},"thumbnailUrl":"https:\/\/www.letemsvetemapplem.eu\/bazar\/wp-content\/uploads\/2026\/09\/IMG_6967-scaled.jpeg","articleSection":["AirPods"],"inLanguage":"cs"},{"@type":"WebPage","@id":"https:\/\/www.letemsvetemapplem.eu\/bazar\/apple-airpods-3-generace-nerozbalene\/","url":"https:\/\/www.letemsvetemapplem.eu\/bazar\/apple-airpods-3-generace-nerozbalene\/","name":"Apple AirPods 3 generace (nerozbalen\u00e9) - Apple bazar","isPartOf":{"@id":"https:\/\/www.letemsvetemapplem.eu\/bazar\/#website"},"primaryImageOfPage":{"@id":"https:\/\/www.letemsvetemapplem.eu\/bazar\/apple-airpods-3-generace-nerozbalene\/#primaryimage"},"image":{"@id":"https:\/\/www.letemsvetemapplem.eu\/bazar\/apple-airpods-3-generace-nerozbalene\/#primaryimage"},"thumbnailUrl":"https:\/\/www.letemsvetemapplem.eu\/bazar\/wp-content\/uploads\/2026\/09\/IMG_6967-scaled.jpeg","datePublished":"2026-09-02T19:25:50+00:00","author":{"@id":""},"breadcrumb":{"@id":"https:\/\/www.letemsvetemapplem.eu\/bazar\/apple-airpods-3-generace-nerozbalene\/#breadcrumb"},"inLanguage":"cs","potentialAction":[{"@type":"ReadAction","target":["https:\/\/www.letemsvetemapplem.eu\/bazar\/apple-airpods-3-generace-nerozbalene\/"]}]},{"@type":"ImageObject","inLanguage":"cs","@id":"https:\/\/www.letemsvetemapplem.eu\/bazar\/apple-airpods-3-generace-nerozbalene\/#primaryimage","url":"https:\/\/www.letemsvetemapplem.eu\/bazar\/wp-content\/uploads\/2026\/09\/IMG_6967-scaled.jpeg","contentUrl":"https:\/\/www.letemsvetemapplem.eu\/bazar\/wp-content\/uploads\/2026\/09\/IMG_6967-scaled.jpeg","width":2560,"height":1920},{"@type":"BreadcrumbList","@id":"https:\/\/www.letemsvetemapplem.eu\/bazar\/apple-airpods-3-generace-nerozbalene\/#breadcrumb","itemListElement":[{"@type":"ListItem","position":1,"name":"Apple Bazar","item":"https:\/\/www.letemsvetemapplem.eu\/bazar\/"},{"@type":"ListItem","position":2,"name":"Apple AirPods 3 generace (nerozbalen\u00e9)"}]},{"@type":"WebSite","@id":"https:\/\/www.letemsvetemapplem.eu\/bazar\/#website","url":"https:\/\/www.letemsvetemapplem.eu\/bazar\/","name":"Apple bazar","description":"Pou\u017eit\u00e9 Apple produkty za skv\u011bl\u00e9 ceny","potentialAction":[{"@type":"SearchAction","target":{"@type":"EntryPoint","urlTemplate":"https:\/\/www.letemsvetemapplem.eu\/bazar\/?s={search_term_string}"},"query-input":{"@type":"PropertyValueSpecification","valueRequired":true,"valueName":"search_term_string"}}],"inLanguage":"cs"}]}},"_links":{"self":[{"href":"https:\/\/www.letemsvetemapplem.eu\/bazar\/wp-json\/wp\/v2\/posts\/301783","targetHints":{"allow":["GET"]}}],"collection":[{"href":"https:\/\/www.letemsvetemapplem.eu\/bazar\/wp-json\/wp\/v2\/posts"}],"about":[{"href":"https:\/\/www.letemsvetemapplem.eu\/bazar\/wp-json\/wp\/v2\/types\/post"}],"replies":[{"embeddable":true,"href":"https:\/\/www.letemsvetemapplem.eu\/bazar\/wp-json\/wp\/v2\/comments?post=301783"}],"version-history":[{"count":1,"href":"https:\/\/www.letemsvetemapplem.eu\/bazar\/wp-json\/wp\/v2\/posts\/301783\/revisions"}],"predecessor-version":[{"id":301788,"href":"https:\/\/www.letemsvetemapplem.eu\/bazar\/wp-json\/wp\/v2\/posts\/301783\/revisions\/301788"}],"wp:featuredmedia":[{"embeddable":true,"href":"https:\/\/www.letemsvetemapplem.eu\/bazar\/wp-json\/wp\/v2\/media\/301784"}],"wp:attachment":[{"href":"https:\/\/www.letemsvetemapplem.eu\/bazar\/wp-json\/wp\/v2\/media?parent=301783"}],"wp:term":[{"taxonomy":"category","embeddable":true,"href":"https:\/\/www.letemsvetemapplem.eu\/bazar\/wp-json\/wp\/v2\/categories?post=301783"},{"taxonomy":"post_tag","embeddable":true,"href":"https:\/\/www.letemsvetemapplem.eu\/bazar\/wp-json\/wp\/v2\/tags?post=301783"}],"curies":[{"name":"wp","href":"https:\/\/api.w.org\/{rel}","templated":true}]}}